{"id":39673,"date":"2023-08-23T20:58:29","date_gmt":"2023-08-23T23:58:29","guid":{"rendered":"http:\/\/www.eldiariodetucuman.com\/web\/?p=39673"},"modified":"2023-08-23T20:58:29","modified_gmt":"2023-08-23T23:58:29","slug":"massa-tras-anunciar-el-desembolso-del-fmi-defendemos-la-posicion-del-pais","status":"publish","type":"post","link":"https:\/\/www.eldiariodetucuman.com\/web\/massa-tras-anunciar-el-desembolso-del-fmi-defendemos-la-posicion-del-pais\/","title":{"rendered":"Massa tras anunciar el desembolso del FMI: \u00abdefendemos la posici\u00f3n del pa\u00eds\u00bb"},"content":{"rendered":"<p>El ministro de Econom\u00eda, Sergio Massa, se reuni\u00f3 con la titular del FMI, Kristalina Georgieva, y despu\u00e9s dio detalles del desembolso.<!--more--><\/p>\n<p>Desde Washington, el ministro de Econom\u00eda, Sergio Massa, se refiri\u00f3 este mi\u00e9rcoles a la aprobaci\u00f3n por parte del Directorio Ejecutivo del Fondo Monetario Internacional (FMI) por el desembolso de u$s7.500 millones (5.500 millones de DEG), tras la quinta y la sexta revisi\u00f3n del Servicio Ampliado del Fondo (SAF) a 30 meses de Argentina.<\/p>\n<p>\u00abEste desembolso garantiza un marco de estabilidad hasta noviembre\u00bb, advirti\u00f3 el titular del Palacio de Hacienda en conferencia de prensa.<\/p>\n<p>Massa se\u00f1al\u00f3 que el programa que la Argentina tiene con el Fondo a partir del \u00abdram\u00e1tico acuerdo\u00bb alcanzado con el gobierno de Mauricio Macri en 2018, que financi\u00f3 la \u00abfuga de capitales\u00bb, representa \u00abuna hipoteca\u00bb para el pa\u00eds, con la cual \u00abhay convivir hasta que se tenga capacidad cancelar esa deuda\u00bb.<\/p>\n<p>\u00abNos dej\u00f3 un ancla o cepo enorme, pero tenemos la responsabilidad de resolverlo\u00bb, afirm\u00f3 Massa.<\/p>\n<p>Los u$s7.500 millones que recibir\u00e1 la Argentina por parte del FMI permitir\u00e1n cancelar los financiamientos recibidos de la CAF, Qatar y China para cumplir con los \u00faltimos vencimientos.<\/p>\n<p><strong>Fuente: <\/strong><a href=\"https:\/\/www.lv12.com.ar\/fmi\/la-negociacion-el-fmi-fue-defender-la-posicion-del-pais-n144159\">https:\/\/www.lv12.com.ar\/fmi\/la-negociacion-el-fmi-fue-defender-la-posicion-del-pais-n144159<\/a><\/p>\n","protected":false},"excerpt":{"rendered":"<p>El ministro de Econom\u00eda, Sergio Massa, se reuni\u00f3 con la titular del FMI, Kristalina Georgieva, y despu\u00e9s dio detalles del desembolso.<\/p>\n","protected":false},"author":5,"featured_media":39674,"comment_status":"closed","ping_status":"open","sticky":false,"template":"","format":"standard","meta":{"footnotes":""},"categories":[3,1],"tags":[134,847,1612,4432],"class_list":{"0":"post-39673","1":"post","2":"type-post","3":"status-publish","4":"format-standard","5":"has-post-thumbnail","7":"category-politica","8":"category-portada","9":"tag-argentina","10":"tag-economia","11":"tag-fmi","12":"tag-sergio-massa"},"yoast_head":"<!-- This site is optimized with the Yoast SEO plugin v27.4 - https:\/\/yoast.com\/product\/yoast-seo-wordpress\/ -->\n<title>Massa tras anunciar el desembolso del FMI: &quot;defendemos la posici\u00f3n del pa\u00eds&quot; - El Diario de Tucuman<\/title>\n<meta name=\"robots\" content=\"index, follow, max-snippet:-1, max-image-preview:large, max-video-preview:-1\" \/>\n<link rel=\"canonical\" href=\"https:\/\/www.eldiariodetucuman.com\/web\/massa-tras-anunciar-el-desembolso-del-fmi-defendemos-la-posicion-del-pais\/\" \/>\n<meta property=\"og:locale\" content=\"es_ES\" \/>\n<meta property=\"og:type\" content=\"article\" \/>\n<meta property=\"og:title\" content=\"Massa tras anunciar el desembolso del FMI: &quot;defendemos la posici\u00f3n del pa\u00eds&quot; - El Diario de Tucuman\" \/>\n<meta property=\"og:description\" content=\"El ministro de Econom\u00eda, Sergio Massa, se reuni\u00f3 con la titular del FMI, Kristalina Georgieva, y despu\u00e9s dio detalles del desembolso.\" \/>\n<meta property=\"og:url\" content=\"https:\/\/www.eldiariodetucuman.com\/web\/massa-tras-anunciar-el-desembolso-del-fmi-defendemos-la-posicion-del-pais\/\" \/>\n<meta property=\"og:site_name\" content=\"El Diario de Tucuman\" \/>\n<meta property=\"article:published_time\" content=\"2023-08-23T23:58:29+00:00\" \/>\n<meta property=\"og:image\" content=\"https:\/\/www.eldiariodetucuman.com\/web\/wp-content\/uploads\/2023\/08\/massa-fmi.jpg\" \/>\n\t<meta property=\"og:image:width\" content=\"1920\" \/>\n\t<meta property=\"og:image:height\" content=\"1080\" \/>\n\t<meta property=\"og:image:type\" content=\"image\/jpeg\" \/>\n<meta name=\"author\" content=\"Redactor Uno\" \/>\n<meta name=\"twitter:card\" content=\"summary_large_image\" \/>\n<meta name=\"twitter:label1\" content=\"Escrito por\" \/>\n\t<meta name=\"twitter:data1\" content=\"Redactor Uno\" \/>\n\t<meta name=\"twitter:label2\" content=\"Tiempo de lectura\" \/>\n\t<meta name=\"twitter:data2\" content=\"1 minuto\" \/>\n<script type=\"application\/ld+json\" class=\"yoast-schema-graph\">{\"@context\":\"https:\\\/\\\/schema.org\",\"@graph\":[{\"@type\":\"Article\",\"@id\":\"https:\\\/\\\/www.eldiariodetucuman.com\\\/web\\\/massa-tras-anunciar-el-desembolso-del-fmi-defendemos-la-posicion-del-pais\\\/#article\",\"isPartOf\":{\"@id\":\"https:\\\/\\\/www.eldiariodetucuman.com\\\/web\\\/massa-tras-anunciar-el-desembolso-del-fmi-defendemos-la-posicion-del-pais\\\/\"},\"author\":{\"name\":\"Redactor Uno\",\"@id\":\"https:\\\/\\\/www.eldiariodetucuman.com\\\/web\\\/#\\\/schema\\\/person\\\/7e6644a46e60888f6b868594407e08dd\"},\"headline\":\"Massa tras anunciar el desembolso del FMI: \u00abdefendemos la posici\u00f3n del pa\u00eds\u00bb\",\"datePublished\":\"2023-08-23T23:58:29+00:00\",\"mainEntityOfPage\":{\"@id\":\"https:\\\/\\\/www.eldiariodetucuman.com\\\/web\\\/massa-tras-anunciar-el-desembolso-del-fmi-defendemos-la-posicion-del-pais\\\/\"},\"wordCount\":219,\"publisher\":{\"@id\":\"https:\\\/\\\/www.eldiariodetucuman.com\\\/web\\\/#organization\"},\"image\":{\"@id\":\"https:\\\/\\\/www.eldiariodetucuman.com\\\/web\\\/massa-tras-anunciar-el-desembolso-del-fmi-defendemos-la-posicion-del-pais\\\/#primaryimage\"},\"thumbnailUrl\":\"https:\\\/\\\/www.eldiariodetucuman.com\\\/web\\\/wp-content\\\/uploads\\\/2023\\\/08\\\/massa-fmi.jpg\",\"keywords\":[\"Argentina\",\"economia\",\"FMI\",\"Sergio Massa\"],\"articleSection\":[\"Politica\",\"Portada\"],\"inLanguage\":\"es\"},{\"@type\":\"WebPage\",\"@id\":\"https:\\\/\\\/www.eldiariodetucuman.com\\\/web\\\/massa-tras-anunciar-el-desembolso-del-fmi-defendemos-la-posicion-del-pais\\\/\",\"url\":\"https:\\\/\\\/www.eldiariodetucuman.com\\\/web\\\/massa-tras-anunciar-el-desembolso-del-fmi-defendemos-la-posicion-del-pais\\\/\",\"name\":\"Massa tras anunciar el desembolso del FMI: \\\"defendemos la posici\u00f3n del pa\u00eds\\\" - El Diario de Tucuman\",\"isPartOf\":{\"@id\":\"https:\\\/\\\/www.eldiariodetucuman.com\\\/web\\\/#website\"},\"primaryImageOfPage\":{\"@id\":\"https:\\\/\\\/www.eldiariodetucuman.com\\\/web\\\/massa-tras-anunciar-el-desembolso-del-fmi-defendemos-la-posicion-del-pais\\\/#primaryimage\"},\"image\":{\"@id\":\"https:\\\/\\\/www.eldiariodetucuman.com\\\/web\\\/massa-tras-anunciar-el-desembolso-del-fmi-defendemos-la-posicion-del-pais\\\/#primaryimage\"},\"thumbnailUrl\":\"https:\\\/\\\/www.eldiariodetucuman.com\\\/web\\\/wp-content\\\/uploads\\\/2023\\\/08\\\/massa-fmi.jpg\",\"datePublished\":\"2023-08-23T23:58:29+00:00\",\"breadcrumb\":{\"@id\":\"https:\\\/\\\/www.eldiariodetucuman.com\\\/web\\\/massa-tras-anunciar-el-desembolso-del-fmi-defendemos-la-posicion-del-pais\\\/#breadcrumb\"},\"inLanguage\":\"es\",\"potentialAction\":[{\"@type\":\"ReadAction\",\"target\":[\"https:\\\/\\\/www.eldiariodetucuman.com\\\/web\\\/massa-tras-anunciar-el-desembolso-del-fmi-defendemos-la-posicion-del-pais\\\/\"]}]},{\"@type\":\"ImageObject\",\"inLanguage\":\"es\",\"@id\":\"https:\\\/\\\/www.eldiariodetucuman.com\\\/web\\\/massa-tras-anunciar-el-desembolso-del-fmi-defendemos-la-posicion-del-pais\\\/#primaryimage\",\"url\":\"https:\\\/\\\/www.eldiariodetucuman.com\\\/web\\\/wp-content\\\/uploads\\\/2023\\\/08\\\/massa-fmi.jpg\",\"contentUrl\":\"https:\\\/\\\/www.eldiariodetucuman.com\\\/web\\\/wp-content\\\/uploads\\\/2023\\\/08\\\/massa-fmi.jpg\",\"width\":1920,\"height\":1080},{\"@type\":\"BreadcrumbList\",\"@id\":\"https:\\\/\\\/www.eldiariodetucuman.com\\\/web\\\/massa-tras-anunciar-el-desembolso-del-fmi-defendemos-la-posicion-del-pais\\\/#breadcrumb\",\"itemListElement\":[{\"@type\":\"ListItem\",\"position\":1,\"name\":\"Portada\",\"item\":\"https:\\\/\\\/www.eldiariodetucuman.com\\\/web\\\/\"},{\"@type\":\"ListItem\",\"position\":2,\"name\":\"Massa tras anunciar el desembolso del FMI: \u00abdefendemos la posici\u00f3n del pa\u00eds\u00bb\"}]},{\"@type\":\"WebSite\",\"@id\":\"https:\\\/\\\/www.eldiariodetucuman.com\\\/web\\\/#website\",\"url\":\"https:\\\/\\\/www.eldiariodetucuman.com\\\/web\\\/\",\"name\":\"El Diario de Tucuman\",\"description\":\"Diario Tucuman - Informaci\u00f3n y noticias\",\"publisher\":{\"@id\":\"https:\\\/\\\/www.eldiariodetucuman.com\\\/web\\\/#organization\"},\"potentialAction\":[{\"@type\":\"SearchAction\",\"target\":{\"@type\":\"EntryPoint\",\"urlTemplate\":\"https:\\\/\\\/www.eldiariodetucuman.com\\\/web\\\/?s={search_term_string}\"},\"query-input\":{\"@type\":\"PropertyValueSpecification\",\"valueRequired\":true,\"valueName\":\"search_term_string\"}}],\"inLanguage\":\"es\"},{\"@type\":\"Organization\",\"@id\":\"https:\\\/\\\/www.eldiariodetucuman.com\\\/web\\\/#organization\",\"name\":\"El Diario de Tucuman\",\"url\":\"https:\\\/\\\/www.eldiariodetucuman.com\\\/web\\\/\",\"logo\":{\"@type\":\"ImageObject\",\"inLanguage\":\"es\",\"@id\":\"https:\\\/\\\/www.eldiariodetucuman.com\\\/web\\\/#\\\/schema\\\/logo\\\/image\\\/\",\"url\":\"http:\\\/\\\/www.eldiariodetucuman.com\\\/web\\\/wp-content\\\/uploads\\\/2017\\\/12\\\/el-diario-de-tucuman.jpg\",\"contentUrl\":\"http:\\\/\\\/www.eldiariodetucuman.com\\\/web\\\/wp-content\\\/uploads\\\/2017\\\/12\\\/el-diario-de-tucuman.jpg\",\"width\":272,\"height\":92,\"caption\":\"El Diario de Tucuman\"},\"image\":{\"@id\":\"https:\\\/\\\/www.eldiariodetucuman.com\\\/web\\\/#\\\/schema\\\/logo\\\/image\\\/\"}},{\"@type\":\"Person\",\"@id\":\"https:\\\/\\\/www.eldiariodetucuman.com\\\/web\\\/#\\\/schema\\\/person\\\/7e6644a46e60888f6b868594407e08dd\",\"name\":\"Redactor Uno\",\"image\":{\"@type\":\"ImageObject\",\"inLanguage\":\"es\",\"@id\":\"https:\\\/\\\/secure.gravatar.com\\\/avatar\\\/0049b1bdf1bd548385c9ea6b9356431717930913089febd2ba904f0187d7d074?s=96&d=mm&r=g\",\"url\":\"https:\\\/\\\/secure.gravatar.com\\\/avatar\\\/0049b1bdf1bd548385c9ea6b9356431717930913089febd2ba904f0187d7d074?s=96&d=mm&r=g\",\"contentUrl\":\"https:\\\/\\\/secure.gravatar.com\\\/avatar\\\/0049b1bdf1bd548385c9ea6b9356431717930913089febd2ba904f0187d7d074?s=96&d=mm&r=g\",\"caption\":\"Redactor Uno\"},\"url\":\"https:\\\/\\\/www.eldiariodetucuman.com\\\/web\\\/author\\\/mramasco\\\/\"}]}<\/script>\n<!-- \/ Yoast SEO plugin. -->","yoast_head_json":{"title":"Massa tras anunciar el desembolso del FMI: \"defendemos la posici\u00f3n del pa\u00eds\" - El Diario de Tucuman","robots":{"index":"index","follow":"follow","max-snippet":"max-snippet:-1","max-image-preview":"max-image-preview:large","max-video-preview":"max-video-preview:-1"},"canonical":"https:\/\/www.eldiariodetucuman.com\/web\/massa-tras-anunciar-el-desembolso-del-fmi-defendemos-la-posicion-del-pais\/","og_locale":"es_ES","og_type":"article","og_title":"Massa tras anunciar el desembolso del FMI: \"defendemos la posici\u00f3n del pa\u00eds\" - El Diario de Tucuman","og_description":"El ministro de Econom\u00eda, Sergio Massa, se reuni\u00f3 con la titular del FMI, Kristalina Georgieva, y despu\u00e9s dio detalles del desembolso.","og_url":"https:\/\/www.eldiariodetucuman.com\/web\/massa-tras-anunciar-el-desembolso-del-fmi-defendemos-la-posicion-del-pais\/","og_site_name":"El Diario de Tucuman","article_published_time":"2023-08-23T23:58:29+00:00","og_image":[{"width":1920,"height":1080,"url":"https:\/\/www.eldiariodetucuman.com\/web\/wp-content\/uploads\/2023\/08\/massa-fmi.jpg","type":"image\/jpeg"}],"author":"Redactor Uno","twitter_card":"summary_large_image","twitter_misc":{"Escrito por":"Redactor Uno","Tiempo de lectura":"1 minuto"},"schema":{"@context":"https:\/\/schema.org","@graph":[{"@type":"Article","@id":"https:\/\/www.eldiariodetucuman.com\/web\/massa-tras-anunciar-el-desembolso-del-fmi-defendemos-la-posicion-del-pais\/#article","isPartOf":{"@id":"https:\/\/www.eldiariodetucuman.com\/web\/massa-tras-anunciar-el-desembolso-del-fmi-defendemos-la-posicion-del-pais\/"},"author":{"name":"Redactor Uno","@id":"https:\/\/www.eldiariodetucuman.com\/web\/#\/schema\/person\/7e6644a46e60888f6b868594407e08dd"},"headline":"Massa tras anunciar el desembolso del FMI: \u00abdefendemos la posici\u00f3n del pa\u00eds\u00bb","datePublished":"2023-08-23T23:58:29+00:00","mainEntityOfPage":{"@id":"https:\/\/www.eldiariodetucuman.com\/web\/massa-tras-anunciar-el-desembolso-del-fmi-defendemos-la-posicion-del-pais\/"},"wordCount":219,"publisher":{"@id":"https:\/\/www.eldiariodetucuman.com\/web\/#organization"},"image":{"@id":"https:\/\/www.eldiariodetucuman.com\/web\/massa-tras-anunciar-el-desembolso-del-fmi-defendemos-la-posicion-del-pais\/#primaryimage"},"thumbnailUrl":"https:\/\/www.eldiariodetucuman.com\/web\/wp-content\/uploads\/2023\/08\/massa-fmi.jpg","keywords":["Argentina","economia","FMI","Sergio Massa"],"articleSection":["Politica","Portada"],"inLanguage":"es"},{"@type":"WebPage","@id":"https:\/\/www.eldiariodetucuman.com\/web\/massa-tras-anunciar-el-desembolso-del-fmi-defendemos-la-posicion-del-pais\/","url":"https:\/\/www.eldiariodetucuman.com\/web\/massa-tras-anunciar-el-desembolso-del-fmi-defendemos-la-posicion-del-pais\/","name":"Massa tras anunciar el desembolso del FMI: \"defendemos la posici\u00f3n del pa\u00eds\" - El Diario de Tucuman","isPartOf":{"@id":"https:\/\/www.eldiariodetucuman.com\/web\/#website"},"primaryImageOfPage":{"@id":"https:\/\/www.eldiariodetucuman.com\/web\/massa-tras-anunciar-el-desembolso-del-fmi-defendemos-la-posicion-del-pais\/#primaryimage"},"image":{"@id":"https:\/\/www.eldiariodetucuman.com\/web\/massa-tras-anunciar-el-desembolso-del-fmi-defendemos-la-posicion-del-pais\/#primaryimage"},"thumbnailUrl":"https:\/\/www.eldiariodetucuman.com\/web\/wp-content\/uploads\/2023\/08\/massa-fmi.jpg","datePublished":"2023-08-23T23:58:29+00:00","breadcrumb":{"@id":"https:\/\/www.eldiariodetucuman.com\/web\/massa-tras-anunciar-el-desembolso-del-fmi-defendemos-la-posicion-del-pais\/#breadcrumb"},"inLanguage":"es","potentialAction":[{"@type":"ReadAction","target":["https:\/\/www.eldiariodetucuman.com\/web\/massa-tras-anunciar-el-desembolso-del-fmi-defendemos-la-posicion-del-pais\/"]}]},{"@type":"ImageObject","inLanguage":"es","@id":"https:\/\/www.eldiariodetucuman.com\/web\/massa-tras-anunciar-el-desembolso-del-fmi-defendemos-la-posicion-del-pais\/#primaryimage","url":"https:\/\/www.eldiariodetucuman.com\/web\/wp-content\/uploads\/2023\/08\/massa-fmi.jpg","contentUrl":"https:\/\/www.eldiariodetucuman.com\/web\/wp-content\/uploads\/2023\/08\/massa-fmi.jpg","width":1920,"height":1080},{"@type":"BreadcrumbList","@id":"https:\/\/www.eldiariodetucuman.com\/web\/massa-tras-anunciar-el-desembolso-del-fmi-defendemos-la-posicion-del-pais\/#breadcrumb","itemListElement":[{"@type":"ListItem","position":1,"name":"Portada","item":"https:\/\/www.eldiariodetucuman.com\/web\/"},{"@type":"ListItem","position":2,"name":"Massa tras anunciar el desembolso del FMI: \u00abdefendemos la posici\u00f3n del pa\u00eds\u00bb"}]},{"@type":"WebSite","@id":"https:\/\/www.eldiariodetucuman.com\/web\/#website","url":"https:\/\/www.eldiariodetucuman.com\/web\/","name":"El Diario de Tucuman","description":"Diario Tucuman - Informaci\u00f3n y noticias","publisher":{"@id":"https:\/\/www.eldiariodetucuman.com\/web\/#organization"},"potentialAction":[{"@type":"SearchAction","target":{"@type":"EntryPoint","urlTemplate":"https:\/\/www.eldiariodetucuman.com\/web\/?s={search_term_string}"},"query-input":{"@type":"PropertyValueSpecification","valueRequired":true,"valueName":"search_term_string"}}],"inLanguage":"es"},{"@type":"Organization","@id":"https:\/\/www.eldiariodetucuman.com\/web\/#organization","name":"El Diario de Tucuman","url":"https:\/\/www.eldiariodetucuman.com\/web\/","logo":{"@type":"ImageObject","inLanguage":"es","@id":"https:\/\/www.eldiariodetucuman.com\/web\/#\/schema\/logo\/image\/","url":"http:\/\/www.eldiariodetucuman.com\/web\/wp-content\/uploads\/2017\/12\/el-diario-de-tucuman.jpg","contentUrl":"http:\/\/www.eldiariodetucuman.com\/web\/wp-content\/uploads\/2017\/12\/el-diario-de-tucuman.jpg","width":272,"height":92,"caption":"El Diario de Tucuman"},"image":{"@id":"https:\/\/www.eldiariodetucuman.com\/web\/#\/schema\/logo\/image\/"}},{"@type":"Person","@id":"https:\/\/www.eldiariodetucuman.com\/web\/#\/schema\/person\/7e6644a46e60888f6b868594407e08dd","name":"Redactor Uno","image":{"@type":"ImageObject","inLanguage":"es","@id":"https:\/\/secure.gravatar.com\/avatar\/0049b1bdf1bd548385c9ea6b9356431717930913089febd2ba904f0187d7d074?s=96&d=mm&r=g","url":"https:\/\/secure.gravatar.com\/avatar\/0049b1bdf1bd548385c9ea6b9356431717930913089febd2ba904f0187d7d074?s=96&d=mm&r=g","contentUrl":"https:\/\/secure.gravatar.com\/avatar\/0049b1bdf1bd548385c9ea6b9356431717930913089febd2ba904f0187d7d074?s=96&d=mm&r=g","caption":"Redactor Uno"},"url":"https:\/\/www.eldiariodetucuman.com\/web\/author\/mramasco\/"}]}},"_links":{"self":[{"href":"https:\/\/www.eldiariodetucuman.com\/web\/wp-json\/wp\/v2\/posts\/39673","targetHints":{"allow":["GET"]}}],"collection":[{"href":"https:\/\/www.eldiariodetucuman.com\/web\/wp-json\/wp\/v2\/posts"}],"about":[{"href":"https:\/\/www.eldiariodetucuman.com\/web\/wp-json\/wp\/v2\/types\/post"}],"author":[{"embeddable":true,"href":"https:\/\/www.eldiariodetucuman.com\/web\/wp-json\/wp\/v2\/users\/5"}],"replies":[{"embeddable":true,"href":"https:\/\/www.eldiariodetucuman.com\/web\/wp-json\/wp\/v2\/comments?post=39673"}],"version-history":[{"count":1,"href":"https:\/\/www.eldiariodetucuman.com\/web\/wp-json\/wp\/v2\/posts\/39673\/revisions"}],"predecessor-version":[{"id":39675,"href":"https:\/\/www.eldiariodetucuman.com\/web\/wp-json\/wp\/v2\/posts\/39673\/revisions\/39675"}],"wp:featuredmedia":[{"embeddable":true,"href":"https:\/\/www.eldiariodetucuman.com\/web\/wp-json\/wp\/v2\/media\/39674"}],"wp:attachment":[{"href":"https:\/\/www.eldiariodetucuman.com\/web\/wp-json\/wp\/v2\/media?parent=39673"}],"wp:term":[{"taxonomy":"category","embeddable":true,"href":"https:\/\/www.eldiariodetucuman.com\/web\/wp-json\/wp\/v2\/categories?post=39673"},{"taxonomy":"post_tag","embeddable":true,"href":"https:\/\/www.eldiariodetucuman.com\/web\/wp-json\/wp\/v2\/tags?post=39673"}],"curies":[{"name":"wp","href":"https:\/\/api.w.org\/{rel}","templated":true}]}}