{"id":3954,"date":"2017-11-15T11:42:23","date_gmt":"2017-11-15T14:42:23","guid":{"rendered":"http:\/\/www.eldiariodetucuman.com\/web\/?p=3954"},"modified":"2017-11-15T11:43:01","modified_gmt":"2017-11-15T14:43:01","slug":"manana-arranca-el-campeonato-argentino-de-parapente-en-san-javier","status":"publish","type":"post","link":"https:\/\/www.eldiariodetucuman.com\/web\/manana-arranca-el-campeonato-argentino-de-parapente-en-san-javier\/","title":{"rendered":"Ma\u00f1ana arranca el Campeonato Argentino de Parapente en San Javier"},"content":{"rendered":"<div class=\"td-post-header\">La fecha tucumana del Campeonato Argentino de Parapente se realizar\u00e1 desde este jueves 16 y hasta el domingo 19 inclusive en Loma Bola.<\/div>\n<div class=\"td-post-content\">\n<div>\n<p><!--more--><\/p>\n<p>Esta semana el cerro\u00a0<strong>San Javier<\/strong>\u00a0y sus paisajes ser\u00e1n el escenario ideal para la fecha tucumana del\u00a0<strong>Campeonato Argentino de Parapente<\/strong>\u00a0(CAP), que atraer\u00e1 a decenas de pilotos y poblar\u00e1 el cielo de colores en un encuentro organizado por\u00a0<strong>\u201cLoma Bola Vuelo y Aventura\u201d<\/strong>\u00a0y<strong>\u00a0\u201cLos Caranchos Club de Vuelo\u201d<\/strong>.<\/p>\n<\/div>\n<div class=\"contenido\">\n<p>El evento deportivo, que se realizar\u00e1 desde el jueves 16 hasta el domingo 19 en<strong>\u00a0Loma Bola<\/strong>, cuenta con el apoyo del\u00a0<strong>Ente Tucum\u00e1n Turismo<\/strong>, de la\u00a0<strong>Federaci\u00f3n Argentina de Vuelo Libre<\/strong>\u00a0(FAVL) y de la<strong>\u00a0Municipalidad de Yerba buena<\/strong>.<\/p>\n<p>\u201cCerca de 80 pilotos de todo el pa\u00eds arribar\u00e1n para esta fecha del Campeonato y algunos ya est\u00e1n llegando\u201d, abri\u00f3 Bujazha, que adelant\u00f3 la participaci\u00f3n de pilotos de pa\u00edses como\u00a0<strong>Per\u00fa<\/strong>,\u00a0<strong>Chile\u00a0<\/strong>y<strong>\u00a0Bulgaria<\/strong>. Adem\u00e1s, el organizador agradeci\u00f3 el apoyo tanto del Ente Tucum\u00e1n Turismo como de la Municipalidad de Yerba Buena para llevar adelante el evento.<\/p>\n<p>Por otra parte, Fortino\u00a0anunci\u00f3 una nueva modalidad del CAP para el 2018, que reducir\u00e1 la cantidad de fechas a dos, una de ellas en Tucum\u00e1n. \u201cTendr\u00e1 una trascendencia distinta porque ser\u00e1n siete d\u00edas de competencia y coincidir\u00e1 con la temporada baja en\u00a0<strong>Europa<\/strong>, con lo que esperamos muchos competidores de esa procedencia. Estamos a la altura de las circunstancias para recibirlos de la mejor manera\u201d, opin\u00f3, y concluy\u00f3 \u201ces un orgullo para Tucum\u00e1n\u201d.<\/p>\n<p>Asimismo, sobre la confirmaci\u00f3n de Tucum\u00e1n como una de las dos plazas del CAP para el pr\u00f3ximo a\u00f1o, desde el Ente de Turismo provincial, Colombres Garmendia manifest\u00f3: \u201cQue hoy ya se pueda anunciar el campeonato argentino del 2018 muestra que los esfuerzos sostenidos siempre dan buenos resultados\u201d.<\/p>\n<p><strong>Calendario de actividades<\/strong><br \/>\n<strong>Mi\u00e9rcoles 15:\u00a0<\/strong>D\u00eda oficial de registro de pilotos en HQ, de 18:00 a 21:00 h.<\/p>\n<p><strong>Jueves 16 al domingo 19:<\/strong>\u00a0Competencia.<\/p>\n<p><strong>Domingo 19:\u00a0<\/strong>entrega de premios en la sede desde las 21.30 h.<\/p>\n<p><strong>Agenda diaria:\u00a0<\/strong><br \/>\n<strong>08:30 h \u2013\u00a0<\/strong>Apertura de HQ.<\/p>\n<p><strong>09:30 h \u2013\u00a0<\/strong>Subida al despegue desde HQ.<br \/>\n<strong>11:00 h<\/strong>\u00a0\u2013 Reuni\u00f3n del Director de Competencia y Comit\u00e9 de Pilotos.<br \/>\n<strong>11:15 h \u2013<\/strong>\u00a0Briefing. Anuncio de Resultados de Manga previa. Definici\u00f3n de Manga del d\u00eda.<br \/>\n<strong>16:30 h \u2013<\/strong>\u00a0Apertura Oficina Scoring en HQ.<br \/>\n<strong>22:00 h \u2013\u00a0<\/strong>Resultados Provisionales.<\/p>\n<p><strong>C\u00f3mo registrarse<\/strong><br \/>\nQuienes cumplan con los requisitos y deseen registrarse pueden hacerlo a trav\u00e9s de la p\u00e1gina de<strong>\u00a0airtibune.com<\/strong>.<\/p>\n<p>El pago de la inscripci\u00f3n incluye:<br \/>\nOrganizaci\u00f3n general.<br \/>\nTraslado al despegue y al HQ luego de cada manga.<br \/>\nViandas diarias.<br \/>\nRemera del evento.<br \/>\nTrofeos.<\/p>\n<p>Para mayor informaci\u00f3n, ingresar a\u00a0<strong>www.lomabola.com.ar\/cap-2017<\/strong>\/<\/p>\n<p>Fuente:\u00a0<a href=\"http:\/\/www.tucumanturismo.gob.ar\/prensa\/2017\/11\/14\/el-vuelo-libre-atraera-a-80-pilotos-al-cap-en-loma-bola\">http:\/\/www.tucumanturismo.gob.ar\/prensa\/2017\/11\/14\/el-vuelo-libre-atraera-a-80-pilotos-al-cap-en-loma-bola<\/a><\/p>\n<\/div>\n<\/div>\n","protected":false},"excerpt":{"rendered":"<p>La fecha tucumana del Campeonato Argentino de Parapente se realizar\u00e1 desde este jueves 16 y hasta el domingo 19 inclusive en Loma Bola.<\/p>\n","protected":false},"author":5,"featured_media":3955,"comment_status":"closed","ping_status":"open","sticky":false,"template":"","format":"standard","meta":{"footnotes":""},"categories":[6],"tags":[1281,1282,931],"class_list":{"0":"post-3954","1":"post","2":"type-post","3":"status-publish","4":"format-standard","5":"has-post-thumbnail","7":"category-deporte","8":"tag-loma-bola","9":"tag-parapente","10":"tag-san-javier"},"yoast_head":"<!-- This site is optimized with the Yoast SEO plugin v27.5 - https:\/\/yoast.com\/product\/yoast-seo-wordpress\/ -->\n<title>Ma\u00f1ana arranca el Campeonato Argentino de Parapente en San Javier - El Diario de Tucuman<\/title>\n<meta name=\"robots\" content=\"index, follow, max-snippet:-1, max-image-preview:large, max-video-preview:-1\" \/>\n<link rel=\"canonical\" href=\"https:\/\/www.eldiariodetucuman.com\/web\/manana-arranca-el-campeonato-argentino-de-parapente-en-san-javier\/\" \/>\n<meta property=\"og:locale\" content=\"es_ES\" \/>\n<meta property=\"og:type\" content=\"article\" \/>\n<meta property=\"og:title\" content=\"Ma\u00f1ana arranca el Campeonato Argentino de Parapente en San Javier - El Diario de Tucuman\" \/>\n<meta property=\"og:description\" content=\"La fecha tucumana del Campeonato Argentino de Parapente se realizar\u00e1 desde este jueves 16 y hasta el domingo 19 inclusive en Loma Bola.\" \/>\n<meta property=\"og:url\" content=\"https:\/\/www.eldiariodetucuman.com\/web\/manana-arranca-el-campeonato-argentino-de-parapente-en-san-javier\/\" \/>\n<meta property=\"og:site_name\" content=\"El Diario de Tucuman\" \/>\n<meta property=\"article:published_time\" content=\"2017-11-15T14:42:23+00:00\" \/>\n<meta property=\"article:modified_time\" content=\"2017-11-15T14:43:01+00:00\" \/>\n<meta property=\"og:image\" content=\"https:\/\/www.eldiariodetucuman.com\/web\/wp-content\/uploads\/2017\/11\/parapente2017.jpg\" \/>\n\t<meta property=\"og:image:width\" content=\"1280\" \/>\n\t<meta property=\"og:image:height\" content=\"854\" \/>\n\t<meta property=\"og:image:type\" content=\"image\/jpeg\" \/>\n<meta name=\"author\" content=\"Redactor Uno\" \/>\n<meta name=\"twitter:card\" content=\"summary_large_image\" \/>\n<meta name=\"twitter:label1\" content=\"Escrito por\" \/>\n\t<meta name=\"twitter:data1\" content=\"Redactor Uno\" \/>\n\t<meta name=\"twitter:label2\" content=\"Tiempo de lectura\" \/>\n\t<meta name=\"twitter:data2\" content=\"2 minutos\" \/>\n<script type=\"application\/ld+json\" class=\"yoast-schema-graph\">{\"@context\":\"https:\\\/\\\/schema.org\",\"@graph\":[{\"@type\":\"Article\",\"@id\":\"https:\\\/\\\/www.eldiariodetucuman.com\\\/web\\\/manana-arranca-el-campeonato-argentino-de-parapente-en-san-javier\\\/#article\",\"isPartOf\":{\"@id\":\"https:\\\/\\\/www.eldiariodetucuman.com\\\/web\\\/manana-arranca-el-campeonato-argentino-de-parapente-en-san-javier\\\/\"},\"author\":{\"name\":\"Redactor Uno\",\"@id\":\"https:\\\/\\\/www.eldiariodetucuman.com\\\/web\\\/#\\\/schema\\\/person\\\/7e6644a46e60888f6b868594407e08dd\"},\"headline\":\"Ma\u00f1ana arranca el Campeonato Argentino de Parapente en San Javier\",\"datePublished\":\"2017-11-15T14:42:23+00:00\",\"dateModified\":\"2017-11-15T14:43:01+00:00\",\"mainEntityOfPage\":{\"@id\":\"https:\\\/\\\/www.eldiariodetucuman.com\\\/web\\\/manana-arranca-el-campeonato-argentino-de-parapente-en-san-javier\\\/\"},\"wordCount\":461,\"publisher\":{\"@id\":\"https:\\\/\\\/www.eldiariodetucuman.com\\\/web\\\/#organization\"},\"image\":{\"@id\":\"https:\\\/\\\/www.eldiariodetucuman.com\\\/web\\\/manana-arranca-el-campeonato-argentino-de-parapente-en-san-javier\\\/#primaryimage\"},\"thumbnailUrl\":\"https:\\\/\\\/www.eldiariodetucuman.com\\\/web\\\/wp-content\\\/uploads\\\/2017\\\/11\\\/parapente2017.jpg\",\"keywords\":[\"Loma Bola\",\"Parapente\",\"san javier\"],\"articleSection\":[\"Deporte\"],\"inLanguage\":\"es\"},{\"@type\":\"WebPage\",\"@id\":\"https:\\\/\\\/www.eldiariodetucuman.com\\\/web\\\/manana-arranca-el-campeonato-argentino-de-parapente-en-san-javier\\\/\",\"url\":\"https:\\\/\\\/www.eldiariodetucuman.com\\\/web\\\/manana-arranca-el-campeonato-argentino-de-parapente-en-san-javier\\\/\",\"name\":\"Ma\u00f1ana arranca el Campeonato Argentino de Parapente en San Javier - El Diario de Tucuman\",\"isPartOf\":{\"@id\":\"https:\\\/\\\/www.eldiariodetucuman.com\\\/web\\\/#website\"},\"primaryImageOfPage\":{\"@id\":\"https:\\\/\\\/www.eldiariodetucuman.com\\\/web\\\/manana-arranca-el-campeonato-argentino-de-parapente-en-san-javier\\\/#primaryimage\"},\"image\":{\"@id\":\"https:\\\/\\\/www.eldiariodetucuman.com\\\/web\\\/manana-arranca-el-campeonato-argentino-de-parapente-en-san-javier\\\/#primaryimage\"},\"thumbnailUrl\":\"https:\\\/\\\/www.eldiariodetucuman.com\\\/web\\\/wp-content\\\/uploads\\\/2017\\\/11\\\/parapente2017.jpg\",\"datePublished\":\"2017-11-15T14:42:23+00:00\",\"dateModified\":\"2017-11-15T14:43:01+00:00\",\"breadcrumb\":{\"@id\":\"https:\\\/\\\/www.eldiariodetucuman.com\\\/web\\\/manana-arranca-el-campeonato-argentino-de-parapente-en-san-javier\\\/#breadcrumb\"},\"inLanguage\":\"es\",\"potentialAction\":[{\"@type\":\"ReadAction\",\"target\":[\"https:\\\/\\\/www.eldiariodetucuman.com\\\/web\\\/manana-arranca-el-campeonato-argentino-de-parapente-en-san-javier\\\/\"]}]},{\"@type\":\"ImageObject\",\"inLanguage\":\"es\",\"@id\":\"https:\\\/\\\/www.eldiariodetucuman.com\\\/web\\\/manana-arranca-el-campeonato-argentino-de-parapente-en-san-javier\\\/#primaryimage\",\"url\":\"https:\\\/\\\/www.eldiariodetucuman.com\\\/web\\\/wp-content\\\/uploads\\\/2017\\\/11\\\/parapente2017.jpg\",\"contentUrl\":\"https:\\\/\\\/www.eldiariodetucuman.com\\\/web\\\/wp-content\\\/uploads\\\/2017\\\/11\\\/parapente2017.jpg\",\"width\":1280,\"height\":854},{\"@type\":\"BreadcrumbList\",\"@id\":\"https:\\\/\\\/www.eldiariodetucuman.com\\\/web\\\/manana-arranca-el-campeonato-argentino-de-parapente-en-san-javier\\\/#breadcrumb\",\"itemListElement\":[{\"@type\":\"ListItem\",\"position\":1,\"name\":\"Portada\",\"item\":\"https:\\\/\\\/www.eldiariodetucuman.com\\\/web\\\/\"},{\"@type\":\"ListItem\",\"position\":2,\"name\":\"Ma\u00f1ana arranca el Campeonato Argentino de Parapente en San Javier\"}]},{\"@type\":\"WebSite\",\"@id\":\"https:\\\/\\\/www.eldiariodetucuman.com\\\/web\\\/#website\",\"url\":\"https:\\\/\\\/www.eldiariodetucuman.com\\\/web\\\/\",\"name\":\"El Diario de Tucuman\",\"description\":\"Diario Tucuman - Informaci\u00f3n y noticias\",\"publisher\":{\"@id\":\"https:\\\/\\\/www.eldiariodetucuman.com\\\/web\\\/#organization\"},\"potentialAction\":[{\"@type\":\"SearchAction\",\"target\":{\"@type\":\"EntryPoint\",\"urlTemplate\":\"https:\\\/\\\/www.eldiariodetucuman.com\\\/web\\\/?s={search_term_string}\"},\"query-input\":{\"@type\":\"PropertyValueSpecification\",\"valueRequired\":true,\"valueName\":\"search_term_string\"}}],\"inLanguage\":\"es\"},{\"@type\":\"Organization\",\"@id\":\"https:\\\/\\\/www.eldiariodetucuman.com\\\/web\\\/#organization\",\"name\":\"El Diario de Tucuman\",\"url\":\"https:\\\/\\\/www.eldiariodetucuman.com\\\/web\\\/\",\"logo\":{\"@type\":\"ImageObject\",\"inLanguage\":\"es\",\"@id\":\"https:\\\/\\\/www.eldiariodetucuman.com\\\/web\\\/#\\\/schema\\\/logo\\\/image\\\/\",\"url\":\"http:\\\/\\\/www.eldiariodetucuman.com\\\/web\\\/wp-content\\\/uploads\\\/2017\\\/12\\\/el-diario-de-tucuman.jpg\",\"contentUrl\":\"http:\\\/\\\/www.eldiariodetucuman.com\\\/web\\\/wp-content\\\/uploads\\\/2017\\\/12\\\/el-diario-de-tucuman.jpg\",\"width\":272,\"height\":92,\"caption\":\"El Diario de Tucuman\"},\"image\":{\"@id\":\"https:\\\/\\\/www.eldiariodetucuman.com\\\/web\\\/#\\\/schema\\\/logo\\\/image\\\/\"}},{\"@type\":\"Person\",\"@id\":\"https:\\\/\\\/www.eldiariodetucuman.com\\\/web\\\/#\\\/schema\\\/person\\\/7e6644a46e60888f6b868594407e08dd\",\"name\":\"Redactor Uno\",\"image\":{\"@type\":\"ImageObject\",\"inLanguage\":\"es\",\"@id\":\"https:\\\/\\\/secure.gravatar.com\\\/avatar\\\/0049b1bdf1bd548385c9ea6b9356431717930913089febd2ba904f0187d7d074?s=96&d=mm&r=g\",\"url\":\"https:\\\/\\\/secure.gravatar.com\\\/avatar\\\/0049b1bdf1bd548385c9ea6b9356431717930913089febd2ba904f0187d7d074?s=96&d=mm&r=g\",\"contentUrl\":\"https:\\\/\\\/secure.gravatar.com\\\/avatar\\\/0049b1bdf1bd548385c9ea6b9356431717930913089febd2ba904f0187d7d074?s=96&d=mm&r=g\",\"caption\":\"Redactor Uno\"},\"url\":\"https:\\\/\\\/www.eldiariodetucuman.com\\\/web\\\/author\\\/mramasco\\\/\"}]}<\/script>\n<!-- \/ Yoast SEO plugin. -->","yoast_head_json":{"title":"Ma\u00f1ana arranca el Campeonato Argentino de Parapente en San Javier - El Diario de Tucuman","robots":{"index":"index","follow":"follow","max-snippet":"max-snippet:-1","max-image-preview":"max-image-preview:large","max-video-preview":"max-video-preview:-1"},"canonical":"https:\/\/www.eldiariodetucuman.com\/web\/manana-arranca-el-campeonato-argentino-de-parapente-en-san-javier\/","og_locale":"es_ES","og_type":"article","og_title":"Ma\u00f1ana arranca el Campeonato Argentino de Parapente en San Javier - El Diario de Tucuman","og_description":"La fecha tucumana del Campeonato Argentino de Parapente se realizar\u00e1 desde este jueves 16 y hasta el domingo 19 inclusive en Loma Bola.","og_url":"https:\/\/www.eldiariodetucuman.com\/web\/manana-arranca-el-campeonato-argentino-de-parapente-en-san-javier\/","og_site_name":"El Diario de Tucuman","article_published_time":"2017-11-15T14:42:23+00:00","article_modified_time":"2017-11-15T14:43:01+00:00","og_image":[{"width":1280,"height":854,"url":"https:\/\/www.eldiariodetucuman.com\/web\/wp-content\/uploads\/2017\/11\/parapente2017.jpg","type":"image\/jpeg"}],"author":"Redactor Uno","twitter_card":"summary_large_image","twitter_misc":{"Escrito por":"Redactor Uno","Tiempo de lectura":"2 minutos"},"schema":{"@context":"https:\/\/schema.org","@graph":[{"@type":"Article","@id":"https:\/\/www.eldiariodetucuman.com\/web\/manana-arranca-el-campeonato-argentino-de-parapente-en-san-javier\/#article","isPartOf":{"@id":"https:\/\/www.eldiariodetucuman.com\/web\/manana-arranca-el-campeonato-argentino-de-parapente-en-san-javier\/"},"author":{"name":"Redactor Uno","@id":"https:\/\/www.eldiariodetucuman.com\/web\/#\/schema\/person\/7e6644a46e60888f6b868594407e08dd"},"headline":"Ma\u00f1ana arranca el Campeonato Argentino de Parapente en San Javier","datePublished":"2017-11-15T14:42:23+00:00","dateModified":"2017-11-15T14:43:01+00:00","mainEntityOfPage":{"@id":"https:\/\/www.eldiariodetucuman.com\/web\/manana-arranca-el-campeonato-argentino-de-parapente-en-san-javier\/"},"wordCount":461,"publisher":{"@id":"https:\/\/www.eldiariodetucuman.com\/web\/#organization"},"image":{"@id":"https:\/\/www.eldiariodetucuman.com\/web\/manana-arranca-el-campeonato-argentino-de-parapente-en-san-javier\/#primaryimage"},"thumbnailUrl":"https:\/\/www.eldiariodetucuman.com\/web\/wp-content\/uploads\/2017\/11\/parapente2017.jpg","keywords":["Loma Bola","Parapente","san javier"],"articleSection":["Deporte"],"inLanguage":"es"},{"@type":"WebPage","@id":"https:\/\/www.eldiariodetucuman.com\/web\/manana-arranca-el-campeonato-argentino-de-parapente-en-san-javier\/","url":"https:\/\/www.eldiariodetucuman.com\/web\/manana-arranca-el-campeonato-argentino-de-parapente-en-san-javier\/","name":"Ma\u00f1ana arranca el Campeonato Argentino de Parapente en San Javier - El Diario de Tucuman","isPartOf":{"@id":"https:\/\/www.eldiariodetucuman.com\/web\/#website"},"primaryImageOfPage":{"@id":"https:\/\/www.eldiariodetucuman.com\/web\/manana-arranca-el-campeonato-argentino-de-parapente-en-san-javier\/#primaryimage"},"image":{"@id":"https:\/\/www.eldiariodetucuman.com\/web\/manana-arranca-el-campeonato-argentino-de-parapente-en-san-javier\/#primaryimage"},"thumbnailUrl":"https:\/\/www.eldiariodetucuman.com\/web\/wp-content\/uploads\/2017\/11\/parapente2017.jpg","datePublished":"2017-11-15T14:42:23+00:00","dateModified":"2017-11-15T14:43:01+00:00","breadcrumb":{"@id":"https:\/\/www.eldiariodetucuman.com\/web\/manana-arranca-el-campeonato-argentino-de-parapente-en-san-javier\/#breadcrumb"},"inLanguage":"es","potentialAction":[{"@type":"ReadAction","target":["https:\/\/www.eldiariodetucuman.com\/web\/manana-arranca-el-campeonato-argentino-de-parapente-en-san-javier\/"]}]},{"@type":"ImageObject","inLanguage":"es","@id":"https:\/\/www.eldiariodetucuman.com\/web\/manana-arranca-el-campeonato-argentino-de-parapente-en-san-javier\/#primaryimage","url":"https:\/\/www.eldiariodetucuman.com\/web\/wp-content\/uploads\/2017\/11\/parapente2017.jpg","contentUrl":"https:\/\/www.eldiariodetucuman.com\/web\/wp-content\/uploads\/2017\/11\/parapente2017.jpg","width":1280,"height":854},{"@type":"BreadcrumbList","@id":"https:\/\/www.eldiariodetucuman.com\/web\/manana-arranca-el-campeonato-argentino-de-parapente-en-san-javier\/#breadcrumb","itemListElement":[{"@type":"ListItem","position":1,"name":"Portada","item":"https:\/\/www.eldiariodetucuman.com\/web\/"},{"@type":"ListItem","position":2,"name":"Ma\u00f1ana arranca el Campeonato Argentino de Parapente en San Javier"}]},{"@type":"WebSite","@id":"https:\/\/www.eldiariodetucuman.com\/web\/#website","url":"https:\/\/www.eldiariodetucuman.com\/web\/","name":"El Diario de Tucuman","description":"Diario Tucuman - Informaci\u00f3n y noticias","publisher":{"@id":"https:\/\/www.eldiariodetucuman.com\/web\/#organization"},"potentialAction":[{"@type":"SearchAction","target":{"@type":"EntryPoint","urlTemplate":"https:\/\/www.eldiariodetucuman.com\/web\/?s={search_term_string}"},"query-input":{"@type":"PropertyValueSpecification","valueRequired":true,"valueName":"search_term_string"}}],"inLanguage":"es"},{"@type":"Organization","@id":"https:\/\/www.eldiariodetucuman.com\/web\/#organization","name":"El Diario de Tucuman","url":"https:\/\/www.eldiariodetucuman.com\/web\/","logo":{"@type":"ImageObject","inLanguage":"es","@id":"https:\/\/www.eldiariodetucuman.com\/web\/#\/schema\/logo\/image\/","url":"http:\/\/www.eldiariodetucuman.com\/web\/wp-content\/uploads\/2017\/12\/el-diario-de-tucuman.jpg","contentUrl":"http:\/\/www.eldiariodetucuman.com\/web\/wp-content\/uploads\/2017\/12\/el-diario-de-tucuman.jpg","width":272,"height":92,"caption":"El Diario de Tucuman"},"image":{"@id":"https:\/\/www.eldiariodetucuman.com\/web\/#\/schema\/logo\/image\/"}},{"@type":"Person","@id":"https:\/\/www.eldiariodetucuman.com\/web\/#\/schema\/person\/7e6644a46e60888f6b868594407e08dd","name":"Redactor Uno","image":{"@type":"ImageObject","inLanguage":"es","@id":"https:\/\/secure.gravatar.com\/avatar\/0049b1bdf1bd548385c9ea6b9356431717930913089febd2ba904f0187d7d074?s=96&d=mm&r=g","url":"https:\/\/secure.gravatar.com\/avatar\/0049b1bdf1bd548385c9ea6b9356431717930913089febd2ba904f0187d7d074?s=96&d=mm&r=g","contentUrl":"https:\/\/secure.gravatar.com\/avatar\/0049b1bdf1bd548385c9ea6b9356431717930913089febd2ba904f0187d7d074?s=96&d=mm&r=g","caption":"Redactor Uno"},"url":"https:\/\/www.eldiariodetucuman.com\/web\/author\/mramasco\/"}]}},"_links":{"self":[{"href":"https:\/\/www.eldiariodetucuman.com\/web\/wp-json\/wp\/v2\/posts\/3954","targetHints":{"allow":["GET"]}}],"collection":[{"href":"https:\/\/www.eldiariodetucuman.com\/web\/wp-json\/wp\/v2\/posts"}],"about":[{"href":"https:\/\/www.eldiariodetucuman.com\/web\/wp-json\/wp\/v2\/types\/post"}],"author":[{"embeddable":true,"href":"https:\/\/www.eldiariodetucuman.com\/web\/wp-json\/wp\/v2\/users\/5"}],"replies":[{"embeddable":true,"href":"https:\/\/www.eldiariodetucuman.com\/web\/wp-json\/wp\/v2\/comments?post=3954"}],"version-history":[{"count":2,"href":"https:\/\/www.eldiariodetucuman.com\/web\/wp-json\/wp\/v2\/posts\/3954\/revisions"}],"predecessor-version":[{"id":3957,"href":"https:\/\/www.eldiariodetucuman.com\/web\/wp-json\/wp\/v2\/posts\/3954\/revisions\/3957"}],"wp:featuredmedia":[{"embeddable":true,"href":"https:\/\/www.eldiariodetucuman.com\/web\/wp-json\/wp\/v2\/media\/3955"}],"wp:attachment":[{"href":"https:\/\/www.eldiariodetucuman.com\/web\/wp-json\/wp\/v2\/media?parent=3954"}],"wp:term":[{"taxonomy":"category","embeddable":true,"href":"https:\/\/www.eldiariodetucuman.com\/web\/wp-json\/wp\/v2\/categories?post=3954"},{"taxonomy":"post_tag","embeddable":true,"href":"https:\/\/www.eldiariodetucuman.com\/web\/wp-json\/wp\/v2\/tags?post=3954"}],"curies":[{"name":"wp","href":"https:\/\/api.w.org\/{rel}","templated":true}]}}