{"id":37125,"date":"2022-10-28T08:00:42","date_gmt":"2022-10-28T11:00:42","guid":{"rendered":"http:\/\/www.eldiariodetucuman.com\/web\/?p=37125"},"modified":"2022-10-27T17:29:43","modified_gmt":"2022-10-27T20:29:43","slug":"sabina-regresa-al-pais-con-su-gira-latinoamericana-2023","status":"publish","type":"post","link":"https:\/\/www.eldiariodetucuman.com\/web\/sabina-regresa-al-pais-con-su-gira-latinoamericana-2023\/","title":{"rendered":"Sabina regresa al pa\u00eds con su gira latinoamericana 2023"},"content":{"rendered":"<div class=\"row\">\n<div class=\"xlarge-12 columns\">\n<div class=\"e-post-subtitle\">El cantautor espa\u00f1ol Joaqu\u00edn Sabina pondr\u00e1 en marcha en febrero de 2023 una gira por Latinoam\u00e9rica que lo traer\u00e1 de nuevo a nuestro pa\u00eds, adem\u00e1s de pasar por Costa Rica, Colombia, Chile, Per\u00fa y Uruguay.<\/div>\n<\/div>\n<\/div>\n<p><!--more--><\/p>\n<div class=\"row\">\n<div class=\"xlarge-12 columns\">\n<p class=\"e-post-subtitle\">\u00abContra todo pron\u00f3stico\u00bb es el lema con el que el artista anuncia a trav\u00e9s de un comunicado de prensa esta nueva recorrida del cual habr\u00e1 precisiones de fechas y lugares a partir del 3 de noviembre, a trav\u00e9s de una p\u00e1gina web que precisamente lleva ese nombre.<\/p>\n<p class=\"e-post-subtitle\">Luego de su parada latinoamericana, la gira prev\u00e9 seguir viaje por M\u00e9xico, Estados Unidos y Espa\u00f1a.<\/p>\n<p class=\"e-post-subtitle\">La novedad aparece poco antes del estreno de \u00abSinti\u00e9ndolo mucho\u00bb, un documental centrado en su figura realizado por Fernando Le\u00f3n de Aranoa, del cual se acaba de lanzar el hom\u00f3nimo tema central, interpretado junto a Leiva. (T\u00e9lam)<\/p>\n<div><strong>Fuente:<\/strong><a href=\"https:\/\/tucuman.mitelefe.com\/espectaculos\/vuelve-joaquin-sabina-su-gira-latinoamericana-2023-incluye-a-la-argentina\/\"> https:\/\/tucuman.mitelefe.com\/espectaculos\/vuelve-joaquin-sabina-su-gira-latinoamericana-2023-incluye-a-la-argentina\/<\/a><\/div>\n<\/div>\n<\/div>\n","protected":false},"excerpt":{"rendered":"<p>El cantautor espa\u00f1ol Joaqu\u00edn Sabina pondr\u00e1 en marcha en febrero de 2023 una gira por Latinoam\u00e9rica que lo traer\u00e1 de nuevo a nuestro pa\u00eds, adem\u00e1s de pasar por Costa Rica, Colombia, Chile, Per\u00fa y Uruguay.<\/p>\n","protected":false},"author":5,"featured_media":37126,"comment_status":"closed","ping_status":"open","sticky":false,"template":"","format":"standard","meta":{"footnotes":""},"categories":[5],"tags":[1490,81,1525,138],"class_list":{"0":"post-37125","1":"post","2":"type-post","3":"status-publish","4":"format-standard","5":"has-post-thumbnail","7":"category-cultura","8":"tag-agenda","9":"tag-espectaculos","10":"tag-joaquin-sabina","11":"tag-musica"},"yoast_head":"<!-- This site is optimized with the Yoast SEO plugin v27.4 - https:\/\/yoast.com\/product\/yoast-seo-wordpress\/ -->\n<title>Sabina regresa al pa\u00eds con su gira latinoamericana 2023 - El Diario de Tucuman<\/title>\n<meta name=\"robots\" content=\"index, follow, max-snippet:-1, max-image-preview:large, max-video-preview:-1\" \/>\n<link rel=\"canonical\" href=\"https:\/\/www.eldiariodetucuman.com\/web\/sabina-regresa-al-pais-con-su-gira-latinoamericana-2023\/\" \/>\n<meta property=\"og:locale\" content=\"es_ES\" \/>\n<meta property=\"og:type\" content=\"article\" \/>\n<meta property=\"og:title\" content=\"Sabina regresa al pa\u00eds con su gira latinoamericana 2023 - El Diario de Tucuman\" \/>\n<meta property=\"og:description\" content=\"El cantautor espa\u00f1ol Joaqu\u00edn Sabina pondr\u00e1 en marcha en febrero de 2023 una gira por Latinoam\u00e9rica que lo traer\u00e1 de nuevo a nuestro pa\u00eds, adem\u00e1s de pasar por Costa Rica, Colombia, Chile, Per\u00fa y Uruguay.\" \/>\n<meta property=\"og:url\" content=\"https:\/\/www.eldiariodetucuman.com\/web\/sabina-regresa-al-pais-con-su-gira-latinoamericana-2023\/\" \/>\n<meta property=\"og:site_name\" content=\"El Diario de Tucuman\" \/>\n<meta property=\"article:published_time\" content=\"2022-10-28T11:00:42+00:00\" \/>\n<meta property=\"og:image\" content=\"https:\/\/www.eldiariodetucuman.com\/web\/wp-content\/uploads\/2022\/10\/sabina.jpg\" \/>\n\t<meta property=\"og:image:width\" content=\"929\" \/>\n\t<meta property=\"og:image:height\" content=\"523\" \/>\n\t<meta property=\"og:image:type\" content=\"image\/jpeg\" \/>\n<meta name=\"author\" content=\"Redactor Uno\" \/>\n<meta name=\"twitter:card\" content=\"summary_large_image\" \/>\n<meta name=\"twitter:label1\" content=\"Escrito por\" \/>\n\t<meta name=\"twitter:data1\" content=\"Redactor Uno\" \/>\n\t<meta name=\"twitter:label2\" content=\"Tiempo de lectura\" \/>\n\t<meta name=\"twitter:data2\" content=\"1 minuto\" \/>\n<script type=\"application\/ld+json\" class=\"yoast-schema-graph\">{\"@context\":\"https:\\\/\\\/schema.org\",\"@graph\":[{\"@type\":\"Article\",\"@id\":\"https:\\\/\\\/www.eldiariodetucuman.com\\\/web\\\/sabina-regresa-al-pais-con-su-gira-latinoamericana-2023\\\/#article\",\"isPartOf\":{\"@id\":\"https:\\\/\\\/www.eldiariodetucuman.com\\\/web\\\/sabina-regresa-al-pais-con-su-gira-latinoamericana-2023\\\/\"},\"author\":{\"name\":\"Redactor Uno\",\"@id\":\"https:\\\/\\\/www.eldiariodetucuman.com\\\/web\\\/#\\\/schema\\\/person\\\/7e6644a46e60888f6b868594407e08dd\"},\"headline\":\"Sabina regresa al pa\u00eds con su gira latinoamericana 2023\",\"datePublished\":\"2022-10-28T11:00:42+00:00\",\"mainEntityOfPage\":{\"@id\":\"https:\\\/\\\/www.eldiariodetucuman.com\\\/web\\\/sabina-regresa-al-pais-con-su-gira-latinoamericana-2023\\\/\"},\"wordCount\":165,\"publisher\":{\"@id\":\"https:\\\/\\\/www.eldiariodetucuman.com\\\/web\\\/#organization\"},\"image\":{\"@id\":\"https:\\\/\\\/www.eldiariodetucuman.com\\\/web\\\/sabina-regresa-al-pais-con-su-gira-latinoamericana-2023\\\/#primaryimage\"},\"thumbnailUrl\":\"https:\\\/\\\/www.eldiariodetucuman.com\\\/web\\\/wp-content\\\/uploads\\\/2022\\\/10\\\/sabina.jpg\",\"keywords\":[\"agenda\",\"espectaculos\",\"Joaquin Sabina\",\"musica\"],\"articleSection\":[\"Cultura\"],\"inLanguage\":\"es\"},{\"@type\":\"WebPage\",\"@id\":\"https:\\\/\\\/www.eldiariodetucuman.com\\\/web\\\/sabina-regresa-al-pais-con-su-gira-latinoamericana-2023\\\/\",\"url\":\"https:\\\/\\\/www.eldiariodetucuman.com\\\/web\\\/sabina-regresa-al-pais-con-su-gira-latinoamericana-2023\\\/\",\"name\":\"Sabina regresa al pa\u00eds con su gira latinoamericana 2023 - El Diario de Tucuman\",\"isPartOf\":{\"@id\":\"https:\\\/\\\/www.eldiariodetucuman.com\\\/web\\\/#website\"},\"primaryImageOfPage\":{\"@id\":\"https:\\\/\\\/www.eldiariodetucuman.com\\\/web\\\/sabina-regresa-al-pais-con-su-gira-latinoamericana-2023\\\/#primaryimage\"},\"image\":{\"@id\":\"https:\\\/\\\/www.eldiariodetucuman.com\\\/web\\\/sabina-regresa-al-pais-con-su-gira-latinoamericana-2023\\\/#primaryimage\"},\"thumbnailUrl\":\"https:\\\/\\\/www.eldiariodetucuman.com\\\/web\\\/wp-content\\\/uploads\\\/2022\\\/10\\\/sabina.jpg\",\"datePublished\":\"2022-10-28T11:00:42+00:00\",\"breadcrumb\":{\"@id\":\"https:\\\/\\\/www.eldiariodetucuman.com\\\/web\\\/sabina-regresa-al-pais-con-su-gira-latinoamericana-2023\\\/#breadcrumb\"},\"inLanguage\":\"es\",\"potentialAction\":[{\"@type\":\"ReadAction\",\"target\":[\"https:\\\/\\\/www.eldiariodetucuman.com\\\/web\\\/sabina-regresa-al-pais-con-su-gira-latinoamericana-2023\\\/\"]}]},{\"@type\":\"ImageObject\",\"inLanguage\":\"es\",\"@id\":\"https:\\\/\\\/www.eldiariodetucuman.com\\\/web\\\/sabina-regresa-al-pais-con-su-gira-latinoamericana-2023\\\/#primaryimage\",\"url\":\"https:\\\/\\\/www.eldiariodetucuman.com\\\/web\\\/wp-content\\\/uploads\\\/2022\\\/10\\\/sabina.jpg\",\"contentUrl\":\"https:\\\/\\\/www.eldiariodetucuman.com\\\/web\\\/wp-content\\\/uploads\\\/2022\\\/10\\\/sabina.jpg\",\"width\":929,\"height\":523},{\"@type\":\"BreadcrumbList\",\"@id\":\"https:\\\/\\\/www.eldiariodetucuman.com\\\/web\\\/sabina-regresa-al-pais-con-su-gira-latinoamericana-2023\\\/#breadcrumb\",\"itemListElement\":[{\"@type\":\"ListItem\",\"position\":1,\"name\":\"Portada\",\"item\":\"https:\\\/\\\/www.eldiariodetucuman.com\\\/web\\\/\"},{\"@type\":\"ListItem\",\"position\":2,\"name\":\"Sabina regresa al pa\u00eds con su gira latinoamericana 2023\"}]},{\"@type\":\"WebSite\",\"@id\":\"https:\\\/\\\/www.eldiariodetucuman.com\\\/web\\\/#website\",\"url\":\"https:\\\/\\\/www.eldiariodetucuman.com\\\/web\\\/\",\"name\":\"El Diario de Tucuman\",\"description\":\"Diario Tucuman - Informaci\u00f3n y noticias\",\"publisher\":{\"@id\":\"https:\\\/\\\/www.eldiariodetucuman.com\\\/web\\\/#organization\"},\"potentialAction\":[{\"@type\":\"SearchAction\",\"target\":{\"@type\":\"EntryPoint\",\"urlTemplate\":\"https:\\\/\\\/www.eldiariodetucuman.com\\\/web\\\/?s={search_term_string}\"},\"query-input\":{\"@type\":\"PropertyValueSpecification\",\"valueRequired\":true,\"valueName\":\"search_term_string\"}}],\"inLanguage\":\"es\"},{\"@type\":\"Organization\",\"@id\":\"https:\\\/\\\/www.eldiariodetucuman.com\\\/web\\\/#organization\",\"name\":\"El Diario de Tucuman\",\"url\":\"https:\\\/\\\/www.eldiariodetucuman.com\\\/web\\\/\",\"logo\":{\"@type\":\"ImageObject\",\"inLanguage\":\"es\",\"@id\":\"https:\\\/\\\/www.eldiariodetucuman.com\\\/web\\\/#\\\/schema\\\/logo\\\/image\\\/\",\"url\":\"http:\\\/\\\/www.eldiariodetucuman.com\\\/web\\\/wp-content\\\/uploads\\\/2017\\\/12\\\/el-diario-de-tucuman.jpg\",\"contentUrl\":\"http:\\\/\\\/www.eldiariodetucuman.com\\\/web\\\/wp-content\\\/uploads\\\/2017\\\/12\\\/el-diario-de-tucuman.jpg\",\"width\":272,\"height\":92,\"caption\":\"El Diario de Tucuman\"},\"image\":{\"@id\":\"https:\\\/\\\/www.eldiariodetucuman.com\\\/web\\\/#\\\/schema\\\/logo\\\/image\\\/\"}},{\"@type\":\"Person\",\"@id\":\"https:\\\/\\\/www.eldiariodetucuman.com\\\/web\\\/#\\\/schema\\\/person\\\/7e6644a46e60888f6b868594407e08dd\",\"name\":\"Redactor Uno\",\"image\":{\"@type\":\"ImageObject\",\"inLanguage\":\"es\",\"@id\":\"https:\\\/\\\/secure.gravatar.com\\\/avatar\\\/0049b1bdf1bd548385c9ea6b9356431717930913089febd2ba904f0187d7d074?s=96&d=mm&r=g\",\"url\":\"https:\\\/\\\/secure.gravatar.com\\\/avatar\\\/0049b1bdf1bd548385c9ea6b9356431717930913089febd2ba904f0187d7d074?s=96&d=mm&r=g\",\"contentUrl\":\"https:\\\/\\\/secure.gravatar.com\\\/avatar\\\/0049b1bdf1bd548385c9ea6b9356431717930913089febd2ba904f0187d7d074?s=96&d=mm&r=g\",\"caption\":\"Redactor Uno\"},\"url\":\"https:\\\/\\\/www.eldiariodetucuman.com\\\/web\\\/author\\\/mramasco\\\/\"}]}<\/script>\n<!-- \/ Yoast SEO plugin. -->","yoast_head_json":{"title":"Sabina regresa al pa\u00eds con su gira latinoamericana 2023 - El Diario de Tucuman","robots":{"index":"index","follow":"follow","max-snippet":"max-snippet:-1","max-image-preview":"max-image-preview:large","max-video-preview":"max-video-preview:-1"},"canonical":"https:\/\/www.eldiariodetucuman.com\/web\/sabina-regresa-al-pais-con-su-gira-latinoamericana-2023\/","og_locale":"es_ES","og_type":"article","og_title":"Sabina regresa al pa\u00eds con su gira latinoamericana 2023 - El Diario de Tucuman","og_description":"El cantautor espa\u00f1ol Joaqu\u00edn Sabina pondr\u00e1 en marcha en febrero de 2023 una gira por Latinoam\u00e9rica que lo traer\u00e1 de nuevo a nuestro pa\u00eds, adem\u00e1s de pasar por Costa Rica, Colombia, Chile, Per\u00fa y Uruguay.","og_url":"https:\/\/www.eldiariodetucuman.com\/web\/sabina-regresa-al-pais-con-su-gira-latinoamericana-2023\/","og_site_name":"El Diario de Tucuman","article_published_time":"2022-10-28T11:00:42+00:00","og_image":[{"width":929,"height":523,"url":"https:\/\/www.eldiariodetucuman.com\/web\/wp-content\/uploads\/2022\/10\/sabina.jpg","type":"image\/jpeg"}],"author":"Redactor Uno","twitter_card":"summary_large_image","twitter_misc":{"Escrito por":"Redactor Uno","Tiempo de lectura":"1 minuto"},"schema":{"@context":"https:\/\/schema.org","@graph":[{"@type":"Article","@id":"https:\/\/www.eldiariodetucuman.com\/web\/sabina-regresa-al-pais-con-su-gira-latinoamericana-2023\/#article","isPartOf":{"@id":"https:\/\/www.eldiariodetucuman.com\/web\/sabina-regresa-al-pais-con-su-gira-latinoamericana-2023\/"},"author":{"name":"Redactor Uno","@id":"https:\/\/www.eldiariodetucuman.com\/web\/#\/schema\/person\/7e6644a46e60888f6b868594407e08dd"},"headline":"Sabina regresa al pa\u00eds con su gira latinoamericana 2023","datePublished":"2022-10-28T11:00:42+00:00","mainEntityOfPage":{"@id":"https:\/\/www.eldiariodetucuman.com\/web\/sabina-regresa-al-pais-con-su-gira-latinoamericana-2023\/"},"wordCount":165,"publisher":{"@id":"https:\/\/www.eldiariodetucuman.com\/web\/#organization"},"image":{"@id":"https:\/\/www.eldiariodetucuman.com\/web\/sabina-regresa-al-pais-con-su-gira-latinoamericana-2023\/#primaryimage"},"thumbnailUrl":"https:\/\/www.eldiariodetucuman.com\/web\/wp-content\/uploads\/2022\/10\/sabina.jpg","keywords":["agenda","espectaculos","Joaquin Sabina","musica"],"articleSection":["Cultura"],"inLanguage":"es"},{"@type":"WebPage","@id":"https:\/\/www.eldiariodetucuman.com\/web\/sabina-regresa-al-pais-con-su-gira-latinoamericana-2023\/","url":"https:\/\/www.eldiariodetucuman.com\/web\/sabina-regresa-al-pais-con-su-gira-latinoamericana-2023\/","name":"Sabina regresa al pa\u00eds con su gira latinoamericana 2023 - El Diario de Tucuman","isPartOf":{"@id":"https:\/\/www.eldiariodetucuman.com\/web\/#website"},"primaryImageOfPage":{"@id":"https:\/\/www.eldiariodetucuman.com\/web\/sabina-regresa-al-pais-con-su-gira-latinoamericana-2023\/#primaryimage"},"image":{"@id":"https:\/\/www.eldiariodetucuman.com\/web\/sabina-regresa-al-pais-con-su-gira-latinoamericana-2023\/#primaryimage"},"thumbnailUrl":"https:\/\/www.eldiariodetucuman.com\/web\/wp-content\/uploads\/2022\/10\/sabina.jpg","datePublished":"2022-10-28T11:00:42+00:00","breadcrumb":{"@id":"https:\/\/www.eldiariodetucuman.com\/web\/sabina-regresa-al-pais-con-su-gira-latinoamericana-2023\/#breadcrumb"},"inLanguage":"es","potentialAction":[{"@type":"ReadAction","target":["https:\/\/www.eldiariodetucuman.com\/web\/sabina-regresa-al-pais-con-su-gira-latinoamericana-2023\/"]}]},{"@type":"ImageObject","inLanguage":"es","@id":"https:\/\/www.eldiariodetucuman.com\/web\/sabina-regresa-al-pais-con-su-gira-latinoamericana-2023\/#primaryimage","url":"https:\/\/www.eldiariodetucuman.com\/web\/wp-content\/uploads\/2022\/10\/sabina.jpg","contentUrl":"https:\/\/www.eldiariodetucuman.com\/web\/wp-content\/uploads\/2022\/10\/sabina.jpg","width":929,"height":523},{"@type":"BreadcrumbList","@id":"https:\/\/www.eldiariodetucuman.com\/web\/sabina-regresa-al-pais-con-su-gira-latinoamericana-2023\/#breadcrumb","itemListElement":[{"@type":"ListItem","position":1,"name":"Portada","item":"https:\/\/www.eldiariodetucuman.com\/web\/"},{"@type":"ListItem","position":2,"name":"Sabina regresa al pa\u00eds con su gira latinoamericana 2023"}]},{"@type":"WebSite","@id":"https:\/\/www.eldiariodetucuman.com\/web\/#website","url":"https:\/\/www.eldiariodetucuman.com\/web\/","name":"El Diario de Tucuman","description":"Diario Tucuman - Informaci\u00f3n y noticias","publisher":{"@id":"https:\/\/www.eldiariodetucuman.com\/web\/#organization"},"potentialAction":[{"@type":"SearchAction","target":{"@type":"EntryPoint","urlTemplate":"https:\/\/www.eldiariodetucuman.com\/web\/?s={search_term_string}"},"query-input":{"@type":"PropertyValueSpecification","valueRequired":true,"valueName":"search_term_string"}}],"inLanguage":"es"},{"@type":"Organization","@id":"https:\/\/www.eldiariodetucuman.com\/web\/#organization","name":"El Diario de Tucuman","url":"https:\/\/www.eldiariodetucuman.com\/web\/","logo":{"@type":"ImageObject","inLanguage":"es","@id":"https:\/\/www.eldiariodetucuman.com\/web\/#\/schema\/logo\/image\/","url":"http:\/\/www.eldiariodetucuman.com\/web\/wp-content\/uploads\/2017\/12\/el-diario-de-tucuman.jpg","contentUrl":"http:\/\/www.eldiariodetucuman.com\/web\/wp-content\/uploads\/2017\/12\/el-diario-de-tucuman.jpg","width":272,"height":92,"caption":"El Diario de Tucuman"},"image":{"@id":"https:\/\/www.eldiariodetucuman.com\/web\/#\/schema\/logo\/image\/"}},{"@type":"Person","@id":"https:\/\/www.eldiariodetucuman.com\/web\/#\/schema\/person\/7e6644a46e60888f6b868594407e08dd","name":"Redactor Uno","image":{"@type":"ImageObject","inLanguage":"es","@id":"https:\/\/secure.gravatar.com\/avatar\/0049b1bdf1bd548385c9ea6b9356431717930913089febd2ba904f0187d7d074?s=96&d=mm&r=g","url":"https:\/\/secure.gravatar.com\/avatar\/0049b1bdf1bd548385c9ea6b9356431717930913089febd2ba904f0187d7d074?s=96&d=mm&r=g","contentUrl":"https:\/\/secure.gravatar.com\/avatar\/0049b1bdf1bd548385c9ea6b9356431717930913089febd2ba904f0187d7d074?s=96&d=mm&r=g","caption":"Redactor Uno"},"url":"https:\/\/www.eldiariodetucuman.com\/web\/author\/mramasco\/"}]}},"_links":{"self":[{"href":"https:\/\/www.eldiariodetucuman.com\/web\/wp-json\/wp\/v2\/posts\/37125","targetHints":{"allow":["GET"]}}],"collection":[{"href":"https:\/\/www.eldiariodetucuman.com\/web\/wp-json\/wp\/v2\/posts"}],"about":[{"href":"https:\/\/www.eldiariodetucuman.com\/web\/wp-json\/wp\/v2\/types\/post"}],"author":[{"embeddable":true,"href":"https:\/\/www.eldiariodetucuman.com\/web\/wp-json\/wp\/v2\/users\/5"}],"replies":[{"embeddable":true,"href":"https:\/\/www.eldiariodetucuman.com\/web\/wp-json\/wp\/v2\/comments?post=37125"}],"version-history":[{"count":1,"href":"https:\/\/www.eldiariodetucuman.com\/web\/wp-json\/wp\/v2\/posts\/37125\/revisions"}],"predecessor-version":[{"id":37127,"href":"https:\/\/www.eldiariodetucuman.com\/web\/wp-json\/wp\/v2\/posts\/37125\/revisions\/37127"}],"wp:featuredmedia":[{"embeddable":true,"href":"https:\/\/www.eldiariodetucuman.com\/web\/wp-json\/wp\/v2\/media\/37126"}],"wp:attachment":[{"href":"https:\/\/www.eldiariodetucuman.com\/web\/wp-json\/wp\/v2\/media?parent=37125"}],"wp:term":[{"taxonomy":"category","embeddable":true,"href":"https:\/\/www.eldiariodetucuman.com\/web\/wp-json\/wp\/v2\/categories?post=37125"},{"taxonomy":"post_tag","embeddable":true,"href":"https:\/\/www.eldiariodetucuman.com\/web\/wp-json\/wp\/v2\/tags?post=37125"}],"curies":[{"name":"wp","href":"https:\/\/api.w.org\/{rel}","templated":true}]}}