{"id":33756,"date":"2021-11-15T09:23:33","date_gmt":"2021-11-15T12:23:33","guid":{"rendered":"http:\/\/www.eldiariodetucuman.com\/web\/?p=33756"},"modified":"2021-11-15T09:23:33","modified_gmt":"2021-11-15T12:23:33","slug":"a-partir-de-hoy-ya-no-es-obligatoria-la-atencion-con-turnos-previos-en-bancos","status":"publish","type":"post","link":"https:\/\/www.eldiariodetucuman.com\/web\/a-partir-de-hoy-ya-no-es-obligatoria-la-atencion-con-turnos-previos-en-bancos\/","title":{"rendered":"A partir de hoy ya no es obligatoria la atenci\u00f3n con turnos previos en bancos"},"content":{"rendered":"<hgroup class=\"zona-titulo\"><\/hgroup>\n<p>El sistema de todas maneras, seguir\u00eda vigente con modificaciones, en algunas entidades y para tr\u00e1mites espec\u00edficos.<\/p>\n<p><!--more--><\/p>\n<p>Por disposici\u00f3n del <strong>Banco Central<\/strong>\u00a0(BCRA),\u00a0<strong>desde esta semana los bancos y \u00a0otras entidades financieras podr\u00e1n atender al p\u00fablico en sus sucursales sin turno previo.<\/strong><\/p>\n<div class=\"row\">\n<div class=\"col-md-11\">\n<div id=\"cuerpo-nota\" class=\"cuerpo-nota\">\n<p>Seg\u00fan lo decidido por la entidad, el sistema de turnos podr\u00e1 seguir en vigencia, aunque con modificaciones, como por ejemplo no se podr\u00e1n otorgar lugares m\u00e1s all\u00e1 de tres d\u00edas h\u00e1biles y el sistema deber\u00e1 ser informado a trav\u00e9s de sus portales.<\/p>\n<p>Al respecto el BCRA, indic\u00f3 que desde este lunes, \u201csi la capacidad de atenci\u00f3n lo permite, se podr\u00e1 atender con ambas modalidades\u201d, dando prioridad aquellos clientes que tienen turno y a personas que se presenten con su Certificado \u00danico de Discapacidad o que tengan movilidad reducida.<\/p>\n<p>Adem\u00e1s, en caso de optar por dar prioridad a la atenci\u00f3n con turno, los bancos tendr\u00e1n que presentar esa condici\u00f3n en forma clara en sus p\u00e1ginas web.<\/p>\n<p>En tanto, en cuanto al pago de jubilaciones, pensiones o planes sociales se deber\u00e1 realizar conforme al cronograma de los organismos previsionales y ese d\u00eda, los beneficiarios que se presenten para cobrar podr\u00e1n realizar cualquier otro tr\u00e1mite.<\/p>\n<p><strong>Fuente:<\/strong> <a href=\"https:\/\/www.tucumanalas7.com.ar\/nacional\/2021\/11\/15\/desde-hoy-ya-no-es-obligatoria-la-atencion-con-turnos-previos-en-bancos-de-todo-el-pais-205566.htm\">https:\/\/www.tucumanalas7.com.ar\/nacional\/2021\/11\/15\/desde-hoy-ya-no-es-obligatoria-la-atencion-con-turnos-previos-en-bancos-de-todo-el-pais-205566.htm<\/a>l<\/p>\n<\/div>\n<\/div>\n<\/div>\n","protected":false},"excerpt":{"rendered":"<p>El sistema de todas maneras, seguir\u00eda vigente con modificaciones, en algunas entidades y para tr\u00e1mites espec\u00edficos.<\/p>\n","protected":false},"author":5,"featured_media":33757,"comment_status":"closed","ping_status":"open","sticky":false,"template":"","format":"standard","meta":{"footnotes":""},"categories":[2],"tags":[134,1695,1681,61],"class_list":{"0":"post-33756","1":"post","2":"type-post","3":"status-publish","4":"format-standard","5":"has-post-thumbnail","7":"category-actualidad","8":"tag-argentina","9":"tag-atencion","10":"tag-banco","11":"tag-tucuman"},"yoast_head":"<!-- This site is optimized with the Yoast SEO plugin v27.4 - https:\/\/yoast.com\/product\/yoast-seo-wordpress\/ -->\n<title>A partir de hoy ya no es obligatoria la atenci\u00f3n con turnos previos en bancos - El Diario de Tucuman<\/title>\n<meta name=\"robots\" content=\"index, follow, max-snippet:-1, max-image-preview:large, max-video-preview:-1\" \/>\n<link rel=\"canonical\" href=\"https:\/\/www.eldiariodetucuman.com\/web\/a-partir-de-hoy-ya-no-es-obligatoria-la-atencion-con-turnos-previos-en-bancos\/\" \/>\n<meta property=\"og:locale\" content=\"es_ES\" \/>\n<meta property=\"og:type\" content=\"article\" \/>\n<meta property=\"og:title\" content=\"A partir de hoy ya no es obligatoria la atenci\u00f3n con turnos previos en bancos - El Diario de Tucuman\" \/>\n<meta property=\"og:description\" content=\"El sistema de todas maneras, seguir\u00eda vigente con modificaciones, en algunas entidades y para tr\u00e1mites espec\u00edficos.\" \/>\n<meta property=\"og:url\" content=\"https:\/\/www.eldiariodetucuman.com\/web\/a-partir-de-hoy-ya-no-es-obligatoria-la-atencion-con-turnos-previos-en-bancos\/\" \/>\n<meta property=\"og:site_name\" content=\"El Diario de Tucuman\" \/>\n<meta property=\"article:published_time\" content=\"2021-11-15T12:23:33+00:00\" \/>\n<meta property=\"og:image\" content=\"https:\/\/www.eldiariodetucuman.com\/web\/wp-content\/uploads\/2021\/11\/banco-atencion.jpg\" \/>\n\t<meta property=\"og:image:width\" content=\"800\" \/>\n\t<meta property=\"og:image:height\" content=\"450\" \/>\n\t<meta property=\"og:image:type\" content=\"image\/jpeg\" \/>\n<meta name=\"author\" content=\"Redactor Uno\" \/>\n<meta name=\"twitter:card\" content=\"summary_large_image\" \/>\n<meta name=\"twitter:label1\" content=\"Escrito por\" \/>\n\t<meta name=\"twitter:data1\" content=\"Redactor Uno\" \/>\n\t<meta name=\"twitter:label2\" content=\"Tiempo de lectura\" \/>\n\t<meta name=\"twitter:data2\" content=\"1 minuto\" \/>\n<script type=\"application\/ld+json\" class=\"yoast-schema-graph\">{\"@context\":\"https:\\\/\\\/schema.org\",\"@graph\":[{\"@type\":\"Article\",\"@id\":\"https:\\\/\\\/www.eldiariodetucuman.com\\\/web\\\/a-partir-de-hoy-ya-no-es-obligatoria-la-atencion-con-turnos-previos-en-bancos\\\/#article\",\"isPartOf\":{\"@id\":\"https:\\\/\\\/www.eldiariodetucuman.com\\\/web\\\/a-partir-de-hoy-ya-no-es-obligatoria-la-atencion-con-turnos-previos-en-bancos\\\/\"},\"author\":{\"name\":\"Redactor Uno\",\"@id\":\"https:\\\/\\\/www.eldiariodetucuman.com\\\/web\\\/#\\\/schema\\\/person\\\/7e6644a46e60888f6b868594407e08dd\"},\"headline\":\"A partir de hoy ya no es obligatoria la atenci\u00f3n con turnos previos en bancos\",\"datePublished\":\"2021-11-15T12:23:33+00:00\",\"mainEntityOfPage\":{\"@id\":\"https:\\\/\\\/www.eldiariodetucuman.com\\\/web\\\/a-partir-de-hoy-ya-no-es-obligatoria-la-atencion-con-turnos-previos-en-bancos\\\/\"},\"wordCount\":239,\"publisher\":{\"@id\":\"https:\\\/\\\/www.eldiariodetucuman.com\\\/web\\\/#organization\"},\"image\":{\"@id\":\"https:\\\/\\\/www.eldiariodetucuman.com\\\/web\\\/a-partir-de-hoy-ya-no-es-obligatoria-la-atencion-con-turnos-previos-en-bancos\\\/#primaryimage\"},\"thumbnailUrl\":\"https:\\\/\\\/www.eldiariodetucuman.com\\\/web\\\/wp-content\\\/uploads\\\/2021\\\/11\\\/banco-atencion.jpg\",\"keywords\":[\"Argentina\",\"atenci\u00f3n\",\"banco\",\"Tucuman\"],\"articleSection\":[\"Actualidad\"],\"inLanguage\":\"es\"},{\"@type\":\"WebPage\",\"@id\":\"https:\\\/\\\/www.eldiariodetucuman.com\\\/web\\\/a-partir-de-hoy-ya-no-es-obligatoria-la-atencion-con-turnos-previos-en-bancos\\\/\",\"url\":\"https:\\\/\\\/www.eldiariodetucuman.com\\\/web\\\/a-partir-de-hoy-ya-no-es-obligatoria-la-atencion-con-turnos-previos-en-bancos\\\/\",\"name\":\"A partir de hoy ya no es obligatoria la atenci\u00f3n con turnos previos en bancos - El Diario de Tucuman\",\"isPartOf\":{\"@id\":\"https:\\\/\\\/www.eldiariodetucuman.com\\\/web\\\/#website\"},\"primaryImageOfPage\":{\"@id\":\"https:\\\/\\\/www.eldiariodetucuman.com\\\/web\\\/a-partir-de-hoy-ya-no-es-obligatoria-la-atencion-con-turnos-previos-en-bancos\\\/#primaryimage\"},\"image\":{\"@id\":\"https:\\\/\\\/www.eldiariodetucuman.com\\\/web\\\/a-partir-de-hoy-ya-no-es-obligatoria-la-atencion-con-turnos-previos-en-bancos\\\/#primaryimage\"},\"thumbnailUrl\":\"https:\\\/\\\/www.eldiariodetucuman.com\\\/web\\\/wp-content\\\/uploads\\\/2021\\\/11\\\/banco-atencion.jpg\",\"datePublished\":\"2021-11-15T12:23:33+00:00\",\"breadcrumb\":{\"@id\":\"https:\\\/\\\/www.eldiariodetucuman.com\\\/web\\\/a-partir-de-hoy-ya-no-es-obligatoria-la-atencion-con-turnos-previos-en-bancos\\\/#breadcrumb\"},\"inLanguage\":\"es\",\"potentialAction\":[{\"@type\":\"ReadAction\",\"target\":[\"https:\\\/\\\/www.eldiariodetucuman.com\\\/web\\\/a-partir-de-hoy-ya-no-es-obligatoria-la-atencion-con-turnos-previos-en-bancos\\\/\"]}]},{\"@type\":\"ImageObject\",\"inLanguage\":\"es\",\"@id\":\"https:\\\/\\\/www.eldiariodetucuman.com\\\/web\\\/a-partir-de-hoy-ya-no-es-obligatoria-la-atencion-con-turnos-previos-en-bancos\\\/#primaryimage\",\"url\":\"https:\\\/\\\/www.eldiariodetucuman.com\\\/web\\\/wp-content\\\/uploads\\\/2021\\\/11\\\/banco-atencion.jpg\",\"contentUrl\":\"https:\\\/\\\/www.eldiariodetucuman.com\\\/web\\\/wp-content\\\/uploads\\\/2021\\\/11\\\/banco-atencion.jpg\",\"width\":800,\"height\":450},{\"@type\":\"BreadcrumbList\",\"@id\":\"https:\\\/\\\/www.eldiariodetucuman.com\\\/web\\\/a-partir-de-hoy-ya-no-es-obligatoria-la-atencion-con-turnos-previos-en-bancos\\\/#breadcrumb\",\"itemListElement\":[{\"@type\":\"ListItem\",\"position\":1,\"name\":\"Portada\",\"item\":\"https:\\\/\\\/www.eldiariodetucuman.com\\\/web\\\/\"},{\"@type\":\"ListItem\",\"position\":2,\"name\":\"A partir de hoy ya no es obligatoria la atenci\u00f3n con turnos previos en bancos\"}]},{\"@type\":\"WebSite\",\"@id\":\"https:\\\/\\\/www.eldiariodetucuman.com\\\/web\\\/#website\",\"url\":\"https:\\\/\\\/www.eldiariodetucuman.com\\\/web\\\/\",\"name\":\"El Diario de Tucuman\",\"description\":\"Diario Tucuman - Informaci\u00f3n y noticias\",\"publisher\":{\"@id\":\"https:\\\/\\\/www.eldiariodetucuman.com\\\/web\\\/#organization\"},\"potentialAction\":[{\"@type\":\"SearchAction\",\"target\":{\"@type\":\"EntryPoint\",\"urlTemplate\":\"https:\\\/\\\/www.eldiariodetucuman.com\\\/web\\\/?s={search_term_string}\"},\"query-input\":{\"@type\":\"PropertyValueSpecification\",\"valueRequired\":true,\"valueName\":\"search_term_string\"}}],\"inLanguage\":\"es\"},{\"@type\":\"Organization\",\"@id\":\"https:\\\/\\\/www.eldiariodetucuman.com\\\/web\\\/#organization\",\"name\":\"El Diario de Tucuman\",\"url\":\"https:\\\/\\\/www.eldiariodetucuman.com\\\/web\\\/\",\"logo\":{\"@type\":\"ImageObject\",\"inLanguage\":\"es\",\"@id\":\"https:\\\/\\\/www.eldiariodetucuman.com\\\/web\\\/#\\\/schema\\\/logo\\\/image\\\/\",\"url\":\"http:\\\/\\\/www.eldiariodetucuman.com\\\/web\\\/wp-content\\\/uploads\\\/2017\\\/12\\\/el-diario-de-tucuman.jpg\",\"contentUrl\":\"http:\\\/\\\/www.eldiariodetucuman.com\\\/web\\\/wp-content\\\/uploads\\\/2017\\\/12\\\/el-diario-de-tucuman.jpg\",\"width\":272,\"height\":92,\"caption\":\"El Diario de Tucuman\"},\"image\":{\"@id\":\"https:\\\/\\\/www.eldiariodetucuman.com\\\/web\\\/#\\\/schema\\\/logo\\\/image\\\/\"}},{\"@type\":\"Person\",\"@id\":\"https:\\\/\\\/www.eldiariodetucuman.com\\\/web\\\/#\\\/schema\\\/person\\\/7e6644a46e60888f6b868594407e08dd\",\"name\":\"Redactor Uno\",\"image\":{\"@type\":\"ImageObject\",\"inLanguage\":\"es\",\"@id\":\"https:\\\/\\\/secure.gravatar.com\\\/avatar\\\/0049b1bdf1bd548385c9ea6b9356431717930913089febd2ba904f0187d7d074?s=96&d=mm&r=g\",\"url\":\"https:\\\/\\\/secure.gravatar.com\\\/avatar\\\/0049b1bdf1bd548385c9ea6b9356431717930913089febd2ba904f0187d7d074?s=96&d=mm&r=g\",\"contentUrl\":\"https:\\\/\\\/secure.gravatar.com\\\/avatar\\\/0049b1bdf1bd548385c9ea6b9356431717930913089febd2ba904f0187d7d074?s=96&d=mm&r=g\",\"caption\":\"Redactor Uno\"},\"url\":\"https:\\\/\\\/www.eldiariodetucuman.com\\\/web\\\/author\\\/mramasco\\\/\"}]}<\/script>\n<!-- \/ Yoast SEO plugin. -->","yoast_head_json":{"title":"A partir de hoy ya no es obligatoria la atenci\u00f3n con turnos previos en bancos - El Diario de Tucuman","robots":{"index":"index","follow":"follow","max-snippet":"max-snippet:-1","max-image-preview":"max-image-preview:large","max-video-preview":"max-video-preview:-1"},"canonical":"https:\/\/www.eldiariodetucuman.com\/web\/a-partir-de-hoy-ya-no-es-obligatoria-la-atencion-con-turnos-previos-en-bancos\/","og_locale":"es_ES","og_type":"article","og_title":"A partir de hoy ya no es obligatoria la atenci\u00f3n con turnos previos en bancos - El Diario de Tucuman","og_description":"El sistema de todas maneras, seguir\u00eda vigente con modificaciones, en algunas entidades y para tr\u00e1mites espec\u00edficos.","og_url":"https:\/\/www.eldiariodetucuman.com\/web\/a-partir-de-hoy-ya-no-es-obligatoria-la-atencion-con-turnos-previos-en-bancos\/","og_site_name":"El Diario de Tucuman","article_published_time":"2021-11-15T12:23:33+00:00","og_image":[{"width":800,"height":450,"url":"https:\/\/www.eldiariodetucuman.com\/web\/wp-content\/uploads\/2021\/11\/banco-atencion.jpg","type":"image\/jpeg"}],"author":"Redactor Uno","twitter_card":"summary_large_image","twitter_misc":{"Escrito por":"Redactor Uno","Tiempo de lectura":"1 minuto"},"schema":{"@context":"https:\/\/schema.org","@graph":[{"@type":"Article","@id":"https:\/\/www.eldiariodetucuman.com\/web\/a-partir-de-hoy-ya-no-es-obligatoria-la-atencion-con-turnos-previos-en-bancos\/#article","isPartOf":{"@id":"https:\/\/www.eldiariodetucuman.com\/web\/a-partir-de-hoy-ya-no-es-obligatoria-la-atencion-con-turnos-previos-en-bancos\/"},"author":{"name":"Redactor Uno","@id":"https:\/\/www.eldiariodetucuman.com\/web\/#\/schema\/person\/7e6644a46e60888f6b868594407e08dd"},"headline":"A partir de hoy ya no es obligatoria la atenci\u00f3n con turnos previos en bancos","datePublished":"2021-11-15T12:23:33+00:00","mainEntityOfPage":{"@id":"https:\/\/www.eldiariodetucuman.com\/web\/a-partir-de-hoy-ya-no-es-obligatoria-la-atencion-con-turnos-previos-en-bancos\/"},"wordCount":239,"publisher":{"@id":"https:\/\/www.eldiariodetucuman.com\/web\/#organization"},"image":{"@id":"https:\/\/www.eldiariodetucuman.com\/web\/a-partir-de-hoy-ya-no-es-obligatoria-la-atencion-con-turnos-previos-en-bancos\/#primaryimage"},"thumbnailUrl":"https:\/\/www.eldiariodetucuman.com\/web\/wp-content\/uploads\/2021\/11\/banco-atencion.jpg","keywords":["Argentina","atenci\u00f3n","banco","Tucuman"],"articleSection":["Actualidad"],"inLanguage":"es"},{"@type":"WebPage","@id":"https:\/\/www.eldiariodetucuman.com\/web\/a-partir-de-hoy-ya-no-es-obligatoria-la-atencion-con-turnos-previos-en-bancos\/","url":"https:\/\/www.eldiariodetucuman.com\/web\/a-partir-de-hoy-ya-no-es-obligatoria-la-atencion-con-turnos-previos-en-bancos\/","name":"A partir de hoy ya no es obligatoria la atenci\u00f3n con turnos previos en bancos - El Diario de Tucuman","isPartOf":{"@id":"https:\/\/www.eldiariodetucuman.com\/web\/#website"},"primaryImageOfPage":{"@id":"https:\/\/www.eldiariodetucuman.com\/web\/a-partir-de-hoy-ya-no-es-obligatoria-la-atencion-con-turnos-previos-en-bancos\/#primaryimage"},"image":{"@id":"https:\/\/www.eldiariodetucuman.com\/web\/a-partir-de-hoy-ya-no-es-obligatoria-la-atencion-con-turnos-previos-en-bancos\/#primaryimage"},"thumbnailUrl":"https:\/\/www.eldiariodetucuman.com\/web\/wp-content\/uploads\/2021\/11\/banco-atencion.jpg","datePublished":"2021-11-15T12:23:33+00:00","breadcrumb":{"@id":"https:\/\/www.eldiariodetucuman.com\/web\/a-partir-de-hoy-ya-no-es-obligatoria-la-atencion-con-turnos-previos-en-bancos\/#breadcrumb"},"inLanguage":"es","potentialAction":[{"@type":"ReadAction","target":["https:\/\/www.eldiariodetucuman.com\/web\/a-partir-de-hoy-ya-no-es-obligatoria-la-atencion-con-turnos-previos-en-bancos\/"]}]},{"@type":"ImageObject","inLanguage":"es","@id":"https:\/\/www.eldiariodetucuman.com\/web\/a-partir-de-hoy-ya-no-es-obligatoria-la-atencion-con-turnos-previos-en-bancos\/#primaryimage","url":"https:\/\/www.eldiariodetucuman.com\/web\/wp-content\/uploads\/2021\/11\/banco-atencion.jpg","contentUrl":"https:\/\/www.eldiariodetucuman.com\/web\/wp-content\/uploads\/2021\/11\/banco-atencion.jpg","width":800,"height":450},{"@type":"BreadcrumbList","@id":"https:\/\/www.eldiariodetucuman.com\/web\/a-partir-de-hoy-ya-no-es-obligatoria-la-atencion-con-turnos-previos-en-bancos\/#breadcrumb","itemListElement":[{"@type":"ListItem","position":1,"name":"Portada","item":"https:\/\/www.eldiariodetucuman.com\/web\/"},{"@type":"ListItem","position":2,"name":"A partir de hoy ya no es obligatoria la atenci\u00f3n con turnos previos en bancos"}]},{"@type":"WebSite","@id":"https:\/\/www.eldiariodetucuman.com\/web\/#website","url":"https:\/\/www.eldiariodetucuman.com\/web\/","name":"El Diario de Tucuman","description":"Diario Tucuman - Informaci\u00f3n y noticias","publisher":{"@id":"https:\/\/www.eldiariodetucuman.com\/web\/#organization"},"potentialAction":[{"@type":"SearchAction","target":{"@type":"EntryPoint","urlTemplate":"https:\/\/www.eldiariodetucuman.com\/web\/?s={search_term_string}"},"query-input":{"@type":"PropertyValueSpecification","valueRequired":true,"valueName":"search_term_string"}}],"inLanguage":"es"},{"@type":"Organization","@id":"https:\/\/www.eldiariodetucuman.com\/web\/#organization","name":"El Diario de Tucuman","url":"https:\/\/www.eldiariodetucuman.com\/web\/","logo":{"@type":"ImageObject","inLanguage":"es","@id":"https:\/\/www.eldiariodetucuman.com\/web\/#\/schema\/logo\/image\/","url":"http:\/\/www.eldiariodetucuman.com\/web\/wp-content\/uploads\/2017\/12\/el-diario-de-tucuman.jpg","contentUrl":"http:\/\/www.eldiariodetucuman.com\/web\/wp-content\/uploads\/2017\/12\/el-diario-de-tucuman.jpg","width":272,"height":92,"caption":"El Diario de Tucuman"},"image":{"@id":"https:\/\/www.eldiariodetucuman.com\/web\/#\/schema\/logo\/image\/"}},{"@type":"Person","@id":"https:\/\/www.eldiariodetucuman.com\/web\/#\/schema\/person\/7e6644a46e60888f6b868594407e08dd","name":"Redactor Uno","image":{"@type":"ImageObject","inLanguage":"es","@id":"https:\/\/secure.gravatar.com\/avatar\/0049b1bdf1bd548385c9ea6b9356431717930913089febd2ba904f0187d7d074?s=96&d=mm&r=g","url":"https:\/\/secure.gravatar.com\/avatar\/0049b1bdf1bd548385c9ea6b9356431717930913089febd2ba904f0187d7d074?s=96&d=mm&r=g","contentUrl":"https:\/\/secure.gravatar.com\/avatar\/0049b1bdf1bd548385c9ea6b9356431717930913089febd2ba904f0187d7d074?s=96&d=mm&r=g","caption":"Redactor Uno"},"url":"https:\/\/www.eldiariodetucuman.com\/web\/author\/mramasco\/"}]}},"_links":{"self":[{"href":"https:\/\/www.eldiariodetucuman.com\/web\/wp-json\/wp\/v2\/posts\/33756","targetHints":{"allow":["GET"]}}],"collection":[{"href":"https:\/\/www.eldiariodetucuman.com\/web\/wp-json\/wp\/v2\/posts"}],"about":[{"href":"https:\/\/www.eldiariodetucuman.com\/web\/wp-json\/wp\/v2\/types\/post"}],"author":[{"embeddable":true,"href":"https:\/\/www.eldiariodetucuman.com\/web\/wp-json\/wp\/v2\/users\/5"}],"replies":[{"embeddable":true,"href":"https:\/\/www.eldiariodetucuman.com\/web\/wp-json\/wp\/v2\/comments?post=33756"}],"version-history":[{"count":1,"href":"https:\/\/www.eldiariodetucuman.com\/web\/wp-json\/wp\/v2\/posts\/33756\/revisions"}],"predecessor-version":[{"id":33758,"href":"https:\/\/www.eldiariodetucuman.com\/web\/wp-json\/wp\/v2\/posts\/33756\/revisions\/33758"}],"wp:featuredmedia":[{"embeddable":true,"href":"https:\/\/www.eldiariodetucuman.com\/web\/wp-json\/wp\/v2\/media\/33757"}],"wp:attachment":[{"href":"https:\/\/www.eldiariodetucuman.com\/web\/wp-json\/wp\/v2\/media?parent=33756"}],"wp:term":[{"taxonomy":"category","embeddable":true,"href":"https:\/\/www.eldiariodetucuman.com\/web\/wp-json\/wp\/v2\/categories?post=33756"},{"taxonomy":"post_tag","embeddable":true,"href":"https:\/\/www.eldiariodetucuman.com\/web\/wp-json\/wp\/v2\/tags?post=33756"}],"curies":[{"name":"wp","href":"https:\/\/api.w.org\/{rel}","templated":true}]}}