{"id":33749,"date":"2021-11-15T09:15:45","date_gmt":"2021-11-15T12:15:45","guid":{"rendered":"http:\/\/www.eldiariodetucuman.com\/web\/?p=33749"},"modified":"2021-11-15T09:15:45","modified_gmt":"2021-11-15T12:15:45","slug":"asi-quedo-el-mapa-politico-de-argentina-despues-de-las-elecciones-legislativas","status":"publish","type":"post","link":"https:\/\/www.eldiariodetucuman.com\/web\/asi-quedo-el-mapa-politico-de-argentina-despues-de-las-elecciones-legislativas\/","title":{"rendered":"As\u00ed qued\u00f3 el mapa pol\u00edtico de Argentina despu\u00e9s de las elecciones legislativas"},"content":{"rendered":"<p class=\"smr\">Juntos se qued\u00f3 con el triunfo en 13 provincias, mientras que el Frente de Todos gan\u00f3 9 distritos, casi todos en el norte del pa\u00eds, y logr\u00f3 reducir la diferencia en Buenos Aires. Partidos provinciales ganaron en dos.<\/p>\n<p><!--more--><\/p>\n<div class=\"i-amphtml-slides-container i-amphtml-slidescroll-no-snap\" tabindex=\"-1\" aria-live=\"polite\">\n<div class=\"i-amphtml-slide-item i-amphtml-slide-item-show\">\n<div class=\"slide amp-carousel-slide\" aria-hidden=\"false\"><img decoding=\"async\" class=\"i-amphtml-fill-content i-amphtml-replaced-content\" src=\"https:\/\/www.losprimeros.tv\/losprimeros\/fotos\/cache\/notas\/2021\/11\/15\/926x0_280659_20211115044437.jpg\" alt=\"C\u00f3mo qued\u00f3 el mapa pol\u00edtico de Argentina tras la derrota del oficialismo\" \/><\/div>\n<\/div>\n<div class=\"i-amphtml-slide-item i-amphtml-slide-item-show\">\n<div class=\"slide amp-carousel-slide\" aria-hidden=\"true\"><img decoding=\"async\" class=\"i-amphtml-fill-content i-amphtml-replaced-content\" src=\"https:\/\/www.losprimeros.tv\/losprimeros\/fotos\/cache\/notas\/2021\/11\/15\/926x0_280659_20211115044613.jpg\" alt=\"C\u00f3mo qued\u00f3 el mapa pol\u00edtico de Argentina tras la derrota del oficialismo\" \/><\/div>\n<\/div>\n<\/div>\n<div class=\"amp-carousel-button amp-carousel-button-next\" tabindex=\"0\" title=\"Next item in carousel (2 of 2)\" role=\"button\" aria-disabled=\"false\">Juntos se impuso en las elecciones legislativas, una victoria que ratific\u00f3 la tendencia que hab\u00eda conseguido en las PASO. <b>Sus listas de diputados nacionales se impusieron en 13 provincias.<\/b>\u00a0El triunfo electoral incluye a los cinco distritos m\u00e1s poblados del pa\u00eds: la provincia de\u00a0<b>Buenos Aires, la Ciudad Aut\u00f3noma de Buenos Aires, C\u00f3rdoba, Santa Fe y Mendoza.<\/b><\/div>\n<div class=\"txt\">\n<p class=\"ampp\">Juntos, sin embargo, no pudo lograr su victoria<b>\u00a0en el conurbano bonaerense, donde el kirchnerismo recuper\u00f3 votos perdidos en las PASO<\/b>. La oposici\u00f3n gan\u00f3 en provincias que han sido hist\u00f3ricamente peronistas, como Santa Cruz y La Pampa.\u00a0<b>A nivel nacional, Juntos cosech\u00f3, en promedio, el 41,88% de los votos, por encima de los 33,03% que consigui\u00f3 el Frente de Todos.<\/b><\/p>\n<p class=\"ampp\">El kirchnerismo logr\u00f3 una mejora en las urnas, impulsada por los n\u00fameros del conurbano y, adem\u00e1s, dio vuelta los resultados de las PASO en dos provincias. El Frente de Todos logr\u00f3 imponerse, en total, en nueve distritos. Desde que los argentinos hab\u00edan ido a las urnas, hace apenas dos meses, primero explot\u00f3 una in\u00e9dita la interna impulsada por Cristina Kirchner, y despu\u00e9s aparecieron otros problemas de gesti\u00f3n, como hechos de inseguridad y la suba del d\u00f3lar.<\/p>\n<p class=\"ampp\"><img loading=\"lazy\" decoding=\"async\" class=\"img-responsive\" title=\"\" src=\"https:\/\/www.losprimeros.tv\/losprimeros\/fotos\/notas\/2021\/11\/15\/280659_20211115044613.jpg\" alt=\"\" width=\"500\" height=\"800\" \/><\/p>\n<p class=\"ampp\">En la provincia de Buenos Aires, distrito gobernado por el kirchnerismo m\u00e1s puro, la oposici\u00f3n gan\u00f3, aunque con una diferencia m\u00e1s estrecha en comparaci\u00f3n con las PASO.\u00a0<b>La lista de Diego Santilli sac\u00f3 el 39,81% de los votos, mientras que la oficialista Victoria Tolosa Paz cosech\u00f3 el 38,53%, un resultado que desde el Frente de Todos catalogaron como \u201cun empate t\u00e9cnico\u201d. En tercer lugar, Jos\u00e9 Luis Espert alcanz\u00f3 el 7,5%.<\/b><\/p>\n<p class=\"ampp\">A pesar de achicar la brecha con la oposici\u00f3n, la derrota bonaerense resonar\u00e1\u00a0 en la alianza electoral que comandan Cristina Kirchner y Alberto Fern\u00e1ndez. Tendr\u00e1, adem\u00e1s, consecuencias para los pr\u00f3ximos dos a\u00f1os, porque implementar\u00e1 cambios en la composici\u00f3n del Congreso. Apenas se conocieron los resultados,\u00a0<b>el Presidente anunci\u00f3 un nuevo \u201cplan econ\u00f3mico plurianual\u201d que ser\u00e1 enviado al parlamento.<\/b><\/p>\n<p class=\"ampp\">En la vereda opuesta, el triunfo bonaerense de Santilli -vicejefe de gobierno porte\u00f1o- le posiciona a Horacio Rodr\u00edguez Larreta para buscar la presidencia en 2023.\u00a0<b>Como estaba previsto, la diferencia para Juntos fue m\u00e1s pronunciada en la ciudad de Buenos Aires. La lista encabezada por Mar\u00eda Eugenia Vidal -que tambi\u00e9n cont\u00f3 con el aval de Larreta- consigui\u00f3 el 47,01% de los votos, mientras que Leandro Santoro (Frente de Todos), el 25,10%.<\/b>\u00a0<b>Javier Milei,\u00a0<\/b>la revelaci\u00f3n en las PASO, super\u00f3 su propia marca y reuni\u00f3 el\u00a0<b>17,03% de los votos.<\/b><\/p>\n<p class=\"ampp\"><b>Rev\u00e9s en C\u00f3rdoba<\/b><\/p>\n<p class=\"ampp\">La oposici\u00f3n se impuso con holgura en el centro del pa\u00eds.<b>\u00a0Juntos gan\u00f3 en C\u00f3rdoba con una ventaja a\u00fan mayor a la que cosech\u00f3 en las elecciones anteriores: reuni\u00f3 el 54,04% de los votos.<\/b>\u00a0Como era previsible, las palabras de Alberto Fern\u00e1ndez, que hab\u00eda pedido hace algunos d\u00edas que C\u00f3rdoba \u201csea parte de la Argentina\u201d, fueron demasiado para el\u00a0<b>kirchnerismo cordob\u00e9s que qued\u00f3 en tercer lugar.<\/b>\u00a0El Frente de Todos reuni\u00f3 apenas el 10,48% de los votos.<\/p>\n<p class=\"ampp\"><b>Juntos tambi\u00e9n gan\u00f3 en Santa Fe, otra provincia de clave que est\u00e1 gobernada por el oficialismo.<\/b>\u00a0<b>La oposici\u00f3n se qued\u00f3 con el 40,23% de los votos<\/b>, casi 10 puntos por encima del peronismo, que hace dos a\u00f1os recuper\u00f3 esa provincia despu\u00e9s de un largo per\u00edodo en manos del socialismo santafesino.<\/p>\n<p class=\"ampp\"><b>Entre R\u00edos<\/b>\u00a0fue otra provincia del centro del pa\u00eds que Juntos ratific\u00f3 despu\u00e9s del buen resultado obtenido en las PASO.\u00a0<b>La lista encabezada por el ex ministro Rogelio Frigerio sac\u00f3 el 54,52% de los votos, una diferencia de m\u00e1s de 20 puntos con el oficialismo<\/b>. Ni siquiera los n\u00fameros que hab\u00eda obtenido el Frente de Todos en 2019 hab\u00edan sido tan beneficiosos para el vencedor de ese momento.<\/p>\n<p class=\"ampp\"><b>El qu\u00f3rum del Senado<\/b><\/p>\n<p class=\"ampp\"><b>La derrota en La Pampa y Chubut le quitaron el qu\u00f3rum propio al peronismo en el Senado, algo que in\u00e9dito desde 1983.\u00a0<\/b>El pampeano\u00a0<b>Daniel Kroneberger,<\/b>\u00a0que encabez\u00f3 la lista opositora para la C\u00e1mara Alta, consigui\u00f3 el\u00a0<b>48,27% de los votos<\/b>\u00a0y se impuso en esa provincia, que es gobernada por el kirchnerismo.\u00a0<b>La diferencia fue m\u00e1s marcada a\u00fan en Chubut, donde la oposici\u00f3n le sac\u00f3 10 puntos de ventaja al Frente de Todos.<\/b><\/p>\n<p class=\"ampp\"><b>Santa Cruz, la cuna del kirchnerismo, fue testigo de una victoria hist\u00f3rica de la oposici\u00f3n<\/b>. Como hab\u00eda ocurrido en las PASO, la oposici\u00f3n logr\u00f3 un triunfo electoral hist\u00f3rico. La boleta encabezada por\u00a0<b>Roxana Reyes sum\u00f3 el 35,05% de los votos<\/b>, una diferencia de 12 puntos con el oficialismo, que qued\u00f3 en un in\u00e9dito tercer lugar.<\/p>\n<p class=\"ampp\"><b>La oposici\u00f3n tambi\u00e9n se impuso en Cuyo. La lista encabezada por Julio Cobos gan\u00f3 en Mendoza con el 49.84% de los votos, una diferencia de m\u00e1s de 20 puntos respecto del kirchnerismo.<\/b>\u00a0<b>Juntos tambi\u00e9n se qued\u00f3 con San Luis<\/b>, donde la boleta impulsada por el gobernador Claudio Poggi sac\u00f3 una diferencia m\u00ednima de apenas un punto. La oposici\u00f3n desplaz\u00f3 as\u00ed a la lista que apoyaba Alberto Rodr\u00edguez Saa.<\/p>\n<p class=\"ampp\"><b>San Juan fue una excepci\u00f3n en Cuyo: la lista del Frente de Todos apoyada por el gobernador Sergio U\u00f1ac logr\u00f3 imponerse con el 43,73% de los votos.<\/b><\/p>\n<p class=\"ampp\"><b>El kirchnerismo, fuerte en el norte<\/b><\/p>\n<p class=\"ampp\">El kirchnerismo gan\u00f3 en nueve provincias. Las victorias del Frente de Todos se condensaron principalmente en distritos ubicados en el norte del pa\u00eds. Fueron triunfos en<b>\u00a0Formosa, La Rioja, Tucum\u00e1n, Salta, Catamarca, Santiago del Estero y San Juan,<\/b>\u00a0todas gobernadas por el oficialismo. Con respecto a las PASO,<b>\u00a0el kirchnerismo pudo revertir el resultado en Chaco y Tierra del Fuego.<\/b><\/p>\n<p class=\"ampp\"><b>Tucum\u00e1n<\/b>, otra vez, fue una de las provincias inexpugnables para la oposici\u00f3n. Tras el desembarco del gobernador Juan Manzur en la Casa Rosada, el kirchnerismo volvi\u00f3 a ganar: el candidato m\u00e1s votado fue el candidato a senador<b>\u00a0Pablo Yedlin,<\/b>\u00a0espada del kirchnerismo en la comisi\u00f3n de Salud de la C\u00e1mara de Diputados, que\u00a0<b>reuni\u00f3 el 41,43% de los votos, a menos de 2 puntos de diferencia con la oposici\u00f3n.<\/b><\/p>\n<p class=\"ampp\"><b>El oficialismo tambi\u00e9n sum\u00f3 una ajustada victoria en Salta.\u00a0<\/b>La boleta del Frente de Todos sum\u00f3 el 31,83% de los votos, una diferencia de poco m\u00e1s de 1 punto con la oposici\u00f3n.<\/p>\n<p class=\"ampp\"><b>La mayor remontada del Frente de Todos se materializ\u00f3 en las urnas chaque\u00f1as<\/b>. Despu\u00e9s de perder por nueve puntos en las \u00faltimas PASO, el kirchnerismo logr\u00f3 revertir el resultado:<b>\u00a0sac\u00f3 el 44,13% de los votos.<\/b>\u00a0Tambi\u00e9n se logr\u00f3 una remontada en<b>\u00a0Tierra del Fuego, donde el oficialismo reuni\u00f3 el 39,65%.<\/b><\/p>\n<p class=\"ampp\"><strong>Fuente:<\/strong> <a href=\"https:\/\/www.losprimeros.tv\/nota\/politica\/280659\/como-quedo-mapa-politico-argentina-tras-derrota-oficialismo.html\">https:\/\/www.losprimeros.tv\/nota\/politica\/280659\/como-quedo-mapa-politico-argentina-tras-derrota-oficialismo.html<\/a><\/p>\n<\/div>\n","protected":false},"excerpt":{"rendered":"<p>Juntos se qued\u00f3 con el triunfo en 13 provincias, mientras que el Frente de Todos gan\u00f3 9 distritos, casi todos en el norte del pa\u00eds, y logr\u00f3 reducir la diferencia en Buenos Aires. Partidos provinciales ganaron en dos.<\/p>\n","protected":false},"author":5,"featured_media":33750,"comment_status":"closed","ping_status":"open","sticky":false,"template":"","format":"standard","meta":{"footnotes":""},"categories":[2],"tags":[134,64,4077,61],"class_list":{"0":"post-33749","1":"post","2":"type-post","3":"status-publish","4":"format-standard","5":"has-post-thumbnail","7":"category-actualidad","8":"tag-argentina","9":"tag-elecciones","10":"tag-legislativas","11":"tag-tucuman"},"yoast_head":"<!-- This site is optimized with the Yoast SEO plugin v27.4 - https:\/\/yoast.com\/product\/yoast-seo-wordpress\/ -->\n<title>As\u00ed qued\u00f3 el mapa pol\u00edtico de Argentina despu\u00e9s de las elecciones legislativas - El Diario de Tucuman<\/title>\n<meta name=\"robots\" content=\"index, follow, max-snippet:-1, max-image-preview:large, max-video-preview:-1\" \/>\n<link rel=\"canonical\" href=\"https:\/\/www.eldiariodetucuman.com\/web\/asi-quedo-el-mapa-politico-de-argentina-despues-de-las-elecciones-legislativas\/\" \/>\n<meta property=\"og:locale\" content=\"es_ES\" \/>\n<meta property=\"og:type\" content=\"article\" \/>\n<meta property=\"og:title\" content=\"As\u00ed qued\u00f3 el mapa pol\u00edtico de Argentina despu\u00e9s de las elecciones legislativas - El Diario de Tucuman\" \/>\n<meta property=\"og:description\" content=\"Juntos se qued\u00f3 con el triunfo en 13 provincias, mientras que el Frente de Todos gan\u00f3 9 distritos, casi todos en el norte del pa\u00eds, y logr\u00f3 reducir la diferencia en Buenos Aires. Partidos provinciales ganaron en dos.\" \/>\n<meta property=\"og:url\" content=\"https:\/\/www.eldiariodetucuman.com\/web\/asi-quedo-el-mapa-politico-de-argentina-despues-de-las-elecciones-legislativas\/\" \/>\n<meta property=\"og:site_name\" content=\"El Diario de Tucuman\" \/>\n<meta property=\"article:published_time\" content=\"2021-11-15T12:15:45+00:00\" \/>\n<meta property=\"og:image\" content=\"https:\/\/www.eldiariodetucuman.com\/web\/wp-content\/uploads\/2021\/11\/elecciones-legislativas.jpg\" \/>\n\t<meta property=\"og:image:width\" content=\"414\" \/>\n\t<meta property=\"og:image:height\" content=\"311\" \/>\n\t<meta property=\"og:image:type\" content=\"image\/jpeg\" \/>\n<meta name=\"author\" content=\"Redactor Uno\" \/>\n<meta name=\"twitter:card\" content=\"summary_large_image\" \/>\n<meta name=\"twitter:label1\" content=\"Escrito por\" \/>\n\t<meta name=\"twitter:data1\" content=\"Redactor Uno\" \/>\n\t<meta name=\"twitter:label2\" content=\"Tiempo de lectura\" \/>\n\t<meta name=\"twitter:data2\" content=\"6 minutos\" \/>\n<script type=\"application\/ld+json\" class=\"yoast-schema-graph\">{\"@context\":\"https:\\\/\\\/schema.org\",\"@graph\":[{\"@type\":\"Article\",\"@id\":\"https:\\\/\\\/www.eldiariodetucuman.com\\\/web\\\/asi-quedo-el-mapa-politico-de-argentina-despues-de-las-elecciones-legislativas\\\/#article\",\"isPartOf\":{\"@id\":\"https:\\\/\\\/www.eldiariodetucuman.com\\\/web\\\/asi-quedo-el-mapa-politico-de-argentina-despues-de-las-elecciones-legislativas\\\/\"},\"author\":{\"name\":\"Redactor Uno\",\"@id\":\"https:\\\/\\\/www.eldiariodetucuman.com\\\/web\\\/#\\\/schema\\\/person\\\/7e6644a46e60888f6b868594407e08dd\"},\"headline\":\"As\u00ed qued\u00f3 el mapa pol\u00edtico de Argentina despu\u00e9s de las elecciones legislativas\",\"datePublished\":\"2021-11-15T12:15:45+00:00\",\"mainEntityOfPage\":{\"@id\":\"https:\\\/\\\/www.eldiariodetucuman.com\\\/web\\\/asi-quedo-el-mapa-politico-de-argentina-despues-de-las-elecciones-legislativas\\\/\"},\"wordCount\":1173,\"publisher\":{\"@id\":\"https:\\\/\\\/www.eldiariodetucuman.com\\\/web\\\/#organization\"},\"image\":{\"@id\":\"https:\\\/\\\/www.eldiariodetucuman.com\\\/web\\\/asi-quedo-el-mapa-politico-de-argentina-despues-de-las-elecciones-legislativas\\\/#primaryimage\"},\"thumbnailUrl\":\"https:\\\/\\\/www.eldiariodetucuman.com\\\/web\\\/wp-content\\\/uploads\\\/2021\\\/11\\\/elecciones-legislativas.jpg\",\"keywords\":[\"Argentina\",\"elecciones\",\"legislativas\",\"Tucuman\"],\"articleSection\":[\"Actualidad\"],\"inLanguage\":\"es\"},{\"@type\":\"WebPage\",\"@id\":\"https:\\\/\\\/www.eldiariodetucuman.com\\\/web\\\/asi-quedo-el-mapa-politico-de-argentina-despues-de-las-elecciones-legislativas\\\/\",\"url\":\"https:\\\/\\\/www.eldiariodetucuman.com\\\/web\\\/asi-quedo-el-mapa-politico-de-argentina-despues-de-las-elecciones-legislativas\\\/\",\"name\":\"As\u00ed qued\u00f3 el mapa pol\u00edtico de Argentina despu\u00e9s de las elecciones legislativas - El Diario de Tucuman\",\"isPartOf\":{\"@id\":\"https:\\\/\\\/www.eldiariodetucuman.com\\\/web\\\/#website\"},\"primaryImageOfPage\":{\"@id\":\"https:\\\/\\\/www.eldiariodetucuman.com\\\/web\\\/asi-quedo-el-mapa-politico-de-argentina-despues-de-las-elecciones-legislativas\\\/#primaryimage\"},\"image\":{\"@id\":\"https:\\\/\\\/www.eldiariodetucuman.com\\\/web\\\/asi-quedo-el-mapa-politico-de-argentina-despues-de-las-elecciones-legislativas\\\/#primaryimage\"},\"thumbnailUrl\":\"https:\\\/\\\/www.eldiariodetucuman.com\\\/web\\\/wp-content\\\/uploads\\\/2021\\\/11\\\/elecciones-legislativas.jpg\",\"datePublished\":\"2021-11-15T12:15:45+00:00\",\"breadcrumb\":{\"@id\":\"https:\\\/\\\/www.eldiariodetucuman.com\\\/web\\\/asi-quedo-el-mapa-politico-de-argentina-despues-de-las-elecciones-legislativas\\\/#breadcrumb\"},\"inLanguage\":\"es\",\"potentialAction\":[{\"@type\":\"ReadAction\",\"target\":[\"https:\\\/\\\/www.eldiariodetucuman.com\\\/web\\\/asi-quedo-el-mapa-politico-de-argentina-despues-de-las-elecciones-legislativas\\\/\"]}]},{\"@type\":\"ImageObject\",\"inLanguage\":\"es\",\"@id\":\"https:\\\/\\\/www.eldiariodetucuman.com\\\/web\\\/asi-quedo-el-mapa-politico-de-argentina-despues-de-las-elecciones-legislativas\\\/#primaryimage\",\"url\":\"https:\\\/\\\/www.eldiariodetucuman.com\\\/web\\\/wp-content\\\/uploads\\\/2021\\\/11\\\/elecciones-legislativas.jpg\",\"contentUrl\":\"https:\\\/\\\/www.eldiariodetucuman.com\\\/web\\\/wp-content\\\/uploads\\\/2021\\\/11\\\/elecciones-legislativas.jpg\",\"width\":414,\"height\":311},{\"@type\":\"BreadcrumbList\",\"@id\":\"https:\\\/\\\/www.eldiariodetucuman.com\\\/web\\\/asi-quedo-el-mapa-politico-de-argentina-despues-de-las-elecciones-legislativas\\\/#breadcrumb\",\"itemListElement\":[{\"@type\":\"ListItem\",\"position\":1,\"name\":\"Portada\",\"item\":\"https:\\\/\\\/www.eldiariodetucuman.com\\\/web\\\/\"},{\"@type\":\"ListItem\",\"position\":2,\"name\":\"As\u00ed qued\u00f3 el mapa pol\u00edtico de Argentina despu\u00e9s de las elecciones legislativas\"}]},{\"@type\":\"WebSite\",\"@id\":\"https:\\\/\\\/www.eldiariodetucuman.com\\\/web\\\/#website\",\"url\":\"https:\\\/\\\/www.eldiariodetucuman.com\\\/web\\\/\",\"name\":\"El Diario de Tucuman\",\"description\":\"Diario Tucuman - Informaci\u00f3n y noticias\",\"publisher\":{\"@id\":\"https:\\\/\\\/www.eldiariodetucuman.com\\\/web\\\/#organization\"},\"potentialAction\":[{\"@type\":\"SearchAction\",\"target\":{\"@type\":\"EntryPoint\",\"urlTemplate\":\"https:\\\/\\\/www.eldiariodetucuman.com\\\/web\\\/?s={search_term_string}\"},\"query-input\":{\"@type\":\"PropertyValueSpecification\",\"valueRequired\":true,\"valueName\":\"search_term_string\"}}],\"inLanguage\":\"es\"},{\"@type\":\"Organization\",\"@id\":\"https:\\\/\\\/www.eldiariodetucuman.com\\\/web\\\/#organization\",\"name\":\"El Diario de Tucuman\",\"url\":\"https:\\\/\\\/www.eldiariodetucuman.com\\\/web\\\/\",\"logo\":{\"@type\":\"ImageObject\",\"inLanguage\":\"es\",\"@id\":\"https:\\\/\\\/www.eldiariodetucuman.com\\\/web\\\/#\\\/schema\\\/logo\\\/image\\\/\",\"url\":\"http:\\\/\\\/www.eldiariodetucuman.com\\\/web\\\/wp-content\\\/uploads\\\/2017\\\/12\\\/el-diario-de-tucuman.jpg\",\"contentUrl\":\"http:\\\/\\\/www.eldiariodetucuman.com\\\/web\\\/wp-content\\\/uploads\\\/2017\\\/12\\\/el-diario-de-tucuman.jpg\",\"width\":272,\"height\":92,\"caption\":\"El Diario de Tucuman\"},\"image\":{\"@id\":\"https:\\\/\\\/www.eldiariodetucuman.com\\\/web\\\/#\\\/schema\\\/logo\\\/image\\\/\"}},{\"@type\":\"Person\",\"@id\":\"https:\\\/\\\/www.eldiariodetucuman.com\\\/web\\\/#\\\/schema\\\/person\\\/7e6644a46e60888f6b868594407e08dd\",\"name\":\"Redactor Uno\",\"image\":{\"@type\":\"ImageObject\",\"inLanguage\":\"es\",\"@id\":\"https:\\\/\\\/secure.gravatar.com\\\/avatar\\\/0049b1bdf1bd548385c9ea6b9356431717930913089febd2ba904f0187d7d074?s=96&d=mm&r=g\",\"url\":\"https:\\\/\\\/secure.gravatar.com\\\/avatar\\\/0049b1bdf1bd548385c9ea6b9356431717930913089febd2ba904f0187d7d074?s=96&d=mm&r=g\",\"contentUrl\":\"https:\\\/\\\/secure.gravatar.com\\\/avatar\\\/0049b1bdf1bd548385c9ea6b9356431717930913089febd2ba904f0187d7d074?s=96&d=mm&r=g\",\"caption\":\"Redactor Uno\"},\"url\":\"https:\\\/\\\/www.eldiariodetucuman.com\\\/web\\\/author\\\/mramasco\\\/\"}]}<\/script>\n<!-- \/ Yoast SEO plugin. -->","yoast_head_json":{"title":"As\u00ed qued\u00f3 el mapa pol\u00edtico de Argentina despu\u00e9s de las elecciones legislativas - El Diario de Tucuman","robots":{"index":"index","follow":"follow","max-snippet":"max-snippet:-1","max-image-preview":"max-image-preview:large","max-video-preview":"max-video-preview:-1"},"canonical":"https:\/\/www.eldiariodetucuman.com\/web\/asi-quedo-el-mapa-politico-de-argentina-despues-de-las-elecciones-legislativas\/","og_locale":"es_ES","og_type":"article","og_title":"As\u00ed qued\u00f3 el mapa pol\u00edtico de Argentina despu\u00e9s de las elecciones legislativas - El Diario de Tucuman","og_description":"Juntos se qued\u00f3 con el triunfo en 13 provincias, mientras que el Frente de Todos gan\u00f3 9 distritos, casi todos en el norte del pa\u00eds, y logr\u00f3 reducir la diferencia en Buenos Aires. Partidos provinciales ganaron en dos.","og_url":"https:\/\/www.eldiariodetucuman.com\/web\/asi-quedo-el-mapa-politico-de-argentina-despues-de-las-elecciones-legislativas\/","og_site_name":"El Diario de Tucuman","article_published_time":"2021-11-15T12:15:45+00:00","og_image":[{"width":414,"height":311,"url":"https:\/\/www.eldiariodetucuman.com\/web\/wp-content\/uploads\/2021\/11\/elecciones-legislativas.jpg","type":"image\/jpeg"}],"author":"Redactor Uno","twitter_card":"summary_large_image","twitter_misc":{"Escrito por":"Redactor Uno","Tiempo de lectura":"6 minutos"},"schema":{"@context":"https:\/\/schema.org","@graph":[{"@type":"Article","@id":"https:\/\/www.eldiariodetucuman.com\/web\/asi-quedo-el-mapa-politico-de-argentina-despues-de-las-elecciones-legislativas\/#article","isPartOf":{"@id":"https:\/\/www.eldiariodetucuman.com\/web\/asi-quedo-el-mapa-politico-de-argentina-despues-de-las-elecciones-legislativas\/"},"author":{"name":"Redactor Uno","@id":"https:\/\/www.eldiariodetucuman.com\/web\/#\/schema\/person\/7e6644a46e60888f6b868594407e08dd"},"headline":"As\u00ed qued\u00f3 el mapa pol\u00edtico de Argentina despu\u00e9s de las elecciones legislativas","datePublished":"2021-11-15T12:15:45+00:00","mainEntityOfPage":{"@id":"https:\/\/www.eldiariodetucuman.com\/web\/asi-quedo-el-mapa-politico-de-argentina-despues-de-las-elecciones-legislativas\/"},"wordCount":1173,"publisher":{"@id":"https:\/\/www.eldiariodetucuman.com\/web\/#organization"},"image":{"@id":"https:\/\/www.eldiariodetucuman.com\/web\/asi-quedo-el-mapa-politico-de-argentina-despues-de-las-elecciones-legislativas\/#primaryimage"},"thumbnailUrl":"https:\/\/www.eldiariodetucuman.com\/web\/wp-content\/uploads\/2021\/11\/elecciones-legislativas.jpg","keywords":["Argentina","elecciones","legislativas","Tucuman"],"articleSection":["Actualidad"],"inLanguage":"es"},{"@type":"WebPage","@id":"https:\/\/www.eldiariodetucuman.com\/web\/asi-quedo-el-mapa-politico-de-argentina-despues-de-las-elecciones-legislativas\/","url":"https:\/\/www.eldiariodetucuman.com\/web\/asi-quedo-el-mapa-politico-de-argentina-despues-de-las-elecciones-legislativas\/","name":"As\u00ed qued\u00f3 el mapa pol\u00edtico de Argentina despu\u00e9s de las elecciones legislativas - El Diario de Tucuman","isPartOf":{"@id":"https:\/\/www.eldiariodetucuman.com\/web\/#website"},"primaryImageOfPage":{"@id":"https:\/\/www.eldiariodetucuman.com\/web\/asi-quedo-el-mapa-politico-de-argentina-despues-de-las-elecciones-legislativas\/#primaryimage"},"image":{"@id":"https:\/\/www.eldiariodetucuman.com\/web\/asi-quedo-el-mapa-politico-de-argentina-despues-de-las-elecciones-legislativas\/#primaryimage"},"thumbnailUrl":"https:\/\/www.eldiariodetucuman.com\/web\/wp-content\/uploads\/2021\/11\/elecciones-legislativas.jpg","datePublished":"2021-11-15T12:15:45+00:00","breadcrumb":{"@id":"https:\/\/www.eldiariodetucuman.com\/web\/asi-quedo-el-mapa-politico-de-argentina-despues-de-las-elecciones-legislativas\/#breadcrumb"},"inLanguage":"es","potentialAction":[{"@type":"ReadAction","target":["https:\/\/www.eldiariodetucuman.com\/web\/asi-quedo-el-mapa-politico-de-argentina-despues-de-las-elecciones-legislativas\/"]}]},{"@type":"ImageObject","inLanguage":"es","@id":"https:\/\/www.eldiariodetucuman.com\/web\/asi-quedo-el-mapa-politico-de-argentina-despues-de-las-elecciones-legislativas\/#primaryimage","url":"https:\/\/www.eldiariodetucuman.com\/web\/wp-content\/uploads\/2021\/11\/elecciones-legislativas.jpg","contentUrl":"https:\/\/www.eldiariodetucuman.com\/web\/wp-content\/uploads\/2021\/11\/elecciones-legislativas.jpg","width":414,"height":311},{"@type":"BreadcrumbList","@id":"https:\/\/www.eldiariodetucuman.com\/web\/asi-quedo-el-mapa-politico-de-argentina-despues-de-las-elecciones-legislativas\/#breadcrumb","itemListElement":[{"@type":"ListItem","position":1,"name":"Portada","item":"https:\/\/www.eldiariodetucuman.com\/web\/"},{"@type":"ListItem","position":2,"name":"As\u00ed qued\u00f3 el mapa pol\u00edtico de Argentina despu\u00e9s de las elecciones legislativas"}]},{"@type":"WebSite","@id":"https:\/\/www.eldiariodetucuman.com\/web\/#website","url":"https:\/\/www.eldiariodetucuman.com\/web\/","name":"El Diario de Tucuman","description":"Diario Tucuman - Informaci\u00f3n y noticias","publisher":{"@id":"https:\/\/www.eldiariodetucuman.com\/web\/#organization"},"potentialAction":[{"@type":"SearchAction","target":{"@type":"EntryPoint","urlTemplate":"https:\/\/www.eldiariodetucuman.com\/web\/?s={search_term_string}"},"query-input":{"@type":"PropertyValueSpecification","valueRequired":true,"valueName":"search_term_string"}}],"inLanguage":"es"},{"@type":"Organization","@id":"https:\/\/www.eldiariodetucuman.com\/web\/#organization","name":"El Diario de Tucuman","url":"https:\/\/www.eldiariodetucuman.com\/web\/","logo":{"@type":"ImageObject","inLanguage":"es","@id":"https:\/\/www.eldiariodetucuman.com\/web\/#\/schema\/logo\/image\/","url":"http:\/\/www.eldiariodetucuman.com\/web\/wp-content\/uploads\/2017\/12\/el-diario-de-tucuman.jpg","contentUrl":"http:\/\/www.eldiariodetucuman.com\/web\/wp-content\/uploads\/2017\/12\/el-diario-de-tucuman.jpg","width":272,"height":92,"caption":"El Diario de Tucuman"},"image":{"@id":"https:\/\/www.eldiariodetucuman.com\/web\/#\/schema\/logo\/image\/"}},{"@type":"Person","@id":"https:\/\/www.eldiariodetucuman.com\/web\/#\/schema\/person\/7e6644a46e60888f6b868594407e08dd","name":"Redactor Uno","image":{"@type":"ImageObject","inLanguage":"es","@id":"https:\/\/secure.gravatar.com\/avatar\/0049b1bdf1bd548385c9ea6b9356431717930913089febd2ba904f0187d7d074?s=96&d=mm&r=g","url":"https:\/\/secure.gravatar.com\/avatar\/0049b1bdf1bd548385c9ea6b9356431717930913089febd2ba904f0187d7d074?s=96&d=mm&r=g","contentUrl":"https:\/\/secure.gravatar.com\/avatar\/0049b1bdf1bd548385c9ea6b9356431717930913089febd2ba904f0187d7d074?s=96&d=mm&r=g","caption":"Redactor Uno"},"url":"https:\/\/www.eldiariodetucuman.com\/web\/author\/mramasco\/"}]}},"_links":{"self":[{"href":"https:\/\/www.eldiariodetucuman.com\/web\/wp-json\/wp\/v2\/posts\/33749","targetHints":{"allow":["GET"]}}],"collection":[{"href":"https:\/\/www.eldiariodetucuman.com\/web\/wp-json\/wp\/v2\/posts"}],"about":[{"href":"https:\/\/www.eldiariodetucuman.com\/web\/wp-json\/wp\/v2\/types\/post"}],"author":[{"embeddable":true,"href":"https:\/\/www.eldiariodetucuman.com\/web\/wp-json\/wp\/v2\/users\/5"}],"replies":[{"embeddable":true,"href":"https:\/\/www.eldiariodetucuman.com\/web\/wp-json\/wp\/v2\/comments?post=33749"}],"version-history":[{"count":2,"href":"https:\/\/www.eldiariodetucuman.com\/web\/wp-json\/wp\/v2\/posts\/33749\/revisions"}],"predecessor-version":[{"id":33752,"href":"https:\/\/www.eldiariodetucuman.com\/web\/wp-json\/wp\/v2\/posts\/33749\/revisions\/33752"}],"wp:featuredmedia":[{"embeddable":true,"href":"https:\/\/www.eldiariodetucuman.com\/web\/wp-json\/wp\/v2\/media\/33750"}],"wp:attachment":[{"href":"https:\/\/www.eldiariodetucuman.com\/web\/wp-json\/wp\/v2\/media?parent=33749"}],"wp:term":[{"taxonomy":"category","embeddable":true,"href":"https:\/\/www.eldiariodetucuman.com\/web\/wp-json\/wp\/v2\/categories?post=33749"},{"taxonomy":"post_tag","embeddable":true,"href":"https:\/\/www.eldiariodetucuman.com\/web\/wp-json\/wp\/v2\/tags?post=33749"}],"curies":[{"name":"wp","href":"https:\/\/api.w.org\/{rel}","templated":true}]}}