{"id":33240,"date":"2021-09-28T09:33:56","date_gmt":"2021-09-28T12:33:56","guid":{"rendered":"http:\/\/www.eldiariodetucuman.com\/web\/?p=33240"},"modified":"2021-09-28T09:33:56","modified_gmt":"2021-09-28T12:33:56","slug":"tarjeta-alimentar-fechas-de-cobro-para-octubre","status":"publish","type":"post","link":"https:\/\/www.eldiariodetucuman.com\/web\/tarjeta-alimentar-fechas-de-cobro-para-octubre\/","title":{"rendered":"Tarjeta Alimentar: fechas de cobro para octubre"},"content":{"rendered":"<div class=\"small-12 xlarge-8 xlarge-offset-2 large-8 large-offset-2 columns\">\n<div class=\"e-post-subtitle\">La ANSES (Administraci\u00f3n Nacional de Seguridad Social) confirm\u00f3 el calendario de pago de la Tarjeta Alimentar para madres con 7 hijos o m\u00e1s que reciben Pensiones No Contributivas.<\/div>\n<\/div>\n<p><!--more--><\/p>\n<div class=\"small-12 medium-12 large-6 columns \">\n<div class=\"e-post-text\">\n<p>Luego de que la Administraci\u00f3n Nacional de Seguridad Social (ANSES) diera a conocer la fechas de cobro de la Tarjeta Alimentar para madres con 7 hijos o m\u00e1s que son beneficiadas con las Pensiones No Contributivas (PNC) para octubre 2021. Conoc\u00e9 cu\u00e1ndo te toca cobrar.<\/p>\n<p><strong>Tarjeta Alimentar de ANSES: fechas de cobro octubre 2021<\/strong><\/p>\n<p>DNI terminados en 0 y1: Viernes 1 de octubre<br \/>\nDNI terminados en 2 y 3: Lunes 4 de octubre<br \/>\nDNI terminados en 4 y 5: Martes 5 de octubre<br \/>\nDNI terminados en 6 y 7: Mi\u00e9rcoles 6 de octubre<br \/>\nDNI terminados en 8 y 9: Jueves 7 de octubre<\/p>\n<p><strong>Tarjeta Alimentar de ANSES: cu\u00e1les son los montos<\/strong><\/p>\n<p>$6.000 para embarazadas a partir de los 3 meses de gestaci\u00f3n, que cobren la Asignaci\u00f3n por Embarazo para Protecci\u00f3n Social. Y personas con discapacidad que cobren la Asignaci\u00f3n Universal por Hijo, sin l\u00edmite de edad.<br \/>\n$6.000 para las madres con un hijo de hasta 14 a\u00f1os.<br \/>\n$9.000 para las familias con dos hijos de hasta 14 a\u00f1os de edad o discapacitado.<br \/>\n$12.000 en el caso de familias que tienen tres o m\u00e1s hijos en la misma franja etaria.<br \/>\n$12.000 para las madres que tengan siete o m\u00e1s hijos que perciban una Pensi\u00f3n No Contributiva<\/p>\n<p><strong>Qui\u00e9nes reciben la Tarjeta Alimentar de ANSES<\/strong><br \/>\nLa Tarjeta Alimentar de ANSES alcanza a varios beneficiarios del organismo, sobre todo luego de que el Gobierno decidiera extenderlo para madres o padres con 7 hijos que cobran Pensiones No Contributivas. Conoc\u00e9 qui\u00e9nes pueden cobrarla:<\/p>\n<p>Madres y padres con hijas e hijos de hasta 14 a\u00f1os que al momento est\u00e9n percibiendo la Asignaci\u00f3n Universal por Hijo (AUH).<br \/>\nMujeres embarazadas a partir de los tres meses de gestaci\u00f3n que perciben la Asignaci\u00f3n Universal por Embarazo (AUE).<br \/>\nPersonas con discapacidad que perciben AUH.<br \/>\nMadres con 7 hijos\/as o m\u00e1s que perciben Pensiones No Contributivas.<\/p>\n<p><strong>Fuente:<\/strong> <a href=\"https:\/\/tucuman.telefe.com\/economia\/tarjeta-alimentar-fechas-de-cobro-para-octubre\/\">https:\/\/tucuman.telefe.com\/economia\/tarjeta-alimentar-fechas-de-cobro-para-octubre\/<\/a><\/p>\n<\/div>\n<\/div>\n","protected":false},"excerpt":{"rendered":"<p>La ANSES (Administraci\u00f3n Nacional de Seguridad Social) confirm\u00f3 el calendario de pago de la Tarjeta Alimentar para madres con 7 hijos o m\u00e1s que reciben Pensiones No Contributivas.<\/p>\n","protected":false},"author":5,"featured_media":33241,"comment_status":"closed","ping_status":"open","sticky":false,"template":"","format":"standard","meta":{"footnotes":""},"categories":[2],"tags":[4003,3061,61],"class_list":{"0":"post-33240","1":"post","2":"type-post","3":"status-publish","4":"format-standard","5":"has-post-thumbnail","7":"category-actualidad","8":"tag-fechas","9":"tag-tarjeta-alimentar","10":"tag-tucuman"},"yoast_head":"<!-- This site is optimized with the Yoast SEO plugin v27.4 - https:\/\/yoast.com\/product\/yoast-seo-wordpress\/ -->\n<title>Tarjeta Alimentar: fechas de cobro para octubre - El Diario de Tucuman<\/title>\n<meta name=\"robots\" content=\"index, follow, max-snippet:-1, max-image-preview:large, max-video-preview:-1\" \/>\n<link rel=\"canonical\" href=\"https:\/\/www.eldiariodetucuman.com\/web\/tarjeta-alimentar-fechas-de-cobro-para-octubre\/\" \/>\n<meta property=\"og:locale\" content=\"es_ES\" \/>\n<meta property=\"og:type\" content=\"article\" \/>\n<meta property=\"og:title\" content=\"Tarjeta Alimentar: fechas de cobro para octubre - El Diario de Tucuman\" \/>\n<meta property=\"og:description\" content=\"La ANSES (Administraci\u00f3n Nacional de Seguridad Social) confirm\u00f3 el calendario de pago de la Tarjeta Alimentar para madres con 7 hijos o m\u00e1s que reciben Pensiones No Contributivas.\" \/>\n<meta property=\"og:url\" content=\"https:\/\/www.eldiariodetucuman.com\/web\/tarjeta-alimentar-fechas-de-cobro-para-octubre\/\" \/>\n<meta property=\"og:site_name\" content=\"El Diario de Tucuman\" \/>\n<meta property=\"article:published_time\" content=\"2021-09-28T12:33:56+00:00\" \/>\n<meta property=\"og:image\" content=\"https:\/\/www.eldiariodetucuman.com\/web\/wp-content\/uploads\/2021\/09\/tarjeta-alimentar.jpg\" \/>\n\t<meta property=\"og:image:width\" content=\"970\" \/>\n\t<meta property=\"og:image:height\" content=\"550\" \/>\n\t<meta property=\"og:image:type\" content=\"image\/jpeg\" \/>\n<meta name=\"author\" content=\"Redactor Uno\" \/>\n<meta name=\"twitter:card\" content=\"summary_large_image\" \/>\n<meta name=\"twitter:label1\" content=\"Escrito por\" \/>\n\t<meta name=\"twitter:data1\" content=\"Redactor Uno\" \/>\n\t<meta name=\"twitter:label2\" content=\"Tiempo de lectura\" \/>\n\t<meta name=\"twitter:data2\" content=\"2 minutos\" \/>\n<script type=\"application\/ld+json\" class=\"yoast-schema-graph\">{\"@context\":\"https:\\\/\\\/schema.org\",\"@graph\":[{\"@type\":\"Article\",\"@id\":\"https:\\\/\\\/www.eldiariodetucuman.com\\\/web\\\/tarjeta-alimentar-fechas-de-cobro-para-octubre\\\/#article\",\"isPartOf\":{\"@id\":\"https:\\\/\\\/www.eldiariodetucuman.com\\\/web\\\/tarjeta-alimentar-fechas-de-cobro-para-octubre\\\/\"},\"author\":{\"name\":\"Redactor Uno\",\"@id\":\"https:\\\/\\\/www.eldiariodetucuman.com\\\/web\\\/#\\\/schema\\\/person\\\/7e6644a46e60888f6b868594407e08dd\"},\"headline\":\"Tarjeta Alimentar: fechas de cobro para octubre\",\"datePublished\":\"2021-09-28T12:33:56+00:00\",\"mainEntityOfPage\":{\"@id\":\"https:\\\/\\\/www.eldiariodetucuman.com\\\/web\\\/tarjeta-alimentar-fechas-de-cobro-para-octubre\\\/\"},\"wordCount\":344,\"publisher\":{\"@id\":\"https:\\\/\\\/www.eldiariodetucuman.com\\\/web\\\/#organization\"},\"image\":{\"@id\":\"https:\\\/\\\/www.eldiariodetucuman.com\\\/web\\\/tarjeta-alimentar-fechas-de-cobro-para-octubre\\\/#primaryimage\"},\"thumbnailUrl\":\"https:\\\/\\\/www.eldiariodetucuman.com\\\/web\\\/wp-content\\\/uploads\\\/2021\\\/09\\\/tarjeta-alimentar.jpg\",\"keywords\":[\"fechas\",\"tarjeta alimentar\",\"Tucuman\"],\"articleSection\":[\"Actualidad\"],\"inLanguage\":\"es\"},{\"@type\":\"WebPage\",\"@id\":\"https:\\\/\\\/www.eldiariodetucuman.com\\\/web\\\/tarjeta-alimentar-fechas-de-cobro-para-octubre\\\/\",\"url\":\"https:\\\/\\\/www.eldiariodetucuman.com\\\/web\\\/tarjeta-alimentar-fechas-de-cobro-para-octubre\\\/\",\"name\":\"Tarjeta Alimentar: fechas de cobro para octubre - El Diario de Tucuman\",\"isPartOf\":{\"@id\":\"https:\\\/\\\/www.eldiariodetucuman.com\\\/web\\\/#website\"},\"primaryImageOfPage\":{\"@id\":\"https:\\\/\\\/www.eldiariodetucuman.com\\\/web\\\/tarjeta-alimentar-fechas-de-cobro-para-octubre\\\/#primaryimage\"},\"image\":{\"@id\":\"https:\\\/\\\/www.eldiariodetucuman.com\\\/web\\\/tarjeta-alimentar-fechas-de-cobro-para-octubre\\\/#primaryimage\"},\"thumbnailUrl\":\"https:\\\/\\\/www.eldiariodetucuman.com\\\/web\\\/wp-content\\\/uploads\\\/2021\\\/09\\\/tarjeta-alimentar.jpg\",\"datePublished\":\"2021-09-28T12:33:56+00:00\",\"breadcrumb\":{\"@id\":\"https:\\\/\\\/www.eldiariodetucuman.com\\\/web\\\/tarjeta-alimentar-fechas-de-cobro-para-octubre\\\/#breadcrumb\"},\"inLanguage\":\"es\",\"potentialAction\":[{\"@type\":\"ReadAction\",\"target\":[\"https:\\\/\\\/www.eldiariodetucuman.com\\\/web\\\/tarjeta-alimentar-fechas-de-cobro-para-octubre\\\/\"]}]},{\"@type\":\"ImageObject\",\"inLanguage\":\"es\",\"@id\":\"https:\\\/\\\/www.eldiariodetucuman.com\\\/web\\\/tarjeta-alimentar-fechas-de-cobro-para-octubre\\\/#primaryimage\",\"url\":\"https:\\\/\\\/www.eldiariodetucuman.com\\\/web\\\/wp-content\\\/uploads\\\/2021\\\/09\\\/tarjeta-alimentar.jpg\",\"contentUrl\":\"https:\\\/\\\/www.eldiariodetucuman.com\\\/web\\\/wp-content\\\/uploads\\\/2021\\\/09\\\/tarjeta-alimentar.jpg\",\"width\":970,\"height\":550},{\"@type\":\"BreadcrumbList\",\"@id\":\"https:\\\/\\\/www.eldiariodetucuman.com\\\/web\\\/tarjeta-alimentar-fechas-de-cobro-para-octubre\\\/#breadcrumb\",\"itemListElement\":[{\"@type\":\"ListItem\",\"position\":1,\"name\":\"Portada\",\"item\":\"https:\\\/\\\/www.eldiariodetucuman.com\\\/web\\\/\"},{\"@type\":\"ListItem\",\"position\":2,\"name\":\"Tarjeta Alimentar: fechas de cobro para octubre\"}]},{\"@type\":\"WebSite\",\"@id\":\"https:\\\/\\\/www.eldiariodetucuman.com\\\/web\\\/#website\",\"url\":\"https:\\\/\\\/www.eldiariodetucuman.com\\\/web\\\/\",\"name\":\"El Diario de Tucuman\",\"description\":\"Diario Tucuman - Informaci\u00f3n y noticias\",\"publisher\":{\"@id\":\"https:\\\/\\\/www.eldiariodetucuman.com\\\/web\\\/#organization\"},\"potentialAction\":[{\"@type\":\"SearchAction\",\"target\":{\"@type\":\"EntryPoint\",\"urlTemplate\":\"https:\\\/\\\/www.eldiariodetucuman.com\\\/web\\\/?s={search_term_string}\"},\"query-input\":{\"@type\":\"PropertyValueSpecification\",\"valueRequired\":true,\"valueName\":\"search_term_string\"}}],\"inLanguage\":\"es\"},{\"@type\":\"Organization\",\"@id\":\"https:\\\/\\\/www.eldiariodetucuman.com\\\/web\\\/#organization\",\"name\":\"El Diario de Tucuman\",\"url\":\"https:\\\/\\\/www.eldiariodetucuman.com\\\/web\\\/\",\"logo\":{\"@type\":\"ImageObject\",\"inLanguage\":\"es\",\"@id\":\"https:\\\/\\\/www.eldiariodetucuman.com\\\/web\\\/#\\\/schema\\\/logo\\\/image\\\/\",\"url\":\"http:\\\/\\\/www.eldiariodetucuman.com\\\/web\\\/wp-content\\\/uploads\\\/2017\\\/12\\\/el-diario-de-tucuman.jpg\",\"contentUrl\":\"http:\\\/\\\/www.eldiariodetucuman.com\\\/web\\\/wp-content\\\/uploads\\\/2017\\\/12\\\/el-diario-de-tucuman.jpg\",\"width\":272,\"height\":92,\"caption\":\"El Diario de Tucuman\"},\"image\":{\"@id\":\"https:\\\/\\\/www.eldiariodetucuman.com\\\/web\\\/#\\\/schema\\\/logo\\\/image\\\/\"}},{\"@type\":\"Person\",\"@id\":\"https:\\\/\\\/www.eldiariodetucuman.com\\\/web\\\/#\\\/schema\\\/person\\\/7e6644a46e60888f6b868594407e08dd\",\"name\":\"Redactor Uno\",\"image\":{\"@type\":\"ImageObject\",\"inLanguage\":\"es\",\"@id\":\"https:\\\/\\\/secure.gravatar.com\\\/avatar\\\/0049b1bdf1bd548385c9ea6b9356431717930913089febd2ba904f0187d7d074?s=96&d=mm&r=g\",\"url\":\"https:\\\/\\\/secure.gravatar.com\\\/avatar\\\/0049b1bdf1bd548385c9ea6b9356431717930913089febd2ba904f0187d7d074?s=96&d=mm&r=g\",\"contentUrl\":\"https:\\\/\\\/secure.gravatar.com\\\/avatar\\\/0049b1bdf1bd548385c9ea6b9356431717930913089febd2ba904f0187d7d074?s=96&d=mm&r=g\",\"caption\":\"Redactor Uno\"},\"url\":\"https:\\\/\\\/www.eldiariodetucuman.com\\\/web\\\/author\\\/mramasco\\\/\"}]}<\/script>\n<!-- \/ Yoast SEO plugin. -->","yoast_head_json":{"title":"Tarjeta Alimentar: fechas de cobro para octubre - El Diario de Tucuman","robots":{"index":"index","follow":"follow","max-snippet":"max-snippet:-1","max-image-preview":"max-image-preview:large","max-video-preview":"max-video-preview:-1"},"canonical":"https:\/\/www.eldiariodetucuman.com\/web\/tarjeta-alimentar-fechas-de-cobro-para-octubre\/","og_locale":"es_ES","og_type":"article","og_title":"Tarjeta Alimentar: fechas de cobro para octubre - El Diario de Tucuman","og_description":"La ANSES (Administraci\u00f3n Nacional de Seguridad Social) confirm\u00f3 el calendario de pago de la Tarjeta Alimentar para madres con 7 hijos o m\u00e1s que reciben Pensiones No Contributivas.","og_url":"https:\/\/www.eldiariodetucuman.com\/web\/tarjeta-alimentar-fechas-de-cobro-para-octubre\/","og_site_name":"El Diario de Tucuman","article_published_time":"2021-09-28T12:33:56+00:00","og_image":[{"width":970,"height":550,"url":"https:\/\/www.eldiariodetucuman.com\/web\/wp-content\/uploads\/2021\/09\/tarjeta-alimentar.jpg","type":"image\/jpeg"}],"author":"Redactor Uno","twitter_card":"summary_large_image","twitter_misc":{"Escrito por":"Redactor Uno","Tiempo de lectura":"2 minutos"},"schema":{"@context":"https:\/\/schema.org","@graph":[{"@type":"Article","@id":"https:\/\/www.eldiariodetucuman.com\/web\/tarjeta-alimentar-fechas-de-cobro-para-octubre\/#article","isPartOf":{"@id":"https:\/\/www.eldiariodetucuman.com\/web\/tarjeta-alimentar-fechas-de-cobro-para-octubre\/"},"author":{"name":"Redactor Uno","@id":"https:\/\/www.eldiariodetucuman.com\/web\/#\/schema\/person\/7e6644a46e60888f6b868594407e08dd"},"headline":"Tarjeta Alimentar: fechas de cobro para octubre","datePublished":"2021-09-28T12:33:56+00:00","mainEntityOfPage":{"@id":"https:\/\/www.eldiariodetucuman.com\/web\/tarjeta-alimentar-fechas-de-cobro-para-octubre\/"},"wordCount":344,"publisher":{"@id":"https:\/\/www.eldiariodetucuman.com\/web\/#organization"},"image":{"@id":"https:\/\/www.eldiariodetucuman.com\/web\/tarjeta-alimentar-fechas-de-cobro-para-octubre\/#primaryimage"},"thumbnailUrl":"https:\/\/www.eldiariodetucuman.com\/web\/wp-content\/uploads\/2021\/09\/tarjeta-alimentar.jpg","keywords":["fechas","tarjeta alimentar","Tucuman"],"articleSection":["Actualidad"],"inLanguage":"es"},{"@type":"WebPage","@id":"https:\/\/www.eldiariodetucuman.com\/web\/tarjeta-alimentar-fechas-de-cobro-para-octubre\/","url":"https:\/\/www.eldiariodetucuman.com\/web\/tarjeta-alimentar-fechas-de-cobro-para-octubre\/","name":"Tarjeta Alimentar: fechas de cobro para octubre - El Diario de Tucuman","isPartOf":{"@id":"https:\/\/www.eldiariodetucuman.com\/web\/#website"},"primaryImageOfPage":{"@id":"https:\/\/www.eldiariodetucuman.com\/web\/tarjeta-alimentar-fechas-de-cobro-para-octubre\/#primaryimage"},"image":{"@id":"https:\/\/www.eldiariodetucuman.com\/web\/tarjeta-alimentar-fechas-de-cobro-para-octubre\/#primaryimage"},"thumbnailUrl":"https:\/\/www.eldiariodetucuman.com\/web\/wp-content\/uploads\/2021\/09\/tarjeta-alimentar.jpg","datePublished":"2021-09-28T12:33:56+00:00","breadcrumb":{"@id":"https:\/\/www.eldiariodetucuman.com\/web\/tarjeta-alimentar-fechas-de-cobro-para-octubre\/#breadcrumb"},"inLanguage":"es","potentialAction":[{"@type":"ReadAction","target":["https:\/\/www.eldiariodetucuman.com\/web\/tarjeta-alimentar-fechas-de-cobro-para-octubre\/"]}]},{"@type":"ImageObject","inLanguage":"es","@id":"https:\/\/www.eldiariodetucuman.com\/web\/tarjeta-alimentar-fechas-de-cobro-para-octubre\/#primaryimage","url":"https:\/\/www.eldiariodetucuman.com\/web\/wp-content\/uploads\/2021\/09\/tarjeta-alimentar.jpg","contentUrl":"https:\/\/www.eldiariodetucuman.com\/web\/wp-content\/uploads\/2021\/09\/tarjeta-alimentar.jpg","width":970,"height":550},{"@type":"BreadcrumbList","@id":"https:\/\/www.eldiariodetucuman.com\/web\/tarjeta-alimentar-fechas-de-cobro-para-octubre\/#breadcrumb","itemListElement":[{"@type":"ListItem","position":1,"name":"Portada","item":"https:\/\/www.eldiariodetucuman.com\/web\/"},{"@type":"ListItem","position":2,"name":"Tarjeta Alimentar: fechas de cobro para octubre"}]},{"@type":"WebSite","@id":"https:\/\/www.eldiariodetucuman.com\/web\/#website","url":"https:\/\/www.eldiariodetucuman.com\/web\/","name":"El Diario de Tucuman","description":"Diario Tucuman - Informaci\u00f3n y noticias","publisher":{"@id":"https:\/\/www.eldiariodetucuman.com\/web\/#organization"},"potentialAction":[{"@type":"SearchAction","target":{"@type":"EntryPoint","urlTemplate":"https:\/\/www.eldiariodetucuman.com\/web\/?s={search_term_string}"},"query-input":{"@type":"PropertyValueSpecification","valueRequired":true,"valueName":"search_term_string"}}],"inLanguage":"es"},{"@type":"Organization","@id":"https:\/\/www.eldiariodetucuman.com\/web\/#organization","name":"El Diario de Tucuman","url":"https:\/\/www.eldiariodetucuman.com\/web\/","logo":{"@type":"ImageObject","inLanguage":"es","@id":"https:\/\/www.eldiariodetucuman.com\/web\/#\/schema\/logo\/image\/","url":"http:\/\/www.eldiariodetucuman.com\/web\/wp-content\/uploads\/2017\/12\/el-diario-de-tucuman.jpg","contentUrl":"http:\/\/www.eldiariodetucuman.com\/web\/wp-content\/uploads\/2017\/12\/el-diario-de-tucuman.jpg","width":272,"height":92,"caption":"El Diario de Tucuman"},"image":{"@id":"https:\/\/www.eldiariodetucuman.com\/web\/#\/schema\/logo\/image\/"}},{"@type":"Person","@id":"https:\/\/www.eldiariodetucuman.com\/web\/#\/schema\/person\/7e6644a46e60888f6b868594407e08dd","name":"Redactor Uno","image":{"@type":"ImageObject","inLanguage":"es","@id":"https:\/\/secure.gravatar.com\/avatar\/0049b1bdf1bd548385c9ea6b9356431717930913089febd2ba904f0187d7d074?s=96&d=mm&r=g","url":"https:\/\/secure.gravatar.com\/avatar\/0049b1bdf1bd548385c9ea6b9356431717930913089febd2ba904f0187d7d074?s=96&d=mm&r=g","contentUrl":"https:\/\/secure.gravatar.com\/avatar\/0049b1bdf1bd548385c9ea6b9356431717930913089febd2ba904f0187d7d074?s=96&d=mm&r=g","caption":"Redactor Uno"},"url":"https:\/\/www.eldiariodetucuman.com\/web\/author\/mramasco\/"}]}},"_links":{"self":[{"href":"https:\/\/www.eldiariodetucuman.com\/web\/wp-json\/wp\/v2\/posts\/33240","targetHints":{"allow":["GET"]}}],"collection":[{"href":"https:\/\/www.eldiariodetucuman.com\/web\/wp-json\/wp\/v2\/posts"}],"about":[{"href":"https:\/\/www.eldiariodetucuman.com\/web\/wp-json\/wp\/v2\/types\/post"}],"author":[{"embeddable":true,"href":"https:\/\/www.eldiariodetucuman.com\/web\/wp-json\/wp\/v2\/users\/5"}],"replies":[{"embeddable":true,"href":"https:\/\/www.eldiariodetucuman.com\/web\/wp-json\/wp\/v2\/comments?post=33240"}],"version-history":[{"count":1,"href":"https:\/\/www.eldiariodetucuman.com\/web\/wp-json\/wp\/v2\/posts\/33240\/revisions"}],"predecessor-version":[{"id":33242,"href":"https:\/\/www.eldiariodetucuman.com\/web\/wp-json\/wp\/v2\/posts\/33240\/revisions\/33242"}],"wp:featuredmedia":[{"embeddable":true,"href":"https:\/\/www.eldiariodetucuman.com\/web\/wp-json\/wp\/v2\/media\/33241"}],"wp:attachment":[{"href":"https:\/\/www.eldiariodetucuman.com\/web\/wp-json\/wp\/v2\/media?parent=33240"}],"wp:term":[{"taxonomy":"category","embeddable":true,"href":"https:\/\/www.eldiariodetucuman.com\/web\/wp-json\/wp\/v2\/categories?post=33240"},{"taxonomy":"post_tag","embeddable":true,"href":"https:\/\/www.eldiariodetucuman.com\/web\/wp-json\/wp\/v2\/tags?post=33240"}],"curies":[{"name":"wp","href":"https:\/\/api.w.org\/{rel}","templated":true}]}}