{"id":33153,"date":"2021-09-20T10:11:54","date_gmt":"2021-09-20T13:11:54","guid":{"rendered":"http:\/\/www.eldiariodetucuman.com\/web\/?p=33153"},"modified":"2021-09-20T10:11:54","modified_gmt":"2021-09-20T13:11:54","slug":"pfizer-aseguro-que-su-vacuna-contra-el-covid-19-es-segura-para-ninos-de-entre-5-y-11-anos","status":"publish","type":"post","link":"https:\/\/www.eldiariodetucuman.com\/web\/pfizer-aseguro-que-su-vacuna-contra-el-covid-19-es-segura-para-ninos-de-entre-5-y-11-anos\/","title":{"rendered":"Pfizer asegur\u00f3 que su vacuna contra el Covid-19 es segura para ni\u00f1os de entre 5 y 11 a\u00f1os"},"content":{"rendered":"<p class=\"smr\">El estudio fue realizado con dosis m\u00e1s bajas que las aplicadas en adultos, que generaron una fuerte respuesta inmunol\u00f3gica. No se registraron efectos secundarios y el laboratorio solicitar\u00e1 pronto la autorizaci\u00f3n en Estados Unidos.<\/p>\n<p><!--more--><\/p>\n<p class=\"smr\"><b>Pfizer <\/b>anunci\u00f3 este lunes que su vacuna COVID-19\u00a0<b>es segura para ni\u00f1os de 5 a 11 a\u00f1os\u00a0<\/b>y que solicitar\u00e1 pronto la autorizaci\u00f3n en Estados Unidos para este grupo de edad, un paso clave para empezar a vacunar a los m\u00e1s peque\u00f1os.<\/p>\n<div class=\"txt\">\n<p class=\"ampp\">La vacuna fabricada por Pfizer y su socio alem\u00e1n BioNTech ya est\u00e1 disponible para los mayores de 12 a\u00f1os. Pero ahora que los ni\u00f1os han vuelto al colegio en EEUU y que\u00a0<b>la variante m\u00e1s contagiosa delta<\/b>\u00a0est\u00e1 causando un gran aumento de las infecciones pedi\u00e1tricas, muchos padres est\u00e1n esperando ansiosamente las vacunas para sus hijos m\u00e1s peque\u00f1os.<\/p>\n<p class=\"ampp\">Para los ni\u00f1os en edad escolar, Pfizer prob\u00f3 una dosis mucho m\u00e1s baja, un tercio de la cantidad que se administra ahora en cada vacuna. Sin embargo, despu\u00e9s de su segunda dosis,<b>\u00a0los ni\u00f1os de 5 a 11 a\u00f1os desarrollaron niveles de anticuerpos contra el coronavirus tan fuertes como los adolescentes y los adultos j\u00f3venes,\u00a0<\/b>dijo el doctor\u00a0<b>Bill Gruber,<\/b>\u00a0vicepresidente senior de Pfizer, a The Associated Press.<\/p>\n<p class=\"ampp\">La dosis para ni\u00f1os tambi\u00e9n demostr\u00f3 ser segura,\u00a0<b>con efectos secundarios temporales similares o menores<\/b>\u00a0-como\u00a0<b>dolor en los brazos, fiebre o malestar<\/b>&#8211; a los que experimentan los adolescentes, dijo.<\/p>\n<p class=\"ampp\"><b>\u201cCreo que hemos dado en el clavo\u201d,<\/b>\u00a0dijo Gruber, que tambi\u00e9n es pediatra. El especialista dijo que las empresas pretenden solicitar a la Administraci\u00f3n de Alimentos y Medicamentos (FDA) a finales de mes el uso de emergencia en este grupo de edad, seguido poco despu\u00e9s de solicitudes a los reguladores europeos y brit\u00e1nicos.<\/p>\n<p class=\"ampp\">A principios de este mes, Peter Marks, jefe de la FDA, dijo a la AP que una vez que Pfizer entregue los resultados de su estudio, su agencia evaluar\u00e1 los datos<b>\u00a0\u201ccon suerte en cuesti\u00f3n de semanas\u201d<\/b>\u00a0para decidir si las vacunas son lo suficientemente seguras y eficaces para los ni\u00f1os m\u00e1s peque\u00f1os.<\/p>\n<p class=\"ampp\">Hasta ahora, muchos pa\u00edses occidentales no han vacunado a ni\u00f1os menores de 12 a\u00f1os, a la espera de que se demuestre cu\u00e1l es la dosis adecuada y si funciona con seguridad en los m\u00e1s peque\u00f1os. Sin embargo, la semana pasada\u00a0<b>Cuba\u00a0<\/b>empez\u00f3 a vacunar a ni\u00f1os de hasta 2 a\u00f1os con sus propias vacunas, y las autoridades chinas han autorizado dos de sus marcas hasta los 3 a\u00f1os.<\/p>\n<p class=\"ampp\">Aunque los ni\u00f1os corren menos riesgo de enfermar gravemente o morir que los mayores, m\u00e1s de 5 millones de ni\u00f1os en Estados Unidos han dado positivo en la prueba de COVID-19 desde que comenz\u00f3 la pandemia y al menos 460 han muerto, seg\u00fan la Academia Americana de Pediatr\u00eda. Los casos en ni\u00f1os han aumentado dr\u00e1sticamente a medida que la variante delta se extend\u00eda por el pa\u00eds.<\/p>\n<p class=\"ampp\"><b>\u201cTengo una gran sensaci\u00f3n de urgencia\u201d<\/b>\u00a0para que la vacuna est\u00e9 disponible para los ni\u00f1os menores de 12 a\u00f1os, dijo Gruber.\u00a0<b>\u201cHay una demanda reprimida para que los padres puedan devolver a sus hijos a una vida normal\u201d.<\/b><\/p>\n<p class=\"ampp\">En Nueva Jersey,\u00a0<b>Maya Huber<\/b>, de 10 a\u00f1os, pregunt\u00f3 por qu\u00e9 no pod\u00eda vacunarse como lo han hecho sus padres y sus dos hermanos adolescentes. Su madre, la\u00a0<b>Dra. Nisha Gandhi,\u00a0<\/b>m\u00e9dico de cuidados intensivos del Hospital de Englewood, inscribi\u00f3 a Maya en el estudio de Pfizer en la Universidad de Rutgers. Pero la familia no ha dejado de tomar precauciones contra el virus hasta saber si Maya ha recibido la vacuna real o una falsa.<\/p>\n<p class=\"ampp\">Una vez que sepa que est\u00e1 protegida, el primer objetivo de Maya:<b>\u00a0\u201cuna gran fiesta de pijamas con todos mis amigos\u201d.<\/b>\u00a0Maya dijo que era emocionante formar parte del estudio aunque estaba\u00a0<b>\u201cs\u00faper asustada\u201d<\/b>\u00a0por recibir la inyecci\u00f3n. Pero<b>\u00a0\u201cdespu\u00e9s de recibirla, al menos te sientes feliz de haberlo hecho y aliviada de que no te haya dolido\u201d,<\/b>\u00a0dijo a la AP.<\/p>\n<p class=\"ampp\">Pfizer dijo que hab\u00eda estudiado la dosis m\u00e1s baja en 2.268 ni\u00f1os de preescolar y de primaria. La FDA exigi\u00f3 lo que se denomina un estudio de<b>\u00a0\u201cpuente\u201d<\/b>\u00a0inmunol\u00f3gico: pruebas de que los ni\u00f1os m\u00e1s peque\u00f1os desarrollaron niveles de anticuerpos que ya han demostrado ser protectores en adolescentes y adultos. Eso es lo que inform\u00f3 Pfizer el lunes en un comunicado de prensa, no en una publicaci\u00f3n cient\u00edfica. El estudio a\u00fan est\u00e1 en curso, y todav\u00eda no ha habido suficientes casos de COVID-19 para comparar las tasas entre los vacunados y los que recibieron un placebo, algo que podr\u00eda ofrecer pruebas adicionales.<\/p>\n<p class=\"ampp\"><b>El estudio no es lo suficientemente amplio como para detectar cualquier efecto secundario extremadamente raro, como la inflamaci\u00f3n del coraz\u00f3n que a veces se produce despu\u00e9s de la segunda dosis, sobre todo en hombres j\u00f3venes.<\/b>\u00a0Marks, de la FDA, dijo que los estudios pedi\u00e1tricos deber\u00edan ser lo suficientemente grandes como para descartar cualquier riesgo mayor para los ni\u00f1os peque\u00f1os. Gruber, de Pfizer, dijo que una vez que se autorice la vacuna para los ni\u00f1os m\u00e1s peque\u00f1os, se les vigilar\u00e1 cuidadosamente para detectar los riesgos raros, al igual que a los dem\u00e1s.<\/p>\n<p class=\"ampp\">Un segundo fabricante de vacunas de EEUU, Moderna, tambi\u00e9n est\u00e1 estudiando sus vacunas en ni\u00f1os de edad escolar.\u00a0<b>Pfizer y Moderna est\u00e1n estudiando tambi\u00e9n a ni\u00f1os m\u00e1s peque\u00f1os, de hasta 6 meses.\u00a0<\/b>Los resultados se esperan para finales de a\u00f1o.<\/p>\n<p><strong>Fuente:<\/strong> <a href=\"https:\/\/www.losprimeros.tv\/nota\/actualidad\/275530\/pfizer-anuncio-vacuna-contra-covid19-segura-para-ninos-entre-5-11-anos.html\">https:\/\/www.losprimeros.tv\/nota\/actualidad\/275530\/pfizer-anuncio-vacuna-contra-covid19-segura-para-ninos-entre-5-11-anos.html<\/a><\/div>\n<div><\/div>\n","protected":false},"excerpt":{"rendered":"<p>El estudio fue realizado con dosis m\u00e1s bajas que las aplicadas en adultos, que generaron una fuerte respuesta inmunol\u00f3gica. No se registraron efectos secundarios y el laboratorio solicitar\u00e1 pronto la autorizaci\u00f3n en Estados Unidos.<\/p>\n","protected":false},"author":5,"featured_media":33154,"comment_status":"closed","ping_status":"open","sticky":false,"template":"","format":"standard","meta":{"footnotes":""},"categories":[2],"tags":[3908,61,1960],"class_list":{"0":"post-33153","1":"post","2":"type-post","3":"status-publish","4":"format-standard","5":"has-post-thumbnail","7":"category-actualidad","8":"tag-pfizer","9":"tag-tucuman","10":"tag-vacuna"},"yoast_head":"<!-- This site is optimized with the Yoast SEO plugin v27.4 - https:\/\/yoast.com\/product\/yoast-seo-wordpress\/ -->\n<title>Pfizer asegur\u00f3 que su vacuna contra el Covid-19 es segura para ni\u00f1os de entre 5 y 11 a\u00f1os - El Diario de Tucuman<\/title>\n<meta name=\"robots\" content=\"index, follow, max-snippet:-1, max-image-preview:large, max-video-preview:-1\" \/>\n<link rel=\"canonical\" href=\"https:\/\/www.eldiariodetucuman.com\/web\/pfizer-aseguro-que-su-vacuna-contra-el-covid-19-es-segura-para-ninos-de-entre-5-y-11-anos\/\" \/>\n<meta property=\"og:locale\" content=\"es_ES\" \/>\n<meta property=\"og:type\" content=\"article\" \/>\n<meta property=\"og:title\" content=\"Pfizer asegur\u00f3 que su vacuna contra el Covid-19 es segura para ni\u00f1os de entre 5 y 11 a\u00f1os - El Diario de Tucuman\" \/>\n<meta property=\"og:description\" content=\"El estudio fue realizado con dosis m\u00e1s bajas que las aplicadas en adultos, que generaron una fuerte respuesta inmunol\u00f3gica. No se registraron efectos secundarios y el laboratorio solicitar\u00e1 pronto la autorizaci\u00f3n en Estados Unidos.\" \/>\n<meta property=\"og:url\" content=\"https:\/\/www.eldiariodetucuman.com\/web\/pfizer-aseguro-que-su-vacuna-contra-el-covid-19-es-segura-para-ninos-de-entre-5-y-11-anos\/\" \/>\n<meta property=\"og:site_name\" content=\"El Diario de Tucuman\" \/>\n<meta property=\"article:published_time\" content=\"2021-09-20T13:11:54+00:00\" \/>\n<meta property=\"og:image\" content=\"https:\/\/www.eldiariodetucuman.com\/web\/wp-content\/uploads\/2021\/09\/pfizer.webp\" \/>\n\t<meta property=\"og:image:width\" content=\"1280\" \/>\n\t<meta property=\"og:image:height\" content=\"720\" \/>\n\t<meta property=\"og:image:type\" content=\"image\/webp\" \/>\n<meta name=\"author\" content=\"Redactor Uno\" \/>\n<meta name=\"twitter:card\" content=\"summary_large_image\" \/>\n<meta name=\"twitter:label1\" content=\"Escrito por\" \/>\n\t<meta name=\"twitter:data1\" content=\"Redactor Uno\" \/>\n\t<meta name=\"twitter:label2\" content=\"Tiempo de lectura\" \/>\n\t<meta name=\"twitter:data2\" content=\"4 minutos\" \/>\n<script type=\"application\/ld+json\" class=\"yoast-schema-graph\">{\"@context\":\"https:\\\/\\\/schema.org\",\"@graph\":[{\"@type\":\"Article\",\"@id\":\"https:\\\/\\\/www.eldiariodetucuman.com\\\/web\\\/pfizer-aseguro-que-su-vacuna-contra-el-covid-19-es-segura-para-ninos-de-entre-5-y-11-anos\\\/#article\",\"isPartOf\":{\"@id\":\"https:\\\/\\\/www.eldiariodetucuman.com\\\/web\\\/pfizer-aseguro-que-su-vacuna-contra-el-covid-19-es-segura-para-ninos-de-entre-5-y-11-anos\\\/\"},\"author\":{\"name\":\"Redactor Uno\",\"@id\":\"https:\\\/\\\/www.eldiariodetucuman.com\\\/web\\\/#\\\/schema\\\/person\\\/7e6644a46e60888f6b868594407e08dd\"},\"headline\":\"Pfizer asegur\u00f3 que su vacuna contra el Covid-19 es segura para ni\u00f1os de entre 5 y 11 a\u00f1os\",\"datePublished\":\"2021-09-20T13:11:54+00:00\",\"mainEntityOfPage\":{\"@id\":\"https:\\\/\\\/www.eldiariodetucuman.com\\\/web\\\/pfizer-aseguro-que-su-vacuna-contra-el-covid-19-es-segura-para-ninos-de-entre-5-y-11-anos\\\/\"},\"wordCount\":988,\"publisher\":{\"@id\":\"https:\\\/\\\/www.eldiariodetucuman.com\\\/web\\\/#organization\"},\"image\":{\"@id\":\"https:\\\/\\\/www.eldiariodetucuman.com\\\/web\\\/pfizer-aseguro-que-su-vacuna-contra-el-covid-19-es-segura-para-ninos-de-entre-5-y-11-anos\\\/#primaryimage\"},\"thumbnailUrl\":\"https:\\\/\\\/www.eldiariodetucuman.com\\\/web\\\/wp-content\\\/uploads\\\/2021\\\/09\\\/pfizer.webp\",\"keywords\":[\"pfizer\",\"Tucuman\",\"vacuna\"],\"articleSection\":[\"Actualidad\"],\"inLanguage\":\"es\"},{\"@type\":\"WebPage\",\"@id\":\"https:\\\/\\\/www.eldiariodetucuman.com\\\/web\\\/pfizer-aseguro-que-su-vacuna-contra-el-covid-19-es-segura-para-ninos-de-entre-5-y-11-anos\\\/\",\"url\":\"https:\\\/\\\/www.eldiariodetucuman.com\\\/web\\\/pfizer-aseguro-que-su-vacuna-contra-el-covid-19-es-segura-para-ninos-de-entre-5-y-11-anos\\\/\",\"name\":\"Pfizer asegur\u00f3 que su vacuna contra el Covid-19 es segura para ni\u00f1os de entre 5 y 11 a\u00f1os - El Diario de Tucuman\",\"isPartOf\":{\"@id\":\"https:\\\/\\\/www.eldiariodetucuman.com\\\/web\\\/#website\"},\"primaryImageOfPage\":{\"@id\":\"https:\\\/\\\/www.eldiariodetucuman.com\\\/web\\\/pfizer-aseguro-que-su-vacuna-contra-el-covid-19-es-segura-para-ninos-de-entre-5-y-11-anos\\\/#primaryimage\"},\"image\":{\"@id\":\"https:\\\/\\\/www.eldiariodetucuman.com\\\/web\\\/pfizer-aseguro-que-su-vacuna-contra-el-covid-19-es-segura-para-ninos-de-entre-5-y-11-anos\\\/#primaryimage\"},\"thumbnailUrl\":\"https:\\\/\\\/www.eldiariodetucuman.com\\\/web\\\/wp-content\\\/uploads\\\/2021\\\/09\\\/pfizer.webp\",\"datePublished\":\"2021-09-20T13:11:54+00:00\",\"breadcrumb\":{\"@id\":\"https:\\\/\\\/www.eldiariodetucuman.com\\\/web\\\/pfizer-aseguro-que-su-vacuna-contra-el-covid-19-es-segura-para-ninos-de-entre-5-y-11-anos\\\/#breadcrumb\"},\"inLanguage\":\"es\",\"potentialAction\":[{\"@type\":\"ReadAction\",\"target\":[\"https:\\\/\\\/www.eldiariodetucuman.com\\\/web\\\/pfizer-aseguro-que-su-vacuna-contra-el-covid-19-es-segura-para-ninos-de-entre-5-y-11-anos\\\/\"]}]},{\"@type\":\"ImageObject\",\"inLanguage\":\"es\",\"@id\":\"https:\\\/\\\/www.eldiariodetucuman.com\\\/web\\\/pfizer-aseguro-que-su-vacuna-contra-el-covid-19-es-segura-para-ninos-de-entre-5-y-11-anos\\\/#primaryimage\",\"url\":\"https:\\\/\\\/www.eldiariodetucuman.com\\\/web\\\/wp-content\\\/uploads\\\/2021\\\/09\\\/pfizer.webp\",\"contentUrl\":\"https:\\\/\\\/www.eldiariodetucuman.com\\\/web\\\/wp-content\\\/uploads\\\/2021\\\/09\\\/pfizer.webp\",\"width\":1280,\"height\":720},{\"@type\":\"BreadcrumbList\",\"@id\":\"https:\\\/\\\/www.eldiariodetucuman.com\\\/web\\\/pfizer-aseguro-que-su-vacuna-contra-el-covid-19-es-segura-para-ninos-de-entre-5-y-11-anos\\\/#breadcrumb\",\"itemListElement\":[{\"@type\":\"ListItem\",\"position\":1,\"name\":\"Portada\",\"item\":\"https:\\\/\\\/www.eldiariodetucuman.com\\\/web\\\/\"},{\"@type\":\"ListItem\",\"position\":2,\"name\":\"Pfizer asegur\u00f3 que su vacuna contra el Covid-19 es segura para ni\u00f1os de entre 5 y 11 a\u00f1os\"}]},{\"@type\":\"WebSite\",\"@id\":\"https:\\\/\\\/www.eldiariodetucuman.com\\\/web\\\/#website\",\"url\":\"https:\\\/\\\/www.eldiariodetucuman.com\\\/web\\\/\",\"name\":\"El Diario de Tucuman\",\"description\":\"Diario Tucuman - Informaci\u00f3n y noticias\",\"publisher\":{\"@id\":\"https:\\\/\\\/www.eldiariodetucuman.com\\\/web\\\/#organization\"},\"potentialAction\":[{\"@type\":\"SearchAction\",\"target\":{\"@type\":\"EntryPoint\",\"urlTemplate\":\"https:\\\/\\\/www.eldiariodetucuman.com\\\/web\\\/?s={search_term_string}\"},\"query-input\":{\"@type\":\"PropertyValueSpecification\",\"valueRequired\":true,\"valueName\":\"search_term_string\"}}],\"inLanguage\":\"es\"},{\"@type\":\"Organization\",\"@id\":\"https:\\\/\\\/www.eldiariodetucuman.com\\\/web\\\/#organization\",\"name\":\"El Diario de Tucuman\",\"url\":\"https:\\\/\\\/www.eldiariodetucuman.com\\\/web\\\/\",\"logo\":{\"@type\":\"ImageObject\",\"inLanguage\":\"es\",\"@id\":\"https:\\\/\\\/www.eldiariodetucuman.com\\\/web\\\/#\\\/schema\\\/logo\\\/image\\\/\",\"url\":\"http:\\\/\\\/www.eldiariodetucuman.com\\\/web\\\/wp-content\\\/uploads\\\/2017\\\/12\\\/el-diario-de-tucuman.jpg\",\"contentUrl\":\"http:\\\/\\\/www.eldiariodetucuman.com\\\/web\\\/wp-content\\\/uploads\\\/2017\\\/12\\\/el-diario-de-tucuman.jpg\",\"width\":272,\"height\":92,\"caption\":\"El Diario de Tucuman\"},\"image\":{\"@id\":\"https:\\\/\\\/www.eldiariodetucuman.com\\\/web\\\/#\\\/schema\\\/logo\\\/image\\\/\"}},{\"@type\":\"Person\",\"@id\":\"https:\\\/\\\/www.eldiariodetucuman.com\\\/web\\\/#\\\/schema\\\/person\\\/7e6644a46e60888f6b868594407e08dd\",\"name\":\"Redactor Uno\",\"image\":{\"@type\":\"ImageObject\",\"inLanguage\":\"es\",\"@id\":\"https:\\\/\\\/secure.gravatar.com\\\/avatar\\\/0049b1bdf1bd548385c9ea6b9356431717930913089febd2ba904f0187d7d074?s=96&d=mm&r=g\",\"url\":\"https:\\\/\\\/secure.gravatar.com\\\/avatar\\\/0049b1bdf1bd548385c9ea6b9356431717930913089febd2ba904f0187d7d074?s=96&d=mm&r=g\",\"contentUrl\":\"https:\\\/\\\/secure.gravatar.com\\\/avatar\\\/0049b1bdf1bd548385c9ea6b9356431717930913089febd2ba904f0187d7d074?s=96&d=mm&r=g\",\"caption\":\"Redactor Uno\"},\"url\":\"https:\\\/\\\/www.eldiariodetucuman.com\\\/web\\\/author\\\/mramasco\\\/\"}]}<\/script>\n<!-- \/ Yoast SEO plugin. -->","yoast_head_json":{"title":"Pfizer asegur\u00f3 que su vacuna contra el Covid-19 es segura para ni\u00f1os de entre 5 y 11 a\u00f1os - El Diario de Tucuman","robots":{"index":"index","follow":"follow","max-snippet":"max-snippet:-1","max-image-preview":"max-image-preview:large","max-video-preview":"max-video-preview:-1"},"canonical":"https:\/\/www.eldiariodetucuman.com\/web\/pfizer-aseguro-que-su-vacuna-contra-el-covid-19-es-segura-para-ninos-de-entre-5-y-11-anos\/","og_locale":"es_ES","og_type":"article","og_title":"Pfizer asegur\u00f3 que su vacuna contra el Covid-19 es segura para ni\u00f1os de entre 5 y 11 a\u00f1os - El Diario de Tucuman","og_description":"El estudio fue realizado con dosis m\u00e1s bajas que las aplicadas en adultos, que generaron una fuerte respuesta inmunol\u00f3gica. No se registraron efectos secundarios y el laboratorio solicitar\u00e1 pronto la autorizaci\u00f3n en Estados Unidos.","og_url":"https:\/\/www.eldiariodetucuman.com\/web\/pfizer-aseguro-que-su-vacuna-contra-el-covid-19-es-segura-para-ninos-de-entre-5-y-11-anos\/","og_site_name":"El Diario de Tucuman","article_published_time":"2021-09-20T13:11:54+00:00","og_image":[{"width":1280,"height":720,"url":"https:\/\/www.eldiariodetucuman.com\/web\/wp-content\/uploads\/2021\/09\/pfizer.webp","type":"image\/webp"}],"author":"Redactor Uno","twitter_card":"summary_large_image","twitter_misc":{"Escrito por":"Redactor Uno","Tiempo de lectura":"4 minutos"},"schema":{"@context":"https:\/\/schema.org","@graph":[{"@type":"Article","@id":"https:\/\/www.eldiariodetucuman.com\/web\/pfizer-aseguro-que-su-vacuna-contra-el-covid-19-es-segura-para-ninos-de-entre-5-y-11-anos\/#article","isPartOf":{"@id":"https:\/\/www.eldiariodetucuman.com\/web\/pfizer-aseguro-que-su-vacuna-contra-el-covid-19-es-segura-para-ninos-de-entre-5-y-11-anos\/"},"author":{"name":"Redactor Uno","@id":"https:\/\/www.eldiariodetucuman.com\/web\/#\/schema\/person\/7e6644a46e60888f6b868594407e08dd"},"headline":"Pfizer asegur\u00f3 que su vacuna contra el Covid-19 es segura para ni\u00f1os de entre 5 y 11 a\u00f1os","datePublished":"2021-09-20T13:11:54+00:00","mainEntityOfPage":{"@id":"https:\/\/www.eldiariodetucuman.com\/web\/pfizer-aseguro-que-su-vacuna-contra-el-covid-19-es-segura-para-ninos-de-entre-5-y-11-anos\/"},"wordCount":988,"publisher":{"@id":"https:\/\/www.eldiariodetucuman.com\/web\/#organization"},"image":{"@id":"https:\/\/www.eldiariodetucuman.com\/web\/pfizer-aseguro-que-su-vacuna-contra-el-covid-19-es-segura-para-ninos-de-entre-5-y-11-anos\/#primaryimage"},"thumbnailUrl":"https:\/\/www.eldiariodetucuman.com\/web\/wp-content\/uploads\/2021\/09\/pfizer.webp","keywords":["pfizer","Tucuman","vacuna"],"articleSection":["Actualidad"],"inLanguage":"es"},{"@type":"WebPage","@id":"https:\/\/www.eldiariodetucuman.com\/web\/pfizer-aseguro-que-su-vacuna-contra-el-covid-19-es-segura-para-ninos-de-entre-5-y-11-anos\/","url":"https:\/\/www.eldiariodetucuman.com\/web\/pfizer-aseguro-que-su-vacuna-contra-el-covid-19-es-segura-para-ninos-de-entre-5-y-11-anos\/","name":"Pfizer asegur\u00f3 que su vacuna contra el Covid-19 es segura para ni\u00f1os de entre 5 y 11 a\u00f1os - El Diario de Tucuman","isPartOf":{"@id":"https:\/\/www.eldiariodetucuman.com\/web\/#website"},"primaryImageOfPage":{"@id":"https:\/\/www.eldiariodetucuman.com\/web\/pfizer-aseguro-que-su-vacuna-contra-el-covid-19-es-segura-para-ninos-de-entre-5-y-11-anos\/#primaryimage"},"image":{"@id":"https:\/\/www.eldiariodetucuman.com\/web\/pfizer-aseguro-que-su-vacuna-contra-el-covid-19-es-segura-para-ninos-de-entre-5-y-11-anos\/#primaryimage"},"thumbnailUrl":"https:\/\/www.eldiariodetucuman.com\/web\/wp-content\/uploads\/2021\/09\/pfizer.webp","datePublished":"2021-09-20T13:11:54+00:00","breadcrumb":{"@id":"https:\/\/www.eldiariodetucuman.com\/web\/pfizer-aseguro-que-su-vacuna-contra-el-covid-19-es-segura-para-ninos-de-entre-5-y-11-anos\/#breadcrumb"},"inLanguage":"es","potentialAction":[{"@type":"ReadAction","target":["https:\/\/www.eldiariodetucuman.com\/web\/pfizer-aseguro-que-su-vacuna-contra-el-covid-19-es-segura-para-ninos-de-entre-5-y-11-anos\/"]}]},{"@type":"ImageObject","inLanguage":"es","@id":"https:\/\/www.eldiariodetucuman.com\/web\/pfizer-aseguro-que-su-vacuna-contra-el-covid-19-es-segura-para-ninos-de-entre-5-y-11-anos\/#primaryimage","url":"https:\/\/www.eldiariodetucuman.com\/web\/wp-content\/uploads\/2021\/09\/pfizer.webp","contentUrl":"https:\/\/www.eldiariodetucuman.com\/web\/wp-content\/uploads\/2021\/09\/pfizer.webp","width":1280,"height":720},{"@type":"BreadcrumbList","@id":"https:\/\/www.eldiariodetucuman.com\/web\/pfizer-aseguro-que-su-vacuna-contra-el-covid-19-es-segura-para-ninos-de-entre-5-y-11-anos\/#breadcrumb","itemListElement":[{"@type":"ListItem","position":1,"name":"Portada","item":"https:\/\/www.eldiariodetucuman.com\/web\/"},{"@type":"ListItem","position":2,"name":"Pfizer asegur\u00f3 que su vacuna contra el Covid-19 es segura para ni\u00f1os de entre 5 y 11 a\u00f1os"}]},{"@type":"WebSite","@id":"https:\/\/www.eldiariodetucuman.com\/web\/#website","url":"https:\/\/www.eldiariodetucuman.com\/web\/","name":"El Diario de Tucuman","description":"Diario Tucuman - Informaci\u00f3n y noticias","publisher":{"@id":"https:\/\/www.eldiariodetucuman.com\/web\/#organization"},"potentialAction":[{"@type":"SearchAction","target":{"@type":"EntryPoint","urlTemplate":"https:\/\/www.eldiariodetucuman.com\/web\/?s={search_term_string}"},"query-input":{"@type":"PropertyValueSpecification","valueRequired":true,"valueName":"search_term_string"}}],"inLanguage":"es"},{"@type":"Organization","@id":"https:\/\/www.eldiariodetucuman.com\/web\/#organization","name":"El Diario de Tucuman","url":"https:\/\/www.eldiariodetucuman.com\/web\/","logo":{"@type":"ImageObject","inLanguage":"es","@id":"https:\/\/www.eldiariodetucuman.com\/web\/#\/schema\/logo\/image\/","url":"http:\/\/www.eldiariodetucuman.com\/web\/wp-content\/uploads\/2017\/12\/el-diario-de-tucuman.jpg","contentUrl":"http:\/\/www.eldiariodetucuman.com\/web\/wp-content\/uploads\/2017\/12\/el-diario-de-tucuman.jpg","width":272,"height":92,"caption":"El Diario de Tucuman"},"image":{"@id":"https:\/\/www.eldiariodetucuman.com\/web\/#\/schema\/logo\/image\/"}},{"@type":"Person","@id":"https:\/\/www.eldiariodetucuman.com\/web\/#\/schema\/person\/7e6644a46e60888f6b868594407e08dd","name":"Redactor Uno","image":{"@type":"ImageObject","inLanguage":"es","@id":"https:\/\/secure.gravatar.com\/avatar\/0049b1bdf1bd548385c9ea6b9356431717930913089febd2ba904f0187d7d074?s=96&d=mm&r=g","url":"https:\/\/secure.gravatar.com\/avatar\/0049b1bdf1bd548385c9ea6b9356431717930913089febd2ba904f0187d7d074?s=96&d=mm&r=g","contentUrl":"https:\/\/secure.gravatar.com\/avatar\/0049b1bdf1bd548385c9ea6b9356431717930913089febd2ba904f0187d7d074?s=96&d=mm&r=g","caption":"Redactor Uno"},"url":"https:\/\/www.eldiariodetucuman.com\/web\/author\/mramasco\/"}]}},"_links":{"self":[{"href":"https:\/\/www.eldiariodetucuman.com\/web\/wp-json\/wp\/v2\/posts\/33153","targetHints":{"allow":["GET"]}}],"collection":[{"href":"https:\/\/www.eldiariodetucuman.com\/web\/wp-json\/wp\/v2\/posts"}],"about":[{"href":"https:\/\/www.eldiariodetucuman.com\/web\/wp-json\/wp\/v2\/types\/post"}],"author":[{"embeddable":true,"href":"https:\/\/www.eldiariodetucuman.com\/web\/wp-json\/wp\/v2\/users\/5"}],"replies":[{"embeddable":true,"href":"https:\/\/www.eldiariodetucuman.com\/web\/wp-json\/wp\/v2\/comments?post=33153"}],"version-history":[{"count":1,"href":"https:\/\/www.eldiariodetucuman.com\/web\/wp-json\/wp\/v2\/posts\/33153\/revisions"}],"predecessor-version":[{"id":33155,"href":"https:\/\/www.eldiariodetucuman.com\/web\/wp-json\/wp\/v2\/posts\/33153\/revisions\/33155"}],"wp:featuredmedia":[{"embeddable":true,"href":"https:\/\/www.eldiariodetucuman.com\/web\/wp-json\/wp\/v2\/media\/33154"}],"wp:attachment":[{"href":"https:\/\/www.eldiariodetucuman.com\/web\/wp-json\/wp\/v2\/media?parent=33153"}],"wp:term":[{"taxonomy":"category","embeddable":true,"href":"https:\/\/www.eldiariodetucuman.com\/web\/wp-json\/wp\/v2\/categories?post=33153"},{"taxonomy":"post_tag","embeddable":true,"href":"https:\/\/www.eldiariodetucuman.com\/web\/wp-json\/wp\/v2\/tags?post=33153"}],"curies":[{"name":"wp","href":"https:\/\/api.w.org\/{rel}","templated":true}]}}