{"id":32793,"date":"2021-08-18T11:14:23","date_gmt":"2021-08-18T14:14:23","guid":{"rendered":"http:\/\/www.eldiariodetucuman.com\/web\/?p=32793"},"modified":"2021-08-18T11:14:23","modified_gmt":"2021-08-18T14:14:23","slug":"diferencias-entre-la-rinitis-alergica-y-el-coronavirus","status":"publish","type":"post","link":"https:\/\/www.eldiariodetucuman.com\/web\/diferencias-entre-la-rinitis-alergica-y-el-coronavirus\/","title":{"rendered":"Diferencias entre la rinitis al\u00e9rgica y el coronavirus"},"content":{"rendered":"<p class=\"smr\">El jefe de la Unidad de Otorrinolaringolog\u00eda del Hospital N\u00e9stor Kirchner, Adriano Valdivieso, expone las principales caracter\u00edsticas de estas patolog\u00edas y brinda consejos para diferenciarlas.<\/p>\n<p><!--more--><\/p>\n<p class=\"smr\">El jefe de la Unidad de Otorrinolaringolog\u00eda del Hospital N\u00e9stor Kirchner, Adriano Valdivieso, expone las principales caracter\u00edsticas de estas patolog\u00edas y brinda consejos para diferenciarlas.<\/p>\n<p class=\"smr\">\u201cEn esta \u00e9poca cuando ya est\u00e1 finalizando agosto, llegando septiembre,\u00a0en Tucum\u00e1n comienza la primavera y empezamos a tener muchos casos de rinitis estacional o al\u00e9rgica.\u00a0Es provocada m\u00e1s que nada por el\u00a0polen de las plantas, los \u00e1caros,\u00a0que son microorganismos que est\u00e1n en el ambiente. Adem\u00e1s, durante el invierno que es muy seco en Tucum\u00e1n,\u00a0el polvo tambi\u00e9n afecta a las personas sensibles a estos cambios\u201d, sostiene el referente.<\/p>\n<p class=\"smr\">Y contin\u00faa: \u201cDebido a la pandemia se pueden\u00a0confundir los s\u00edntomas de COVID-19\u00a0con una\u00a0rinitis al\u00e9rgica.\u00a0Una de las\u00a0primeras diferencias es que en las rinitis al\u00e9rgicas,\u00a0el paciente sabe en qu\u00e9 \u00e9pocas m\u00e1s o menos se presentan y sabe cu\u00e1les son los s\u00edntomas:\u00a0estornudos, rinorrea acuosa (agua de la nariz), picaz\u00f3n de nariz y ojos.\u00a0Hay que aclarar que\u00a0no se acompa\u00f1a ni de dolor de garganta, fiebre o dolor de cuerpo.\u00a0Esos son signos por los que podemos sospechar de\u00a0coronavirus,\u00a0es decir, s\u00edntomas nuevos para quien padece la rinitis, que no son propios de este cuadro\u201d.<\/p>\n<p class=\"smr\">Como mensaje para la poblaci\u00f3n que suele tener rinitis, ante cualquier s\u00edntoma raro o signo que desconozcan, que acudan al consultorio de febriles. \u201cEs preferible un hisopado dem\u00e1s que de menos\u201d, se\u00f1ala el especialista.<\/p>\n<p class=\"smr\">Por otra parte, frente estas rinitis estacionales, explica el m\u00e9dico,\u00a0hay dos tipos de tratamientos:<\/p>\n<div class=\"txt\">\n<p class=\"ampp\">Tratamiento de la causa,\u00a0llevado a cabo por\u00a0m\u00e9dicos alergistas.\u00a0La alergia es una respuesta exagerada del organismo hacia una\u00a0noxa exterior\u00a0y los alergistas se basan en dar peque\u00f1as dosis de esa noxa en forma progresiva para que el organismo se acostumbre y no reaccione de esa forma. Son tratamientos largos pero efectivos porque se termina el problema, analiza el profesional<\/p>\n<p class=\"ampp\">Tratamientos sintom\u00e1ticos, desarrollados por otros especialistas como otorrinos o cl\u00ednicos. Se basan en\u00a0antihistam\u00ednicos y corticoides locales.<\/p>\n<p class=\"ampp\">\u201cTambi\u00e9n tenemos medicamentos como Montelukast que no es antihistam\u00ednico o corticoide, va por otra v\u00eda, no tiene pr\u00e1cticamente contraindicaciones, se usa en forma diaria, y lo que hace es disminuir la reactividad del paciente haciendo que las crisis sean m\u00e1s espaciadas. Se empez\u00f3 a usar en pacientes con asma y despu\u00e9s se vio que ten\u00eda muy buenos resultados en rinitis. Se utiliza normalmente en estas \u00e9pocas y en algunos pacientes durante todo el a\u00f1o\u201d,\u00a0concluye.<\/p>\n<p><strong>Fuente:<\/strong> <a href=\"https:\/\/www.losprimeros.tv\/nota\/sociedad\/272181\/como-diferenciar-rinitis-alergica-coronavirus-hacer-al-respecto.html\">https:\/\/www.losprimeros.tv\/nota\/sociedad\/272181\/como-diferenciar-rinitis-alergica-coronavirus-hacer-al-respecto.html<\/a><\/p>\n<\/div>\n","protected":false},"excerpt":{"rendered":"<p>El jefe de la Unidad de Otorrinolaringolog\u00eda del Hospital N\u00e9stor Kirchner, Adriano Valdivieso, expone las principales caracter\u00edsticas de estas patolog\u00edas y brinda consejos para diferenciarlas.<\/p>\n","protected":false},"author":5,"featured_media":32794,"comment_status":"closed","ping_status":"open","sticky":false,"template":"","format":"standard","meta":{"footnotes":""},"categories":[2],"tags":[3057,3943,61],"class_list":{"0":"post-32793","1":"post","2":"type-post","3":"status-publish","4":"format-standard","5":"has-post-thumbnail","7":"category-actualidad","8":"tag-coronavirus","9":"tag-saludrinitis","10":"tag-tucuman"},"yoast_head":"<!-- This site is optimized with the Yoast SEO plugin v27.4 - https:\/\/yoast.com\/product\/yoast-seo-wordpress\/ -->\n<title>Diferencias entre la rinitis al\u00e9rgica y el coronavirus - El Diario de Tucuman<\/title>\n<meta name=\"robots\" content=\"index, follow, max-snippet:-1, max-image-preview:large, max-video-preview:-1\" \/>\n<link rel=\"canonical\" href=\"https:\/\/www.eldiariodetucuman.com\/web\/diferencias-entre-la-rinitis-alergica-y-el-coronavirus\/\" \/>\n<meta property=\"og:locale\" content=\"es_ES\" \/>\n<meta property=\"og:type\" content=\"article\" \/>\n<meta property=\"og:title\" content=\"Diferencias entre la rinitis al\u00e9rgica y el coronavirus - El Diario de Tucuman\" \/>\n<meta property=\"og:description\" content=\"El jefe de la Unidad de Otorrinolaringolog\u00eda del Hospital N\u00e9stor Kirchner, Adriano Valdivieso, expone las principales caracter\u00edsticas de estas patolog\u00edas y brinda consejos para diferenciarlas.\" \/>\n<meta property=\"og:url\" content=\"https:\/\/www.eldiariodetucuman.com\/web\/diferencias-entre-la-rinitis-alergica-y-el-coronavirus\/\" \/>\n<meta property=\"og:site_name\" content=\"El Diario de Tucuman\" \/>\n<meta property=\"article:published_time\" content=\"2021-08-18T14:14:23+00:00\" \/>\n<meta property=\"og:image\" content=\"https:\/\/www.eldiariodetucuman.com\/web\/wp-content\/uploads\/2021\/08\/covid-rinitis.jpg\" \/>\n\t<meta property=\"og:image:width\" content=\"1004\" \/>\n\t<meta property=\"og:image:height\" content=\"565\" \/>\n\t<meta property=\"og:image:type\" content=\"image\/jpeg\" \/>\n<meta name=\"author\" content=\"Redactor Uno\" \/>\n<meta name=\"twitter:card\" content=\"summary_large_image\" \/>\n<meta name=\"twitter:label1\" content=\"Escrito por\" \/>\n\t<meta name=\"twitter:data1\" content=\"Redactor Uno\" \/>\n\t<meta name=\"twitter:label2\" content=\"Tiempo de lectura\" \/>\n\t<meta name=\"twitter:data2\" content=\"2 minutos\" \/>\n<script type=\"application\/ld+json\" class=\"yoast-schema-graph\">{\"@context\":\"https:\\\/\\\/schema.org\",\"@graph\":[{\"@type\":\"Article\",\"@id\":\"https:\\\/\\\/www.eldiariodetucuman.com\\\/web\\\/diferencias-entre-la-rinitis-alergica-y-el-coronavirus\\\/#article\",\"isPartOf\":{\"@id\":\"https:\\\/\\\/www.eldiariodetucuman.com\\\/web\\\/diferencias-entre-la-rinitis-alergica-y-el-coronavirus\\\/\"},\"author\":{\"name\":\"Redactor Uno\",\"@id\":\"https:\\\/\\\/www.eldiariodetucuman.com\\\/web\\\/#\\\/schema\\\/person\\\/7e6644a46e60888f6b868594407e08dd\"},\"headline\":\"Diferencias entre la rinitis al\u00e9rgica y el coronavirus\",\"datePublished\":\"2021-08-18T14:14:23+00:00\",\"mainEntityOfPage\":{\"@id\":\"https:\\\/\\\/www.eldiariodetucuman.com\\\/web\\\/diferencias-entre-la-rinitis-alergica-y-el-coronavirus\\\/\"},\"wordCount\":485,\"publisher\":{\"@id\":\"https:\\\/\\\/www.eldiariodetucuman.com\\\/web\\\/#organization\"},\"image\":{\"@id\":\"https:\\\/\\\/www.eldiariodetucuman.com\\\/web\\\/diferencias-entre-la-rinitis-alergica-y-el-coronavirus\\\/#primaryimage\"},\"thumbnailUrl\":\"https:\\\/\\\/www.eldiariodetucuman.com\\\/web\\\/wp-content\\\/uploads\\\/2021\\\/08\\\/covid-rinitis.jpg\",\"keywords\":[\"coronavirus\",\"saludrinitis\",\"Tucuman\"],\"articleSection\":[\"Actualidad\"],\"inLanguage\":\"es\"},{\"@type\":\"WebPage\",\"@id\":\"https:\\\/\\\/www.eldiariodetucuman.com\\\/web\\\/diferencias-entre-la-rinitis-alergica-y-el-coronavirus\\\/\",\"url\":\"https:\\\/\\\/www.eldiariodetucuman.com\\\/web\\\/diferencias-entre-la-rinitis-alergica-y-el-coronavirus\\\/\",\"name\":\"Diferencias entre la rinitis al\u00e9rgica y el coronavirus - El Diario de Tucuman\",\"isPartOf\":{\"@id\":\"https:\\\/\\\/www.eldiariodetucuman.com\\\/web\\\/#website\"},\"primaryImageOfPage\":{\"@id\":\"https:\\\/\\\/www.eldiariodetucuman.com\\\/web\\\/diferencias-entre-la-rinitis-alergica-y-el-coronavirus\\\/#primaryimage\"},\"image\":{\"@id\":\"https:\\\/\\\/www.eldiariodetucuman.com\\\/web\\\/diferencias-entre-la-rinitis-alergica-y-el-coronavirus\\\/#primaryimage\"},\"thumbnailUrl\":\"https:\\\/\\\/www.eldiariodetucuman.com\\\/web\\\/wp-content\\\/uploads\\\/2021\\\/08\\\/covid-rinitis.jpg\",\"datePublished\":\"2021-08-18T14:14:23+00:00\",\"breadcrumb\":{\"@id\":\"https:\\\/\\\/www.eldiariodetucuman.com\\\/web\\\/diferencias-entre-la-rinitis-alergica-y-el-coronavirus\\\/#breadcrumb\"},\"inLanguage\":\"es\",\"potentialAction\":[{\"@type\":\"ReadAction\",\"target\":[\"https:\\\/\\\/www.eldiariodetucuman.com\\\/web\\\/diferencias-entre-la-rinitis-alergica-y-el-coronavirus\\\/\"]}]},{\"@type\":\"ImageObject\",\"inLanguage\":\"es\",\"@id\":\"https:\\\/\\\/www.eldiariodetucuman.com\\\/web\\\/diferencias-entre-la-rinitis-alergica-y-el-coronavirus\\\/#primaryimage\",\"url\":\"https:\\\/\\\/www.eldiariodetucuman.com\\\/web\\\/wp-content\\\/uploads\\\/2021\\\/08\\\/covid-rinitis.jpg\",\"contentUrl\":\"https:\\\/\\\/www.eldiariodetucuman.com\\\/web\\\/wp-content\\\/uploads\\\/2021\\\/08\\\/covid-rinitis.jpg\",\"width\":1004,\"height\":565},{\"@type\":\"BreadcrumbList\",\"@id\":\"https:\\\/\\\/www.eldiariodetucuman.com\\\/web\\\/diferencias-entre-la-rinitis-alergica-y-el-coronavirus\\\/#breadcrumb\",\"itemListElement\":[{\"@type\":\"ListItem\",\"position\":1,\"name\":\"Portada\",\"item\":\"https:\\\/\\\/www.eldiariodetucuman.com\\\/web\\\/\"},{\"@type\":\"ListItem\",\"position\":2,\"name\":\"Diferencias entre la rinitis al\u00e9rgica y el coronavirus\"}]},{\"@type\":\"WebSite\",\"@id\":\"https:\\\/\\\/www.eldiariodetucuman.com\\\/web\\\/#website\",\"url\":\"https:\\\/\\\/www.eldiariodetucuman.com\\\/web\\\/\",\"name\":\"El Diario de Tucuman\",\"description\":\"Diario Tucuman - Informaci\u00f3n y noticias\",\"publisher\":{\"@id\":\"https:\\\/\\\/www.eldiariodetucuman.com\\\/web\\\/#organization\"},\"potentialAction\":[{\"@type\":\"SearchAction\",\"target\":{\"@type\":\"EntryPoint\",\"urlTemplate\":\"https:\\\/\\\/www.eldiariodetucuman.com\\\/web\\\/?s={search_term_string}\"},\"query-input\":{\"@type\":\"PropertyValueSpecification\",\"valueRequired\":true,\"valueName\":\"search_term_string\"}}],\"inLanguage\":\"es\"},{\"@type\":\"Organization\",\"@id\":\"https:\\\/\\\/www.eldiariodetucuman.com\\\/web\\\/#organization\",\"name\":\"El Diario de Tucuman\",\"url\":\"https:\\\/\\\/www.eldiariodetucuman.com\\\/web\\\/\",\"logo\":{\"@type\":\"ImageObject\",\"inLanguage\":\"es\",\"@id\":\"https:\\\/\\\/www.eldiariodetucuman.com\\\/web\\\/#\\\/schema\\\/logo\\\/image\\\/\",\"url\":\"http:\\\/\\\/www.eldiariodetucuman.com\\\/web\\\/wp-content\\\/uploads\\\/2017\\\/12\\\/el-diario-de-tucuman.jpg\",\"contentUrl\":\"http:\\\/\\\/www.eldiariodetucuman.com\\\/web\\\/wp-content\\\/uploads\\\/2017\\\/12\\\/el-diario-de-tucuman.jpg\",\"width\":272,\"height\":92,\"caption\":\"El Diario de Tucuman\"},\"image\":{\"@id\":\"https:\\\/\\\/www.eldiariodetucuman.com\\\/web\\\/#\\\/schema\\\/logo\\\/image\\\/\"}},{\"@type\":\"Person\",\"@id\":\"https:\\\/\\\/www.eldiariodetucuman.com\\\/web\\\/#\\\/schema\\\/person\\\/7e6644a46e60888f6b868594407e08dd\",\"name\":\"Redactor Uno\",\"image\":{\"@type\":\"ImageObject\",\"inLanguage\":\"es\",\"@id\":\"https:\\\/\\\/secure.gravatar.com\\\/avatar\\\/0049b1bdf1bd548385c9ea6b9356431717930913089febd2ba904f0187d7d074?s=96&d=mm&r=g\",\"url\":\"https:\\\/\\\/secure.gravatar.com\\\/avatar\\\/0049b1bdf1bd548385c9ea6b9356431717930913089febd2ba904f0187d7d074?s=96&d=mm&r=g\",\"contentUrl\":\"https:\\\/\\\/secure.gravatar.com\\\/avatar\\\/0049b1bdf1bd548385c9ea6b9356431717930913089febd2ba904f0187d7d074?s=96&d=mm&r=g\",\"caption\":\"Redactor Uno\"},\"url\":\"https:\\\/\\\/www.eldiariodetucuman.com\\\/web\\\/author\\\/mramasco\\\/\"}]}<\/script>\n<!-- \/ Yoast SEO plugin. -->","yoast_head_json":{"title":"Diferencias entre la rinitis al\u00e9rgica y el coronavirus - El Diario de Tucuman","robots":{"index":"index","follow":"follow","max-snippet":"max-snippet:-1","max-image-preview":"max-image-preview:large","max-video-preview":"max-video-preview:-1"},"canonical":"https:\/\/www.eldiariodetucuman.com\/web\/diferencias-entre-la-rinitis-alergica-y-el-coronavirus\/","og_locale":"es_ES","og_type":"article","og_title":"Diferencias entre la rinitis al\u00e9rgica y el coronavirus - El Diario de Tucuman","og_description":"El jefe de la Unidad de Otorrinolaringolog\u00eda del Hospital N\u00e9stor Kirchner, Adriano Valdivieso, expone las principales caracter\u00edsticas de estas patolog\u00edas y brinda consejos para diferenciarlas.","og_url":"https:\/\/www.eldiariodetucuman.com\/web\/diferencias-entre-la-rinitis-alergica-y-el-coronavirus\/","og_site_name":"El Diario de Tucuman","article_published_time":"2021-08-18T14:14:23+00:00","og_image":[{"width":1004,"height":565,"url":"https:\/\/www.eldiariodetucuman.com\/web\/wp-content\/uploads\/2021\/08\/covid-rinitis.jpg","type":"image\/jpeg"}],"author":"Redactor Uno","twitter_card":"summary_large_image","twitter_misc":{"Escrito por":"Redactor Uno","Tiempo de lectura":"2 minutos"},"schema":{"@context":"https:\/\/schema.org","@graph":[{"@type":"Article","@id":"https:\/\/www.eldiariodetucuman.com\/web\/diferencias-entre-la-rinitis-alergica-y-el-coronavirus\/#article","isPartOf":{"@id":"https:\/\/www.eldiariodetucuman.com\/web\/diferencias-entre-la-rinitis-alergica-y-el-coronavirus\/"},"author":{"name":"Redactor Uno","@id":"https:\/\/www.eldiariodetucuman.com\/web\/#\/schema\/person\/7e6644a46e60888f6b868594407e08dd"},"headline":"Diferencias entre la rinitis al\u00e9rgica y el coronavirus","datePublished":"2021-08-18T14:14:23+00:00","mainEntityOfPage":{"@id":"https:\/\/www.eldiariodetucuman.com\/web\/diferencias-entre-la-rinitis-alergica-y-el-coronavirus\/"},"wordCount":485,"publisher":{"@id":"https:\/\/www.eldiariodetucuman.com\/web\/#organization"},"image":{"@id":"https:\/\/www.eldiariodetucuman.com\/web\/diferencias-entre-la-rinitis-alergica-y-el-coronavirus\/#primaryimage"},"thumbnailUrl":"https:\/\/www.eldiariodetucuman.com\/web\/wp-content\/uploads\/2021\/08\/covid-rinitis.jpg","keywords":["coronavirus","saludrinitis","Tucuman"],"articleSection":["Actualidad"],"inLanguage":"es"},{"@type":"WebPage","@id":"https:\/\/www.eldiariodetucuman.com\/web\/diferencias-entre-la-rinitis-alergica-y-el-coronavirus\/","url":"https:\/\/www.eldiariodetucuman.com\/web\/diferencias-entre-la-rinitis-alergica-y-el-coronavirus\/","name":"Diferencias entre la rinitis al\u00e9rgica y el coronavirus - El Diario de Tucuman","isPartOf":{"@id":"https:\/\/www.eldiariodetucuman.com\/web\/#website"},"primaryImageOfPage":{"@id":"https:\/\/www.eldiariodetucuman.com\/web\/diferencias-entre-la-rinitis-alergica-y-el-coronavirus\/#primaryimage"},"image":{"@id":"https:\/\/www.eldiariodetucuman.com\/web\/diferencias-entre-la-rinitis-alergica-y-el-coronavirus\/#primaryimage"},"thumbnailUrl":"https:\/\/www.eldiariodetucuman.com\/web\/wp-content\/uploads\/2021\/08\/covid-rinitis.jpg","datePublished":"2021-08-18T14:14:23+00:00","breadcrumb":{"@id":"https:\/\/www.eldiariodetucuman.com\/web\/diferencias-entre-la-rinitis-alergica-y-el-coronavirus\/#breadcrumb"},"inLanguage":"es","potentialAction":[{"@type":"ReadAction","target":["https:\/\/www.eldiariodetucuman.com\/web\/diferencias-entre-la-rinitis-alergica-y-el-coronavirus\/"]}]},{"@type":"ImageObject","inLanguage":"es","@id":"https:\/\/www.eldiariodetucuman.com\/web\/diferencias-entre-la-rinitis-alergica-y-el-coronavirus\/#primaryimage","url":"https:\/\/www.eldiariodetucuman.com\/web\/wp-content\/uploads\/2021\/08\/covid-rinitis.jpg","contentUrl":"https:\/\/www.eldiariodetucuman.com\/web\/wp-content\/uploads\/2021\/08\/covid-rinitis.jpg","width":1004,"height":565},{"@type":"BreadcrumbList","@id":"https:\/\/www.eldiariodetucuman.com\/web\/diferencias-entre-la-rinitis-alergica-y-el-coronavirus\/#breadcrumb","itemListElement":[{"@type":"ListItem","position":1,"name":"Portada","item":"https:\/\/www.eldiariodetucuman.com\/web\/"},{"@type":"ListItem","position":2,"name":"Diferencias entre la rinitis al\u00e9rgica y el coronavirus"}]},{"@type":"WebSite","@id":"https:\/\/www.eldiariodetucuman.com\/web\/#website","url":"https:\/\/www.eldiariodetucuman.com\/web\/","name":"El Diario de Tucuman","description":"Diario Tucuman - Informaci\u00f3n y noticias","publisher":{"@id":"https:\/\/www.eldiariodetucuman.com\/web\/#organization"},"potentialAction":[{"@type":"SearchAction","target":{"@type":"EntryPoint","urlTemplate":"https:\/\/www.eldiariodetucuman.com\/web\/?s={search_term_string}"},"query-input":{"@type":"PropertyValueSpecification","valueRequired":true,"valueName":"search_term_string"}}],"inLanguage":"es"},{"@type":"Organization","@id":"https:\/\/www.eldiariodetucuman.com\/web\/#organization","name":"El Diario de Tucuman","url":"https:\/\/www.eldiariodetucuman.com\/web\/","logo":{"@type":"ImageObject","inLanguage":"es","@id":"https:\/\/www.eldiariodetucuman.com\/web\/#\/schema\/logo\/image\/","url":"http:\/\/www.eldiariodetucuman.com\/web\/wp-content\/uploads\/2017\/12\/el-diario-de-tucuman.jpg","contentUrl":"http:\/\/www.eldiariodetucuman.com\/web\/wp-content\/uploads\/2017\/12\/el-diario-de-tucuman.jpg","width":272,"height":92,"caption":"El Diario de Tucuman"},"image":{"@id":"https:\/\/www.eldiariodetucuman.com\/web\/#\/schema\/logo\/image\/"}},{"@type":"Person","@id":"https:\/\/www.eldiariodetucuman.com\/web\/#\/schema\/person\/7e6644a46e60888f6b868594407e08dd","name":"Redactor Uno","image":{"@type":"ImageObject","inLanguage":"es","@id":"https:\/\/secure.gravatar.com\/avatar\/0049b1bdf1bd548385c9ea6b9356431717930913089febd2ba904f0187d7d074?s=96&d=mm&r=g","url":"https:\/\/secure.gravatar.com\/avatar\/0049b1bdf1bd548385c9ea6b9356431717930913089febd2ba904f0187d7d074?s=96&d=mm&r=g","contentUrl":"https:\/\/secure.gravatar.com\/avatar\/0049b1bdf1bd548385c9ea6b9356431717930913089febd2ba904f0187d7d074?s=96&d=mm&r=g","caption":"Redactor Uno"},"url":"https:\/\/www.eldiariodetucuman.com\/web\/author\/mramasco\/"}]}},"_links":{"self":[{"href":"https:\/\/www.eldiariodetucuman.com\/web\/wp-json\/wp\/v2\/posts\/32793","targetHints":{"allow":["GET"]}}],"collection":[{"href":"https:\/\/www.eldiariodetucuman.com\/web\/wp-json\/wp\/v2\/posts"}],"about":[{"href":"https:\/\/www.eldiariodetucuman.com\/web\/wp-json\/wp\/v2\/types\/post"}],"author":[{"embeddable":true,"href":"https:\/\/www.eldiariodetucuman.com\/web\/wp-json\/wp\/v2\/users\/5"}],"replies":[{"embeddable":true,"href":"https:\/\/www.eldiariodetucuman.com\/web\/wp-json\/wp\/v2\/comments?post=32793"}],"version-history":[{"count":2,"href":"https:\/\/www.eldiariodetucuman.com\/web\/wp-json\/wp\/v2\/posts\/32793\/revisions"}],"predecessor-version":[{"id":32796,"href":"https:\/\/www.eldiariodetucuman.com\/web\/wp-json\/wp\/v2\/posts\/32793\/revisions\/32796"}],"wp:featuredmedia":[{"embeddable":true,"href":"https:\/\/www.eldiariodetucuman.com\/web\/wp-json\/wp\/v2\/media\/32794"}],"wp:attachment":[{"href":"https:\/\/www.eldiariodetucuman.com\/web\/wp-json\/wp\/v2\/media?parent=32793"}],"wp:term":[{"taxonomy":"category","embeddable":true,"href":"https:\/\/www.eldiariodetucuman.com\/web\/wp-json\/wp\/v2\/categories?post=32793"},{"taxonomy":"post_tag","embeddable":true,"href":"https:\/\/www.eldiariodetucuman.com\/web\/wp-json\/wp\/v2\/tags?post=32793"}],"curies":[{"name":"wp","href":"https:\/\/api.w.org\/{rel}","templated":true}]}}