{"id":32788,"date":"2021-08-17T10:24:32","date_gmt":"2021-08-17T13:24:32","guid":{"rendered":"http:\/\/www.eldiariodetucuman.com\/web\/?p=32788"},"modified":"2021-08-17T10:27:00","modified_gmt":"2021-08-17T13:27:00","slug":"en-el-interior-el-costo-de-la-energia-electrica-se-triplica-en-comparacion-con-buenos-aires","status":"publish","type":"post","link":"https:\/\/www.eldiariodetucuman.com\/web\/en-el-interior-el-costo-de-la-energia-electrica-se-triplica-en-comparacion-con-buenos-aires\/","title":{"rendered":"En el interior el costo de la energ\u00eda el\u00e9ctrica se triplica en comparaci\u00f3n con Buenos Aires"},"content":{"rendered":"<p class=\"smr\">Las provincias autorizaron subas a sus distribuidoras mayores a las de Capital y Conurbano. Edet es una de las empresas que m\u00e1s increment\u00f3 el valor de sus tarifas.<\/p>\n<p><!--more--><\/p>\n<p class=\"smr\">Los porte\u00f1os y bonaerenses pagan un tercio por su consumo de luz en relaci\u00f3n a lo que abonan los cordobeses por ese mismo concepto. <b>Un hogar en Neuqu\u00e9n o Tucum\u00e1n recibe boletas que duplican las que le llegan a un cliente en la ciudad de Buenos Aires y el conurbano.<\/b> La falta de homogeneidad en las tarifas de distribuci\u00f3n el\u00e9ctrica (luz) vuelven a repetir un cuadro ya experimentado, entre 2007 y 2015.<\/p>\n<p class=\"smr\">Una factura de bajo consumo residencial orilla los $ 500 mensuales -antes de impuestos- en la ciudad de Buenos Aires y el conurbano, las zonas de concesi\u00f3n de Edenor y Edesur. Esa boleta es de $ 1.407 en C\u00f3rdoba. En Neuqu\u00e9n, est\u00e1 rozando los $ 1.000.\u00a0<b>En la siguiente categor\u00eda tarifaria, pero tambi\u00e9n dentro de consumos menores, porte\u00f1os y bonaerenses pagan $ 1.000 mensuales, mientras que una vivienda en Tucum\u00e1n recibe una factura de $ 2.000 por ese concepto.<\/b><\/p>\n<p class=\"smr\">Las diferencias en las tarifas tienen que ver con el \u00e1rea de jurisdicci\u00f3n. Cada provincia tiene su propia el\u00e9ctrica a la que autoriza incrementos en los m\u00e1rgenes. La regulaci\u00f3n de las concesiones de Edesur y Edenor hab\u00edan pasado -durante el gobierno de Mauricio Macri- a un ente que conformar\u00edan la ciudad de Buenos Aires y la provincia de Buenos Aires. Pero la administraci\u00f3n de Alberto Fern\u00e1ndez revirti\u00f3 esa decisi\u00f3n y devolvi\u00f3 esas concesiones a la \u00f3rbita del Estado nacional.<\/p>\n<p class=\"smr\"><b>Aunque todos los hogares pagan el mismo costo por la electricidad consumida, la diferencia est\u00e1 en los m\u00e1rgenes que aplican las distribuidoras que los abastecen.\u00a0<\/b>Es lo que cobra cada compa\u00f1\u00eda por prestar su servicio. Eso se llama \u201cvalor agregado de distribuci\u00f3n\u201d.<\/p>\n<p class=\"smr\"><b>La energ\u00eda consumida est\u00e1 subsidiada para todos, porque el precio es uniforme en todo el pa\u00eds. La diferencia son los cargos de distribuci\u00f3n e impuestos, que establece cada provincia.<\/b><\/p>\n<p class=\"smr\">Desde febrero de 2019 hasta mediados de 2021, la mayor\u00eda de los gobernadores autorizaron incrementos en ese cargo. La inflaci\u00f3n acumulada en ese per\u00edodo supera el 100%.<\/p>\n<p class=\"smr\">La secretar\u00eda de Energ\u00eda autoriz\u00f3, en mayo, un 9% de suba para las empresas bajo su jurisdicci\u00f3n (Edenor y Edesur). La provincia de Buenos Aires -que regula las concesiones de Edelap, Eden, Edea y Edes- se pleg\u00f3 al gobierno nacional y tambi\u00e9n aval\u00f3 un 9% <b>\u201cEsta dispersi\u00f3n tarifaria no es nueva, para finales de 2015, el congelamiento de tarifas por m\u00e1s de una d\u00e9cada en AMBA gener\u00f3 una enorme brecha tarifaria en relaci\u00f3n con las tarifas provinciales que aumentaron de acuerdo con la inflaci\u00f3n\u201d<\/b>, explica Alejandro Eintoss, coordinador de la Comisi\u00f3n de Energ\u00eda de la Fundaci\u00f3n Alem.<\/p>\n<p class=\"smr\">\u201cUn usuario de C\u00f3rdoba y Santa Fe pagaba facturas entre 6 y 7 veces superiores a un usuario del AMBA con igual consumo para finales de 2015. Todo indica que la pol\u00edtica tarifaria nacional nos lleva a recorrer el mismo camino\u201d, a\u00f1ade Eintoss, que recopil\u00f3 los datos antes expuestos.<\/p>\n<p class=\"smr\"><b>En una factura de luz, cerca del 40% es el costo de generaci\u00f3n el\u00e9ctrica. El 36% es el margen de las distribuidoras, y el 23% corresponde a impuestos. El resto son costos de transmisi\u00f3n.<\/b><\/p>\n<div class=\"txt\">\n<p class=\"ampp\">Excluyendo los impuestos,\u00a0<b>lo que se paga en una boleta va en un 51% a cubrir el costo de generaci\u00f3n y 47% se queda la distribuidora.<\/b><\/p>\n<p class=\"ampp\">El costo de generaci\u00f3n el\u00e9ctrica es el mismo para todo el pa\u00eds. La diferencia pasa por los m\u00e1rgenes de cada distribuidora. La \u201ccobertura\u201d de las boletas sobre el costo de la generaci\u00f3n el\u00e9ctrica es del 30%.<b>\u00a0Es decir que 7 de cada 10 pesos de lo que cuesta generar la electricidad lo paga el Estado<\/b>. Es el nivel m\u00e1s bajo desde 2016. En 2015, los subsidios cubr\u00edan casi un 90% de los costos.<\/p>\n<p class=\"ampp\">De todas formas, las distribuidoras tampoco vienen pagando toda la electricidad que consumen sus clientes.\u00a0<b>Las firmas le deben cerca de $ 200.000 millones a Cammesa, la administradora mayorista del sistema el\u00e9ctrico, bajo control estatal.\u00a0<\/b>Las empresas no cubren sus costos pero se financian con Cammesa.<\/p>\n<p class=\"ampp\"><b>Edet (Tucum\u00e1n) y Epec (C\u00f3rdoba) lideran los aumentos en los \u00faltimos dos a\u00f1os. La distribuidora tucumana increment\u00f3 sus tarifas en un 71% en la categor\u00eda de consumo 300 kw\/h mensuales.\u00a0<\/b>Epec subi\u00f3 un 71% a los clientes con mayor consumo (por ejemplo 600 kw\/h), aunque igual el promedio de sus ajustes va del 64% al 74%.<\/p>\n<p class=\"ampp\">Edemsa, la distribuidora de Mendoza, cuyos accionistas, el grupo Vila-Manzano, compraron el control de Edenor, remarc\u00f3 un 32% en ese territorio cuyano. Enersa, de Entre R\u00edos, subi\u00f3 un 24%-25% las categor\u00edas de consumo menores, pero en los segmentos que demandan m\u00e1s electricidad remarc\u00f3 hasta un 97%.<\/p>\n<p class=\"ampp\"><b>Seg\u00fan un c\u00e1lculo de Edenor, cada cliente de esa empresa paga cerca de US$ 13 mensuales (al tipo de cambio oficial y para un consumo de 275 kw\/h, que es una suerte de cliente R2-R3, considerados como de baja demanda). En Mendoza, ese cliente paga US$ 20. En Santa Fe y San Luis, entre US$ 21 y US$ 22. Entre R\u00edos, con US$ 33 para esa vivienda, y C\u00f3rdoba, con US$ 36, lideran la tabla.<\/b><\/p>\n<p class=\"ampp\"><b>La factura de Buenos Aires, en torno a los US$ 13, es un tercio que la equivalente en Chile, que es US$ 38. Es casi un cuarto de lo que paga el promedio en Brasil (US$ 42), siempre dentro de ese mismo consumo<\/b>. Esa boleta escala a un rango de entre US$ 58 a US$ 67 en otros latinos, como Per\u00fa y Uruguay. Una factura similar en Espa\u00f1a promedia los US$ 80, los US$ 79 en Reino Unido y US$ 69 en Francia. Los datos corresponden a una presentaci\u00f3n hecha por Edenor a los inversores, cuando explic\u00f3 sus p\u00e9rdidas del primer semestre.<\/p>\n<p class=\"ampp\"><strong>Fuente:<\/strong> <a href=\"https:\/\/www.losprimeros.tv\/nota\/economia\/272011\/interior-se-triplica-costo-energia-electrica-comparacion-buenos-aires.html\">https:\/\/www.losprimeros.tv\/nota\/economia\/272011\/interior-se-triplica-costo-energia-electrica-comparacion-buenos-aires.html<\/a><\/p>\n<\/div>\n","protected":false},"excerpt":{"rendered":"<p>Las provincias autorizaron subas a sus distribuidoras mayores a las de Capital y Conurbano. Edet es una de las empresas que m\u00e1s increment\u00f3 el valor de sus tarifas.<\/p>\n","protected":false},"author":5,"featured_media":29419,"comment_status":"closed","ping_status":"open","sticky":false,"template":"","format":"standard","meta":{"footnotes":""},"categories":[3,1],"tags":[1314,1148,61],"class_list":{"0":"post-32788","1":"post","2":"type-post","3":"status-publish","4":"format-standard","5":"has-post-thumbnail","7":"category-politica","8":"category-portada","9":"tag-luz","10":"tag-servicios","11":"tag-tucuman"},"yoast_head":"<!-- This site is optimized with the Yoast SEO plugin v27.4 - https:\/\/yoast.com\/product\/yoast-seo-wordpress\/ -->\n<title>En el interior el costo de la energ\u00eda el\u00e9ctrica se triplica en comparaci\u00f3n con Buenos Aires - El Diario de Tucuman<\/title>\n<meta name=\"robots\" content=\"index, follow, max-snippet:-1, max-image-preview:large, max-video-preview:-1\" \/>\n<link rel=\"canonical\" href=\"https:\/\/www.eldiariodetucuman.com\/web\/en-el-interior-el-costo-de-la-energia-electrica-se-triplica-en-comparacion-con-buenos-aires\/\" \/>\n<meta property=\"og:locale\" content=\"es_ES\" \/>\n<meta property=\"og:type\" content=\"article\" \/>\n<meta property=\"og:title\" content=\"En el interior el costo de la energ\u00eda el\u00e9ctrica se triplica en comparaci\u00f3n con Buenos Aires - El Diario de Tucuman\" \/>\n<meta property=\"og:description\" content=\"Las provincias autorizaron subas a sus distribuidoras mayores a las de Capital y Conurbano. Edet es una de las empresas que m\u00e1s increment\u00f3 el valor de sus tarifas.\" \/>\n<meta property=\"og:url\" content=\"https:\/\/www.eldiariodetucuman.com\/web\/en-el-interior-el-costo-de-la-energia-electrica-se-triplica-en-comparacion-con-buenos-aires\/\" \/>\n<meta property=\"og:site_name\" content=\"El Diario de Tucuman\" \/>\n<meta property=\"article:published_time\" content=\"2021-08-17T13:24:32+00:00\" \/>\n<meta property=\"article:modified_time\" content=\"2021-08-17T13:27:00+00:00\" \/>\n<meta property=\"og:image\" content=\"https:\/\/www.eldiariodetucuman.com\/web\/wp-content\/uploads\/2020\/10\/cortes-de-luz-tucuman.jpg\" \/>\n\t<meta property=\"og:image:width\" content=\"818\" \/>\n\t<meta property=\"og:image:height\" content=\"460\" \/>\n\t<meta property=\"og:image:type\" content=\"image\/jpeg\" \/>\n<meta name=\"author\" content=\"Redactor Uno\" \/>\n<meta name=\"twitter:card\" content=\"summary_large_image\" \/>\n<meta name=\"twitter:label1\" content=\"Escrito por\" \/>\n\t<meta name=\"twitter:data1\" content=\"Redactor Uno\" \/>\n\t<meta name=\"twitter:label2\" content=\"Tiempo de lectura\" \/>\n\t<meta name=\"twitter:data2\" content=\"5 minutos\" \/>\n<script type=\"application\/ld+json\" class=\"yoast-schema-graph\">{\"@context\":\"https:\\\/\\\/schema.org\",\"@graph\":[{\"@type\":\"Article\",\"@id\":\"https:\\\/\\\/www.eldiariodetucuman.com\\\/web\\\/en-el-interior-el-costo-de-la-energia-electrica-se-triplica-en-comparacion-con-buenos-aires\\\/#article\",\"isPartOf\":{\"@id\":\"https:\\\/\\\/www.eldiariodetucuman.com\\\/web\\\/en-el-interior-el-costo-de-la-energia-electrica-se-triplica-en-comparacion-con-buenos-aires\\\/\"},\"author\":{\"name\":\"Redactor Uno\",\"@id\":\"https:\\\/\\\/www.eldiariodetucuman.com\\\/web\\\/#\\\/schema\\\/person\\\/7e6644a46e60888f6b868594407e08dd\"},\"headline\":\"En el interior el costo de la energ\u00eda el\u00e9ctrica se triplica en comparaci\u00f3n con Buenos Aires\",\"datePublished\":\"2021-08-17T13:24:32+00:00\",\"dateModified\":\"2021-08-17T13:27:00+00:00\",\"mainEntityOfPage\":{\"@id\":\"https:\\\/\\\/www.eldiariodetucuman.com\\\/web\\\/en-el-interior-el-costo-de-la-energia-electrica-se-triplica-en-comparacion-con-buenos-aires\\\/\"},\"wordCount\":1009,\"publisher\":{\"@id\":\"https:\\\/\\\/www.eldiariodetucuman.com\\\/web\\\/#organization\"},\"image\":{\"@id\":\"https:\\\/\\\/www.eldiariodetucuman.com\\\/web\\\/en-el-interior-el-costo-de-la-energia-electrica-se-triplica-en-comparacion-con-buenos-aires\\\/#primaryimage\"},\"thumbnailUrl\":\"https:\\\/\\\/www.eldiariodetucuman.com\\\/web\\\/wp-content\\\/uploads\\\/2020\\\/10\\\/cortes-de-luz-tucuman.jpg\",\"keywords\":[\"luz\",\"servicios\",\"Tucuman\"],\"articleSection\":[\"Politica\",\"Portada\"],\"inLanguage\":\"es\"},{\"@type\":\"WebPage\",\"@id\":\"https:\\\/\\\/www.eldiariodetucuman.com\\\/web\\\/en-el-interior-el-costo-de-la-energia-electrica-se-triplica-en-comparacion-con-buenos-aires\\\/\",\"url\":\"https:\\\/\\\/www.eldiariodetucuman.com\\\/web\\\/en-el-interior-el-costo-de-la-energia-electrica-se-triplica-en-comparacion-con-buenos-aires\\\/\",\"name\":\"En el interior el costo de la energ\u00eda el\u00e9ctrica se triplica en comparaci\u00f3n con Buenos Aires - El Diario de Tucuman\",\"isPartOf\":{\"@id\":\"https:\\\/\\\/www.eldiariodetucuman.com\\\/web\\\/#website\"},\"primaryImageOfPage\":{\"@id\":\"https:\\\/\\\/www.eldiariodetucuman.com\\\/web\\\/en-el-interior-el-costo-de-la-energia-electrica-se-triplica-en-comparacion-con-buenos-aires\\\/#primaryimage\"},\"image\":{\"@id\":\"https:\\\/\\\/www.eldiariodetucuman.com\\\/web\\\/en-el-interior-el-costo-de-la-energia-electrica-se-triplica-en-comparacion-con-buenos-aires\\\/#primaryimage\"},\"thumbnailUrl\":\"https:\\\/\\\/www.eldiariodetucuman.com\\\/web\\\/wp-content\\\/uploads\\\/2020\\\/10\\\/cortes-de-luz-tucuman.jpg\",\"datePublished\":\"2021-08-17T13:24:32+00:00\",\"dateModified\":\"2021-08-17T13:27:00+00:00\",\"breadcrumb\":{\"@id\":\"https:\\\/\\\/www.eldiariodetucuman.com\\\/web\\\/en-el-interior-el-costo-de-la-energia-electrica-se-triplica-en-comparacion-con-buenos-aires\\\/#breadcrumb\"},\"inLanguage\":\"es\",\"potentialAction\":[{\"@type\":\"ReadAction\",\"target\":[\"https:\\\/\\\/www.eldiariodetucuman.com\\\/web\\\/en-el-interior-el-costo-de-la-energia-electrica-se-triplica-en-comparacion-con-buenos-aires\\\/\"]}]},{\"@type\":\"ImageObject\",\"inLanguage\":\"es\",\"@id\":\"https:\\\/\\\/www.eldiariodetucuman.com\\\/web\\\/en-el-interior-el-costo-de-la-energia-electrica-se-triplica-en-comparacion-con-buenos-aires\\\/#primaryimage\",\"url\":\"https:\\\/\\\/www.eldiariodetucuman.com\\\/web\\\/wp-content\\\/uploads\\\/2020\\\/10\\\/cortes-de-luz-tucuman.jpg\",\"contentUrl\":\"https:\\\/\\\/www.eldiariodetucuman.com\\\/web\\\/wp-content\\\/uploads\\\/2020\\\/10\\\/cortes-de-luz-tucuman.jpg\",\"width\":818,\"height\":460},{\"@type\":\"BreadcrumbList\",\"@id\":\"https:\\\/\\\/www.eldiariodetucuman.com\\\/web\\\/en-el-interior-el-costo-de-la-energia-electrica-se-triplica-en-comparacion-con-buenos-aires\\\/#breadcrumb\",\"itemListElement\":[{\"@type\":\"ListItem\",\"position\":1,\"name\":\"Portada\",\"item\":\"https:\\\/\\\/www.eldiariodetucuman.com\\\/web\\\/\"},{\"@type\":\"ListItem\",\"position\":2,\"name\":\"En el interior el costo de la energ\u00eda el\u00e9ctrica se triplica en comparaci\u00f3n con Buenos Aires\"}]},{\"@type\":\"WebSite\",\"@id\":\"https:\\\/\\\/www.eldiariodetucuman.com\\\/web\\\/#website\",\"url\":\"https:\\\/\\\/www.eldiariodetucuman.com\\\/web\\\/\",\"name\":\"El Diario de Tucuman\",\"description\":\"Diario Tucuman - Informaci\u00f3n y noticias\",\"publisher\":{\"@id\":\"https:\\\/\\\/www.eldiariodetucuman.com\\\/web\\\/#organization\"},\"potentialAction\":[{\"@type\":\"SearchAction\",\"target\":{\"@type\":\"EntryPoint\",\"urlTemplate\":\"https:\\\/\\\/www.eldiariodetucuman.com\\\/web\\\/?s={search_term_string}\"},\"query-input\":{\"@type\":\"PropertyValueSpecification\",\"valueRequired\":true,\"valueName\":\"search_term_string\"}}],\"inLanguage\":\"es\"},{\"@type\":\"Organization\",\"@id\":\"https:\\\/\\\/www.eldiariodetucuman.com\\\/web\\\/#organization\",\"name\":\"El Diario de Tucuman\",\"url\":\"https:\\\/\\\/www.eldiariodetucuman.com\\\/web\\\/\",\"logo\":{\"@type\":\"ImageObject\",\"inLanguage\":\"es\",\"@id\":\"https:\\\/\\\/www.eldiariodetucuman.com\\\/web\\\/#\\\/schema\\\/logo\\\/image\\\/\",\"url\":\"http:\\\/\\\/www.eldiariodetucuman.com\\\/web\\\/wp-content\\\/uploads\\\/2017\\\/12\\\/el-diario-de-tucuman.jpg\",\"contentUrl\":\"http:\\\/\\\/www.eldiariodetucuman.com\\\/web\\\/wp-content\\\/uploads\\\/2017\\\/12\\\/el-diario-de-tucuman.jpg\",\"width\":272,\"height\":92,\"caption\":\"El Diario de Tucuman\"},\"image\":{\"@id\":\"https:\\\/\\\/www.eldiariodetucuman.com\\\/web\\\/#\\\/schema\\\/logo\\\/image\\\/\"}},{\"@type\":\"Person\",\"@id\":\"https:\\\/\\\/www.eldiariodetucuman.com\\\/web\\\/#\\\/schema\\\/person\\\/7e6644a46e60888f6b868594407e08dd\",\"name\":\"Redactor Uno\",\"image\":{\"@type\":\"ImageObject\",\"inLanguage\":\"es\",\"@id\":\"https:\\\/\\\/secure.gravatar.com\\\/avatar\\\/0049b1bdf1bd548385c9ea6b9356431717930913089febd2ba904f0187d7d074?s=96&d=mm&r=g\",\"url\":\"https:\\\/\\\/secure.gravatar.com\\\/avatar\\\/0049b1bdf1bd548385c9ea6b9356431717930913089febd2ba904f0187d7d074?s=96&d=mm&r=g\",\"contentUrl\":\"https:\\\/\\\/secure.gravatar.com\\\/avatar\\\/0049b1bdf1bd548385c9ea6b9356431717930913089febd2ba904f0187d7d074?s=96&d=mm&r=g\",\"caption\":\"Redactor Uno\"},\"url\":\"https:\\\/\\\/www.eldiariodetucuman.com\\\/web\\\/author\\\/mramasco\\\/\"}]}<\/script>\n<!-- \/ Yoast SEO plugin. -->","yoast_head_json":{"title":"En el interior el costo de la energ\u00eda el\u00e9ctrica se triplica en comparaci\u00f3n con Buenos Aires - El Diario de Tucuman","robots":{"index":"index","follow":"follow","max-snippet":"max-snippet:-1","max-image-preview":"max-image-preview:large","max-video-preview":"max-video-preview:-1"},"canonical":"https:\/\/www.eldiariodetucuman.com\/web\/en-el-interior-el-costo-de-la-energia-electrica-se-triplica-en-comparacion-con-buenos-aires\/","og_locale":"es_ES","og_type":"article","og_title":"En el interior el costo de la energ\u00eda el\u00e9ctrica se triplica en comparaci\u00f3n con Buenos Aires - El Diario de Tucuman","og_description":"Las provincias autorizaron subas a sus distribuidoras mayores a las de Capital y Conurbano. Edet es una de las empresas que m\u00e1s increment\u00f3 el valor de sus tarifas.","og_url":"https:\/\/www.eldiariodetucuman.com\/web\/en-el-interior-el-costo-de-la-energia-electrica-se-triplica-en-comparacion-con-buenos-aires\/","og_site_name":"El Diario de Tucuman","article_published_time":"2021-08-17T13:24:32+00:00","article_modified_time":"2021-08-17T13:27:00+00:00","og_image":[{"width":818,"height":460,"url":"https:\/\/www.eldiariodetucuman.com\/web\/wp-content\/uploads\/2020\/10\/cortes-de-luz-tucuman.jpg","type":"image\/jpeg"}],"author":"Redactor Uno","twitter_card":"summary_large_image","twitter_misc":{"Escrito por":"Redactor Uno","Tiempo de lectura":"5 minutos"},"schema":{"@context":"https:\/\/schema.org","@graph":[{"@type":"Article","@id":"https:\/\/www.eldiariodetucuman.com\/web\/en-el-interior-el-costo-de-la-energia-electrica-se-triplica-en-comparacion-con-buenos-aires\/#article","isPartOf":{"@id":"https:\/\/www.eldiariodetucuman.com\/web\/en-el-interior-el-costo-de-la-energia-electrica-se-triplica-en-comparacion-con-buenos-aires\/"},"author":{"name":"Redactor Uno","@id":"https:\/\/www.eldiariodetucuman.com\/web\/#\/schema\/person\/7e6644a46e60888f6b868594407e08dd"},"headline":"En el interior el costo de la energ\u00eda el\u00e9ctrica se triplica en comparaci\u00f3n con Buenos Aires","datePublished":"2021-08-17T13:24:32+00:00","dateModified":"2021-08-17T13:27:00+00:00","mainEntityOfPage":{"@id":"https:\/\/www.eldiariodetucuman.com\/web\/en-el-interior-el-costo-de-la-energia-electrica-se-triplica-en-comparacion-con-buenos-aires\/"},"wordCount":1009,"publisher":{"@id":"https:\/\/www.eldiariodetucuman.com\/web\/#organization"},"image":{"@id":"https:\/\/www.eldiariodetucuman.com\/web\/en-el-interior-el-costo-de-la-energia-electrica-se-triplica-en-comparacion-con-buenos-aires\/#primaryimage"},"thumbnailUrl":"https:\/\/www.eldiariodetucuman.com\/web\/wp-content\/uploads\/2020\/10\/cortes-de-luz-tucuman.jpg","keywords":["luz","servicios","Tucuman"],"articleSection":["Politica","Portada"],"inLanguage":"es"},{"@type":"WebPage","@id":"https:\/\/www.eldiariodetucuman.com\/web\/en-el-interior-el-costo-de-la-energia-electrica-se-triplica-en-comparacion-con-buenos-aires\/","url":"https:\/\/www.eldiariodetucuman.com\/web\/en-el-interior-el-costo-de-la-energia-electrica-se-triplica-en-comparacion-con-buenos-aires\/","name":"En el interior el costo de la energ\u00eda el\u00e9ctrica se triplica en comparaci\u00f3n con Buenos Aires - El Diario de Tucuman","isPartOf":{"@id":"https:\/\/www.eldiariodetucuman.com\/web\/#website"},"primaryImageOfPage":{"@id":"https:\/\/www.eldiariodetucuman.com\/web\/en-el-interior-el-costo-de-la-energia-electrica-se-triplica-en-comparacion-con-buenos-aires\/#primaryimage"},"image":{"@id":"https:\/\/www.eldiariodetucuman.com\/web\/en-el-interior-el-costo-de-la-energia-electrica-se-triplica-en-comparacion-con-buenos-aires\/#primaryimage"},"thumbnailUrl":"https:\/\/www.eldiariodetucuman.com\/web\/wp-content\/uploads\/2020\/10\/cortes-de-luz-tucuman.jpg","datePublished":"2021-08-17T13:24:32+00:00","dateModified":"2021-08-17T13:27:00+00:00","breadcrumb":{"@id":"https:\/\/www.eldiariodetucuman.com\/web\/en-el-interior-el-costo-de-la-energia-electrica-se-triplica-en-comparacion-con-buenos-aires\/#breadcrumb"},"inLanguage":"es","potentialAction":[{"@type":"ReadAction","target":["https:\/\/www.eldiariodetucuman.com\/web\/en-el-interior-el-costo-de-la-energia-electrica-se-triplica-en-comparacion-con-buenos-aires\/"]}]},{"@type":"ImageObject","inLanguage":"es","@id":"https:\/\/www.eldiariodetucuman.com\/web\/en-el-interior-el-costo-de-la-energia-electrica-se-triplica-en-comparacion-con-buenos-aires\/#primaryimage","url":"https:\/\/www.eldiariodetucuman.com\/web\/wp-content\/uploads\/2020\/10\/cortes-de-luz-tucuman.jpg","contentUrl":"https:\/\/www.eldiariodetucuman.com\/web\/wp-content\/uploads\/2020\/10\/cortes-de-luz-tucuman.jpg","width":818,"height":460},{"@type":"BreadcrumbList","@id":"https:\/\/www.eldiariodetucuman.com\/web\/en-el-interior-el-costo-de-la-energia-electrica-se-triplica-en-comparacion-con-buenos-aires\/#breadcrumb","itemListElement":[{"@type":"ListItem","position":1,"name":"Portada","item":"https:\/\/www.eldiariodetucuman.com\/web\/"},{"@type":"ListItem","position":2,"name":"En el interior el costo de la energ\u00eda el\u00e9ctrica se triplica en comparaci\u00f3n con Buenos Aires"}]},{"@type":"WebSite","@id":"https:\/\/www.eldiariodetucuman.com\/web\/#website","url":"https:\/\/www.eldiariodetucuman.com\/web\/","name":"El Diario de Tucuman","description":"Diario Tucuman - Informaci\u00f3n y noticias","publisher":{"@id":"https:\/\/www.eldiariodetucuman.com\/web\/#organization"},"potentialAction":[{"@type":"SearchAction","target":{"@type":"EntryPoint","urlTemplate":"https:\/\/www.eldiariodetucuman.com\/web\/?s={search_term_string}"},"query-input":{"@type":"PropertyValueSpecification","valueRequired":true,"valueName":"search_term_string"}}],"inLanguage":"es"},{"@type":"Organization","@id":"https:\/\/www.eldiariodetucuman.com\/web\/#organization","name":"El Diario de Tucuman","url":"https:\/\/www.eldiariodetucuman.com\/web\/","logo":{"@type":"ImageObject","inLanguage":"es","@id":"https:\/\/www.eldiariodetucuman.com\/web\/#\/schema\/logo\/image\/","url":"http:\/\/www.eldiariodetucuman.com\/web\/wp-content\/uploads\/2017\/12\/el-diario-de-tucuman.jpg","contentUrl":"http:\/\/www.eldiariodetucuman.com\/web\/wp-content\/uploads\/2017\/12\/el-diario-de-tucuman.jpg","width":272,"height":92,"caption":"El Diario de Tucuman"},"image":{"@id":"https:\/\/www.eldiariodetucuman.com\/web\/#\/schema\/logo\/image\/"}},{"@type":"Person","@id":"https:\/\/www.eldiariodetucuman.com\/web\/#\/schema\/person\/7e6644a46e60888f6b868594407e08dd","name":"Redactor Uno","image":{"@type":"ImageObject","inLanguage":"es","@id":"https:\/\/secure.gravatar.com\/avatar\/0049b1bdf1bd548385c9ea6b9356431717930913089febd2ba904f0187d7d074?s=96&d=mm&r=g","url":"https:\/\/secure.gravatar.com\/avatar\/0049b1bdf1bd548385c9ea6b9356431717930913089febd2ba904f0187d7d074?s=96&d=mm&r=g","contentUrl":"https:\/\/secure.gravatar.com\/avatar\/0049b1bdf1bd548385c9ea6b9356431717930913089febd2ba904f0187d7d074?s=96&d=mm&r=g","caption":"Redactor Uno"},"url":"https:\/\/www.eldiariodetucuman.com\/web\/author\/mramasco\/"}]}},"_links":{"self":[{"href":"https:\/\/www.eldiariodetucuman.com\/web\/wp-json\/wp\/v2\/posts\/32788","targetHints":{"allow":["GET"]}}],"collection":[{"href":"https:\/\/www.eldiariodetucuman.com\/web\/wp-json\/wp\/v2\/posts"}],"about":[{"href":"https:\/\/www.eldiariodetucuman.com\/web\/wp-json\/wp\/v2\/types\/post"}],"author":[{"embeddable":true,"href":"https:\/\/www.eldiariodetucuman.com\/web\/wp-json\/wp\/v2\/users\/5"}],"replies":[{"embeddable":true,"href":"https:\/\/www.eldiariodetucuman.com\/web\/wp-json\/wp\/v2\/comments?post=32788"}],"version-history":[{"count":1,"href":"https:\/\/www.eldiariodetucuman.com\/web\/wp-json\/wp\/v2\/posts\/32788\/revisions"}],"predecessor-version":[{"id":32789,"href":"https:\/\/www.eldiariodetucuman.com\/web\/wp-json\/wp\/v2\/posts\/32788\/revisions\/32789"}],"wp:featuredmedia":[{"embeddable":true,"href":"https:\/\/www.eldiariodetucuman.com\/web\/wp-json\/wp\/v2\/media\/29419"}],"wp:attachment":[{"href":"https:\/\/www.eldiariodetucuman.com\/web\/wp-json\/wp\/v2\/media?parent=32788"}],"wp:term":[{"taxonomy":"category","embeddable":true,"href":"https:\/\/www.eldiariodetucuman.com\/web\/wp-json\/wp\/v2\/categories?post=32788"},{"taxonomy":"post_tag","embeddable":true,"href":"https:\/\/www.eldiariodetucuman.com\/web\/wp-json\/wp\/v2\/tags?post=32788"}],"curies":[{"name":"wp","href":"https:\/\/api.w.org\/{rel}","templated":true}]}}