{"id":32784,"date":"2021-08-17T10:13:47","date_gmt":"2021-08-17T13:13:47","guid":{"rendered":"http:\/\/www.eldiariodetucuman.com\/web\/?p=32784"},"modified":"2021-08-17T10:13:47","modified_gmt":"2021-08-17T13:13:47","slug":"el-turismo-movio-mas-de-700-mil-personas-durante-el-fin-de-semana-largo","status":"publish","type":"post","link":"https:\/\/www.eldiariodetucuman.com\/web\/el-turismo-movio-mas-de-700-mil-personas-durante-el-fin-de-semana-largo\/","title":{"rendered":"El turismo movi\u00f3 m\u00e1s de 700 mil personas durante el fin de semana largo"},"content":{"rendered":"<div class=\"small-12 xlarge-8 xlarge-offset-2 large-8 large-offset-2 columns\">\n<div class=\"e-post-subtitle\">Con un dispendio promedio de $1.090 per c\u00e1pita, se estima que gastaron $1.636 millones en forma directa.<\/div>\n<\/div>\n<p><!--more--><\/p>\n<div class=\"small-12 xlarge-8 xlarge-offset-2 large-8 large-offset-2 columns\">\n<p class=\"e-post-subtitle\">M\u00e1s de <strong>714 mil turistas<\/strong>\u00a0se movilizaron este fin de semana largo y su consumo aument\u00f3\u00a0<strong>61%<\/strong>\u00a0con relaci\u00f3n a la misma fecha del 2019, antes de la pandemia, inform\u00f3 hoy la CAME. Completaron el fin de semana\u00a0<strong>1.500.870 excursionistas,<\/strong>\u00a0que se desplazaron de una ciudad a otra a pasar el d\u00eda. Con un dispendio promedio de\u00a0<strong>$1.090 per c\u00e1pita,<\/strong>\u00a0se estima que gastaron\u00a0<strong>$1.636 millones en forma directa.<\/strong><\/p>\n<p class=\"e-post-subtitle\">La cantidad de turistas subi\u00f3\u00a0<strong>2,1%<\/strong>\u00a0respecto del mismo fin de semana largo de 2019, ya que en 2020 no hubo apertura tur\u00edstica por la pandemia. Con un gasto diario de\u00a0<strong>$2.308 cada uno<\/strong>\u00a0y una estad\u00eda media de 2,3 d\u00edas, desembolsaron\u00a0<strong>$3.793,9 millones en forma directa,<\/strong>\u00a0un\u00a0<strong>61%<\/strong>\u00a0m\u00e1s que en\u00a0<strong>2019.<\/strong><\/p>\n<p class=\"e-post-subtitle\">Entre<strong>\u00a0el viernes 13 y este lunes 16 de agosto 714.700 turistas y 1,5 millones de excursionistas recorrieron el pa\u00eds<\/strong>, movilizando al comercio, la hoteler\u00eda y la gastronom\u00eda, tres sectores que contin\u00faan muy afectados luego de un a\u00f1o y medio de pandemia.<\/p>\n<p class=\"e-post-subtitle\">El fin de semana largo por el feriado trasladable del <strong>17 de agosto<\/strong>, moviliz\u00f3 a\u00a0<strong>2.215.570 turistas y<\/strong>\u00a0<strong>excursionistas,<\/strong>\u00a0que gastaron en forma directa\u00a0<strong>$5.430 millones<\/strong> en las ciudades que forman parte del circuito tur\u00edstico nacional, que cada vez son m\u00e1s.<\/p>\n<p class=\"e-post-subtitle\">La\u00a0<strong>CAME<\/strong>\u00a0indic\u00f3 que\u00a0<strong>\u00abal desembolso directo hay que agregar el efecto multiplicador que luego se genera, en algunos casos autom\u00e1ticamente y en otros, con alg\u00fan rezago\u00bb<\/strong>. Adem\u00e1s, volvi\u00f3 el turismo deportivo, con variadas competencias el fin de semana a lo largo y ancho del pa\u00eds.<\/p>\n<p class=\"e-post-subtitle\">El norte argentino se lanz\u00f3 con fuertes campa\u00f1as con bastante anticipaci\u00f3n y tuvo sus resultados. Termin\u00f3 siendo una de las regiones m\u00e1s concurridas, con niveles de ocupaci\u00f3n al 100% en algunas ciudades. <strong>La regi\u00f3n sur, en cambio, se vio afectada por la cancelaci\u00f3n de vuelos<\/strong>.<\/p>\n<p class=\"e-post-subtitle\"><strong>Fuente:<\/strong> <a href=\"https:\/\/tucuman.telefe.com\/nacionales\/mas-de-700-mil-personas-se-movilizaron-en-el-pais-durante-el-fin-de-semana-largo\/\">https:\/\/tucuman.telefe.com\/nacionales\/mas-de-700-mil-personas-se-movilizaron-en-el-pais-durante-el-fin-de-semana-largo\/<\/a><\/p>\n<\/div>\n","protected":false},"excerpt":{"rendered":"<p>Con un dispendio promedio de $1.090 per c\u00e1pita, se estima que gastaron $1.636 millones en forma directa.<\/p>\n","protected":false},"author":5,"featured_media":32786,"comment_status":"closed","ping_status":"open","sticky":false,"template":"","format":"standard","meta":{"footnotes":""},"categories":[2],"tags":[134,117],"class_list":{"0":"post-32784","1":"post","2":"type-post","3":"status-publish","4":"format-standard","5":"has-post-thumbnail","7":"category-actualidad","8":"tag-argentina","9":"tag-turismo"},"yoast_head":"<!-- This site is optimized with the Yoast SEO plugin v27.4 - https:\/\/yoast.com\/product\/yoast-seo-wordpress\/ -->\n<title>El turismo movi\u00f3 m\u00e1s de 700 mil personas durante el fin de semana largo - El Diario de Tucuman<\/title>\n<meta name=\"robots\" content=\"index, follow, max-snippet:-1, max-image-preview:large, max-video-preview:-1\" \/>\n<link rel=\"canonical\" href=\"https:\/\/www.eldiariodetucuman.com\/web\/el-turismo-movio-mas-de-700-mil-personas-durante-el-fin-de-semana-largo\/\" \/>\n<meta property=\"og:locale\" content=\"es_ES\" \/>\n<meta property=\"og:type\" content=\"article\" \/>\n<meta property=\"og:title\" content=\"El turismo movi\u00f3 m\u00e1s de 700 mil personas durante el fin de semana largo - El Diario de Tucuman\" \/>\n<meta property=\"og:description\" content=\"Con un dispendio promedio de $1.090 per c\u00e1pita, se estima que gastaron $1.636 millones en forma directa.\" \/>\n<meta property=\"og:url\" content=\"https:\/\/www.eldiariodetucuman.com\/web\/el-turismo-movio-mas-de-700-mil-personas-durante-el-fin-de-semana-largo\/\" \/>\n<meta property=\"og:site_name\" content=\"El Diario de Tucuman\" \/>\n<meta property=\"article:published_time\" content=\"2021-08-17T13:13:47+00:00\" \/>\n<meta property=\"og:image\" content=\"https:\/\/www.eldiariodetucuman.com\/web\/wp-content\/uploads\/2021\/08\/tucuman-turismo.jpg\" \/>\n\t<meta property=\"og:image:width\" content=\"710\" \/>\n\t<meta property=\"og:image:height\" content=\"398\" \/>\n\t<meta property=\"og:image:type\" content=\"image\/jpeg\" \/>\n<meta name=\"author\" content=\"Redactor Uno\" \/>\n<meta name=\"twitter:card\" content=\"summary_large_image\" \/>\n<meta name=\"twitter:label1\" content=\"Escrito por\" \/>\n\t<meta name=\"twitter:data1\" content=\"Redactor Uno\" \/>\n\t<meta name=\"twitter:label2\" content=\"Tiempo de lectura\" \/>\n\t<meta name=\"twitter:data2\" content=\"2 minutos\" \/>\n<script type=\"application\/ld+json\" class=\"yoast-schema-graph\">{\"@context\":\"https:\\\/\\\/schema.org\",\"@graph\":[{\"@type\":\"Article\",\"@id\":\"https:\\\/\\\/www.eldiariodetucuman.com\\\/web\\\/el-turismo-movio-mas-de-700-mil-personas-durante-el-fin-de-semana-largo\\\/#article\",\"isPartOf\":{\"@id\":\"https:\\\/\\\/www.eldiariodetucuman.com\\\/web\\\/el-turismo-movio-mas-de-700-mil-personas-durante-el-fin-de-semana-largo\\\/\"},\"author\":{\"name\":\"Redactor Uno\",\"@id\":\"https:\\\/\\\/www.eldiariodetucuman.com\\\/web\\\/#\\\/schema\\\/person\\\/7e6644a46e60888f6b868594407e08dd\"},\"headline\":\"El turismo movi\u00f3 m\u00e1s de 700 mil personas durante el fin de semana largo\",\"datePublished\":\"2021-08-17T13:13:47+00:00\",\"mainEntityOfPage\":{\"@id\":\"https:\\\/\\\/www.eldiariodetucuman.com\\\/web\\\/el-turismo-movio-mas-de-700-mil-personas-durante-el-fin-de-semana-largo\\\/\"},\"wordCount\":337,\"publisher\":{\"@id\":\"https:\\\/\\\/www.eldiariodetucuman.com\\\/web\\\/#organization\"},\"image\":{\"@id\":\"https:\\\/\\\/www.eldiariodetucuman.com\\\/web\\\/el-turismo-movio-mas-de-700-mil-personas-durante-el-fin-de-semana-largo\\\/#primaryimage\"},\"thumbnailUrl\":\"https:\\\/\\\/www.eldiariodetucuman.com\\\/web\\\/wp-content\\\/uploads\\\/2021\\\/08\\\/tucuman-turismo.jpg\",\"keywords\":[\"Argentina\",\"Turismo\"],\"articleSection\":[\"Actualidad\"],\"inLanguage\":\"es\"},{\"@type\":\"WebPage\",\"@id\":\"https:\\\/\\\/www.eldiariodetucuman.com\\\/web\\\/el-turismo-movio-mas-de-700-mil-personas-durante-el-fin-de-semana-largo\\\/\",\"url\":\"https:\\\/\\\/www.eldiariodetucuman.com\\\/web\\\/el-turismo-movio-mas-de-700-mil-personas-durante-el-fin-de-semana-largo\\\/\",\"name\":\"El turismo movi\u00f3 m\u00e1s de 700 mil personas durante el fin de semana largo - El Diario de Tucuman\",\"isPartOf\":{\"@id\":\"https:\\\/\\\/www.eldiariodetucuman.com\\\/web\\\/#website\"},\"primaryImageOfPage\":{\"@id\":\"https:\\\/\\\/www.eldiariodetucuman.com\\\/web\\\/el-turismo-movio-mas-de-700-mil-personas-durante-el-fin-de-semana-largo\\\/#primaryimage\"},\"image\":{\"@id\":\"https:\\\/\\\/www.eldiariodetucuman.com\\\/web\\\/el-turismo-movio-mas-de-700-mil-personas-durante-el-fin-de-semana-largo\\\/#primaryimage\"},\"thumbnailUrl\":\"https:\\\/\\\/www.eldiariodetucuman.com\\\/web\\\/wp-content\\\/uploads\\\/2021\\\/08\\\/tucuman-turismo.jpg\",\"datePublished\":\"2021-08-17T13:13:47+00:00\",\"breadcrumb\":{\"@id\":\"https:\\\/\\\/www.eldiariodetucuman.com\\\/web\\\/el-turismo-movio-mas-de-700-mil-personas-durante-el-fin-de-semana-largo\\\/#breadcrumb\"},\"inLanguage\":\"es\",\"potentialAction\":[{\"@type\":\"ReadAction\",\"target\":[\"https:\\\/\\\/www.eldiariodetucuman.com\\\/web\\\/el-turismo-movio-mas-de-700-mil-personas-durante-el-fin-de-semana-largo\\\/\"]}]},{\"@type\":\"ImageObject\",\"inLanguage\":\"es\",\"@id\":\"https:\\\/\\\/www.eldiariodetucuman.com\\\/web\\\/el-turismo-movio-mas-de-700-mil-personas-durante-el-fin-de-semana-largo\\\/#primaryimage\",\"url\":\"https:\\\/\\\/www.eldiariodetucuman.com\\\/web\\\/wp-content\\\/uploads\\\/2021\\\/08\\\/tucuman-turismo.jpg\",\"contentUrl\":\"https:\\\/\\\/www.eldiariodetucuman.com\\\/web\\\/wp-content\\\/uploads\\\/2021\\\/08\\\/tucuman-turismo.jpg\",\"width\":710,\"height\":398},{\"@type\":\"BreadcrumbList\",\"@id\":\"https:\\\/\\\/www.eldiariodetucuman.com\\\/web\\\/el-turismo-movio-mas-de-700-mil-personas-durante-el-fin-de-semana-largo\\\/#breadcrumb\",\"itemListElement\":[{\"@type\":\"ListItem\",\"position\":1,\"name\":\"Portada\",\"item\":\"https:\\\/\\\/www.eldiariodetucuman.com\\\/web\\\/\"},{\"@type\":\"ListItem\",\"position\":2,\"name\":\"El turismo movi\u00f3 m\u00e1s de 700 mil personas durante el fin de semana largo\"}]},{\"@type\":\"WebSite\",\"@id\":\"https:\\\/\\\/www.eldiariodetucuman.com\\\/web\\\/#website\",\"url\":\"https:\\\/\\\/www.eldiariodetucuman.com\\\/web\\\/\",\"name\":\"El Diario de Tucuman\",\"description\":\"Diario Tucuman - Informaci\u00f3n y noticias\",\"publisher\":{\"@id\":\"https:\\\/\\\/www.eldiariodetucuman.com\\\/web\\\/#organization\"},\"potentialAction\":[{\"@type\":\"SearchAction\",\"target\":{\"@type\":\"EntryPoint\",\"urlTemplate\":\"https:\\\/\\\/www.eldiariodetucuman.com\\\/web\\\/?s={search_term_string}\"},\"query-input\":{\"@type\":\"PropertyValueSpecification\",\"valueRequired\":true,\"valueName\":\"search_term_string\"}}],\"inLanguage\":\"es\"},{\"@type\":\"Organization\",\"@id\":\"https:\\\/\\\/www.eldiariodetucuman.com\\\/web\\\/#organization\",\"name\":\"El Diario de Tucuman\",\"url\":\"https:\\\/\\\/www.eldiariodetucuman.com\\\/web\\\/\",\"logo\":{\"@type\":\"ImageObject\",\"inLanguage\":\"es\",\"@id\":\"https:\\\/\\\/www.eldiariodetucuman.com\\\/web\\\/#\\\/schema\\\/logo\\\/image\\\/\",\"url\":\"http:\\\/\\\/www.eldiariodetucuman.com\\\/web\\\/wp-content\\\/uploads\\\/2017\\\/12\\\/el-diario-de-tucuman.jpg\",\"contentUrl\":\"http:\\\/\\\/www.eldiariodetucuman.com\\\/web\\\/wp-content\\\/uploads\\\/2017\\\/12\\\/el-diario-de-tucuman.jpg\",\"width\":272,\"height\":92,\"caption\":\"El Diario de Tucuman\"},\"image\":{\"@id\":\"https:\\\/\\\/www.eldiariodetucuman.com\\\/web\\\/#\\\/schema\\\/logo\\\/image\\\/\"}},{\"@type\":\"Person\",\"@id\":\"https:\\\/\\\/www.eldiariodetucuman.com\\\/web\\\/#\\\/schema\\\/person\\\/7e6644a46e60888f6b868594407e08dd\",\"name\":\"Redactor Uno\",\"image\":{\"@type\":\"ImageObject\",\"inLanguage\":\"es\",\"@id\":\"https:\\\/\\\/secure.gravatar.com\\\/avatar\\\/0049b1bdf1bd548385c9ea6b9356431717930913089febd2ba904f0187d7d074?s=96&d=mm&r=g\",\"url\":\"https:\\\/\\\/secure.gravatar.com\\\/avatar\\\/0049b1bdf1bd548385c9ea6b9356431717930913089febd2ba904f0187d7d074?s=96&d=mm&r=g\",\"contentUrl\":\"https:\\\/\\\/secure.gravatar.com\\\/avatar\\\/0049b1bdf1bd548385c9ea6b9356431717930913089febd2ba904f0187d7d074?s=96&d=mm&r=g\",\"caption\":\"Redactor Uno\"},\"url\":\"https:\\\/\\\/www.eldiariodetucuman.com\\\/web\\\/author\\\/mramasco\\\/\"}]}<\/script>\n<!-- \/ Yoast SEO plugin. -->","yoast_head_json":{"title":"El turismo movi\u00f3 m\u00e1s de 700 mil personas durante el fin de semana largo - El Diario de Tucuman","robots":{"index":"index","follow":"follow","max-snippet":"max-snippet:-1","max-image-preview":"max-image-preview:large","max-video-preview":"max-video-preview:-1"},"canonical":"https:\/\/www.eldiariodetucuman.com\/web\/el-turismo-movio-mas-de-700-mil-personas-durante-el-fin-de-semana-largo\/","og_locale":"es_ES","og_type":"article","og_title":"El turismo movi\u00f3 m\u00e1s de 700 mil personas durante el fin de semana largo - El Diario de Tucuman","og_description":"Con un dispendio promedio de $1.090 per c\u00e1pita, se estima que gastaron $1.636 millones en forma directa.","og_url":"https:\/\/www.eldiariodetucuman.com\/web\/el-turismo-movio-mas-de-700-mil-personas-durante-el-fin-de-semana-largo\/","og_site_name":"El Diario de Tucuman","article_published_time":"2021-08-17T13:13:47+00:00","og_image":[{"width":710,"height":398,"url":"https:\/\/www.eldiariodetucuman.com\/web\/wp-content\/uploads\/2021\/08\/tucuman-turismo.jpg","type":"image\/jpeg"}],"author":"Redactor Uno","twitter_card":"summary_large_image","twitter_misc":{"Escrito por":"Redactor Uno","Tiempo de lectura":"2 minutos"},"schema":{"@context":"https:\/\/schema.org","@graph":[{"@type":"Article","@id":"https:\/\/www.eldiariodetucuman.com\/web\/el-turismo-movio-mas-de-700-mil-personas-durante-el-fin-de-semana-largo\/#article","isPartOf":{"@id":"https:\/\/www.eldiariodetucuman.com\/web\/el-turismo-movio-mas-de-700-mil-personas-durante-el-fin-de-semana-largo\/"},"author":{"name":"Redactor Uno","@id":"https:\/\/www.eldiariodetucuman.com\/web\/#\/schema\/person\/7e6644a46e60888f6b868594407e08dd"},"headline":"El turismo movi\u00f3 m\u00e1s de 700 mil personas durante el fin de semana largo","datePublished":"2021-08-17T13:13:47+00:00","mainEntityOfPage":{"@id":"https:\/\/www.eldiariodetucuman.com\/web\/el-turismo-movio-mas-de-700-mil-personas-durante-el-fin-de-semana-largo\/"},"wordCount":337,"publisher":{"@id":"https:\/\/www.eldiariodetucuman.com\/web\/#organization"},"image":{"@id":"https:\/\/www.eldiariodetucuman.com\/web\/el-turismo-movio-mas-de-700-mil-personas-durante-el-fin-de-semana-largo\/#primaryimage"},"thumbnailUrl":"https:\/\/www.eldiariodetucuman.com\/web\/wp-content\/uploads\/2021\/08\/tucuman-turismo.jpg","keywords":["Argentina","Turismo"],"articleSection":["Actualidad"],"inLanguage":"es"},{"@type":"WebPage","@id":"https:\/\/www.eldiariodetucuman.com\/web\/el-turismo-movio-mas-de-700-mil-personas-durante-el-fin-de-semana-largo\/","url":"https:\/\/www.eldiariodetucuman.com\/web\/el-turismo-movio-mas-de-700-mil-personas-durante-el-fin-de-semana-largo\/","name":"El turismo movi\u00f3 m\u00e1s de 700 mil personas durante el fin de semana largo - El Diario de Tucuman","isPartOf":{"@id":"https:\/\/www.eldiariodetucuman.com\/web\/#website"},"primaryImageOfPage":{"@id":"https:\/\/www.eldiariodetucuman.com\/web\/el-turismo-movio-mas-de-700-mil-personas-durante-el-fin-de-semana-largo\/#primaryimage"},"image":{"@id":"https:\/\/www.eldiariodetucuman.com\/web\/el-turismo-movio-mas-de-700-mil-personas-durante-el-fin-de-semana-largo\/#primaryimage"},"thumbnailUrl":"https:\/\/www.eldiariodetucuman.com\/web\/wp-content\/uploads\/2021\/08\/tucuman-turismo.jpg","datePublished":"2021-08-17T13:13:47+00:00","breadcrumb":{"@id":"https:\/\/www.eldiariodetucuman.com\/web\/el-turismo-movio-mas-de-700-mil-personas-durante-el-fin-de-semana-largo\/#breadcrumb"},"inLanguage":"es","potentialAction":[{"@type":"ReadAction","target":["https:\/\/www.eldiariodetucuman.com\/web\/el-turismo-movio-mas-de-700-mil-personas-durante-el-fin-de-semana-largo\/"]}]},{"@type":"ImageObject","inLanguage":"es","@id":"https:\/\/www.eldiariodetucuman.com\/web\/el-turismo-movio-mas-de-700-mil-personas-durante-el-fin-de-semana-largo\/#primaryimage","url":"https:\/\/www.eldiariodetucuman.com\/web\/wp-content\/uploads\/2021\/08\/tucuman-turismo.jpg","contentUrl":"https:\/\/www.eldiariodetucuman.com\/web\/wp-content\/uploads\/2021\/08\/tucuman-turismo.jpg","width":710,"height":398},{"@type":"BreadcrumbList","@id":"https:\/\/www.eldiariodetucuman.com\/web\/el-turismo-movio-mas-de-700-mil-personas-durante-el-fin-de-semana-largo\/#breadcrumb","itemListElement":[{"@type":"ListItem","position":1,"name":"Portada","item":"https:\/\/www.eldiariodetucuman.com\/web\/"},{"@type":"ListItem","position":2,"name":"El turismo movi\u00f3 m\u00e1s de 700 mil personas durante el fin de semana largo"}]},{"@type":"WebSite","@id":"https:\/\/www.eldiariodetucuman.com\/web\/#website","url":"https:\/\/www.eldiariodetucuman.com\/web\/","name":"El Diario de Tucuman","description":"Diario Tucuman - Informaci\u00f3n y noticias","publisher":{"@id":"https:\/\/www.eldiariodetucuman.com\/web\/#organization"},"potentialAction":[{"@type":"SearchAction","target":{"@type":"EntryPoint","urlTemplate":"https:\/\/www.eldiariodetucuman.com\/web\/?s={search_term_string}"},"query-input":{"@type":"PropertyValueSpecification","valueRequired":true,"valueName":"search_term_string"}}],"inLanguage":"es"},{"@type":"Organization","@id":"https:\/\/www.eldiariodetucuman.com\/web\/#organization","name":"El Diario de Tucuman","url":"https:\/\/www.eldiariodetucuman.com\/web\/","logo":{"@type":"ImageObject","inLanguage":"es","@id":"https:\/\/www.eldiariodetucuman.com\/web\/#\/schema\/logo\/image\/","url":"http:\/\/www.eldiariodetucuman.com\/web\/wp-content\/uploads\/2017\/12\/el-diario-de-tucuman.jpg","contentUrl":"http:\/\/www.eldiariodetucuman.com\/web\/wp-content\/uploads\/2017\/12\/el-diario-de-tucuman.jpg","width":272,"height":92,"caption":"El Diario de Tucuman"},"image":{"@id":"https:\/\/www.eldiariodetucuman.com\/web\/#\/schema\/logo\/image\/"}},{"@type":"Person","@id":"https:\/\/www.eldiariodetucuman.com\/web\/#\/schema\/person\/7e6644a46e60888f6b868594407e08dd","name":"Redactor Uno","image":{"@type":"ImageObject","inLanguage":"es","@id":"https:\/\/secure.gravatar.com\/avatar\/0049b1bdf1bd548385c9ea6b9356431717930913089febd2ba904f0187d7d074?s=96&d=mm&r=g","url":"https:\/\/secure.gravatar.com\/avatar\/0049b1bdf1bd548385c9ea6b9356431717930913089febd2ba904f0187d7d074?s=96&d=mm&r=g","contentUrl":"https:\/\/secure.gravatar.com\/avatar\/0049b1bdf1bd548385c9ea6b9356431717930913089febd2ba904f0187d7d074?s=96&d=mm&r=g","caption":"Redactor Uno"},"url":"https:\/\/www.eldiariodetucuman.com\/web\/author\/mramasco\/"}]}},"_links":{"self":[{"href":"https:\/\/www.eldiariodetucuman.com\/web\/wp-json\/wp\/v2\/posts\/32784","targetHints":{"allow":["GET"]}}],"collection":[{"href":"https:\/\/www.eldiariodetucuman.com\/web\/wp-json\/wp\/v2\/posts"}],"about":[{"href":"https:\/\/www.eldiariodetucuman.com\/web\/wp-json\/wp\/v2\/types\/post"}],"author":[{"embeddable":true,"href":"https:\/\/www.eldiariodetucuman.com\/web\/wp-json\/wp\/v2\/users\/5"}],"replies":[{"embeddable":true,"href":"https:\/\/www.eldiariodetucuman.com\/web\/wp-json\/wp\/v2\/comments?post=32784"}],"version-history":[{"count":2,"href":"https:\/\/www.eldiariodetucuman.com\/web\/wp-json\/wp\/v2\/posts\/32784\/revisions"}],"predecessor-version":[{"id":32787,"href":"https:\/\/www.eldiariodetucuman.com\/web\/wp-json\/wp\/v2\/posts\/32784\/revisions\/32787"}],"wp:featuredmedia":[{"embeddable":true,"href":"https:\/\/www.eldiariodetucuman.com\/web\/wp-json\/wp\/v2\/media\/32786"}],"wp:attachment":[{"href":"https:\/\/www.eldiariodetucuman.com\/web\/wp-json\/wp\/v2\/media?parent=32784"}],"wp:term":[{"taxonomy":"category","embeddable":true,"href":"https:\/\/www.eldiariodetucuman.com\/web\/wp-json\/wp\/v2\/categories?post=32784"},{"taxonomy":"post_tag","embeddable":true,"href":"https:\/\/www.eldiariodetucuman.com\/web\/wp-json\/wp\/v2\/tags?post=32784"}],"curies":[{"name":"wp","href":"https:\/\/api.w.org\/{rel}","templated":true}]}}