{"id":32781,"date":"2021-08-17T09:46:55","date_gmt":"2021-08-17T12:46:55","guid":{"rendered":"http:\/\/www.eldiariodetucuman.com\/web\/?p=32781"},"modified":"2021-08-17T09:46:55","modified_gmt":"2021-08-17T12:46:55","slug":"orgullo-el-patin-artistico-tucumano-hizo-podio-en-el-regional","status":"publish","type":"post","link":"https:\/\/www.eldiariodetucuman.com\/web\/orgullo-el-patin-artistico-tucumano-hizo-podio-en-el-regional\/","title":{"rendered":"Orgullo: el pat\u00edn art\u00edstico tucumano hizo podio en el regional"},"content":{"rendered":"<article>\n<div id=\"detail-header\" class=\"article-header\">\n<div class=\"row\">\n<div class=\"col-12\">\n<div class=\"article-sub-title \">\n<p>Mirta Olivera, presidenta de la Federaci\u00f3n de Pat\u00edn en Tucum\u00e1n, manifest\u00f3 su alegr\u00eda por el primer lugar en el Regional del NOA que se disput\u00f3 en Salta.<\/p>\n<\/div>\n<\/div>\n<\/div>\n<\/div>\n<\/article>\n<p><!--more--><\/p>\n<div class=\"row\">\n<div class=\"col col-8\">\n<article class=\"article-body first\">\n<p class=\"article-author\">El pasado fin de semana fue una jornada inolvidable para el patinaje art\u00edstico tucumano. Las representantes de Tucum\u00e1n pudieron subirse a o m\u00e1s alto del podio en el regional que se desarroll\u00f3 en la provincia vecina de Salta. Al respecto, <strong>Mirta Olivera<\/strong>, presidenta de la Federaci\u00f3n de\u00a0<strong>Pat\u00edn<\/strong> en Tucum\u00e1n, habl\u00f3 en una entrevista por <strong>LV12\u00a0<\/strong>y dej\u00f3 sus sensaciones.<\/p>\n<p class=\"article-author\">\u201c<em>Nos fue excelente, logramos traer el primer\u00a0premio\u00a0superando a Santiago del Estero, Catamarca y Salta y nos quedamos con el primer premio en el NOA\u201d<\/em>, dijo.<\/p>\n<p class=\"article-author\"><em>\u201cFue desde el 11 al 14 de agosto, cumpliendo todos los protocolos, casi sin gente en el estadio. Desde Tucum\u00e1n fueron 230 patinadores. No solamente participaron en la categor\u00eda C, sino que fue en varias y pudimos competir en una categor\u00eda que se llama sudamericano, que son chicas que se preparan para esas competencias\u201d<\/em>, cont\u00f3.<\/p>\n<p class=\"article-author\">\u201cDanza, escuela, libre y otras disciplinas, hubo varias chicas destacadas, son muchas y se quedaron con los primer y segundo premio. Fueron escuelas representando a Central Norte, Barrio Jard\u00edn, Lules, Alderetes, Tafi Viejo, Hurac\u00e1n BB entre otras. Adem\u00e1s, fueron chicas del Complejo Belgrano que participaron en el pat\u00edn adaptado\u201d, detall\u00f3 Mirta Olivera.<\/p>\n<p class=\"article-author\">Por \u00faltimo, coment\u00f3: <em>\u201cEl pr\u00f3ximo torneo ser\u00e1 en septiembre, ser\u00e1n despu\u00e9s de las elecciones y se disputar\u00e1 en Tucum\u00e1n. Hay que evaluar los lugares para que puedan cumplirse los protocolos, tenemos que buscar los espacios donde lo podamos desarrollar\u201d<\/em>.<\/p>\n<p class=\"article-author\"><strong>Fuente:<\/strong> <a href=\"https:\/\/www.lv12.com.ar\/patin\/el-patin-artistico-tucumano-se-subio-al-podio-el-regional-n100314\">https:\/\/www.lv12.com.ar\/patin\/el-patin-artistico-tucumano-se-subio-al-podio-el-regional-n100314<\/a><\/p>\n<\/article>\n<\/div>\n<\/div>\n","protected":false},"excerpt":{"rendered":"<p>Mirta Olivera, presidenta de la Federaci\u00f3n de Pat\u00edn en Tucum\u00e1n, manifest\u00f3 su alegr\u00eda por el primer lugar en el Regional del NOA que se disput\u00f3 en Salta.<\/p>\n","protected":false},"author":5,"featured_media":32782,"comment_status":"closed","ping_status":"open","sticky":false,"template":"","format":"standard","meta":{"footnotes":""},"categories":[2],"tags":[3942,61],"class_list":{"0":"post-32781","1":"post","2":"type-post","3":"status-publish","4":"format-standard","5":"has-post-thumbnail","7":"category-actualidad","8":"tag-patin-artistico","9":"tag-tucuman"},"yoast_head":"<!-- This site is optimized with the Yoast SEO plugin v27.4 - https:\/\/yoast.com\/product\/yoast-seo-wordpress\/ -->\n<title>Orgullo: el pat\u00edn art\u00edstico tucumano hizo podio en el regional - El Diario de Tucuman<\/title>\n<meta name=\"robots\" content=\"index, follow, max-snippet:-1, max-image-preview:large, max-video-preview:-1\" \/>\n<link rel=\"canonical\" href=\"https:\/\/www.eldiariodetucuman.com\/web\/orgullo-el-patin-artistico-tucumano-hizo-podio-en-el-regional\/\" \/>\n<meta property=\"og:locale\" content=\"es_ES\" \/>\n<meta property=\"og:type\" content=\"article\" \/>\n<meta property=\"og:title\" content=\"Orgullo: el pat\u00edn art\u00edstico tucumano hizo podio en el regional - El Diario de Tucuman\" \/>\n<meta property=\"og:description\" content=\"Mirta Olivera, presidenta de la Federaci\u00f3n de Pat\u00edn en Tucum\u00e1n, manifest\u00f3 su alegr\u00eda por el primer lugar en el Regional del NOA que se disput\u00f3 en Salta.\" \/>\n<meta property=\"og:url\" content=\"https:\/\/www.eldiariodetucuman.com\/web\/orgullo-el-patin-artistico-tucumano-hizo-podio-en-el-regional\/\" \/>\n<meta property=\"og:site_name\" content=\"El Diario de Tucuman\" \/>\n<meta property=\"article:published_time\" content=\"2021-08-17T12:46:55+00:00\" \/>\n<meta property=\"og:image\" content=\"https:\/\/www.eldiariodetucuman.com\/web\/wp-content\/uploads\/2021\/08\/tin-artistico.jpg\" \/>\n\t<meta property=\"og:image:width\" content=\"901\" \/>\n\t<meta property=\"og:image:height\" content=\"675\" \/>\n\t<meta property=\"og:image:type\" content=\"image\/jpeg\" \/>\n<meta name=\"author\" content=\"Redactor Uno\" \/>\n<meta name=\"twitter:card\" content=\"summary_large_image\" \/>\n<meta name=\"twitter:label1\" content=\"Escrito por\" \/>\n\t<meta name=\"twitter:data1\" content=\"Redactor Uno\" \/>\n\t<meta name=\"twitter:label2\" content=\"Tiempo de lectura\" \/>\n\t<meta name=\"twitter:data2\" content=\"2 minutos\" \/>\n<script type=\"application\/ld+json\" class=\"yoast-schema-graph\">{\"@context\":\"https:\\\/\\\/schema.org\",\"@graph\":[{\"@type\":\"Article\",\"@id\":\"https:\\\/\\\/www.eldiariodetucuman.com\\\/web\\\/orgullo-el-patin-artistico-tucumano-hizo-podio-en-el-regional\\\/#article\",\"isPartOf\":{\"@id\":\"https:\\\/\\\/www.eldiariodetucuman.com\\\/web\\\/orgullo-el-patin-artistico-tucumano-hizo-podio-en-el-regional\\\/\"},\"author\":{\"name\":\"Redactor Uno\",\"@id\":\"https:\\\/\\\/www.eldiariodetucuman.com\\\/web\\\/#\\\/schema\\\/person\\\/7e6644a46e60888f6b868594407e08dd\"},\"headline\":\"Orgullo: el pat\u00edn art\u00edstico tucumano hizo podio en el regional\",\"datePublished\":\"2021-08-17T12:46:55+00:00\",\"mainEntityOfPage\":{\"@id\":\"https:\\\/\\\/www.eldiariodetucuman.com\\\/web\\\/orgullo-el-patin-artistico-tucumano-hizo-podio-en-el-regional\\\/\"},\"wordCount\":298,\"publisher\":{\"@id\":\"https:\\\/\\\/www.eldiariodetucuman.com\\\/web\\\/#organization\"},\"image\":{\"@id\":\"https:\\\/\\\/www.eldiariodetucuman.com\\\/web\\\/orgullo-el-patin-artistico-tucumano-hizo-podio-en-el-regional\\\/#primaryimage\"},\"thumbnailUrl\":\"https:\\\/\\\/www.eldiariodetucuman.com\\\/web\\\/wp-content\\\/uploads\\\/2021\\\/08\\\/tin-artistico.jpg\",\"keywords\":[\"pat\u00edn art\u00edstico\",\"Tucuman\"],\"articleSection\":[\"Actualidad\"],\"inLanguage\":\"es\"},{\"@type\":\"WebPage\",\"@id\":\"https:\\\/\\\/www.eldiariodetucuman.com\\\/web\\\/orgullo-el-patin-artistico-tucumano-hizo-podio-en-el-regional\\\/\",\"url\":\"https:\\\/\\\/www.eldiariodetucuman.com\\\/web\\\/orgullo-el-patin-artistico-tucumano-hizo-podio-en-el-regional\\\/\",\"name\":\"Orgullo: el pat\u00edn art\u00edstico tucumano hizo podio en el regional - El Diario de Tucuman\",\"isPartOf\":{\"@id\":\"https:\\\/\\\/www.eldiariodetucuman.com\\\/web\\\/#website\"},\"primaryImageOfPage\":{\"@id\":\"https:\\\/\\\/www.eldiariodetucuman.com\\\/web\\\/orgullo-el-patin-artistico-tucumano-hizo-podio-en-el-regional\\\/#primaryimage\"},\"image\":{\"@id\":\"https:\\\/\\\/www.eldiariodetucuman.com\\\/web\\\/orgullo-el-patin-artistico-tucumano-hizo-podio-en-el-regional\\\/#primaryimage\"},\"thumbnailUrl\":\"https:\\\/\\\/www.eldiariodetucuman.com\\\/web\\\/wp-content\\\/uploads\\\/2021\\\/08\\\/tin-artistico.jpg\",\"datePublished\":\"2021-08-17T12:46:55+00:00\",\"breadcrumb\":{\"@id\":\"https:\\\/\\\/www.eldiariodetucuman.com\\\/web\\\/orgullo-el-patin-artistico-tucumano-hizo-podio-en-el-regional\\\/#breadcrumb\"},\"inLanguage\":\"es\",\"potentialAction\":[{\"@type\":\"ReadAction\",\"target\":[\"https:\\\/\\\/www.eldiariodetucuman.com\\\/web\\\/orgullo-el-patin-artistico-tucumano-hizo-podio-en-el-regional\\\/\"]}]},{\"@type\":\"ImageObject\",\"inLanguage\":\"es\",\"@id\":\"https:\\\/\\\/www.eldiariodetucuman.com\\\/web\\\/orgullo-el-patin-artistico-tucumano-hizo-podio-en-el-regional\\\/#primaryimage\",\"url\":\"https:\\\/\\\/www.eldiariodetucuman.com\\\/web\\\/wp-content\\\/uploads\\\/2021\\\/08\\\/tin-artistico.jpg\",\"contentUrl\":\"https:\\\/\\\/www.eldiariodetucuman.com\\\/web\\\/wp-content\\\/uploads\\\/2021\\\/08\\\/tin-artistico.jpg\",\"width\":901,\"height\":675},{\"@type\":\"BreadcrumbList\",\"@id\":\"https:\\\/\\\/www.eldiariodetucuman.com\\\/web\\\/orgullo-el-patin-artistico-tucumano-hizo-podio-en-el-regional\\\/#breadcrumb\",\"itemListElement\":[{\"@type\":\"ListItem\",\"position\":1,\"name\":\"Portada\",\"item\":\"https:\\\/\\\/www.eldiariodetucuman.com\\\/web\\\/\"},{\"@type\":\"ListItem\",\"position\":2,\"name\":\"Orgullo: el pat\u00edn art\u00edstico tucumano hizo podio en el regional\"}]},{\"@type\":\"WebSite\",\"@id\":\"https:\\\/\\\/www.eldiariodetucuman.com\\\/web\\\/#website\",\"url\":\"https:\\\/\\\/www.eldiariodetucuman.com\\\/web\\\/\",\"name\":\"El Diario de Tucuman\",\"description\":\"Diario Tucuman - Informaci\u00f3n y noticias\",\"publisher\":{\"@id\":\"https:\\\/\\\/www.eldiariodetucuman.com\\\/web\\\/#organization\"},\"potentialAction\":[{\"@type\":\"SearchAction\",\"target\":{\"@type\":\"EntryPoint\",\"urlTemplate\":\"https:\\\/\\\/www.eldiariodetucuman.com\\\/web\\\/?s={search_term_string}\"},\"query-input\":{\"@type\":\"PropertyValueSpecification\",\"valueRequired\":true,\"valueName\":\"search_term_string\"}}],\"inLanguage\":\"es\"},{\"@type\":\"Organization\",\"@id\":\"https:\\\/\\\/www.eldiariodetucuman.com\\\/web\\\/#organization\",\"name\":\"El Diario de Tucuman\",\"url\":\"https:\\\/\\\/www.eldiariodetucuman.com\\\/web\\\/\",\"logo\":{\"@type\":\"ImageObject\",\"inLanguage\":\"es\",\"@id\":\"https:\\\/\\\/www.eldiariodetucuman.com\\\/web\\\/#\\\/schema\\\/logo\\\/image\\\/\",\"url\":\"http:\\\/\\\/www.eldiariodetucuman.com\\\/web\\\/wp-content\\\/uploads\\\/2017\\\/12\\\/el-diario-de-tucuman.jpg\",\"contentUrl\":\"http:\\\/\\\/www.eldiariodetucuman.com\\\/web\\\/wp-content\\\/uploads\\\/2017\\\/12\\\/el-diario-de-tucuman.jpg\",\"width\":272,\"height\":92,\"caption\":\"El Diario de Tucuman\"},\"image\":{\"@id\":\"https:\\\/\\\/www.eldiariodetucuman.com\\\/web\\\/#\\\/schema\\\/logo\\\/image\\\/\"}},{\"@type\":\"Person\",\"@id\":\"https:\\\/\\\/www.eldiariodetucuman.com\\\/web\\\/#\\\/schema\\\/person\\\/7e6644a46e60888f6b868594407e08dd\",\"name\":\"Redactor Uno\",\"image\":{\"@type\":\"ImageObject\",\"inLanguage\":\"es\",\"@id\":\"https:\\\/\\\/secure.gravatar.com\\\/avatar\\\/0049b1bdf1bd548385c9ea6b9356431717930913089febd2ba904f0187d7d074?s=96&d=mm&r=g\",\"url\":\"https:\\\/\\\/secure.gravatar.com\\\/avatar\\\/0049b1bdf1bd548385c9ea6b9356431717930913089febd2ba904f0187d7d074?s=96&d=mm&r=g\",\"contentUrl\":\"https:\\\/\\\/secure.gravatar.com\\\/avatar\\\/0049b1bdf1bd548385c9ea6b9356431717930913089febd2ba904f0187d7d074?s=96&d=mm&r=g\",\"caption\":\"Redactor Uno\"},\"url\":\"https:\\\/\\\/www.eldiariodetucuman.com\\\/web\\\/author\\\/mramasco\\\/\"}]}<\/script>\n<!-- \/ Yoast SEO plugin. -->","yoast_head_json":{"title":"Orgullo: el pat\u00edn art\u00edstico tucumano hizo podio en el regional - El Diario de Tucuman","robots":{"index":"index","follow":"follow","max-snippet":"max-snippet:-1","max-image-preview":"max-image-preview:large","max-video-preview":"max-video-preview:-1"},"canonical":"https:\/\/www.eldiariodetucuman.com\/web\/orgullo-el-patin-artistico-tucumano-hizo-podio-en-el-regional\/","og_locale":"es_ES","og_type":"article","og_title":"Orgullo: el pat\u00edn art\u00edstico tucumano hizo podio en el regional - El Diario de Tucuman","og_description":"Mirta Olivera, presidenta de la Federaci\u00f3n de Pat\u00edn en Tucum\u00e1n, manifest\u00f3 su alegr\u00eda por el primer lugar en el Regional del NOA que se disput\u00f3 en Salta.","og_url":"https:\/\/www.eldiariodetucuman.com\/web\/orgullo-el-patin-artistico-tucumano-hizo-podio-en-el-regional\/","og_site_name":"El Diario de Tucuman","article_published_time":"2021-08-17T12:46:55+00:00","og_image":[{"width":901,"height":675,"url":"https:\/\/www.eldiariodetucuman.com\/web\/wp-content\/uploads\/2021\/08\/tin-artistico.jpg","type":"image\/jpeg"}],"author":"Redactor Uno","twitter_card":"summary_large_image","twitter_misc":{"Escrito por":"Redactor Uno","Tiempo de lectura":"2 minutos"},"schema":{"@context":"https:\/\/schema.org","@graph":[{"@type":"Article","@id":"https:\/\/www.eldiariodetucuman.com\/web\/orgullo-el-patin-artistico-tucumano-hizo-podio-en-el-regional\/#article","isPartOf":{"@id":"https:\/\/www.eldiariodetucuman.com\/web\/orgullo-el-patin-artistico-tucumano-hizo-podio-en-el-regional\/"},"author":{"name":"Redactor Uno","@id":"https:\/\/www.eldiariodetucuman.com\/web\/#\/schema\/person\/7e6644a46e60888f6b868594407e08dd"},"headline":"Orgullo: el pat\u00edn art\u00edstico tucumano hizo podio en el regional","datePublished":"2021-08-17T12:46:55+00:00","mainEntityOfPage":{"@id":"https:\/\/www.eldiariodetucuman.com\/web\/orgullo-el-patin-artistico-tucumano-hizo-podio-en-el-regional\/"},"wordCount":298,"publisher":{"@id":"https:\/\/www.eldiariodetucuman.com\/web\/#organization"},"image":{"@id":"https:\/\/www.eldiariodetucuman.com\/web\/orgullo-el-patin-artistico-tucumano-hizo-podio-en-el-regional\/#primaryimage"},"thumbnailUrl":"https:\/\/www.eldiariodetucuman.com\/web\/wp-content\/uploads\/2021\/08\/tin-artistico.jpg","keywords":["pat\u00edn art\u00edstico","Tucuman"],"articleSection":["Actualidad"],"inLanguage":"es"},{"@type":"WebPage","@id":"https:\/\/www.eldiariodetucuman.com\/web\/orgullo-el-patin-artistico-tucumano-hizo-podio-en-el-regional\/","url":"https:\/\/www.eldiariodetucuman.com\/web\/orgullo-el-patin-artistico-tucumano-hizo-podio-en-el-regional\/","name":"Orgullo: el pat\u00edn art\u00edstico tucumano hizo podio en el regional - El Diario de Tucuman","isPartOf":{"@id":"https:\/\/www.eldiariodetucuman.com\/web\/#website"},"primaryImageOfPage":{"@id":"https:\/\/www.eldiariodetucuman.com\/web\/orgullo-el-patin-artistico-tucumano-hizo-podio-en-el-regional\/#primaryimage"},"image":{"@id":"https:\/\/www.eldiariodetucuman.com\/web\/orgullo-el-patin-artistico-tucumano-hizo-podio-en-el-regional\/#primaryimage"},"thumbnailUrl":"https:\/\/www.eldiariodetucuman.com\/web\/wp-content\/uploads\/2021\/08\/tin-artistico.jpg","datePublished":"2021-08-17T12:46:55+00:00","breadcrumb":{"@id":"https:\/\/www.eldiariodetucuman.com\/web\/orgullo-el-patin-artistico-tucumano-hizo-podio-en-el-regional\/#breadcrumb"},"inLanguage":"es","potentialAction":[{"@type":"ReadAction","target":["https:\/\/www.eldiariodetucuman.com\/web\/orgullo-el-patin-artistico-tucumano-hizo-podio-en-el-regional\/"]}]},{"@type":"ImageObject","inLanguage":"es","@id":"https:\/\/www.eldiariodetucuman.com\/web\/orgullo-el-patin-artistico-tucumano-hizo-podio-en-el-regional\/#primaryimage","url":"https:\/\/www.eldiariodetucuman.com\/web\/wp-content\/uploads\/2021\/08\/tin-artistico.jpg","contentUrl":"https:\/\/www.eldiariodetucuman.com\/web\/wp-content\/uploads\/2021\/08\/tin-artistico.jpg","width":901,"height":675},{"@type":"BreadcrumbList","@id":"https:\/\/www.eldiariodetucuman.com\/web\/orgullo-el-patin-artistico-tucumano-hizo-podio-en-el-regional\/#breadcrumb","itemListElement":[{"@type":"ListItem","position":1,"name":"Portada","item":"https:\/\/www.eldiariodetucuman.com\/web\/"},{"@type":"ListItem","position":2,"name":"Orgullo: el pat\u00edn art\u00edstico tucumano hizo podio en el regional"}]},{"@type":"WebSite","@id":"https:\/\/www.eldiariodetucuman.com\/web\/#website","url":"https:\/\/www.eldiariodetucuman.com\/web\/","name":"El Diario de Tucuman","description":"Diario Tucuman - Informaci\u00f3n y noticias","publisher":{"@id":"https:\/\/www.eldiariodetucuman.com\/web\/#organization"},"potentialAction":[{"@type":"SearchAction","target":{"@type":"EntryPoint","urlTemplate":"https:\/\/www.eldiariodetucuman.com\/web\/?s={search_term_string}"},"query-input":{"@type":"PropertyValueSpecification","valueRequired":true,"valueName":"search_term_string"}}],"inLanguage":"es"},{"@type":"Organization","@id":"https:\/\/www.eldiariodetucuman.com\/web\/#organization","name":"El Diario de Tucuman","url":"https:\/\/www.eldiariodetucuman.com\/web\/","logo":{"@type":"ImageObject","inLanguage":"es","@id":"https:\/\/www.eldiariodetucuman.com\/web\/#\/schema\/logo\/image\/","url":"http:\/\/www.eldiariodetucuman.com\/web\/wp-content\/uploads\/2017\/12\/el-diario-de-tucuman.jpg","contentUrl":"http:\/\/www.eldiariodetucuman.com\/web\/wp-content\/uploads\/2017\/12\/el-diario-de-tucuman.jpg","width":272,"height":92,"caption":"El Diario de Tucuman"},"image":{"@id":"https:\/\/www.eldiariodetucuman.com\/web\/#\/schema\/logo\/image\/"}},{"@type":"Person","@id":"https:\/\/www.eldiariodetucuman.com\/web\/#\/schema\/person\/7e6644a46e60888f6b868594407e08dd","name":"Redactor Uno","image":{"@type":"ImageObject","inLanguage":"es","@id":"https:\/\/secure.gravatar.com\/avatar\/0049b1bdf1bd548385c9ea6b9356431717930913089febd2ba904f0187d7d074?s=96&d=mm&r=g","url":"https:\/\/secure.gravatar.com\/avatar\/0049b1bdf1bd548385c9ea6b9356431717930913089febd2ba904f0187d7d074?s=96&d=mm&r=g","contentUrl":"https:\/\/secure.gravatar.com\/avatar\/0049b1bdf1bd548385c9ea6b9356431717930913089febd2ba904f0187d7d074?s=96&d=mm&r=g","caption":"Redactor Uno"},"url":"https:\/\/www.eldiariodetucuman.com\/web\/author\/mramasco\/"}]}},"_links":{"self":[{"href":"https:\/\/www.eldiariodetucuman.com\/web\/wp-json\/wp\/v2\/posts\/32781","targetHints":{"allow":["GET"]}}],"collection":[{"href":"https:\/\/www.eldiariodetucuman.com\/web\/wp-json\/wp\/v2\/posts"}],"about":[{"href":"https:\/\/www.eldiariodetucuman.com\/web\/wp-json\/wp\/v2\/types\/post"}],"author":[{"embeddable":true,"href":"https:\/\/www.eldiariodetucuman.com\/web\/wp-json\/wp\/v2\/users\/5"}],"replies":[{"embeddable":true,"href":"https:\/\/www.eldiariodetucuman.com\/web\/wp-json\/wp\/v2\/comments?post=32781"}],"version-history":[{"count":1,"href":"https:\/\/www.eldiariodetucuman.com\/web\/wp-json\/wp\/v2\/posts\/32781\/revisions"}],"predecessor-version":[{"id":32783,"href":"https:\/\/www.eldiariodetucuman.com\/web\/wp-json\/wp\/v2\/posts\/32781\/revisions\/32783"}],"wp:featuredmedia":[{"embeddable":true,"href":"https:\/\/www.eldiariodetucuman.com\/web\/wp-json\/wp\/v2\/media\/32782"}],"wp:attachment":[{"href":"https:\/\/www.eldiariodetucuman.com\/web\/wp-json\/wp\/v2\/media?parent=32781"}],"wp:term":[{"taxonomy":"category","embeddable":true,"href":"https:\/\/www.eldiariodetucuman.com\/web\/wp-json\/wp\/v2\/categories?post=32781"},{"taxonomy":"post_tag","embeddable":true,"href":"https:\/\/www.eldiariodetucuman.com\/web\/wp-json\/wp\/v2\/tags?post=32781"}],"curies":[{"name":"wp","href":"https:\/\/api.w.org\/{rel}","templated":true}]}}