{"id":32659,"date":"2021-08-04T09:05:05","date_gmt":"2021-08-04T12:05:05","guid":{"rendered":"http:\/\/www.eldiariodetucuman.com\/web\/?p=32659"},"modified":"2021-08-04T09:05:05","modified_gmt":"2021-08-04T12:05:05","slug":"en-la-facultad-de-medicina-se-exigira-pasaporte-sanitario-para-la-actividad-presencial","status":"publish","type":"post","link":"https:\/\/www.eldiariodetucuman.com\/web\/en-la-facultad-de-medicina-se-exigira-pasaporte-sanitario-para-la-actividad-presencial\/","title":{"rendered":"En la Facultad de Medicina se exigir\u00e1 \u00abpasaporte sanitario\u00bb para la actividad presencial"},"content":{"rendered":"<div class=\"ntinfo\">\n<div id=\"redes\" class=\"herr\"><a class=\"clkfg\">El Consejo Directivo de la Facultad de Medicina de la Universidad Nacional de Tucum\u00e1n (UNT) resolvi\u00f3 que para que los miembros de esa comunidad acad\u00e9mica puedan realizar cualquier actividad presencial deber\u00e1n contar con un documento que certifique que han padecido covid-19 o que han recibido al menos menos una dosis de cualquier vacuna.<\/a><\/div>\n<\/div>\n<p><!--more--><\/p>\n<p class=\"ntbaj entry-summary\">\u00abResulta obligatorio para todo miembro de la comunidad educativa portar en forma f\u00edsica o digital el certificado de vacunaci\u00f3n y\/o constancia de haber padecido ya covid-19,previo a la realizaci\u00f3n de cualquier actividad presencial, en \u00e1mbitos propios de la Facultad y en los espacios asociados a esta\u00bb, se\u00f1ala el art\u00edculo 2 de la Resoluci\u00f3n N\u00b0 491 de la Facultad de Medicina que lleva la firma de su decano, Mateo Mart\u00ednez.<\/p>\n<p class=\"ntbaj entry-summary\">El Consejo Directivo apunt\u00f3 que esta decisi\u00f3n no exime a la comunidad educativa de proseguir cumpliendo con las medidas ya adoptadas, tales como el distanciamiento interpersonal, el uso de tapabocas, la higiene de manos y toda otra acci\u00f3n a fin de mitigar el impacto epid\u00e9mico.<\/p>\n<p class=\"ntbaj entry-summary\"><strong>Fuente:<\/strong> <a href=\"http:\/\/www.primerafuente.com.ar\/noticias\/94677\/facultad-medicina-exigira-pasaporte-sanitario-para-actividad-presencial\">http:\/\/www.primerafuente.com.ar\/noticias\/94677\/facultad-medicina-exigira-pasaporte-sanitario-para-actividad-presencial<\/a><\/p>\n","protected":false},"excerpt":{"rendered":"<p>El Consejo Directivo de la Facultad de Medicina de la Universidad Nacional de Tucum\u00e1n (UNT) resolvi\u00f3 que para que los miembros de esa comunidad acad\u00e9mica puedan realizar cualquier actividad presencial deber\u00e1n contar con un documento que certifique que han padecido covid-19 o que han recibido al menos menos una dosis de cualquier vacuna.<\/p>\n","protected":false},"author":5,"featured_media":32660,"comment_status":"closed","ping_status":"open","sticky":false,"template":"","format":"standard","meta":{"footnotes":""},"categories":[2],"tags":[692,1911,79,2294],"class_list":{"0":"post-32659","1":"post","2":"type-post","3":"status-publish","4":"format-standard","5":"has-post-thumbnail","7":"category-actualidad","8":"tag-medicina","9":"tag-pasaporte","10":"tag-salud","11":"tag-vacunacion"},"yoast_head":"<!-- This site is optimized with the Yoast SEO plugin v27.4 - https:\/\/yoast.com\/product\/yoast-seo-wordpress\/ -->\n<title>En la Facultad de Medicina se exigir\u00e1 &quot;pasaporte sanitario&quot; para la actividad presencial - El Diario de Tucuman<\/title>\n<meta name=\"robots\" content=\"index, follow, max-snippet:-1, max-image-preview:large, max-video-preview:-1\" \/>\n<link rel=\"canonical\" href=\"https:\/\/www.eldiariodetucuman.com\/web\/en-la-facultad-de-medicina-se-exigira-pasaporte-sanitario-para-la-actividad-presencial\/\" \/>\n<meta property=\"og:locale\" content=\"es_ES\" \/>\n<meta property=\"og:type\" content=\"article\" \/>\n<meta property=\"og:title\" content=\"En la Facultad de Medicina se exigir\u00e1 &quot;pasaporte sanitario&quot; para la actividad presencial - El Diario de Tucuman\" \/>\n<meta property=\"og:description\" content=\"El Consejo Directivo de la Facultad de Medicina de la Universidad Nacional de Tucum\u00e1n (UNT) resolvi\u00f3 que para que los miembros de esa comunidad acad\u00e9mica puedan realizar cualquier actividad presencial deber\u00e1n contar con un documento que certifique que han padecido covid-19 o que han recibido al menos menos una dosis de cualquier vacuna.\" \/>\n<meta property=\"og:url\" content=\"https:\/\/www.eldiariodetucuman.com\/web\/en-la-facultad-de-medicina-se-exigira-pasaporte-sanitario-para-la-actividad-presencial\/\" \/>\n<meta property=\"og:site_name\" content=\"El Diario de Tucuman\" \/>\n<meta property=\"article:published_time\" content=\"2021-08-04T12:05:05+00:00\" \/>\n<meta property=\"og:image\" content=\"https:\/\/www.eldiariodetucuman.com\/web\/wp-content\/uploads\/2021\/08\/certificado-vacunacion.jpg\" \/>\n\t<meta property=\"og:image:width\" content=\"759\" \/>\n\t<meta property=\"og:image:height\" content=\"500\" \/>\n\t<meta property=\"og:image:type\" content=\"image\/jpeg\" \/>\n<meta name=\"author\" content=\"Redactor Uno\" \/>\n<meta name=\"twitter:card\" content=\"summary_large_image\" \/>\n<meta name=\"twitter:label1\" content=\"Escrito por\" \/>\n\t<meta name=\"twitter:data1\" content=\"Redactor Uno\" \/>\n\t<meta name=\"twitter:label2\" content=\"Tiempo de lectura\" \/>\n\t<meta name=\"twitter:data2\" content=\"1 minuto\" \/>\n<script type=\"application\/ld+json\" class=\"yoast-schema-graph\">{\"@context\":\"https:\\\/\\\/schema.org\",\"@graph\":[{\"@type\":\"Article\",\"@id\":\"https:\\\/\\\/www.eldiariodetucuman.com\\\/web\\\/en-la-facultad-de-medicina-se-exigira-pasaporte-sanitario-para-la-actividad-presencial\\\/#article\",\"isPartOf\":{\"@id\":\"https:\\\/\\\/www.eldiariodetucuman.com\\\/web\\\/en-la-facultad-de-medicina-se-exigira-pasaporte-sanitario-para-la-actividad-presencial\\\/\"},\"author\":{\"name\":\"Redactor Uno\",\"@id\":\"https:\\\/\\\/www.eldiariodetucuman.com\\\/web\\\/#\\\/schema\\\/person\\\/7e6644a46e60888f6b868594407e08dd\"},\"headline\":\"En la Facultad de Medicina se exigir\u00e1 \u00abpasaporte sanitario\u00bb para la actividad presencial\",\"datePublished\":\"2021-08-04T12:05:05+00:00\",\"mainEntityOfPage\":{\"@id\":\"https:\\\/\\\/www.eldiariodetucuman.com\\\/web\\\/en-la-facultad-de-medicina-se-exigira-pasaporte-sanitario-para-la-actividad-presencial\\\/\"},\"wordCount\":201,\"publisher\":{\"@id\":\"https:\\\/\\\/www.eldiariodetucuman.com\\\/web\\\/#organization\"},\"image\":{\"@id\":\"https:\\\/\\\/www.eldiariodetucuman.com\\\/web\\\/en-la-facultad-de-medicina-se-exigira-pasaporte-sanitario-para-la-actividad-presencial\\\/#primaryimage\"},\"thumbnailUrl\":\"https:\\\/\\\/www.eldiariodetucuman.com\\\/web\\\/wp-content\\\/uploads\\\/2021\\\/08\\\/certificado-vacunacion.jpg\",\"keywords\":[\"medicina\",\"Pasaporte\",\"salud\",\"vacunacion\"],\"articleSection\":[\"Actualidad\"],\"inLanguage\":\"es\"},{\"@type\":\"WebPage\",\"@id\":\"https:\\\/\\\/www.eldiariodetucuman.com\\\/web\\\/en-la-facultad-de-medicina-se-exigira-pasaporte-sanitario-para-la-actividad-presencial\\\/\",\"url\":\"https:\\\/\\\/www.eldiariodetucuman.com\\\/web\\\/en-la-facultad-de-medicina-se-exigira-pasaporte-sanitario-para-la-actividad-presencial\\\/\",\"name\":\"En la Facultad de Medicina se exigir\u00e1 \\\"pasaporte sanitario\\\" para la actividad presencial - El Diario de Tucuman\",\"isPartOf\":{\"@id\":\"https:\\\/\\\/www.eldiariodetucuman.com\\\/web\\\/#website\"},\"primaryImageOfPage\":{\"@id\":\"https:\\\/\\\/www.eldiariodetucuman.com\\\/web\\\/en-la-facultad-de-medicina-se-exigira-pasaporte-sanitario-para-la-actividad-presencial\\\/#primaryimage\"},\"image\":{\"@id\":\"https:\\\/\\\/www.eldiariodetucuman.com\\\/web\\\/en-la-facultad-de-medicina-se-exigira-pasaporte-sanitario-para-la-actividad-presencial\\\/#primaryimage\"},\"thumbnailUrl\":\"https:\\\/\\\/www.eldiariodetucuman.com\\\/web\\\/wp-content\\\/uploads\\\/2021\\\/08\\\/certificado-vacunacion.jpg\",\"datePublished\":\"2021-08-04T12:05:05+00:00\",\"breadcrumb\":{\"@id\":\"https:\\\/\\\/www.eldiariodetucuman.com\\\/web\\\/en-la-facultad-de-medicina-se-exigira-pasaporte-sanitario-para-la-actividad-presencial\\\/#breadcrumb\"},\"inLanguage\":\"es\",\"potentialAction\":[{\"@type\":\"ReadAction\",\"target\":[\"https:\\\/\\\/www.eldiariodetucuman.com\\\/web\\\/en-la-facultad-de-medicina-se-exigira-pasaporte-sanitario-para-la-actividad-presencial\\\/\"]}]},{\"@type\":\"ImageObject\",\"inLanguage\":\"es\",\"@id\":\"https:\\\/\\\/www.eldiariodetucuman.com\\\/web\\\/en-la-facultad-de-medicina-se-exigira-pasaporte-sanitario-para-la-actividad-presencial\\\/#primaryimage\",\"url\":\"https:\\\/\\\/www.eldiariodetucuman.com\\\/web\\\/wp-content\\\/uploads\\\/2021\\\/08\\\/certificado-vacunacion.jpg\",\"contentUrl\":\"https:\\\/\\\/www.eldiariodetucuman.com\\\/web\\\/wp-content\\\/uploads\\\/2021\\\/08\\\/certificado-vacunacion.jpg\",\"width\":759,\"height\":500},{\"@type\":\"BreadcrumbList\",\"@id\":\"https:\\\/\\\/www.eldiariodetucuman.com\\\/web\\\/en-la-facultad-de-medicina-se-exigira-pasaporte-sanitario-para-la-actividad-presencial\\\/#breadcrumb\",\"itemListElement\":[{\"@type\":\"ListItem\",\"position\":1,\"name\":\"Portada\",\"item\":\"https:\\\/\\\/www.eldiariodetucuman.com\\\/web\\\/\"},{\"@type\":\"ListItem\",\"position\":2,\"name\":\"En la Facultad de Medicina se exigir\u00e1 \u00abpasaporte sanitario\u00bb para la actividad presencial\"}]},{\"@type\":\"WebSite\",\"@id\":\"https:\\\/\\\/www.eldiariodetucuman.com\\\/web\\\/#website\",\"url\":\"https:\\\/\\\/www.eldiariodetucuman.com\\\/web\\\/\",\"name\":\"El Diario de Tucuman\",\"description\":\"Diario Tucuman - Informaci\u00f3n y noticias\",\"publisher\":{\"@id\":\"https:\\\/\\\/www.eldiariodetucuman.com\\\/web\\\/#organization\"},\"potentialAction\":[{\"@type\":\"SearchAction\",\"target\":{\"@type\":\"EntryPoint\",\"urlTemplate\":\"https:\\\/\\\/www.eldiariodetucuman.com\\\/web\\\/?s={search_term_string}\"},\"query-input\":{\"@type\":\"PropertyValueSpecification\",\"valueRequired\":true,\"valueName\":\"search_term_string\"}}],\"inLanguage\":\"es\"},{\"@type\":\"Organization\",\"@id\":\"https:\\\/\\\/www.eldiariodetucuman.com\\\/web\\\/#organization\",\"name\":\"El Diario de Tucuman\",\"url\":\"https:\\\/\\\/www.eldiariodetucuman.com\\\/web\\\/\",\"logo\":{\"@type\":\"ImageObject\",\"inLanguage\":\"es\",\"@id\":\"https:\\\/\\\/www.eldiariodetucuman.com\\\/web\\\/#\\\/schema\\\/logo\\\/image\\\/\",\"url\":\"http:\\\/\\\/www.eldiariodetucuman.com\\\/web\\\/wp-content\\\/uploads\\\/2017\\\/12\\\/el-diario-de-tucuman.jpg\",\"contentUrl\":\"http:\\\/\\\/www.eldiariodetucuman.com\\\/web\\\/wp-content\\\/uploads\\\/2017\\\/12\\\/el-diario-de-tucuman.jpg\",\"width\":272,\"height\":92,\"caption\":\"El Diario de Tucuman\"},\"image\":{\"@id\":\"https:\\\/\\\/www.eldiariodetucuman.com\\\/web\\\/#\\\/schema\\\/logo\\\/image\\\/\"}},{\"@type\":\"Person\",\"@id\":\"https:\\\/\\\/www.eldiariodetucuman.com\\\/web\\\/#\\\/schema\\\/person\\\/7e6644a46e60888f6b868594407e08dd\",\"name\":\"Redactor Uno\",\"image\":{\"@type\":\"ImageObject\",\"inLanguage\":\"es\",\"@id\":\"https:\\\/\\\/secure.gravatar.com\\\/avatar\\\/0049b1bdf1bd548385c9ea6b9356431717930913089febd2ba904f0187d7d074?s=96&d=mm&r=g\",\"url\":\"https:\\\/\\\/secure.gravatar.com\\\/avatar\\\/0049b1bdf1bd548385c9ea6b9356431717930913089febd2ba904f0187d7d074?s=96&d=mm&r=g\",\"contentUrl\":\"https:\\\/\\\/secure.gravatar.com\\\/avatar\\\/0049b1bdf1bd548385c9ea6b9356431717930913089febd2ba904f0187d7d074?s=96&d=mm&r=g\",\"caption\":\"Redactor Uno\"},\"url\":\"https:\\\/\\\/www.eldiariodetucuman.com\\\/web\\\/author\\\/mramasco\\\/\"}]}<\/script>\n<!-- \/ Yoast SEO plugin. -->","yoast_head_json":{"title":"En la Facultad de Medicina se exigir\u00e1 \"pasaporte sanitario\" para la actividad presencial - El Diario de Tucuman","robots":{"index":"index","follow":"follow","max-snippet":"max-snippet:-1","max-image-preview":"max-image-preview:large","max-video-preview":"max-video-preview:-1"},"canonical":"https:\/\/www.eldiariodetucuman.com\/web\/en-la-facultad-de-medicina-se-exigira-pasaporte-sanitario-para-la-actividad-presencial\/","og_locale":"es_ES","og_type":"article","og_title":"En la Facultad de Medicina se exigir\u00e1 \"pasaporte sanitario\" para la actividad presencial - El Diario de Tucuman","og_description":"El Consejo Directivo de la Facultad de Medicina de la Universidad Nacional de Tucum\u00e1n (UNT) resolvi\u00f3 que para que los miembros de esa comunidad acad\u00e9mica puedan realizar cualquier actividad presencial deber\u00e1n contar con un documento que certifique que han padecido covid-19 o que han recibido al menos menos una dosis de cualquier vacuna.","og_url":"https:\/\/www.eldiariodetucuman.com\/web\/en-la-facultad-de-medicina-se-exigira-pasaporte-sanitario-para-la-actividad-presencial\/","og_site_name":"El Diario de Tucuman","article_published_time":"2021-08-04T12:05:05+00:00","og_image":[{"width":759,"height":500,"url":"https:\/\/www.eldiariodetucuman.com\/web\/wp-content\/uploads\/2021\/08\/certificado-vacunacion.jpg","type":"image\/jpeg"}],"author":"Redactor Uno","twitter_card":"summary_large_image","twitter_misc":{"Escrito por":"Redactor Uno","Tiempo de lectura":"1 minuto"},"schema":{"@context":"https:\/\/schema.org","@graph":[{"@type":"Article","@id":"https:\/\/www.eldiariodetucuman.com\/web\/en-la-facultad-de-medicina-se-exigira-pasaporte-sanitario-para-la-actividad-presencial\/#article","isPartOf":{"@id":"https:\/\/www.eldiariodetucuman.com\/web\/en-la-facultad-de-medicina-se-exigira-pasaporte-sanitario-para-la-actividad-presencial\/"},"author":{"name":"Redactor Uno","@id":"https:\/\/www.eldiariodetucuman.com\/web\/#\/schema\/person\/7e6644a46e60888f6b868594407e08dd"},"headline":"En la Facultad de Medicina se exigir\u00e1 \u00abpasaporte sanitario\u00bb para la actividad presencial","datePublished":"2021-08-04T12:05:05+00:00","mainEntityOfPage":{"@id":"https:\/\/www.eldiariodetucuman.com\/web\/en-la-facultad-de-medicina-se-exigira-pasaporte-sanitario-para-la-actividad-presencial\/"},"wordCount":201,"publisher":{"@id":"https:\/\/www.eldiariodetucuman.com\/web\/#organization"},"image":{"@id":"https:\/\/www.eldiariodetucuman.com\/web\/en-la-facultad-de-medicina-se-exigira-pasaporte-sanitario-para-la-actividad-presencial\/#primaryimage"},"thumbnailUrl":"https:\/\/www.eldiariodetucuman.com\/web\/wp-content\/uploads\/2021\/08\/certificado-vacunacion.jpg","keywords":["medicina","Pasaporte","salud","vacunacion"],"articleSection":["Actualidad"],"inLanguage":"es"},{"@type":"WebPage","@id":"https:\/\/www.eldiariodetucuman.com\/web\/en-la-facultad-de-medicina-se-exigira-pasaporte-sanitario-para-la-actividad-presencial\/","url":"https:\/\/www.eldiariodetucuman.com\/web\/en-la-facultad-de-medicina-se-exigira-pasaporte-sanitario-para-la-actividad-presencial\/","name":"En la Facultad de Medicina se exigir\u00e1 \"pasaporte sanitario\" para la actividad presencial - El Diario de Tucuman","isPartOf":{"@id":"https:\/\/www.eldiariodetucuman.com\/web\/#website"},"primaryImageOfPage":{"@id":"https:\/\/www.eldiariodetucuman.com\/web\/en-la-facultad-de-medicina-se-exigira-pasaporte-sanitario-para-la-actividad-presencial\/#primaryimage"},"image":{"@id":"https:\/\/www.eldiariodetucuman.com\/web\/en-la-facultad-de-medicina-se-exigira-pasaporte-sanitario-para-la-actividad-presencial\/#primaryimage"},"thumbnailUrl":"https:\/\/www.eldiariodetucuman.com\/web\/wp-content\/uploads\/2021\/08\/certificado-vacunacion.jpg","datePublished":"2021-08-04T12:05:05+00:00","breadcrumb":{"@id":"https:\/\/www.eldiariodetucuman.com\/web\/en-la-facultad-de-medicina-se-exigira-pasaporte-sanitario-para-la-actividad-presencial\/#breadcrumb"},"inLanguage":"es","potentialAction":[{"@type":"ReadAction","target":["https:\/\/www.eldiariodetucuman.com\/web\/en-la-facultad-de-medicina-se-exigira-pasaporte-sanitario-para-la-actividad-presencial\/"]}]},{"@type":"ImageObject","inLanguage":"es","@id":"https:\/\/www.eldiariodetucuman.com\/web\/en-la-facultad-de-medicina-se-exigira-pasaporte-sanitario-para-la-actividad-presencial\/#primaryimage","url":"https:\/\/www.eldiariodetucuman.com\/web\/wp-content\/uploads\/2021\/08\/certificado-vacunacion.jpg","contentUrl":"https:\/\/www.eldiariodetucuman.com\/web\/wp-content\/uploads\/2021\/08\/certificado-vacunacion.jpg","width":759,"height":500},{"@type":"BreadcrumbList","@id":"https:\/\/www.eldiariodetucuman.com\/web\/en-la-facultad-de-medicina-se-exigira-pasaporte-sanitario-para-la-actividad-presencial\/#breadcrumb","itemListElement":[{"@type":"ListItem","position":1,"name":"Portada","item":"https:\/\/www.eldiariodetucuman.com\/web\/"},{"@type":"ListItem","position":2,"name":"En la Facultad de Medicina se exigir\u00e1 \u00abpasaporte sanitario\u00bb para la actividad presencial"}]},{"@type":"WebSite","@id":"https:\/\/www.eldiariodetucuman.com\/web\/#website","url":"https:\/\/www.eldiariodetucuman.com\/web\/","name":"El Diario de Tucuman","description":"Diario Tucuman - Informaci\u00f3n y noticias","publisher":{"@id":"https:\/\/www.eldiariodetucuman.com\/web\/#organization"},"potentialAction":[{"@type":"SearchAction","target":{"@type":"EntryPoint","urlTemplate":"https:\/\/www.eldiariodetucuman.com\/web\/?s={search_term_string}"},"query-input":{"@type":"PropertyValueSpecification","valueRequired":true,"valueName":"search_term_string"}}],"inLanguage":"es"},{"@type":"Organization","@id":"https:\/\/www.eldiariodetucuman.com\/web\/#organization","name":"El Diario de Tucuman","url":"https:\/\/www.eldiariodetucuman.com\/web\/","logo":{"@type":"ImageObject","inLanguage":"es","@id":"https:\/\/www.eldiariodetucuman.com\/web\/#\/schema\/logo\/image\/","url":"http:\/\/www.eldiariodetucuman.com\/web\/wp-content\/uploads\/2017\/12\/el-diario-de-tucuman.jpg","contentUrl":"http:\/\/www.eldiariodetucuman.com\/web\/wp-content\/uploads\/2017\/12\/el-diario-de-tucuman.jpg","width":272,"height":92,"caption":"El Diario de Tucuman"},"image":{"@id":"https:\/\/www.eldiariodetucuman.com\/web\/#\/schema\/logo\/image\/"}},{"@type":"Person","@id":"https:\/\/www.eldiariodetucuman.com\/web\/#\/schema\/person\/7e6644a46e60888f6b868594407e08dd","name":"Redactor Uno","image":{"@type":"ImageObject","inLanguage":"es","@id":"https:\/\/secure.gravatar.com\/avatar\/0049b1bdf1bd548385c9ea6b9356431717930913089febd2ba904f0187d7d074?s=96&d=mm&r=g","url":"https:\/\/secure.gravatar.com\/avatar\/0049b1bdf1bd548385c9ea6b9356431717930913089febd2ba904f0187d7d074?s=96&d=mm&r=g","contentUrl":"https:\/\/secure.gravatar.com\/avatar\/0049b1bdf1bd548385c9ea6b9356431717930913089febd2ba904f0187d7d074?s=96&d=mm&r=g","caption":"Redactor Uno"},"url":"https:\/\/www.eldiariodetucuman.com\/web\/author\/mramasco\/"}]}},"_links":{"self":[{"href":"https:\/\/www.eldiariodetucuman.com\/web\/wp-json\/wp\/v2\/posts\/32659","targetHints":{"allow":["GET"]}}],"collection":[{"href":"https:\/\/www.eldiariodetucuman.com\/web\/wp-json\/wp\/v2\/posts"}],"about":[{"href":"https:\/\/www.eldiariodetucuman.com\/web\/wp-json\/wp\/v2\/types\/post"}],"author":[{"embeddable":true,"href":"https:\/\/www.eldiariodetucuman.com\/web\/wp-json\/wp\/v2\/users\/5"}],"replies":[{"embeddable":true,"href":"https:\/\/www.eldiariodetucuman.com\/web\/wp-json\/wp\/v2\/comments?post=32659"}],"version-history":[{"count":1,"href":"https:\/\/www.eldiariodetucuman.com\/web\/wp-json\/wp\/v2\/posts\/32659\/revisions"}],"predecessor-version":[{"id":32661,"href":"https:\/\/www.eldiariodetucuman.com\/web\/wp-json\/wp\/v2\/posts\/32659\/revisions\/32661"}],"wp:featuredmedia":[{"embeddable":true,"href":"https:\/\/www.eldiariodetucuman.com\/web\/wp-json\/wp\/v2\/media\/32660"}],"wp:attachment":[{"href":"https:\/\/www.eldiariodetucuman.com\/web\/wp-json\/wp\/v2\/media?parent=32659"}],"wp:term":[{"taxonomy":"category","embeddable":true,"href":"https:\/\/www.eldiariodetucuman.com\/web\/wp-json\/wp\/v2\/categories?post=32659"},{"taxonomy":"post_tag","embeddable":true,"href":"https:\/\/www.eldiariodetucuman.com\/web\/wp-json\/wp\/v2\/tags?post=32659"}],"curies":[{"name":"wp","href":"https:\/\/api.w.org\/{rel}","templated":true}]}}