{"id":32233,"date":"2021-06-28T09:50:54","date_gmt":"2021-06-28T12:50:54","guid":{"rendered":"http:\/\/www.eldiariodetucuman.com\/web\/?p=32233"},"modified":"2021-06-28T09:50:54","modified_gmt":"2021-06-28T12:50:54","slug":"limitan-a-600-el-cupo-diario-de-ingresos-y-seguiran-cerradas-las-fronteras-al-turismo","status":"publish","type":"post","link":"https:\/\/www.eldiariodetucuman.com\/web\/limitan-a-600-el-cupo-diario-de-ingresos-y-seguiran-cerradas-las-fronteras-al-turismo\/","title":{"rendered":"Limitan a 600 el cupo diario de ingresos y seguir\u00e1n cerradas las fronteras al turismo"},"content":{"rendered":"<div class=\"ntbaj entry-summary\">El Gobierno Nacional extendi\u00f3 hasta el pr\u00f3ximo 9 de julio el estado de emergencia sanitaria con las restricciones vigentes. Las fronteras continuar\u00e1n cerradas y el cupo de ingreso diario al pa\u00eds se redujo a 600 personas.<\/div>\n<p><!--more--><\/p>\n<p class=\"ntbaj entry-summary\">Las medidas, que ser\u00e1n publicadas en el Bolet\u00edn Oficial, fueron anunciadas en conferencia de prensa por la ministra de salud, Carla Vizzoti, quien tambi\u00e9n inform\u00f3 que se lleg\u00f3 a un acuerdo para la adquisici\u00f3n de 24 millones de vacunas de origen chino Sinopharm, que llegar\u00e1n al pa\u00eds entre julio y septiembre.<\/p>\n<p class=\"ntbaj entry-summary\">La funcionaria dijo que \u00abhay un alivio\u00bb por la baja que se observa en los casos positivos de coronavirus en los aglomerados urbanos, aunque pidi\u00f3 \u00abminimizar los viajes al exterior\u00bb de los argentinos para reducir los riesgos de contagio.<\/p>\n<p class=\"ntbaj entry-summary\">Para bajar los riesgos y evitar el ingreso de variantes que no registran circulaci\u00f3n sanitaria en el pa\u00eds, el Gobierno aclar\u00f3 que las fronteras seguir\u00e1n cerradas al turismo hasta el 9 de julio y fij\u00f3 un nuevo l\u00edmite m\u00e1ximo de 600 pasajeros al d\u00eda para el ingreso al pa\u00eds.<\/p>\n<p class=\"ntbaj entry-summary\"><b>Testeos para el ingreso al pa\u00eds<\/b><\/p>\n<p class=\"ntbaj entry-summary\">Para los casos en que se permita el ingreso, se estableci\u00f3 un f\u00e9rreo sistema de control para evitar que los viajeros rompan el aislamiento al que estar\u00e1n obligados, a la vez que habr\u00e1 un esquema de testeos peri\u00f3dicos a los que tendr\u00e1n que ser sometidas esas personas.<\/p>\n<p class=\"ntbaj entry-summary\">El DNU faculta en su art\u00edculo segundo a gobernadores y al jefe de Gobierno porte\u00f1o a adoptar determinadas medidas ante la verificaci\u00f3n de determinados par\u00e1metros epidemiol\u00f3gicos, a trav\u00e9s del denominado \u00absem\u00e1foro epidemiol\u00f3gico\u00bb.<\/p>\n<p class=\"ntbaj entry-summary\">Ese esquema se divide en bajo, mediano y alto riesgo, seg\u00fan la evoluci\u00f3n de la pandemia en cada distriro del pa\u00eds.<\/p>\n<p class=\"ntbaj entry-summary\">Los de bajo riesgo son aquellas jurisdicciones en donde la incidencia definida como el n\u00famero de casos confirmados acumulados de los \u00faltimos 14 d\u00edas por 100.000 habitantes sea inferior a 50.<\/p>\n<p class=\"ntbaj entry-summary\">Los de riesgo medio son las que el n\u00famero se ubique entre 50 y 150 y los de alto cuando sea superior a 150.<\/p>\n<p class=\"ntbaj entry-summary\">Los grandes aglomerados urbanos, departamentos o partidos de m\u00e1s de 300.000 habitantes son considerados en Situaci\u00f3n de Alarma Epidemiol\u00f3gica y Sanitaria cuando la incidencia definida como el n\u00famero de casos confirmados acumulados de los \u00faltimos 14 d\u00edas por 100.000 habitantes sea igual o superior a 500 y el porcentaje de ocupaci\u00f3n de camas de terapia intensiva sea mayor al 80 por ciento.<\/p>\n<p class=\"ntbaj entry-summary\">No obstante, la autoridad sanitaria nacional podr\u00e1 modificar los par\u00e1metros previstos en este art\u00edculo, de acuerdo a la evoluci\u00f3n epidemiol\u00f3gica y sanitaria.<\/p>\n<p class=\"ntbaj entry-summary\"><b>Campa\u00f1a de vacunaci\u00f3n<\/b><\/p>\n<p class=\"ntbaj entry-summary\">\u00abCada vez que llega un n\u00famero importante de dosis se pone a prueba el sistema de distribuci\u00f3n, y los equipos siguen dando respuesta\u00bb, dijo Vizzotti durante una conferencia de prensa brindada en el Centro Log\u00edstico de la localidad bonaerense de Benav\u00eddez, donde se efectu\u00f3 la recepci\u00f3n y control de 1.181.500 dosis de vacunas de AstraZeneca que arribaron hoy desde Estados Unidos, cargamento con el que Argentina suma 25 millones de dosis para continuar el Plan Estrat\u00e9gico de Vacunaci\u00f3n Covid-19. Y resalt\u00f3 que se trata del \u00abproceso de vacunaci\u00f3n m\u00e1s grande de la historia del pa\u00eds\u00bb que, al martes pr\u00f3ximo, tendr\u00e1 24.921.000 dosis distribuidas.<\/p>\n<div class=\"ntbaj entry-summary\"><strong>Fuente:<\/strong> <a href=\"http:\/\/www.primerafuente.com.ar\/noticias\/93869\/fronteras-seguiran-cerradas-al-turismo-limitan-600-cupo-diario-ingresos\">http:\/\/www.primerafuente.com.ar\/noticias\/93869\/fronteras-seguiran-cerradas-al-turismo-limitan-600-cupo-diario-ingresos<\/a><\/div>\n","protected":false},"excerpt":{"rendered":"<p>El Gobierno Nacional extendi\u00f3 hasta el pr\u00f3ximo 9 de julio el estado de emergencia sanitaria con las restricciones vigentes. Las fronteras continuar\u00e1n cerradas y el cupo de ingreso diario al pa\u00eds se redujo a 600 personas.<\/p>\n","protected":false},"author":5,"featured_media":32234,"comment_status":"closed","ping_status":"open","sticky":false,"template":"","format":"standard","meta":{"footnotes":""},"categories":[2],"tags":[3108,117],"class_list":{"0":"post-32233","1":"post","2":"type-post","3":"status-publish","4":"format-standard","5":"has-post-thumbnail","7":"category-actualidad","8":"tag-fronteras","9":"tag-turismo"},"yoast_head":"<!-- This site is optimized with the Yoast SEO plugin v27.4 - https:\/\/yoast.com\/product\/yoast-seo-wordpress\/ -->\n<title>Limitan a 600 el cupo diario de ingresos y seguir\u00e1n cerradas las fronteras al turismo - El Diario de Tucuman<\/title>\n<meta name=\"robots\" content=\"index, follow, max-snippet:-1, max-image-preview:large, max-video-preview:-1\" \/>\n<link rel=\"canonical\" href=\"https:\/\/www.eldiariodetucuman.com\/web\/limitan-a-600-el-cupo-diario-de-ingresos-y-seguiran-cerradas-las-fronteras-al-turismo\/\" \/>\n<meta property=\"og:locale\" content=\"es_ES\" \/>\n<meta property=\"og:type\" content=\"article\" \/>\n<meta property=\"og:title\" content=\"Limitan a 600 el cupo diario de ingresos y seguir\u00e1n cerradas las fronteras al turismo - El Diario de Tucuman\" \/>\n<meta property=\"og:description\" content=\"El Gobierno Nacional extendi\u00f3 hasta el pr\u00f3ximo 9 de julio el estado de emergencia sanitaria con las restricciones vigentes. Las fronteras continuar\u00e1n cerradas y el cupo de ingreso diario al pa\u00eds se redujo a 600 personas.\" \/>\n<meta property=\"og:url\" content=\"https:\/\/www.eldiariodetucuman.com\/web\/limitan-a-600-el-cupo-diario-de-ingresos-y-seguiran-cerradas-las-fronteras-al-turismo\/\" \/>\n<meta property=\"og:site_name\" content=\"El Diario de Tucuman\" \/>\n<meta property=\"article:published_time\" content=\"2021-06-28T12:50:54+00:00\" \/>\n<meta property=\"og:image\" content=\"https:\/\/www.eldiariodetucuman.com\/web\/wp-content\/uploads\/2021\/06\/turismo-fronteras.jpg\" \/>\n\t<meta property=\"og:image:width\" content=\"1200\" \/>\n\t<meta property=\"og:image:height\" content=\"809\" \/>\n\t<meta property=\"og:image:type\" content=\"image\/jpeg\" \/>\n<meta name=\"author\" content=\"Redactor Uno\" \/>\n<meta name=\"twitter:card\" content=\"summary_large_image\" \/>\n<meta name=\"twitter:label1\" content=\"Escrito por\" \/>\n\t<meta name=\"twitter:data1\" content=\"Redactor Uno\" \/>\n\t<meta name=\"twitter:label2\" content=\"Tiempo de lectura\" \/>\n\t<meta name=\"twitter:data2\" content=\"3 minutos\" \/>\n<script type=\"application\/ld+json\" class=\"yoast-schema-graph\">{\"@context\":\"https:\\\/\\\/schema.org\",\"@graph\":[{\"@type\":\"Article\",\"@id\":\"https:\\\/\\\/www.eldiariodetucuman.com\\\/web\\\/limitan-a-600-el-cupo-diario-de-ingresos-y-seguiran-cerradas-las-fronteras-al-turismo\\\/#article\",\"isPartOf\":{\"@id\":\"https:\\\/\\\/www.eldiariodetucuman.com\\\/web\\\/limitan-a-600-el-cupo-diario-de-ingresos-y-seguiran-cerradas-las-fronteras-al-turismo\\\/\"},\"author\":{\"name\":\"Redactor Uno\",\"@id\":\"https:\\\/\\\/www.eldiariodetucuman.com\\\/web\\\/#\\\/schema\\\/person\\\/7e6644a46e60888f6b868594407e08dd\"},\"headline\":\"Limitan a 600 el cupo diario de ingresos y seguir\u00e1n cerradas las fronteras al turismo\",\"datePublished\":\"2021-06-28T12:50:54+00:00\",\"mainEntityOfPage\":{\"@id\":\"https:\\\/\\\/www.eldiariodetucuman.com\\\/web\\\/limitan-a-600-el-cupo-diario-de-ingresos-y-seguiran-cerradas-las-fronteras-al-turismo\\\/\"},\"wordCount\":589,\"publisher\":{\"@id\":\"https:\\\/\\\/www.eldiariodetucuman.com\\\/web\\\/#organization\"},\"image\":{\"@id\":\"https:\\\/\\\/www.eldiariodetucuman.com\\\/web\\\/limitan-a-600-el-cupo-diario-de-ingresos-y-seguiran-cerradas-las-fronteras-al-turismo\\\/#primaryimage\"},\"thumbnailUrl\":\"https:\\\/\\\/www.eldiariodetucuman.com\\\/web\\\/wp-content\\\/uploads\\\/2021\\\/06\\\/turismo-fronteras.jpg\",\"keywords\":[\"fronteras\",\"Turismo\"],\"articleSection\":[\"Actualidad\"],\"inLanguage\":\"es\"},{\"@type\":\"WebPage\",\"@id\":\"https:\\\/\\\/www.eldiariodetucuman.com\\\/web\\\/limitan-a-600-el-cupo-diario-de-ingresos-y-seguiran-cerradas-las-fronteras-al-turismo\\\/\",\"url\":\"https:\\\/\\\/www.eldiariodetucuman.com\\\/web\\\/limitan-a-600-el-cupo-diario-de-ingresos-y-seguiran-cerradas-las-fronteras-al-turismo\\\/\",\"name\":\"Limitan a 600 el cupo diario de ingresos y seguir\u00e1n cerradas las fronteras al turismo - El Diario de Tucuman\",\"isPartOf\":{\"@id\":\"https:\\\/\\\/www.eldiariodetucuman.com\\\/web\\\/#website\"},\"primaryImageOfPage\":{\"@id\":\"https:\\\/\\\/www.eldiariodetucuman.com\\\/web\\\/limitan-a-600-el-cupo-diario-de-ingresos-y-seguiran-cerradas-las-fronteras-al-turismo\\\/#primaryimage\"},\"image\":{\"@id\":\"https:\\\/\\\/www.eldiariodetucuman.com\\\/web\\\/limitan-a-600-el-cupo-diario-de-ingresos-y-seguiran-cerradas-las-fronteras-al-turismo\\\/#primaryimage\"},\"thumbnailUrl\":\"https:\\\/\\\/www.eldiariodetucuman.com\\\/web\\\/wp-content\\\/uploads\\\/2021\\\/06\\\/turismo-fronteras.jpg\",\"datePublished\":\"2021-06-28T12:50:54+00:00\",\"breadcrumb\":{\"@id\":\"https:\\\/\\\/www.eldiariodetucuman.com\\\/web\\\/limitan-a-600-el-cupo-diario-de-ingresos-y-seguiran-cerradas-las-fronteras-al-turismo\\\/#breadcrumb\"},\"inLanguage\":\"es\",\"potentialAction\":[{\"@type\":\"ReadAction\",\"target\":[\"https:\\\/\\\/www.eldiariodetucuman.com\\\/web\\\/limitan-a-600-el-cupo-diario-de-ingresos-y-seguiran-cerradas-las-fronteras-al-turismo\\\/\"]}]},{\"@type\":\"ImageObject\",\"inLanguage\":\"es\",\"@id\":\"https:\\\/\\\/www.eldiariodetucuman.com\\\/web\\\/limitan-a-600-el-cupo-diario-de-ingresos-y-seguiran-cerradas-las-fronteras-al-turismo\\\/#primaryimage\",\"url\":\"https:\\\/\\\/www.eldiariodetucuman.com\\\/web\\\/wp-content\\\/uploads\\\/2021\\\/06\\\/turismo-fronteras.jpg\",\"contentUrl\":\"https:\\\/\\\/www.eldiariodetucuman.com\\\/web\\\/wp-content\\\/uploads\\\/2021\\\/06\\\/turismo-fronteras.jpg\",\"width\":1200,\"height\":809},{\"@type\":\"BreadcrumbList\",\"@id\":\"https:\\\/\\\/www.eldiariodetucuman.com\\\/web\\\/limitan-a-600-el-cupo-diario-de-ingresos-y-seguiran-cerradas-las-fronteras-al-turismo\\\/#breadcrumb\",\"itemListElement\":[{\"@type\":\"ListItem\",\"position\":1,\"name\":\"Portada\",\"item\":\"https:\\\/\\\/www.eldiariodetucuman.com\\\/web\\\/\"},{\"@type\":\"ListItem\",\"position\":2,\"name\":\"Limitan a 600 el cupo diario de ingresos y seguir\u00e1n cerradas las fronteras al turismo\"}]},{\"@type\":\"WebSite\",\"@id\":\"https:\\\/\\\/www.eldiariodetucuman.com\\\/web\\\/#website\",\"url\":\"https:\\\/\\\/www.eldiariodetucuman.com\\\/web\\\/\",\"name\":\"El Diario de Tucuman\",\"description\":\"Diario Tucuman - Informaci\u00f3n y noticias\",\"publisher\":{\"@id\":\"https:\\\/\\\/www.eldiariodetucuman.com\\\/web\\\/#organization\"},\"potentialAction\":[{\"@type\":\"SearchAction\",\"target\":{\"@type\":\"EntryPoint\",\"urlTemplate\":\"https:\\\/\\\/www.eldiariodetucuman.com\\\/web\\\/?s={search_term_string}\"},\"query-input\":{\"@type\":\"PropertyValueSpecification\",\"valueRequired\":true,\"valueName\":\"search_term_string\"}}],\"inLanguage\":\"es\"},{\"@type\":\"Organization\",\"@id\":\"https:\\\/\\\/www.eldiariodetucuman.com\\\/web\\\/#organization\",\"name\":\"El Diario de Tucuman\",\"url\":\"https:\\\/\\\/www.eldiariodetucuman.com\\\/web\\\/\",\"logo\":{\"@type\":\"ImageObject\",\"inLanguage\":\"es\",\"@id\":\"https:\\\/\\\/www.eldiariodetucuman.com\\\/web\\\/#\\\/schema\\\/logo\\\/image\\\/\",\"url\":\"http:\\\/\\\/www.eldiariodetucuman.com\\\/web\\\/wp-content\\\/uploads\\\/2017\\\/12\\\/el-diario-de-tucuman.jpg\",\"contentUrl\":\"http:\\\/\\\/www.eldiariodetucuman.com\\\/web\\\/wp-content\\\/uploads\\\/2017\\\/12\\\/el-diario-de-tucuman.jpg\",\"width\":272,\"height\":92,\"caption\":\"El Diario de Tucuman\"},\"image\":{\"@id\":\"https:\\\/\\\/www.eldiariodetucuman.com\\\/web\\\/#\\\/schema\\\/logo\\\/image\\\/\"}},{\"@type\":\"Person\",\"@id\":\"https:\\\/\\\/www.eldiariodetucuman.com\\\/web\\\/#\\\/schema\\\/person\\\/7e6644a46e60888f6b868594407e08dd\",\"name\":\"Redactor Uno\",\"image\":{\"@type\":\"ImageObject\",\"inLanguage\":\"es\",\"@id\":\"https:\\\/\\\/secure.gravatar.com\\\/avatar\\\/0049b1bdf1bd548385c9ea6b9356431717930913089febd2ba904f0187d7d074?s=96&d=mm&r=g\",\"url\":\"https:\\\/\\\/secure.gravatar.com\\\/avatar\\\/0049b1bdf1bd548385c9ea6b9356431717930913089febd2ba904f0187d7d074?s=96&d=mm&r=g\",\"contentUrl\":\"https:\\\/\\\/secure.gravatar.com\\\/avatar\\\/0049b1bdf1bd548385c9ea6b9356431717930913089febd2ba904f0187d7d074?s=96&d=mm&r=g\",\"caption\":\"Redactor Uno\"},\"url\":\"https:\\\/\\\/www.eldiariodetucuman.com\\\/web\\\/author\\\/mramasco\\\/\"}]}<\/script>\n<!-- \/ Yoast SEO plugin. -->","yoast_head_json":{"title":"Limitan a 600 el cupo diario de ingresos y seguir\u00e1n cerradas las fronteras al turismo - El Diario de Tucuman","robots":{"index":"index","follow":"follow","max-snippet":"max-snippet:-1","max-image-preview":"max-image-preview:large","max-video-preview":"max-video-preview:-1"},"canonical":"https:\/\/www.eldiariodetucuman.com\/web\/limitan-a-600-el-cupo-diario-de-ingresos-y-seguiran-cerradas-las-fronteras-al-turismo\/","og_locale":"es_ES","og_type":"article","og_title":"Limitan a 600 el cupo diario de ingresos y seguir\u00e1n cerradas las fronteras al turismo - El Diario de Tucuman","og_description":"El Gobierno Nacional extendi\u00f3 hasta el pr\u00f3ximo 9 de julio el estado de emergencia sanitaria con las restricciones vigentes. Las fronteras continuar\u00e1n cerradas y el cupo de ingreso diario al pa\u00eds se redujo a 600 personas.","og_url":"https:\/\/www.eldiariodetucuman.com\/web\/limitan-a-600-el-cupo-diario-de-ingresos-y-seguiran-cerradas-las-fronteras-al-turismo\/","og_site_name":"El Diario de Tucuman","article_published_time":"2021-06-28T12:50:54+00:00","og_image":[{"width":1200,"height":809,"url":"https:\/\/www.eldiariodetucuman.com\/web\/wp-content\/uploads\/2021\/06\/turismo-fronteras.jpg","type":"image\/jpeg"}],"author":"Redactor Uno","twitter_card":"summary_large_image","twitter_misc":{"Escrito por":"Redactor Uno","Tiempo de lectura":"3 minutos"},"schema":{"@context":"https:\/\/schema.org","@graph":[{"@type":"Article","@id":"https:\/\/www.eldiariodetucuman.com\/web\/limitan-a-600-el-cupo-diario-de-ingresos-y-seguiran-cerradas-las-fronteras-al-turismo\/#article","isPartOf":{"@id":"https:\/\/www.eldiariodetucuman.com\/web\/limitan-a-600-el-cupo-diario-de-ingresos-y-seguiran-cerradas-las-fronteras-al-turismo\/"},"author":{"name":"Redactor Uno","@id":"https:\/\/www.eldiariodetucuman.com\/web\/#\/schema\/person\/7e6644a46e60888f6b868594407e08dd"},"headline":"Limitan a 600 el cupo diario de ingresos y seguir\u00e1n cerradas las fronteras al turismo","datePublished":"2021-06-28T12:50:54+00:00","mainEntityOfPage":{"@id":"https:\/\/www.eldiariodetucuman.com\/web\/limitan-a-600-el-cupo-diario-de-ingresos-y-seguiran-cerradas-las-fronteras-al-turismo\/"},"wordCount":589,"publisher":{"@id":"https:\/\/www.eldiariodetucuman.com\/web\/#organization"},"image":{"@id":"https:\/\/www.eldiariodetucuman.com\/web\/limitan-a-600-el-cupo-diario-de-ingresos-y-seguiran-cerradas-las-fronteras-al-turismo\/#primaryimage"},"thumbnailUrl":"https:\/\/www.eldiariodetucuman.com\/web\/wp-content\/uploads\/2021\/06\/turismo-fronteras.jpg","keywords":["fronteras","Turismo"],"articleSection":["Actualidad"],"inLanguage":"es"},{"@type":"WebPage","@id":"https:\/\/www.eldiariodetucuman.com\/web\/limitan-a-600-el-cupo-diario-de-ingresos-y-seguiran-cerradas-las-fronteras-al-turismo\/","url":"https:\/\/www.eldiariodetucuman.com\/web\/limitan-a-600-el-cupo-diario-de-ingresos-y-seguiran-cerradas-las-fronteras-al-turismo\/","name":"Limitan a 600 el cupo diario de ingresos y seguir\u00e1n cerradas las fronteras al turismo - El Diario de Tucuman","isPartOf":{"@id":"https:\/\/www.eldiariodetucuman.com\/web\/#website"},"primaryImageOfPage":{"@id":"https:\/\/www.eldiariodetucuman.com\/web\/limitan-a-600-el-cupo-diario-de-ingresos-y-seguiran-cerradas-las-fronteras-al-turismo\/#primaryimage"},"image":{"@id":"https:\/\/www.eldiariodetucuman.com\/web\/limitan-a-600-el-cupo-diario-de-ingresos-y-seguiran-cerradas-las-fronteras-al-turismo\/#primaryimage"},"thumbnailUrl":"https:\/\/www.eldiariodetucuman.com\/web\/wp-content\/uploads\/2021\/06\/turismo-fronteras.jpg","datePublished":"2021-06-28T12:50:54+00:00","breadcrumb":{"@id":"https:\/\/www.eldiariodetucuman.com\/web\/limitan-a-600-el-cupo-diario-de-ingresos-y-seguiran-cerradas-las-fronteras-al-turismo\/#breadcrumb"},"inLanguage":"es","potentialAction":[{"@type":"ReadAction","target":["https:\/\/www.eldiariodetucuman.com\/web\/limitan-a-600-el-cupo-diario-de-ingresos-y-seguiran-cerradas-las-fronteras-al-turismo\/"]}]},{"@type":"ImageObject","inLanguage":"es","@id":"https:\/\/www.eldiariodetucuman.com\/web\/limitan-a-600-el-cupo-diario-de-ingresos-y-seguiran-cerradas-las-fronteras-al-turismo\/#primaryimage","url":"https:\/\/www.eldiariodetucuman.com\/web\/wp-content\/uploads\/2021\/06\/turismo-fronteras.jpg","contentUrl":"https:\/\/www.eldiariodetucuman.com\/web\/wp-content\/uploads\/2021\/06\/turismo-fronteras.jpg","width":1200,"height":809},{"@type":"BreadcrumbList","@id":"https:\/\/www.eldiariodetucuman.com\/web\/limitan-a-600-el-cupo-diario-de-ingresos-y-seguiran-cerradas-las-fronteras-al-turismo\/#breadcrumb","itemListElement":[{"@type":"ListItem","position":1,"name":"Portada","item":"https:\/\/www.eldiariodetucuman.com\/web\/"},{"@type":"ListItem","position":2,"name":"Limitan a 600 el cupo diario de ingresos y seguir\u00e1n cerradas las fronteras al turismo"}]},{"@type":"WebSite","@id":"https:\/\/www.eldiariodetucuman.com\/web\/#website","url":"https:\/\/www.eldiariodetucuman.com\/web\/","name":"El Diario de Tucuman","description":"Diario Tucuman - Informaci\u00f3n y noticias","publisher":{"@id":"https:\/\/www.eldiariodetucuman.com\/web\/#organization"},"potentialAction":[{"@type":"SearchAction","target":{"@type":"EntryPoint","urlTemplate":"https:\/\/www.eldiariodetucuman.com\/web\/?s={search_term_string}"},"query-input":{"@type":"PropertyValueSpecification","valueRequired":true,"valueName":"search_term_string"}}],"inLanguage":"es"},{"@type":"Organization","@id":"https:\/\/www.eldiariodetucuman.com\/web\/#organization","name":"El Diario de Tucuman","url":"https:\/\/www.eldiariodetucuman.com\/web\/","logo":{"@type":"ImageObject","inLanguage":"es","@id":"https:\/\/www.eldiariodetucuman.com\/web\/#\/schema\/logo\/image\/","url":"http:\/\/www.eldiariodetucuman.com\/web\/wp-content\/uploads\/2017\/12\/el-diario-de-tucuman.jpg","contentUrl":"http:\/\/www.eldiariodetucuman.com\/web\/wp-content\/uploads\/2017\/12\/el-diario-de-tucuman.jpg","width":272,"height":92,"caption":"El Diario de Tucuman"},"image":{"@id":"https:\/\/www.eldiariodetucuman.com\/web\/#\/schema\/logo\/image\/"}},{"@type":"Person","@id":"https:\/\/www.eldiariodetucuman.com\/web\/#\/schema\/person\/7e6644a46e60888f6b868594407e08dd","name":"Redactor Uno","image":{"@type":"ImageObject","inLanguage":"es","@id":"https:\/\/secure.gravatar.com\/avatar\/0049b1bdf1bd548385c9ea6b9356431717930913089febd2ba904f0187d7d074?s=96&d=mm&r=g","url":"https:\/\/secure.gravatar.com\/avatar\/0049b1bdf1bd548385c9ea6b9356431717930913089febd2ba904f0187d7d074?s=96&d=mm&r=g","contentUrl":"https:\/\/secure.gravatar.com\/avatar\/0049b1bdf1bd548385c9ea6b9356431717930913089febd2ba904f0187d7d074?s=96&d=mm&r=g","caption":"Redactor Uno"},"url":"https:\/\/www.eldiariodetucuman.com\/web\/author\/mramasco\/"}]}},"_links":{"self":[{"href":"https:\/\/www.eldiariodetucuman.com\/web\/wp-json\/wp\/v2\/posts\/32233","targetHints":{"allow":["GET"]}}],"collection":[{"href":"https:\/\/www.eldiariodetucuman.com\/web\/wp-json\/wp\/v2\/posts"}],"about":[{"href":"https:\/\/www.eldiariodetucuman.com\/web\/wp-json\/wp\/v2\/types\/post"}],"author":[{"embeddable":true,"href":"https:\/\/www.eldiariodetucuman.com\/web\/wp-json\/wp\/v2\/users\/5"}],"replies":[{"embeddable":true,"href":"https:\/\/www.eldiariodetucuman.com\/web\/wp-json\/wp\/v2\/comments?post=32233"}],"version-history":[{"count":1,"href":"https:\/\/www.eldiariodetucuman.com\/web\/wp-json\/wp\/v2\/posts\/32233\/revisions"}],"predecessor-version":[{"id":32235,"href":"https:\/\/www.eldiariodetucuman.com\/web\/wp-json\/wp\/v2\/posts\/32233\/revisions\/32235"}],"wp:featuredmedia":[{"embeddable":true,"href":"https:\/\/www.eldiariodetucuman.com\/web\/wp-json\/wp\/v2\/media\/32234"}],"wp:attachment":[{"href":"https:\/\/www.eldiariodetucuman.com\/web\/wp-json\/wp\/v2\/media?parent=32233"}],"wp:term":[{"taxonomy":"category","embeddable":true,"href":"https:\/\/www.eldiariodetucuman.com\/web\/wp-json\/wp\/v2\/categories?post=32233"},{"taxonomy":"post_tag","embeddable":true,"href":"https:\/\/www.eldiariodetucuman.com\/web\/wp-json\/wp\/v2\/tags?post=32233"}],"curies":[{"name":"wp","href":"https:\/\/api.w.org\/{rel}","templated":true}]}}