{"id":32018,"date":"2021-06-08T11:34:15","date_gmt":"2021-06-08T14:34:15","guid":{"rendered":"http:\/\/www.eldiariodetucuman.com\/web\/?p=32018"},"modified":"2021-06-08T11:34:15","modified_gmt":"2021-06-08T14:34:15","slug":"que-restricciones-mantendra-el-gobierno-nacional-a-partir-del-sabado","status":"publish","type":"post","link":"https:\/\/www.eldiariodetucuman.com\/web\/que-restricciones-mantendra-el-gobierno-nacional-a-partir-del-sabado\/","title":{"rendered":"Qu\u00e9 restricciones mantendr\u00e1 el Gobierno Nacional a partir del s\u00e1bado"},"content":{"rendered":"<p class=\"smr\">Las autoridades analizan que la cuarentena seguir\u00e1 con fines de semana cierres estrictos, d\u00edas h\u00e1biles con limitaciones y sin clases presenciales en algunas jurisdicciones.<\/p>\n<p><!--more--><\/p>\n<p class=\"smr\">El Gobierno piensa implementar desde el pr\u00f3ximo s\u00e1bado medidas parecidas a las actuales. Esperar\u00e1 hasta \u00faltimo momento la aprobaci\u00f3n de la ley que contempla la gesti\u00f3n de la pandemia, pero por las dudas analiza un nuevo DNU.<\/p>\n<p class=\"smr\"><b>La administraci\u00f3n nacional a cargo de Alberto Fern\u00e1ndez, piensa en una etapa muy parecida a la actual, con fines de semana \u00abduros\u00bb, d\u00edas h\u00e1biles con limitaciones importantes y sin clases presenciales en las zonas consideradas de alarma epidemiol\u00f3gica.<\/b><\/p>\n<p class=\"smr\">Con un escenario de meseta \u00abalta\u00bb y baja de casos \u00abm\u00e1s leve de lo esperada\u00bb cuando el 21 de mayo se dispusieron los nueve d\u00edas de confinamiento estricto,\u00a0<b>en el Gobierno admiten que la pr\u00f3xima etapa no contemplar\u00e1 fase 1<\/b>, pero buscan desarmar cualquier expectativa de mayores flexibilizaciones: en la hoja de ruta que delinean en la Casa Rosada, aseguran, se respeta el sem\u00e1foro epidemiol\u00f3gico que sirvi\u00f3 de base para los DNU anteriores y para el proyecto que ya fue aprobado en el Senado y esta semana el oficialismo har\u00e1 un intento por convertir en ley en la C\u00e1mara de Diputados. Si no sale, estar\u00e1 listo un nuevo DNU, con muchas semejanzas.<\/p>\n<p class=\"smr\">Esto implica, entre otras restricciones, que<b> de lunes a viernes se mantenga la actividad nocturna reducida, con l\u00edmite para la circulaci\u00f3n entre las 20 y 6, gastronom\u00eda y bares s\u00f3lo al aire libre, prohibici\u00f3n de reuniones sociales y transporte p\u00fablico con un listado acotado de esenciales.<\/b><\/p>\n<p class=\"smr\">La coincidencia entre la ministra de Salud, Carla Vizzotti, y el t\u00e1ndem bonaerense integrado por Daniel Gollan y Nicol\u00e1s Kreplak, que suelen anticipar con notable eficacia el rumbo de las decisiones sanitarias nacionales, es que los casos han bajado.\u00a0<b>Pero el Gobierno no quiere dar pasos en falso y sabe que una apertura los fines de semana podr\u00eda generar un relajamiento social que impactar\u00eda r\u00e1pidamente en la curva.<\/b><\/p>\n<p class=\"smr\">Por eso,<b>\u00a0toma fuerza la posibilidad de que desde el viernes a las 20 hasta los lunes a las 6 de la ma\u00f1ana se mantenga la obligaci\u00f3n de hacer un aislamiento estricto<\/b>. \u00abHay que dosificar y guardarlo para cuando haya que pedir un \u00faltimo esfuerzo. Con estos n\u00fameros podemos mantener todo como est\u00e1, pero es clave no dar se\u00f1ales contradictorias y que la gente piense que ya pas\u00f3\u00bb, reflexiona un funcionario con despacho en el primer piso de la Casa de Gobierno.<\/p>\n<p class=\"smr\"><strong>Fuente:<\/strong> <a href=\"https:\/\/www.losprimeros.tv\/nota\/politica\/264158\/cuales-son-restricciones-mantendra-gobierno-nacional-partir-sabado.html\">https:\/\/www.losprimeros.tv\/nota\/politica\/264158\/cuales-son-restricciones-mantendra-gobierno-nacional-partir-sabado.html<\/a><\/p>\n","protected":false},"excerpt":{"rendered":"<p>Las autoridades analizan que la cuarentena seguir\u00e1 con fines de semana cierres estrictos, d\u00edas h\u00e1biles con limitaciones y sin clases presenciales en algunas jurisdicciones.<\/p>\n","protected":false},"author":5,"featured_media":32019,"comment_status":"closed","ping_status":"open","sticky":false,"template":"","format":"standard","meta":{"footnotes":""},"categories":[3,1],"tags":[877,3104,2055],"class_list":{"0":"post-32018","1":"post","2":"type-post","3":"status-publish","4":"format-standard","5":"has-post-thumbnail","7":"category-politica","8":"category-portada","9":"tag-gobierno","10":"tag-pandemia","11":"tag-restricciones"},"yoast_head":"<!-- This site is optimized with the Yoast SEO plugin v27.4 - https:\/\/yoast.com\/product\/yoast-seo-wordpress\/ -->\n<title>Qu\u00e9 restricciones mantendr\u00e1 el Gobierno Nacional a partir del s\u00e1bado - El Diario de Tucuman<\/title>\n<meta name=\"robots\" content=\"index, follow, max-snippet:-1, max-image-preview:large, max-video-preview:-1\" \/>\n<link rel=\"canonical\" href=\"https:\/\/www.eldiariodetucuman.com\/web\/que-restricciones-mantendra-el-gobierno-nacional-a-partir-del-sabado\/\" \/>\n<meta property=\"og:locale\" content=\"es_ES\" \/>\n<meta property=\"og:type\" content=\"article\" \/>\n<meta property=\"og:title\" content=\"Qu\u00e9 restricciones mantendr\u00e1 el Gobierno Nacional a partir del s\u00e1bado - El Diario de Tucuman\" \/>\n<meta property=\"og:description\" content=\"Las autoridades analizan que la cuarentena seguir\u00e1 con fines de semana cierres estrictos, d\u00edas h\u00e1biles con limitaciones y sin clases presenciales en algunas jurisdicciones.\" \/>\n<meta property=\"og:url\" content=\"https:\/\/www.eldiariodetucuman.com\/web\/que-restricciones-mantendra-el-gobierno-nacional-a-partir-del-sabado\/\" \/>\n<meta property=\"og:site_name\" content=\"El Diario de Tucuman\" \/>\n<meta property=\"article:published_time\" content=\"2021-06-08T14:34:15+00:00\" \/>\n<meta property=\"og:image\" content=\"https:\/\/www.eldiariodetucuman.com\/web\/wp-content\/uploads\/2021\/06\/restricciones-tuc.jpg\" \/>\n\t<meta property=\"og:image:width\" content=\"1200\" \/>\n\t<meta property=\"og:image:height\" content=\"800\" \/>\n\t<meta property=\"og:image:type\" content=\"image\/jpeg\" \/>\n<meta name=\"author\" content=\"Redactor Uno\" \/>\n<meta name=\"twitter:card\" content=\"summary_large_image\" \/>\n<meta name=\"twitter:label1\" content=\"Escrito por\" \/>\n\t<meta name=\"twitter:data1\" content=\"Redactor Uno\" \/>\n\t<meta name=\"twitter:label2\" content=\"Tiempo de lectura\" \/>\n\t<meta name=\"twitter:data2\" content=\"2 minutos\" \/>\n<script type=\"application\/ld+json\" class=\"yoast-schema-graph\">{\"@context\":\"https:\\\/\\\/schema.org\",\"@graph\":[{\"@type\":\"Article\",\"@id\":\"https:\\\/\\\/www.eldiariodetucuman.com\\\/web\\\/que-restricciones-mantendra-el-gobierno-nacional-a-partir-del-sabado\\\/#article\",\"isPartOf\":{\"@id\":\"https:\\\/\\\/www.eldiariodetucuman.com\\\/web\\\/que-restricciones-mantendra-el-gobierno-nacional-a-partir-del-sabado\\\/\"},\"author\":{\"name\":\"Redactor Uno\",\"@id\":\"https:\\\/\\\/www.eldiariodetucuman.com\\\/web\\\/#\\\/schema\\\/person\\\/7e6644a46e60888f6b868594407e08dd\"},\"headline\":\"Qu\u00e9 restricciones mantendr\u00e1 el Gobierno Nacional a partir del s\u00e1bado\",\"datePublished\":\"2021-06-08T14:34:15+00:00\",\"mainEntityOfPage\":{\"@id\":\"https:\\\/\\\/www.eldiariodetucuman.com\\\/web\\\/que-restricciones-mantendra-el-gobierno-nacional-a-partir-del-sabado\\\/\"},\"wordCount\":453,\"publisher\":{\"@id\":\"https:\\\/\\\/www.eldiariodetucuman.com\\\/web\\\/#organization\"},\"image\":{\"@id\":\"https:\\\/\\\/www.eldiariodetucuman.com\\\/web\\\/que-restricciones-mantendra-el-gobierno-nacional-a-partir-del-sabado\\\/#primaryimage\"},\"thumbnailUrl\":\"https:\\\/\\\/www.eldiariodetucuman.com\\\/web\\\/wp-content\\\/uploads\\\/2021\\\/06\\\/restricciones-tuc.jpg\",\"keywords\":[\"gobierno\",\"pandemia\",\"restricciones\"],\"articleSection\":[\"Politica\",\"Portada\"],\"inLanguage\":\"es\"},{\"@type\":\"WebPage\",\"@id\":\"https:\\\/\\\/www.eldiariodetucuman.com\\\/web\\\/que-restricciones-mantendra-el-gobierno-nacional-a-partir-del-sabado\\\/\",\"url\":\"https:\\\/\\\/www.eldiariodetucuman.com\\\/web\\\/que-restricciones-mantendra-el-gobierno-nacional-a-partir-del-sabado\\\/\",\"name\":\"Qu\u00e9 restricciones mantendr\u00e1 el Gobierno Nacional a partir del s\u00e1bado - El Diario de Tucuman\",\"isPartOf\":{\"@id\":\"https:\\\/\\\/www.eldiariodetucuman.com\\\/web\\\/#website\"},\"primaryImageOfPage\":{\"@id\":\"https:\\\/\\\/www.eldiariodetucuman.com\\\/web\\\/que-restricciones-mantendra-el-gobierno-nacional-a-partir-del-sabado\\\/#primaryimage\"},\"image\":{\"@id\":\"https:\\\/\\\/www.eldiariodetucuman.com\\\/web\\\/que-restricciones-mantendra-el-gobierno-nacional-a-partir-del-sabado\\\/#primaryimage\"},\"thumbnailUrl\":\"https:\\\/\\\/www.eldiariodetucuman.com\\\/web\\\/wp-content\\\/uploads\\\/2021\\\/06\\\/restricciones-tuc.jpg\",\"datePublished\":\"2021-06-08T14:34:15+00:00\",\"breadcrumb\":{\"@id\":\"https:\\\/\\\/www.eldiariodetucuman.com\\\/web\\\/que-restricciones-mantendra-el-gobierno-nacional-a-partir-del-sabado\\\/#breadcrumb\"},\"inLanguage\":\"es\",\"potentialAction\":[{\"@type\":\"ReadAction\",\"target\":[\"https:\\\/\\\/www.eldiariodetucuman.com\\\/web\\\/que-restricciones-mantendra-el-gobierno-nacional-a-partir-del-sabado\\\/\"]}]},{\"@type\":\"ImageObject\",\"inLanguage\":\"es\",\"@id\":\"https:\\\/\\\/www.eldiariodetucuman.com\\\/web\\\/que-restricciones-mantendra-el-gobierno-nacional-a-partir-del-sabado\\\/#primaryimage\",\"url\":\"https:\\\/\\\/www.eldiariodetucuman.com\\\/web\\\/wp-content\\\/uploads\\\/2021\\\/06\\\/restricciones-tuc.jpg\",\"contentUrl\":\"https:\\\/\\\/www.eldiariodetucuman.com\\\/web\\\/wp-content\\\/uploads\\\/2021\\\/06\\\/restricciones-tuc.jpg\",\"width\":1200,\"height\":800},{\"@type\":\"BreadcrumbList\",\"@id\":\"https:\\\/\\\/www.eldiariodetucuman.com\\\/web\\\/que-restricciones-mantendra-el-gobierno-nacional-a-partir-del-sabado\\\/#breadcrumb\",\"itemListElement\":[{\"@type\":\"ListItem\",\"position\":1,\"name\":\"Portada\",\"item\":\"https:\\\/\\\/www.eldiariodetucuman.com\\\/web\\\/\"},{\"@type\":\"ListItem\",\"position\":2,\"name\":\"Qu\u00e9 restricciones mantendr\u00e1 el Gobierno Nacional a partir del s\u00e1bado\"}]},{\"@type\":\"WebSite\",\"@id\":\"https:\\\/\\\/www.eldiariodetucuman.com\\\/web\\\/#website\",\"url\":\"https:\\\/\\\/www.eldiariodetucuman.com\\\/web\\\/\",\"name\":\"El Diario de Tucuman\",\"description\":\"Diario Tucuman - Informaci\u00f3n y noticias\",\"publisher\":{\"@id\":\"https:\\\/\\\/www.eldiariodetucuman.com\\\/web\\\/#organization\"},\"potentialAction\":[{\"@type\":\"SearchAction\",\"target\":{\"@type\":\"EntryPoint\",\"urlTemplate\":\"https:\\\/\\\/www.eldiariodetucuman.com\\\/web\\\/?s={search_term_string}\"},\"query-input\":{\"@type\":\"PropertyValueSpecification\",\"valueRequired\":true,\"valueName\":\"search_term_string\"}}],\"inLanguage\":\"es\"},{\"@type\":\"Organization\",\"@id\":\"https:\\\/\\\/www.eldiariodetucuman.com\\\/web\\\/#organization\",\"name\":\"El Diario de Tucuman\",\"url\":\"https:\\\/\\\/www.eldiariodetucuman.com\\\/web\\\/\",\"logo\":{\"@type\":\"ImageObject\",\"inLanguage\":\"es\",\"@id\":\"https:\\\/\\\/www.eldiariodetucuman.com\\\/web\\\/#\\\/schema\\\/logo\\\/image\\\/\",\"url\":\"http:\\\/\\\/www.eldiariodetucuman.com\\\/web\\\/wp-content\\\/uploads\\\/2017\\\/12\\\/el-diario-de-tucuman.jpg\",\"contentUrl\":\"http:\\\/\\\/www.eldiariodetucuman.com\\\/web\\\/wp-content\\\/uploads\\\/2017\\\/12\\\/el-diario-de-tucuman.jpg\",\"width\":272,\"height\":92,\"caption\":\"El Diario de Tucuman\"},\"image\":{\"@id\":\"https:\\\/\\\/www.eldiariodetucuman.com\\\/web\\\/#\\\/schema\\\/logo\\\/image\\\/\"}},{\"@type\":\"Person\",\"@id\":\"https:\\\/\\\/www.eldiariodetucuman.com\\\/web\\\/#\\\/schema\\\/person\\\/7e6644a46e60888f6b868594407e08dd\",\"name\":\"Redactor Uno\",\"image\":{\"@type\":\"ImageObject\",\"inLanguage\":\"es\",\"@id\":\"https:\\\/\\\/secure.gravatar.com\\\/avatar\\\/0049b1bdf1bd548385c9ea6b9356431717930913089febd2ba904f0187d7d074?s=96&d=mm&r=g\",\"url\":\"https:\\\/\\\/secure.gravatar.com\\\/avatar\\\/0049b1bdf1bd548385c9ea6b9356431717930913089febd2ba904f0187d7d074?s=96&d=mm&r=g\",\"contentUrl\":\"https:\\\/\\\/secure.gravatar.com\\\/avatar\\\/0049b1bdf1bd548385c9ea6b9356431717930913089febd2ba904f0187d7d074?s=96&d=mm&r=g\",\"caption\":\"Redactor Uno\"},\"url\":\"https:\\\/\\\/www.eldiariodetucuman.com\\\/web\\\/author\\\/mramasco\\\/\"}]}<\/script>\n<!-- \/ Yoast SEO plugin. -->","yoast_head_json":{"title":"Qu\u00e9 restricciones mantendr\u00e1 el Gobierno Nacional a partir del s\u00e1bado - El Diario de Tucuman","robots":{"index":"index","follow":"follow","max-snippet":"max-snippet:-1","max-image-preview":"max-image-preview:large","max-video-preview":"max-video-preview:-1"},"canonical":"https:\/\/www.eldiariodetucuman.com\/web\/que-restricciones-mantendra-el-gobierno-nacional-a-partir-del-sabado\/","og_locale":"es_ES","og_type":"article","og_title":"Qu\u00e9 restricciones mantendr\u00e1 el Gobierno Nacional a partir del s\u00e1bado - El Diario de Tucuman","og_description":"Las autoridades analizan que la cuarentena seguir\u00e1 con fines de semana cierres estrictos, d\u00edas h\u00e1biles con limitaciones y sin clases presenciales en algunas jurisdicciones.","og_url":"https:\/\/www.eldiariodetucuman.com\/web\/que-restricciones-mantendra-el-gobierno-nacional-a-partir-del-sabado\/","og_site_name":"El Diario de Tucuman","article_published_time":"2021-06-08T14:34:15+00:00","og_image":[{"width":1200,"height":800,"url":"https:\/\/www.eldiariodetucuman.com\/web\/wp-content\/uploads\/2021\/06\/restricciones-tuc.jpg","type":"image\/jpeg"}],"author":"Redactor Uno","twitter_card":"summary_large_image","twitter_misc":{"Escrito por":"Redactor Uno","Tiempo de lectura":"2 minutos"},"schema":{"@context":"https:\/\/schema.org","@graph":[{"@type":"Article","@id":"https:\/\/www.eldiariodetucuman.com\/web\/que-restricciones-mantendra-el-gobierno-nacional-a-partir-del-sabado\/#article","isPartOf":{"@id":"https:\/\/www.eldiariodetucuman.com\/web\/que-restricciones-mantendra-el-gobierno-nacional-a-partir-del-sabado\/"},"author":{"name":"Redactor Uno","@id":"https:\/\/www.eldiariodetucuman.com\/web\/#\/schema\/person\/7e6644a46e60888f6b868594407e08dd"},"headline":"Qu\u00e9 restricciones mantendr\u00e1 el Gobierno Nacional a partir del s\u00e1bado","datePublished":"2021-06-08T14:34:15+00:00","mainEntityOfPage":{"@id":"https:\/\/www.eldiariodetucuman.com\/web\/que-restricciones-mantendra-el-gobierno-nacional-a-partir-del-sabado\/"},"wordCount":453,"publisher":{"@id":"https:\/\/www.eldiariodetucuman.com\/web\/#organization"},"image":{"@id":"https:\/\/www.eldiariodetucuman.com\/web\/que-restricciones-mantendra-el-gobierno-nacional-a-partir-del-sabado\/#primaryimage"},"thumbnailUrl":"https:\/\/www.eldiariodetucuman.com\/web\/wp-content\/uploads\/2021\/06\/restricciones-tuc.jpg","keywords":["gobierno","pandemia","restricciones"],"articleSection":["Politica","Portada"],"inLanguage":"es"},{"@type":"WebPage","@id":"https:\/\/www.eldiariodetucuman.com\/web\/que-restricciones-mantendra-el-gobierno-nacional-a-partir-del-sabado\/","url":"https:\/\/www.eldiariodetucuman.com\/web\/que-restricciones-mantendra-el-gobierno-nacional-a-partir-del-sabado\/","name":"Qu\u00e9 restricciones mantendr\u00e1 el Gobierno Nacional a partir del s\u00e1bado - El Diario de Tucuman","isPartOf":{"@id":"https:\/\/www.eldiariodetucuman.com\/web\/#website"},"primaryImageOfPage":{"@id":"https:\/\/www.eldiariodetucuman.com\/web\/que-restricciones-mantendra-el-gobierno-nacional-a-partir-del-sabado\/#primaryimage"},"image":{"@id":"https:\/\/www.eldiariodetucuman.com\/web\/que-restricciones-mantendra-el-gobierno-nacional-a-partir-del-sabado\/#primaryimage"},"thumbnailUrl":"https:\/\/www.eldiariodetucuman.com\/web\/wp-content\/uploads\/2021\/06\/restricciones-tuc.jpg","datePublished":"2021-06-08T14:34:15+00:00","breadcrumb":{"@id":"https:\/\/www.eldiariodetucuman.com\/web\/que-restricciones-mantendra-el-gobierno-nacional-a-partir-del-sabado\/#breadcrumb"},"inLanguage":"es","potentialAction":[{"@type":"ReadAction","target":["https:\/\/www.eldiariodetucuman.com\/web\/que-restricciones-mantendra-el-gobierno-nacional-a-partir-del-sabado\/"]}]},{"@type":"ImageObject","inLanguage":"es","@id":"https:\/\/www.eldiariodetucuman.com\/web\/que-restricciones-mantendra-el-gobierno-nacional-a-partir-del-sabado\/#primaryimage","url":"https:\/\/www.eldiariodetucuman.com\/web\/wp-content\/uploads\/2021\/06\/restricciones-tuc.jpg","contentUrl":"https:\/\/www.eldiariodetucuman.com\/web\/wp-content\/uploads\/2021\/06\/restricciones-tuc.jpg","width":1200,"height":800},{"@type":"BreadcrumbList","@id":"https:\/\/www.eldiariodetucuman.com\/web\/que-restricciones-mantendra-el-gobierno-nacional-a-partir-del-sabado\/#breadcrumb","itemListElement":[{"@type":"ListItem","position":1,"name":"Portada","item":"https:\/\/www.eldiariodetucuman.com\/web\/"},{"@type":"ListItem","position":2,"name":"Qu\u00e9 restricciones mantendr\u00e1 el Gobierno Nacional a partir del s\u00e1bado"}]},{"@type":"WebSite","@id":"https:\/\/www.eldiariodetucuman.com\/web\/#website","url":"https:\/\/www.eldiariodetucuman.com\/web\/","name":"El Diario de Tucuman","description":"Diario Tucuman - Informaci\u00f3n y noticias","publisher":{"@id":"https:\/\/www.eldiariodetucuman.com\/web\/#organization"},"potentialAction":[{"@type":"SearchAction","target":{"@type":"EntryPoint","urlTemplate":"https:\/\/www.eldiariodetucuman.com\/web\/?s={search_term_string}"},"query-input":{"@type":"PropertyValueSpecification","valueRequired":true,"valueName":"search_term_string"}}],"inLanguage":"es"},{"@type":"Organization","@id":"https:\/\/www.eldiariodetucuman.com\/web\/#organization","name":"El Diario de Tucuman","url":"https:\/\/www.eldiariodetucuman.com\/web\/","logo":{"@type":"ImageObject","inLanguage":"es","@id":"https:\/\/www.eldiariodetucuman.com\/web\/#\/schema\/logo\/image\/","url":"http:\/\/www.eldiariodetucuman.com\/web\/wp-content\/uploads\/2017\/12\/el-diario-de-tucuman.jpg","contentUrl":"http:\/\/www.eldiariodetucuman.com\/web\/wp-content\/uploads\/2017\/12\/el-diario-de-tucuman.jpg","width":272,"height":92,"caption":"El Diario de Tucuman"},"image":{"@id":"https:\/\/www.eldiariodetucuman.com\/web\/#\/schema\/logo\/image\/"}},{"@type":"Person","@id":"https:\/\/www.eldiariodetucuman.com\/web\/#\/schema\/person\/7e6644a46e60888f6b868594407e08dd","name":"Redactor Uno","image":{"@type":"ImageObject","inLanguage":"es","@id":"https:\/\/secure.gravatar.com\/avatar\/0049b1bdf1bd548385c9ea6b9356431717930913089febd2ba904f0187d7d074?s=96&d=mm&r=g","url":"https:\/\/secure.gravatar.com\/avatar\/0049b1bdf1bd548385c9ea6b9356431717930913089febd2ba904f0187d7d074?s=96&d=mm&r=g","contentUrl":"https:\/\/secure.gravatar.com\/avatar\/0049b1bdf1bd548385c9ea6b9356431717930913089febd2ba904f0187d7d074?s=96&d=mm&r=g","caption":"Redactor Uno"},"url":"https:\/\/www.eldiariodetucuman.com\/web\/author\/mramasco\/"}]}},"_links":{"self":[{"href":"https:\/\/www.eldiariodetucuman.com\/web\/wp-json\/wp\/v2\/posts\/32018","targetHints":{"allow":["GET"]}}],"collection":[{"href":"https:\/\/www.eldiariodetucuman.com\/web\/wp-json\/wp\/v2\/posts"}],"about":[{"href":"https:\/\/www.eldiariodetucuman.com\/web\/wp-json\/wp\/v2\/types\/post"}],"author":[{"embeddable":true,"href":"https:\/\/www.eldiariodetucuman.com\/web\/wp-json\/wp\/v2\/users\/5"}],"replies":[{"embeddable":true,"href":"https:\/\/www.eldiariodetucuman.com\/web\/wp-json\/wp\/v2\/comments?post=32018"}],"version-history":[{"count":1,"href":"https:\/\/www.eldiariodetucuman.com\/web\/wp-json\/wp\/v2\/posts\/32018\/revisions"}],"predecessor-version":[{"id":32020,"href":"https:\/\/www.eldiariodetucuman.com\/web\/wp-json\/wp\/v2\/posts\/32018\/revisions\/32020"}],"wp:featuredmedia":[{"embeddable":true,"href":"https:\/\/www.eldiariodetucuman.com\/web\/wp-json\/wp\/v2\/media\/32019"}],"wp:attachment":[{"href":"https:\/\/www.eldiariodetucuman.com\/web\/wp-json\/wp\/v2\/media?parent=32018"}],"wp:term":[{"taxonomy":"category","embeddable":true,"href":"https:\/\/www.eldiariodetucuman.com\/web\/wp-json\/wp\/v2\/categories?post=32018"},{"taxonomy":"post_tag","embeddable":true,"href":"https:\/\/www.eldiariodetucuman.com\/web\/wp-json\/wp\/v2\/tags?post=32018"}],"curies":[{"name":"wp","href":"https:\/\/api.w.org\/{rel}","templated":true}]}}