{"id":32015,"date":"2021-06-08T11:27:01","date_gmt":"2021-06-08T14:27:01","guid":{"rendered":"http:\/\/www.eldiariodetucuman.com\/web\/?p=32015"},"modified":"2021-06-08T11:27:01","modified_gmt":"2021-06-08T14:27:01","slug":"menores-de-40-anos-recibirian-la-vacuna-en-dos-o-tres-semanas","status":"publish","type":"post","link":"https:\/\/www.eldiariodetucuman.com\/web\/menores-de-40-anos-recibirian-la-vacuna-en-dos-o-tres-semanas\/","title":{"rendered":"Menores de 40 a\u00f1os recibir\u00edan la vacuna en dos o tres semanas"},"content":{"rendered":"<div class=\"post-header-area\">\n<p class=\"sumario\">El titular del Siprosa indic\u00f3 que eso depender\u00e1 del flujo de vacunas que reciba la provincia.<\/p>\n<\/div>\n<p><!--more--><\/p>\n<div class=\"post-header-area\">\n<p class=\"sumario\">El secretario Ejecutivo del Sistema Provincial de Salud (Siprosa), Luis Medina Ruiz, remarc\u00f3 la llegada de distintos lotes de vacunas contra el Covid-19 a la provincia, posibilit\u00f3 superar el medio mill\u00f3n de dosis aplicadas<strong>\u00a0a m\u00e1s de 400.000 personas<\/strong> y adelant\u00f3 que en poco tiempo el sistema de salud avanzar\u00e1 con m\u00e1s grupos etarios.<\/p>\n<p class=\"sumario\">Estamos avanzando bien con la campa\u00f1a de inmunizaci\u00f3n. Esta semana seguir\u00e1n llegando vacunas y avanzaremos con la poblaci\u00f3n que tiene m\u00e1s 40 a\u00f1os. Tenemos esperanza de avanzar todo lo posible antes de que llegue el invierno\u201d, afirm\u00f3 el funcionario.<\/p>\n<p class=\"sumario\">En ese sentido, el funcionario precis\u00f3 que \u00ab<strong>aspiramos a vacunar al grupo etario de los 30 a\u00f1os<\/strong> en dos o tres semanas\u00bb, aunque reconoci\u00f3 que eso est\u00e1 atado a la disponibilidad de vacunas que tenga la provincia.<\/p>\n<p class=\"sumario\">Consultado por el segundo componente de la vacuna Sputnik V, Medina Ruiz dijo que\u00a0<strong>entre 60.000 y 80.000 personas<\/strong> est\u00e1n a la espera de esa \u00abCuando llegue a Tucum\u00e1n, tendremos la posibilidad de llamar a las personas que por antig\u00fcedad le corresponde primero. Ser\u00e1 colocada en el mismo orden que la primera\u00bb, confirm\u00f3.<\/p>\n<p class=\"sumario\">En di\u00e1logo con<strong>\u00a0el programa televisivo Los Primeros,<\/strong> el funcionario del Siprosa expres\u00f3 que \u00abes muy probable que la vacuna contra el coronavirus sea incorporada al pr\u00f3ximo calendario y que sea colocada junto con la vacuna antigripal\u00bb. Y explic\u00f3: \u00abhoy no se colocan juntas por el posible efecto colateral que pueda tener alguna de las dos vacunas\u00bb.<\/p>\n<p class=\"sumario\">De acuerdo a la evoluci\u00f3n del virus, Medina Ruiz afirm\u00f3 que no tiene dudas que la enfermedad obligar\u00e1 a mantener la vacunaci\u00f3n por un largo tiempo m\u00e1s.<\/p>\n<p class=\"sumario\">Sobre la situaci\u00f3n epidemiol\u00f3gica actual, el funcionario se\u00f1al\u00f3 que la provincia todav\u00eda est\u00e1 en una l\u00ednea roja, con un elevado n\u00famero de casos positivos de Covid-19, por encima de los 1.000 por d\u00eda debido a que la gente no cumpli\u00f3 totalmente con las restricciones dispuestas por el gobierno nacional. \u00abTenemos un n\u00famero muy alto de contagios, si tenemos en cuenta que de esos 1.000 pacientes muchos de ellos requieren una internaci\u00f3n de cuidados intensivos y si bien anoche logramos bajar la ocupaci\u00f3n de camas al 83% la tendencia es ascendente\u00bb, afirm\u00f3.<\/p>\n<p class=\"sumario\"><strong>Fuente:<\/strong> <a href=\"https:\/\/www.comunicaciontucuman.gob.ar\/noticia\/salud\/204177\/dos-o-tres-semanas-podriamos-vacunar-menores-40-anos\">https:\/\/www.comunicaciontucuman.gob.ar\/noticia\/salud\/204177\/dos-o-tres-semanas-podriamos-vacunar-menores-40-anos<\/a><\/p>\n<\/div>\n<div class=\"post-content-area\">\n<p>&nbsp;<\/p>\n<\/div>\n<div class=\"post-footer\"><\/div>\n","protected":false},"excerpt":{"rendered":"<p>El titular del Siprosa indic\u00f3 que eso depender\u00e1 del flujo de vacunas que reciba la provincia.<\/p>\n","protected":false},"author":5,"featured_media":32016,"comment_status":"closed","ping_status":"open","sticky":false,"template":"","format":"standard","meta":{"footnotes":""},"categories":[2],"tags":[3104,79,61],"class_list":{"0":"post-32015","1":"post","2":"type-post","3":"status-publish","4":"format-standard","5":"has-post-thumbnail","7":"category-actualidad","8":"tag-pandemia","9":"tag-salud","10":"tag-tucuman"},"yoast_head":"<!-- This site is optimized with the Yoast SEO plugin v27.4 - https:\/\/yoast.com\/product\/yoast-seo-wordpress\/ -->\n<title>Menores de 40 a\u00f1os recibir\u00edan la vacuna en dos o tres semanas - El Diario de Tucuman<\/title>\n<meta name=\"robots\" content=\"index, follow, max-snippet:-1, max-image-preview:large, max-video-preview:-1\" \/>\n<link rel=\"canonical\" href=\"https:\/\/www.eldiariodetucuman.com\/web\/menores-de-40-anos-recibirian-la-vacuna-en-dos-o-tres-semanas\/\" \/>\n<meta property=\"og:locale\" content=\"es_ES\" \/>\n<meta property=\"og:type\" content=\"article\" \/>\n<meta property=\"og:title\" content=\"Menores de 40 a\u00f1os recibir\u00edan la vacuna en dos o tres semanas - El Diario de Tucuman\" \/>\n<meta property=\"og:description\" content=\"El titular del Siprosa indic\u00f3 que eso depender\u00e1 del flujo de vacunas que reciba la provincia.\" \/>\n<meta property=\"og:url\" content=\"https:\/\/www.eldiariodetucuman.com\/web\/menores-de-40-anos-recibirian-la-vacuna-en-dos-o-tres-semanas\/\" \/>\n<meta property=\"og:site_name\" content=\"El Diario de Tucuman\" \/>\n<meta property=\"article:published_time\" content=\"2021-06-08T14:27:01+00:00\" \/>\n<meta property=\"og:image\" content=\"https:\/\/www.eldiariodetucuman.com\/web\/wp-content\/uploads\/2021\/06\/menores-de-40.jpg\" \/>\n\t<meta property=\"og:image:width\" content=\"840\" \/>\n\t<meta property=\"og:image:height\" content=\"543\" \/>\n\t<meta property=\"og:image:type\" content=\"image\/jpeg\" \/>\n<meta name=\"author\" content=\"Redactor Uno\" \/>\n<meta name=\"twitter:card\" content=\"summary_large_image\" \/>\n<meta name=\"twitter:label1\" content=\"Escrito por\" \/>\n\t<meta name=\"twitter:data1\" content=\"Redactor Uno\" \/>\n\t<meta name=\"twitter:label2\" content=\"Tiempo de lectura\" \/>\n\t<meta name=\"twitter:data2\" content=\"2 minutos\" \/>\n<script type=\"application\/ld+json\" class=\"yoast-schema-graph\">{\"@context\":\"https:\\\/\\\/schema.org\",\"@graph\":[{\"@type\":\"Article\",\"@id\":\"https:\\\/\\\/www.eldiariodetucuman.com\\\/web\\\/menores-de-40-anos-recibirian-la-vacuna-en-dos-o-tres-semanas\\\/#article\",\"isPartOf\":{\"@id\":\"https:\\\/\\\/www.eldiariodetucuman.com\\\/web\\\/menores-de-40-anos-recibirian-la-vacuna-en-dos-o-tres-semanas\\\/\"},\"author\":{\"name\":\"Redactor Uno\",\"@id\":\"https:\\\/\\\/www.eldiariodetucuman.com\\\/web\\\/#\\\/schema\\\/person\\\/7e6644a46e60888f6b868594407e08dd\"},\"headline\":\"Menores de 40 a\u00f1os recibir\u00edan la vacuna en dos o tres semanas\",\"datePublished\":\"2021-06-08T14:27:01+00:00\",\"mainEntityOfPage\":{\"@id\":\"https:\\\/\\\/www.eldiariodetucuman.com\\\/web\\\/menores-de-40-anos-recibirian-la-vacuna-en-dos-o-tres-semanas\\\/\"},\"wordCount\":418,\"publisher\":{\"@id\":\"https:\\\/\\\/www.eldiariodetucuman.com\\\/web\\\/#organization\"},\"image\":{\"@id\":\"https:\\\/\\\/www.eldiariodetucuman.com\\\/web\\\/menores-de-40-anos-recibirian-la-vacuna-en-dos-o-tres-semanas\\\/#primaryimage\"},\"thumbnailUrl\":\"https:\\\/\\\/www.eldiariodetucuman.com\\\/web\\\/wp-content\\\/uploads\\\/2021\\\/06\\\/menores-de-40.jpg\",\"keywords\":[\"pandemia\",\"salud\",\"Tucuman\"],\"articleSection\":[\"Actualidad\"],\"inLanguage\":\"es\"},{\"@type\":\"WebPage\",\"@id\":\"https:\\\/\\\/www.eldiariodetucuman.com\\\/web\\\/menores-de-40-anos-recibirian-la-vacuna-en-dos-o-tres-semanas\\\/\",\"url\":\"https:\\\/\\\/www.eldiariodetucuman.com\\\/web\\\/menores-de-40-anos-recibirian-la-vacuna-en-dos-o-tres-semanas\\\/\",\"name\":\"Menores de 40 a\u00f1os recibir\u00edan la vacuna en dos o tres semanas - El Diario de Tucuman\",\"isPartOf\":{\"@id\":\"https:\\\/\\\/www.eldiariodetucuman.com\\\/web\\\/#website\"},\"primaryImageOfPage\":{\"@id\":\"https:\\\/\\\/www.eldiariodetucuman.com\\\/web\\\/menores-de-40-anos-recibirian-la-vacuna-en-dos-o-tres-semanas\\\/#primaryimage\"},\"image\":{\"@id\":\"https:\\\/\\\/www.eldiariodetucuman.com\\\/web\\\/menores-de-40-anos-recibirian-la-vacuna-en-dos-o-tres-semanas\\\/#primaryimage\"},\"thumbnailUrl\":\"https:\\\/\\\/www.eldiariodetucuman.com\\\/web\\\/wp-content\\\/uploads\\\/2021\\\/06\\\/menores-de-40.jpg\",\"datePublished\":\"2021-06-08T14:27:01+00:00\",\"breadcrumb\":{\"@id\":\"https:\\\/\\\/www.eldiariodetucuman.com\\\/web\\\/menores-de-40-anos-recibirian-la-vacuna-en-dos-o-tres-semanas\\\/#breadcrumb\"},\"inLanguage\":\"es\",\"potentialAction\":[{\"@type\":\"ReadAction\",\"target\":[\"https:\\\/\\\/www.eldiariodetucuman.com\\\/web\\\/menores-de-40-anos-recibirian-la-vacuna-en-dos-o-tres-semanas\\\/\"]}]},{\"@type\":\"ImageObject\",\"inLanguage\":\"es\",\"@id\":\"https:\\\/\\\/www.eldiariodetucuman.com\\\/web\\\/menores-de-40-anos-recibirian-la-vacuna-en-dos-o-tres-semanas\\\/#primaryimage\",\"url\":\"https:\\\/\\\/www.eldiariodetucuman.com\\\/web\\\/wp-content\\\/uploads\\\/2021\\\/06\\\/menores-de-40.jpg\",\"contentUrl\":\"https:\\\/\\\/www.eldiariodetucuman.com\\\/web\\\/wp-content\\\/uploads\\\/2021\\\/06\\\/menores-de-40.jpg\",\"width\":840,\"height\":543},{\"@type\":\"BreadcrumbList\",\"@id\":\"https:\\\/\\\/www.eldiariodetucuman.com\\\/web\\\/menores-de-40-anos-recibirian-la-vacuna-en-dos-o-tres-semanas\\\/#breadcrumb\",\"itemListElement\":[{\"@type\":\"ListItem\",\"position\":1,\"name\":\"Portada\",\"item\":\"https:\\\/\\\/www.eldiariodetucuman.com\\\/web\\\/\"},{\"@type\":\"ListItem\",\"position\":2,\"name\":\"Menores de 40 a\u00f1os recibir\u00edan la vacuna en dos o tres semanas\"}]},{\"@type\":\"WebSite\",\"@id\":\"https:\\\/\\\/www.eldiariodetucuman.com\\\/web\\\/#website\",\"url\":\"https:\\\/\\\/www.eldiariodetucuman.com\\\/web\\\/\",\"name\":\"El Diario de Tucuman\",\"description\":\"Diario Tucuman - Informaci\u00f3n y noticias\",\"publisher\":{\"@id\":\"https:\\\/\\\/www.eldiariodetucuman.com\\\/web\\\/#organization\"},\"potentialAction\":[{\"@type\":\"SearchAction\",\"target\":{\"@type\":\"EntryPoint\",\"urlTemplate\":\"https:\\\/\\\/www.eldiariodetucuman.com\\\/web\\\/?s={search_term_string}\"},\"query-input\":{\"@type\":\"PropertyValueSpecification\",\"valueRequired\":true,\"valueName\":\"search_term_string\"}}],\"inLanguage\":\"es\"},{\"@type\":\"Organization\",\"@id\":\"https:\\\/\\\/www.eldiariodetucuman.com\\\/web\\\/#organization\",\"name\":\"El Diario de Tucuman\",\"url\":\"https:\\\/\\\/www.eldiariodetucuman.com\\\/web\\\/\",\"logo\":{\"@type\":\"ImageObject\",\"inLanguage\":\"es\",\"@id\":\"https:\\\/\\\/www.eldiariodetucuman.com\\\/web\\\/#\\\/schema\\\/logo\\\/image\\\/\",\"url\":\"http:\\\/\\\/www.eldiariodetucuman.com\\\/web\\\/wp-content\\\/uploads\\\/2017\\\/12\\\/el-diario-de-tucuman.jpg\",\"contentUrl\":\"http:\\\/\\\/www.eldiariodetucuman.com\\\/web\\\/wp-content\\\/uploads\\\/2017\\\/12\\\/el-diario-de-tucuman.jpg\",\"width\":272,\"height\":92,\"caption\":\"El Diario de Tucuman\"},\"image\":{\"@id\":\"https:\\\/\\\/www.eldiariodetucuman.com\\\/web\\\/#\\\/schema\\\/logo\\\/image\\\/\"}},{\"@type\":\"Person\",\"@id\":\"https:\\\/\\\/www.eldiariodetucuman.com\\\/web\\\/#\\\/schema\\\/person\\\/7e6644a46e60888f6b868594407e08dd\",\"name\":\"Redactor Uno\",\"image\":{\"@type\":\"ImageObject\",\"inLanguage\":\"es\",\"@id\":\"https:\\\/\\\/secure.gravatar.com\\\/avatar\\\/0049b1bdf1bd548385c9ea6b9356431717930913089febd2ba904f0187d7d074?s=96&d=mm&r=g\",\"url\":\"https:\\\/\\\/secure.gravatar.com\\\/avatar\\\/0049b1bdf1bd548385c9ea6b9356431717930913089febd2ba904f0187d7d074?s=96&d=mm&r=g\",\"contentUrl\":\"https:\\\/\\\/secure.gravatar.com\\\/avatar\\\/0049b1bdf1bd548385c9ea6b9356431717930913089febd2ba904f0187d7d074?s=96&d=mm&r=g\",\"caption\":\"Redactor Uno\"},\"url\":\"https:\\\/\\\/www.eldiariodetucuman.com\\\/web\\\/author\\\/mramasco\\\/\"}]}<\/script>\n<!-- \/ Yoast SEO plugin. -->","yoast_head_json":{"title":"Menores de 40 a\u00f1os recibir\u00edan la vacuna en dos o tres semanas - El Diario de Tucuman","robots":{"index":"index","follow":"follow","max-snippet":"max-snippet:-1","max-image-preview":"max-image-preview:large","max-video-preview":"max-video-preview:-1"},"canonical":"https:\/\/www.eldiariodetucuman.com\/web\/menores-de-40-anos-recibirian-la-vacuna-en-dos-o-tres-semanas\/","og_locale":"es_ES","og_type":"article","og_title":"Menores de 40 a\u00f1os recibir\u00edan la vacuna en dos o tres semanas - El Diario de Tucuman","og_description":"El titular del Siprosa indic\u00f3 que eso depender\u00e1 del flujo de vacunas que reciba la provincia.","og_url":"https:\/\/www.eldiariodetucuman.com\/web\/menores-de-40-anos-recibirian-la-vacuna-en-dos-o-tres-semanas\/","og_site_name":"El Diario de Tucuman","article_published_time":"2021-06-08T14:27:01+00:00","og_image":[{"width":840,"height":543,"url":"https:\/\/www.eldiariodetucuman.com\/web\/wp-content\/uploads\/2021\/06\/menores-de-40.jpg","type":"image\/jpeg"}],"author":"Redactor Uno","twitter_card":"summary_large_image","twitter_misc":{"Escrito por":"Redactor Uno","Tiempo de lectura":"2 minutos"},"schema":{"@context":"https:\/\/schema.org","@graph":[{"@type":"Article","@id":"https:\/\/www.eldiariodetucuman.com\/web\/menores-de-40-anos-recibirian-la-vacuna-en-dos-o-tres-semanas\/#article","isPartOf":{"@id":"https:\/\/www.eldiariodetucuman.com\/web\/menores-de-40-anos-recibirian-la-vacuna-en-dos-o-tres-semanas\/"},"author":{"name":"Redactor Uno","@id":"https:\/\/www.eldiariodetucuman.com\/web\/#\/schema\/person\/7e6644a46e60888f6b868594407e08dd"},"headline":"Menores de 40 a\u00f1os recibir\u00edan la vacuna en dos o tres semanas","datePublished":"2021-06-08T14:27:01+00:00","mainEntityOfPage":{"@id":"https:\/\/www.eldiariodetucuman.com\/web\/menores-de-40-anos-recibirian-la-vacuna-en-dos-o-tres-semanas\/"},"wordCount":418,"publisher":{"@id":"https:\/\/www.eldiariodetucuman.com\/web\/#organization"},"image":{"@id":"https:\/\/www.eldiariodetucuman.com\/web\/menores-de-40-anos-recibirian-la-vacuna-en-dos-o-tres-semanas\/#primaryimage"},"thumbnailUrl":"https:\/\/www.eldiariodetucuman.com\/web\/wp-content\/uploads\/2021\/06\/menores-de-40.jpg","keywords":["pandemia","salud","Tucuman"],"articleSection":["Actualidad"],"inLanguage":"es"},{"@type":"WebPage","@id":"https:\/\/www.eldiariodetucuman.com\/web\/menores-de-40-anos-recibirian-la-vacuna-en-dos-o-tres-semanas\/","url":"https:\/\/www.eldiariodetucuman.com\/web\/menores-de-40-anos-recibirian-la-vacuna-en-dos-o-tres-semanas\/","name":"Menores de 40 a\u00f1os recibir\u00edan la vacuna en dos o tres semanas - El Diario de Tucuman","isPartOf":{"@id":"https:\/\/www.eldiariodetucuman.com\/web\/#website"},"primaryImageOfPage":{"@id":"https:\/\/www.eldiariodetucuman.com\/web\/menores-de-40-anos-recibirian-la-vacuna-en-dos-o-tres-semanas\/#primaryimage"},"image":{"@id":"https:\/\/www.eldiariodetucuman.com\/web\/menores-de-40-anos-recibirian-la-vacuna-en-dos-o-tres-semanas\/#primaryimage"},"thumbnailUrl":"https:\/\/www.eldiariodetucuman.com\/web\/wp-content\/uploads\/2021\/06\/menores-de-40.jpg","datePublished":"2021-06-08T14:27:01+00:00","breadcrumb":{"@id":"https:\/\/www.eldiariodetucuman.com\/web\/menores-de-40-anos-recibirian-la-vacuna-en-dos-o-tres-semanas\/#breadcrumb"},"inLanguage":"es","potentialAction":[{"@type":"ReadAction","target":["https:\/\/www.eldiariodetucuman.com\/web\/menores-de-40-anos-recibirian-la-vacuna-en-dos-o-tres-semanas\/"]}]},{"@type":"ImageObject","inLanguage":"es","@id":"https:\/\/www.eldiariodetucuman.com\/web\/menores-de-40-anos-recibirian-la-vacuna-en-dos-o-tres-semanas\/#primaryimage","url":"https:\/\/www.eldiariodetucuman.com\/web\/wp-content\/uploads\/2021\/06\/menores-de-40.jpg","contentUrl":"https:\/\/www.eldiariodetucuman.com\/web\/wp-content\/uploads\/2021\/06\/menores-de-40.jpg","width":840,"height":543},{"@type":"BreadcrumbList","@id":"https:\/\/www.eldiariodetucuman.com\/web\/menores-de-40-anos-recibirian-la-vacuna-en-dos-o-tres-semanas\/#breadcrumb","itemListElement":[{"@type":"ListItem","position":1,"name":"Portada","item":"https:\/\/www.eldiariodetucuman.com\/web\/"},{"@type":"ListItem","position":2,"name":"Menores de 40 a\u00f1os recibir\u00edan la vacuna en dos o tres semanas"}]},{"@type":"WebSite","@id":"https:\/\/www.eldiariodetucuman.com\/web\/#website","url":"https:\/\/www.eldiariodetucuman.com\/web\/","name":"El Diario de Tucuman","description":"Diario Tucuman - Informaci\u00f3n y noticias","publisher":{"@id":"https:\/\/www.eldiariodetucuman.com\/web\/#organization"},"potentialAction":[{"@type":"SearchAction","target":{"@type":"EntryPoint","urlTemplate":"https:\/\/www.eldiariodetucuman.com\/web\/?s={search_term_string}"},"query-input":{"@type":"PropertyValueSpecification","valueRequired":true,"valueName":"search_term_string"}}],"inLanguage":"es"},{"@type":"Organization","@id":"https:\/\/www.eldiariodetucuman.com\/web\/#organization","name":"El Diario de Tucuman","url":"https:\/\/www.eldiariodetucuman.com\/web\/","logo":{"@type":"ImageObject","inLanguage":"es","@id":"https:\/\/www.eldiariodetucuman.com\/web\/#\/schema\/logo\/image\/","url":"http:\/\/www.eldiariodetucuman.com\/web\/wp-content\/uploads\/2017\/12\/el-diario-de-tucuman.jpg","contentUrl":"http:\/\/www.eldiariodetucuman.com\/web\/wp-content\/uploads\/2017\/12\/el-diario-de-tucuman.jpg","width":272,"height":92,"caption":"El Diario de Tucuman"},"image":{"@id":"https:\/\/www.eldiariodetucuman.com\/web\/#\/schema\/logo\/image\/"}},{"@type":"Person","@id":"https:\/\/www.eldiariodetucuman.com\/web\/#\/schema\/person\/7e6644a46e60888f6b868594407e08dd","name":"Redactor Uno","image":{"@type":"ImageObject","inLanguage":"es","@id":"https:\/\/secure.gravatar.com\/avatar\/0049b1bdf1bd548385c9ea6b9356431717930913089febd2ba904f0187d7d074?s=96&d=mm&r=g","url":"https:\/\/secure.gravatar.com\/avatar\/0049b1bdf1bd548385c9ea6b9356431717930913089febd2ba904f0187d7d074?s=96&d=mm&r=g","contentUrl":"https:\/\/secure.gravatar.com\/avatar\/0049b1bdf1bd548385c9ea6b9356431717930913089febd2ba904f0187d7d074?s=96&d=mm&r=g","caption":"Redactor Uno"},"url":"https:\/\/www.eldiariodetucuman.com\/web\/author\/mramasco\/"}]}},"_links":{"self":[{"href":"https:\/\/www.eldiariodetucuman.com\/web\/wp-json\/wp\/v2\/posts\/32015","targetHints":{"allow":["GET"]}}],"collection":[{"href":"https:\/\/www.eldiariodetucuman.com\/web\/wp-json\/wp\/v2\/posts"}],"about":[{"href":"https:\/\/www.eldiariodetucuman.com\/web\/wp-json\/wp\/v2\/types\/post"}],"author":[{"embeddable":true,"href":"https:\/\/www.eldiariodetucuman.com\/web\/wp-json\/wp\/v2\/users\/5"}],"replies":[{"embeddable":true,"href":"https:\/\/www.eldiariodetucuman.com\/web\/wp-json\/wp\/v2\/comments?post=32015"}],"version-history":[{"count":1,"href":"https:\/\/www.eldiariodetucuman.com\/web\/wp-json\/wp\/v2\/posts\/32015\/revisions"}],"predecessor-version":[{"id":32017,"href":"https:\/\/www.eldiariodetucuman.com\/web\/wp-json\/wp\/v2\/posts\/32015\/revisions\/32017"}],"wp:featuredmedia":[{"embeddable":true,"href":"https:\/\/www.eldiariodetucuman.com\/web\/wp-json\/wp\/v2\/media\/32016"}],"wp:attachment":[{"href":"https:\/\/www.eldiariodetucuman.com\/web\/wp-json\/wp\/v2\/media?parent=32015"}],"wp:term":[{"taxonomy":"category","embeddable":true,"href":"https:\/\/www.eldiariodetucuman.com\/web\/wp-json\/wp\/v2\/categories?post=32015"},{"taxonomy":"post_tag","embeddable":true,"href":"https:\/\/www.eldiariodetucuman.com\/web\/wp-json\/wp\/v2\/tags?post=32015"}],"curies":[{"name":"wp","href":"https:\/\/api.w.org\/{rel}","templated":true}]}}