{"id":31991,"date":"2021-06-04T17:47:30","date_gmt":"2021-06-04T20:47:30","guid":{"rendered":"http:\/\/www.eldiariodetucuman.com\/web\/?p=31991"},"modified":"2021-06-04T17:49:41","modified_gmt":"2021-06-04T20:49:41","slug":"duro-reves-para-el-gobernador-juan-manzur","status":"publish","type":"post","link":"https:\/\/www.eldiariodetucuman.com\/web\/duro-reves-para-el-gobernador-juan-manzur\/","title":{"rendered":"Duro rev\u00e9s para el gobernador Juan Manzur"},"content":{"rendered":"<p>La hist\u00f3rica dirigente y ex senadora justicialista Olijela del Valle Rivas consider\u00f3 que el gobernador, Juan Manzur, y el vicegobernador, Osvaldo Jaldo, deber\u00edan \u00abreunirse\u00bb para solucionar los problemas que pudieron haber motivado la interna en el Partido Justicialista (PJ). Sin embargo, la experimentada peronista no ocult\u00f3 sus observaciones hacia la figura del jefe del Poder Ejecutivo.<!--more--><br \/>\n\u00abDe Jaldo puedo decir que es realmente peronista, pero de Manzur no puedo decir lo mismo\u201d, asever\u00f3 la profesora.<\/p>\n<p>Rivas efectu\u00f3 estas declaraciones en una entrevista con Radio Metropolitana, en un mano a mano con los periodistas \u00abCorcho\u00bb Rodr\u00edguez y Florencia Larrea para recordar un nuevo aniversario de la asunci\u00f3n de la primera presidencia de Juan Domingo Per\u00f3n, concretada el 4 de junio de 1946.<\/p>\n<p>\u201cEl peronismo tiene que estar unido totalmente, no se puede separar; es uno solo, no es una cosa dividida. Es peronismo vs peronismo\u201d, analiz\u00f3 en un principio la ex senadora.<br \/>\nEn ese sentido, analiz\u00f3 que las diferencias entre los l\u00edderes del PJ deben ser resueltas \u00abporque el gobierno tiene que ser uno solo\u00bb.<\/p>\n<p>\u00abSi existe la divisi\u00f3n entre ellos, tienen que reunirse y solucionarla. Tanto Jaldo es peronista, como tambi\u00e9n Manzur creo que es peronista\u201d, asever\u00f3, deslizando sus conceptos sobre el presidente del PJ.<\/p>\n<p>Luego, cuando le consultaron si estar\u00eda dispuesta a mediar entre los m\u00e1ximos referentes del oficialismo para buscar un acercamiento, dej\u00f3 a las claras su opini\u00f3n sobre el sanitarista.<\/p>\n<p>\u00abLo har\u00eda (en cuanto a impulsar una reuni\u00f3n). Pero no s\u00e9 cu\u00e1l es la capacidad de Manzur. A Jaldo lo veo totalmente ubicado dentro del peronismo, y es capaz de reunirse con todos. Con Jaldo tengo muy buenas relaciones. Manzur pr\u00e1cticamente le puedo decir que no lo conozco\u201d, apunt\u00f3.<\/p>\n<p>E insisti\u00f3: \u00ab(A Manzur), como peronista, no lo conozco\u00bb.<\/p>\n<p>\u00bfA qu\u00e9 se refer\u00eda con sus dichos? \u201cNo lo veo, de alguna manera, que se acerque a la gente necesitada. En Manzur veo una cosa hueca; no veo que tenga ese sentir que tenemos los peronistas de acercarnos a los m\u00e1s necesitados\u201d, enumer\u00f3.<br \/>\nDe todos modos, consider\u00f3 que si Manzur y Jaldo \u00abtienen que competir, que sea en una elecci\u00f3n, cuando sea el momento\u201d. Aunque reiter\u00f3 su opini\u00f3n: \u00abno le reconozco peronismo a Manzur\u201d.<\/p>\n<p>Fuente: https:\/\/www.lagaceta.com.ar\/nota\/896715\/actualidad\/olijela-rivas-contundente-no-le-reconozco-peronismo-manzur.html?utm_source=Whatsapp<\/p>\n","protected":false},"excerpt":{"rendered":"<p>La hist\u00f3rica dirigente y ex senadora justicialista Olijela del Valle Rivas consider\u00f3 que el gobernador, Juan Manzur, y el vicegobernador, Osvaldo Jaldo, deber\u00edan \u00abreunirse\u00bb para solucionar los problemas que pudieron haber motivado la interna en el Partido Justicialista (PJ). Sin embargo, la experimentada peronista no ocult\u00f3 sus observaciones hacia la figura del jefe del Poder [&hellip;]<\/p>\n","protected":false},"author":1,"featured_media":31992,"comment_status":"closed","ping_status":"open","sticky":false,"template":"","format":"standard","meta":{"footnotes":""},"categories":[3],"tags":[],"class_list":{"0":"post-31991","1":"post","2":"type-post","3":"status-publish","4":"format-standard","5":"has-post-thumbnail","7":"category-politica"},"yoast_head":"<!-- This site is optimized with the Yoast SEO plugin v27.4 - https:\/\/yoast.com\/product\/yoast-seo-wordpress\/ -->\n<title>Duro rev\u00e9s para el gobernador Juan Manzur - El Diario de Tucuman<\/title>\n<meta name=\"robots\" content=\"index, follow, max-snippet:-1, max-image-preview:large, max-video-preview:-1\" \/>\n<link rel=\"canonical\" href=\"https:\/\/www.eldiariodetucuman.com\/web\/duro-reves-para-el-gobernador-juan-manzur\/\" \/>\n<meta property=\"og:locale\" content=\"es_ES\" \/>\n<meta property=\"og:type\" content=\"article\" \/>\n<meta property=\"og:title\" content=\"Duro rev\u00e9s para el gobernador Juan Manzur - El Diario de Tucuman\" \/>\n<meta property=\"og:description\" content=\"La hist\u00f3rica dirigente y ex senadora justicialista Olijela del Valle Rivas consider\u00f3 que el gobernador, Juan Manzur, y el vicegobernador, Osvaldo Jaldo, deber\u00edan \u00abreunirse\u00bb para solucionar los problemas que pudieron haber motivado la interna en el Partido Justicialista (PJ). Sin embargo, la experimentada peronista no ocult\u00f3 sus observaciones hacia la figura del jefe del Poder [&hellip;]\" \/>\n<meta property=\"og:url\" content=\"https:\/\/www.eldiariodetucuman.com\/web\/duro-reves-para-el-gobernador-juan-manzur\/\" \/>\n<meta property=\"og:site_name\" content=\"El Diario de Tucuman\" \/>\n<meta property=\"article:published_time\" content=\"2021-06-04T20:47:30+00:00\" \/>\n<meta property=\"article:modified_time\" content=\"2021-06-04T20:49:41+00:00\" \/>\n<meta property=\"og:image\" content=\"https:\/\/www.eldiariodetucuman.com\/web\/wp-content\/uploads\/2021\/06\/jaldo-olijela-rivas.jpg\" \/>\n\t<meta property=\"og:image:width\" content=\"685\" \/>\n\t<meta property=\"og:image:height\" content=\"465\" \/>\n\t<meta property=\"og:image:type\" content=\"image\/jpeg\" \/>\n<meta name=\"author\" content=\"admin\" \/>\n<meta name=\"twitter:card\" content=\"summary_large_image\" \/>\n<meta name=\"twitter:label1\" content=\"Escrito por\" \/>\n\t<meta name=\"twitter:data1\" content=\"admin\" \/>\n\t<meta name=\"twitter:label2\" content=\"Tiempo de lectura\" \/>\n\t<meta name=\"twitter:data2\" content=\"2 minutos\" \/>\n<script type=\"application\/ld+json\" class=\"yoast-schema-graph\">{\"@context\":\"https:\\\/\\\/schema.org\",\"@graph\":[{\"@type\":\"Article\",\"@id\":\"https:\\\/\\\/www.eldiariodetucuman.com\\\/web\\\/duro-reves-para-el-gobernador-juan-manzur\\\/#article\",\"isPartOf\":{\"@id\":\"https:\\\/\\\/www.eldiariodetucuman.com\\\/web\\\/duro-reves-para-el-gobernador-juan-manzur\\\/\"},\"author\":{\"name\":\"admin\",\"@id\":\"https:\\\/\\\/www.eldiariodetucuman.com\\\/web\\\/#\\\/schema\\\/person\\\/9250197d75ab5483412e19678b121caa\"},\"headline\":\"Duro rev\u00e9s para el gobernador Juan Manzur\",\"datePublished\":\"2021-06-04T20:47:30+00:00\",\"dateModified\":\"2021-06-04T20:49:41+00:00\",\"mainEntityOfPage\":{\"@id\":\"https:\\\/\\\/www.eldiariodetucuman.com\\\/web\\\/duro-reves-para-el-gobernador-juan-manzur\\\/\"},\"wordCount\":403,\"publisher\":{\"@id\":\"https:\\\/\\\/www.eldiariodetucuman.com\\\/web\\\/#organization\"},\"image\":{\"@id\":\"https:\\\/\\\/www.eldiariodetucuman.com\\\/web\\\/duro-reves-para-el-gobernador-juan-manzur\\\/#primaryimage\"},\"thumbnailUrl\":\"https:\\\/\\\/www.eldiariodetucuman.com\\\/web\\\/wp-content\\\/uploads\\\/2021\\\/06\\\/jaldo-olijela-rivas.jpg\",\"articleSection\":[\"Politica\"],\"inLanguage\":\"es\"},{\"@type\":\"WebPage\",\"@id\":\"https:\\\/\\\/www.eldiariodetucuman.com\\\/web\\\/duro-reves-para-el-gobernador-juan-manzur\\\/\",\"url\":\"https:\\\/\\\/www.eldiariodetucuman.com\\\/web\\\/duro-reves-para-el-gobernador-juan-manzur\\\/\",\"name\":\"Duro rev\u00e9s para el gobernador Juan Manzur - El Diario de Tucuman\",\"isPartOf\":{\"@id\":\"https:\\\/\\\/www.eldiariodetucuman.com\\\/web\\\/#website\"},\"primaryImageOfPage\":{\"@id\":\"https:\\\/\\\/www.eldiariodetucuman.com\\\/web\\\/duro-reves-para-el-gobernador-juan-manzur\\\/#primaryimage\"},\"image\":{\"@id\":\"https:\\\/\\\/www.eldiariodetucuman.com\\\/web\\\/duro-reves-para-el-gobernador-juan-manzur\\\/#primaryimage\"},\"thumbnailUrl\":\"https:\\\/\\\/www.eldiariodetucuman.com\\\/web\\\/wp-content\\\/uploads\\\/2021\\\/06\\\/jaldo-olijela-rivas.jpg\",\"datePublished\":\"2021-06-04T20:47:30+00:00\",\"dateModified\":\"2021-06-04T20:49:41+00:00\",\"breadcrumb\":{\"@id\":\"https:\\\/\\\/www.eldiariodetucuman.com\\\/web\\\/duro-reves-para-el-gobernador-juan-manzur\\\/#breadcrumb\"},\"inLanguage\":\"es\",\"potentialAction\":[{\"@type\":\"ReadAction\",\"target\":[\"https:\\\/\\\/www.eldiariodetucuman.com\\\/web\\\/duro-reves-para-el-gobernador-juan-manzur\\\/\"]}]},{\"@type\":\"ImageObject\",\"inLanguage\":\"es\",\"@id\":\"https:\\\/\\\/www.eldiariodetucuman.com\\\/web\\\/duro-reves-para-el-gobernador-juan-manzur\\\/#primaryimage\",\"url\":\"https:\\\/\\\/www.eldiariodetucuman.com\\\/web\\\/wp-content\\\/uploads\\\/2021\\\/06\\\/jaldo-olijela-rivas.jpg\",\"contentUrl\":\"https:\\\/\\\/www.eldiariodetucuman.com\\\/web\\\/wp-content\\\/uploads\\\/2021\\\/06\\\/jaldo-olijela-rivas.jpg\",\"width\":685,\"height\":465,\"caption\":\"jaldo\"},{\"@type\":\"BreadcrumbList\",\"@id\":\"https:\\\/\\\/www.eldiariodetucuman.com\\\/web\\\/duro-reves-para-el-gobernador-juan-manzur\\\/#breadcrumb\",\"itemListElement\":[{\"@type\":\"ListItem\",\"position\":1,\"name\":\"Portada\",\"item\":\"https:\\\/\\\/www.eldiariodetucuman.com\\\/web\\\/\"},{\"@type\":\"ListItem\",\"position\":2,\"name\":\"Duro rev\u00e9s para el gobernador Juan Manzur\"}]},{\"@type\":\"WebSite\",\"@id\":\"https:\\\/\\\/www.eldiariodetucuman.com\\\/web\\\/#website\",\"url\":\"https:\\\/\\\/www.eldiariodetucuman.com\\\/web\\\/\",\"name\":\"El Diario de Tucuman\",\"description\":\"Diario Tucuman - Informaci\u00f3n y noticias\",\"publisher\":{\"@id\":\"https:\\\/\\\/www.eldiariodetucuman.com\\\/web\\\/#organization\"},\"potentialAction\":[{\"@type\":\"SearchAction\",\"target\":{\"@type\":\"EntryPoint\",\"urlTemplate\":\"https:\\\/\\\/www.eldiariodetucuman.com\\\/web\\\/?s={search_term_string}\"},\"query-input\":{\"@type\":\"PropertyValueSpecification\",\"valueRequired\":true,\"valueName\":\"search_term_string\"}}],\"inLanguage\":\"es\"},{\"@type\":\"Organization\",\"@id\":\"https:\\\/\\\/www.eldiariodetucuman.com\\\/web\\\/#organization\",\"name\":\"El Diario de Tucuman\",\"url\":\"https:\\\/\\\/www.eldiariodetucuman.com\\\/web\\\/\",\"logo\":{\"@type\":\"ImageObject\",\"inLanguage\":\"es\",\"@id\":\"https:\\\/\\\/www.eldiariodetucuman.com\\\/web\\\/#\\\/schema\\\/logo\\\/image\\\/\",\"url\":\"http:\\\/\\\/www.eldiariodetucuman.com\\\/web\\\/wp-content\\\/uploads\\\/2017\\\/12\\\/el-diario-de-tucuman.jpg\",\"contentUrl\":\"http:\\\/\\\/www.eldiariodetucuman.com\\\/web\\\/wp-content\\\/uploads\\\/2017\\\/12\\\/el-diario-de-tucuman.jpg\",\"width\":272,\"height\":92,\"caption\":\"El Diario de Tucuman\"},\"image\":{\"@id\":\"https:\\\/\\\/www.eldiariodetucuman.com\\\/web\\\/#\\\/schema\\\/logo\\\/image\\\/\"}},{\"@type\":\"Person\",\"@id\":\"https:\\\/\\\/www.eldiariodetucuman.com\\\/web\\\/#\\\/schema\\\/person\\\/9250197d75ab5483412e19678b121caa\",\"name\":\"admin\",\"image\":{\"@type\":\"ImageObject\",\"inLanguage\":\"es\",\"@id\":\"https:\\\/\\\/secure.gravatar.com\\\/avatar\\\/c44d117c2be811212c22cb481f6b8384b6873de103fbc49e7a03cc58d7dea4ac?s=96&d=mm&r=g\",\"url\":\"https:\\\/\\\/secure.gravatar.com\\\/avatar\\\/c44d117c2be811212c22cb481f6b8384b6873de103fbc49e7a03cc58d7dea4ac?s=96&d=mm&r=g\",\"contentUrl\":\"https:\\\/\\\/secure.gravatar.com\\\/avatar\\\/c44d117c2be811212c22cb481f6b8384b6873de103fbc49e7a03cc58d7dea4ac?s=96&d=mm&r=g\",\"caption\":\"admin\"},\"url\":\"https:\\\/\\\/www.eldiariodetucuman.com\\\/web\\\/author\\\/admin\\\/\"}]}<\/script>\n<!-- \/ Yoast SEO plugin. -->","yoast_head_json":{"title":"Duro rev\u00e9s para el gobernador Juan Manzur - El Diario de Tucuman","robots":{"index":"index","follow":"follow","max-snippet":"max-snippet:-1","max-image-preview":"max-image-preview:large","max-video-preview":"max-video-preview:-1"},"canonical":"https:\/\/www.eldiariodetucuman.com\/web\/duro-reves-para-el-gobernador-juan-manzur\/","og_locale":"es_ES","og_type":"article","og_title":"Duro rev\u00e9s para el gobernador Juan Manzur - El Diario de Tucuman","og_description":"La hist\u00f3rica dirigente y ex senadora justicialista Olijela del Valle Rivas consider\u00f3 que el gobernador, Juan Manzur, y el vicegobernador, Osvaldo Jaldo, deber\u00edan \u00abreunirse\u00bb para solucionar los problemas que pudieron haber motivado la interna en el Partido Justicialista (PJ). Sin embargo, la experimentada peronista no ocult\u00f3 sus observaciones hacia la figura del jefe del Poder [&hellip;]","og_url":"https:\/\/www.eldiariodetucuman.com\/web\/duro-reves-para-el-gobernador-juan-manzur\/","og_site_name":"El Diario de Tucuman","article_published_time":"2021-06-04T20:47:30+00:00","article_modified_time":"2021-06-04T20:49:41+00:00","og_image":[{"width":685,"height":465,"url":"https:\/\/www.eldiariodetucuman.com\/web\/wp-content\/uploads\/2021\/06\/jaldo-olijela-rivas.jpg","type":"image\/jpeg"}],"author":"admin","twitter_card":"summary_large_image","twitter_misc":{"Escrito por":"admin","Tiempo de lectura":"2 minutos"},"schema":{"@context":"https:\/\/schema.org","@graph":[{"@type":"Article","@id":"https:\/\/www.eldiariodetucuman.com\/web\/duro-reves-para-el-gobernador-juan-manzur\/#article","isPartOf":{"@id":"https:\/\/www.eldiariodetucuman.com\/web\/duro-reves-para-el-gobernador-juan-manzur\/"},"author":{"name":"admin","@id":"https:\/\/www.eldiariodetucuman.com\/web\/#\/schema\/person\/9250197d75ab5483412e19678b121caa"},"headline":"Duro rev\u00e9s para el gobernador Juan Manzur","datePublished":"2021-06-04T20:47:30+00:00","dateModified":"2021-06-04T20:49:41+00:00","mainEntityOfPage":{"@id":"https:\/\/www.eldiariodetucuman.com\/web\/duro-reves-para-el-gobernador-juan-manzur\/"},"wordCount":403,"publisher":{"@id":"https:\/\/www.eldiariodetucuman.com\/web\/#organization"},"image":{"@id":"https:\/\/www.eldiariodetucuman.com\/web\/duro-reves-para-el-gobernador-juan-manzur\/#primaryimage"},"thumbnailUrl":"https:\/\/www.eldiariodetucuman.com\/web\/wp-content\/uploads\/2021\/06\/jaldo-olijela-rivas.jpg","articleSection":["Politica"],"inLanguage":"es"},{"@type":"WebPage","@id":"https:\/\/www.eldiariodetucuman.com\/web\/duro-reves-para-el-gobernador-juan-manzur\/","url":"https:\/\/www.eldiariodetucuman.com\/web\/duro-reves-para-el-gobernador-juan-manzur\/","name":"Duro rev\u00e9s para el gobernador Juan Manzur - El Diario de Tucuman","isPartOf":{"@id":"https:\/\/www.eldiariodetucuman.com\/web\/#website"},"primaryImageOfPage":{"@id":"https:\/\/www.eldiariodetucuman.com\/web\/duro-reves-para-el-gobernador-juan-manzur\/#primaryimage"},"image":{"@id":"https:\/\/www.eldiariodetucuman.com\/web\/duro-reves-para-el-gobernador-juan-manzur\/#primaryimage"},"thumbnailUrl":"https:\/\/www.eldiariodetucuman.com\/web\/wp-content\/uploads\/2021\/06\/jaldo-olijela-rivas.jpg","datePublished":"2021-06-04T20:47:30+00:00","dateModified":"2021-06-04T20:49:41+00:00","breadcrumb":{"@id":"https:\/\/www.eldiariodetucuman.com\/web\/duro-reves-para-el-gobernador-juan-manzur\/#breadcrumb"},"inLanguage":"es","potentialAction":[{"@type":"ReadAction","target":["https:\/\/www.eldiariodetucuman.com\/web\/duro-reves-para-el-gobernador-juan-manzur\/"]}]},{"@type":"ImageObject","inLanguage":"es","@id":"https:\/\/www.eldiariodetucuman.com\/web\/duro-reves-para-el-gobernador-juan-manzur\/#primaryimage","url":"https:\/\/www.eldiariodetucuman.com\/web\/wp-content\/uploads\/2021\/06\/jaldo-olijela-rivas.jpg","contentUrl":"https:\/\/www.eldiariodetucuman.com\/web\/wp-content\/uploads\/2021\/06\/jaldo-olijela-rivas.jpg","width":685,"height":465,"caption":"jaldo"},{"@type":"BreadcrumbList","@id":"https:\/\/www.eldiariodetucuman.com\/web\/duro-reves-para-el-gobernador-juan-manzur\/#breadcrumb","itemListElement":[{"@type":"ListItem","position":1,"name":"Portada","item":"https:\/\/www.eldiariodetucuman.com\/web\/"},{"@type":"ListItem","position":2,"name":"Duro rev\u00e9s para el gobernador Juan Manzur"}]},{"@type":"WebSite","@id":"https:\/\/www.eldiariodetucuman.com\/web\/#website","url":"https:\/\/www.eldiariodetucuman.com\/web\/","name":"El Diario de Tucuman","description":"Diario Tucuman - Informaci\u00f3n y noticias","publisher":{"@id":"https:\/\/www.eldiariodetucuman.com\/web\/#organization"},"potentialAction":[{"@type":"SearchAction","target":{"@type":"EntryPoint","urlTemplate":"https:\/\/www.eldiariodetucuman.com\/web\/?s={search_term_string}"},"query-input":{"@type":"PropertyValueSpecification","valueRequired":true,"valueName":"search_term_string"}}],"inLanguage":"es"},{"@type":"Organization","@id":"https:\/\/www.eldiariodetucuman.com\/web\/#organization","name":"El Diario de Tucuman","url":"https:\/\/www.eldiariodetucuman.com\/web\/","logo":{"@type":"ImageObject","inLanguage":"es","@id":"https:\/\/www.eldiariodetucuman.com\/web\/#\/schema\/logo\/image\/","url":"http:\/\/www.eldiariodetucuman.com\/web\/wp-content\/uploads\/2017\/12\/el-diario-de-tucuman.jpg","contentUrl":"http:\/\/www.eldiariodetucuman.com\/web\/wp-content\/uploads\/2017\/12\/el-diario-de-tucuman.jpg","width":272,"height":92,"caption":"El Diario de Tucuman"},"image":{"@id":"https:\/\/www.eldiariodetucuman.com\/web\/#\/schema\/logo\/image\/"}},{"@type":"Person","@id":"https:\/\/www.eldiariodetucuman.com\/web\/#\/schema\/person\/9250197d75ab5483412e19678b121caa","name":"admin","image":{"@type":"ImageObject","inLanguage":"es","@id":"https:\/\/secure.gravatar.com\/avatar\/c44d117c2be811212c22cb481f6b8384b6873de103fbc49e7a03cc58d7dea4ac?s=96&d=mm&r=g","url":"https:\/\/secure.gravatar.com\/avatar\/c44d117c2be811212c22cb481f6b8384b6873de103fbc49e7a03cc58d7dea4ac?s=96&d=mm&r=g","contentUrl":"https:\/\/secure.gravatar.com\/avatar\/c44d117c2be811212c22cb481f6b8384b6873de103fbc49e7a03cc58d7dea4ac?s=96&d=mm&r=g","caption":"admin"},"url":"https:\/\/www.eldiariodetucuman.com\/web\/author\/admin\/"}]}},"_links":{"self":[{"href":"https:\/\/www.eldiariodetucuman.com\/web\/wp-json\/wp\/v2\/posts\/31991","targetHints":{"allow":["GET"]}}],"collection":[{"href":"https:\/\/www.eldiariodetucuman.com\/web\/wp-json\/wp\/v2\/posts"}],"about":[{"href":"https:\/\/www.eldiariodetucuman.com\/web\/wp-json\/wp\/v2\/types\/post"}],"author":[{"embeddable":true,"href":"https:\/\/www.eldiariodetucuman.com\/web\/wp-json\/wp\/v2\/users\/1"}],"replies":[{"embeddable":true,"href":"https:\/\/www.eldiariodetucuman.com\/web\/wp-json\/wp\/v2\/comments?post=31991"}],"version-history":[{"count":1,"href":"https:\/\/www.eldiariodetucuman.com\/web\/wp-json\/wp\/v2\/posts\/31991\/revisions"}],"predecessor-version":[{"id":31993,"href":"https:\/\/www.eldiariodetucuman.com\/web\/wp-json\/wp\/v2\/posts\/31991\/revisions\/31993"}],"wp:featuredmedia":[{"embeddable":true,"href":"https:\/\/www.eldiariodetucuman.com\/web\/wp-json\/wp\/v2\/media\/31992"}],"wp:attachment":[{"href":"https:\/\/www.eldiariodetucuman.com\/web\/wp-json\/wp\/v2\/media?parent=31991"}],"wp:term":[{"taxonomy":"category","embeddable":true,"href":"https:\/\/www.eldiariodetucuman.com\/web\/wp-json\/wp\/v2\/categories?post=31991"},{"taxonomy":"post_tag","embeddable":true,"href":"https:\/\/www.eldiariodetucuman.com\/web\/wp-json\/wp\/v2\/tags?post=31991"}],"curies":[{"name":"wp","href":"https:\/\/api.w.org\/{rel}","templated":true}]}}