{"id":31987,"date":"2021-06-04T13:50:46","date_gmt":"2021-06-04T16:50:46","guid":{"rendered":"http:\/\/www.eldiariodetucuman.com\/web\/?p=31987"},"modified":"2021-06-04T13:50:46","modified_gmt":"2021-06-04T16:50:46","slug":"nacion-ayudara-a-las-agencias-de-viajes-y-empresas-de-transporte-turistico","status":"publish","type":"post","link":"https:\/\/www.eldiariodetucuman.com\/web\/nacion-ayudara-a-las-agencias-de-viajes-y-empresas-de-transporte-turistico\/","title":{"rendered":"Naci\u00f3n ayudar\u00e1 a las agencias de viajes y empresas de transporte tur\u00edstico"},"content":{"rendered":"<hgroup class=\"zona-titulo\"><\/hgroup>\n<p>C\u00f3mo inscribirse y hasta cuando hay tiempo para obtener el subsidio.<\/p>\n<p><!--more--><\/p>\n<div class=\"row\">\n<div class=\"col-md-1 col-sticky\">\n<div class=\"inner-share-bar cf\">\n<p class=\"item visible-lg\">En el marco de las nuevas restricciones a la circulaci\u00f3n para frenar la <strong>segunda ola de coronavirus\u00a0<\/strong>y de las medidas anunciadas para ayudar a los diferentes sectores econ\u00f3micos afectados por la pandemia, la\u00a0<strong>Naci\u00f3n lanz\u00f3 una nueva edici\u00f3n de Fondo de Auxilio para Prestadores Tur\u00edsticos.<\/strong><\/p>\n<p class=\"item visible-lg\">En esta oportunidad, el instrumento estar\u00e1 destinado a agencias de viajes y a servicios de transporte automotor tur\u00edstico de pasajeros. Pr\u00f3ximamente, se sumar\u00e1 una nueva l\u00ednea espec\u00edfica para gu\u00edas de turismo.<\/p>\n<p class=\"item visible-lg\">El beneficio econ\u00f3mico, un aporte no reembolsable de 50 mil pesos en un pago, apunta a monotributistas sociales, monotributistas, trabajadores aut\u00f3nomos y personas jur\u00eddicas, siempre y cuando \u2013en cualquiera de estos casos- tengan hasta dos empleados a cargo.<\/p>\n<p class=\"item visible-lg\">Los postulantes deber\u00e1n aprobar uno de los cursos de capacitaci\u00f3n del Programa de Formaci\u00f3n Virtual que lleva adelante el Ministerio de Turismo y Deportes de la Naci\u00f3n. En este sentido, podr\u00e1n optar por \u201cAccesibilidad Tur\u00edstica\u201d o por \u201cTurismo Responsable y G\u00e9nero\u201d.<\/p>\n<p class=\"item visible-lg\">Para conocer los requisitos, los interesados deben ingresar a h<a href=\"https:\/\/www.argentina.gob.ar\/turismoydeportes\/aptur\" target=\"_blank\" rel=\"noopener\">ttps:\/\/www.argentina.gob.ar\/turismoydeportes\/aptur<\/a>. La inscripci\u00f3n estar\u00e1 abierta hasta el lunes 7 de junio.<\/p>\n<\/div>\n<\/div>\n<div class=\"col-md-11\">\n<div id=\"cuerpo-nota\" class=\"cuerpo-nota\">\n<p><u><em><strong>Medidas para Agencias de Viajes<\/strong><\/em><\/u><\/p>\n<p>El Ministerio de Turismo y Deportes de la Naci\u00f3n tambi\u00e9n implement\u00f3 una serie de medidas para continuar apoyando a las agencias de viajes.<\/p>\n<p>\u2022 \u00a0 \u00a0Se autoriza la unificaci\u00f3n de estructuras funcionales de hasta dos Agentes por local, por un plazo de tres a\u00f1os. Podr\u00e1n solicitarlo dentro del plazo de seis meses desde la fecha de publicaci\u00f3n de la resoluci\u00f3n.<\/p>\n<p>\u2022 \u00a0 \u00a0Se autoriza la suspensi\u00f3n de actividades y el cierre temporario sin perder su legajo habilitante hasta el 31 de diciembre de 2021<\/p>\n<p>\u2022 \u00a0 \u00a0Se deroga la Resoluci\u00f3n 102\/2014 y se establecen nuevas medidas vinculadas a franquicias, entre las que se destaca que una vez finalizados sus contratos, los agentes de viajes podr\u00e1n continuar operando, siempre que se cumplan los requisitos establecidos.<\/p>\n<p><strong>Fuente:<\/strong> <a href=\"https:\/\/www.tucumanalas7.com.ar\/local\/2021\/6\/4\/anuncian-una-ayuda-nacional-para-agencias-de-viajes-empresas-de-transporte-turistico-202169.html\">https:\/\/www.tucumanalas7.com.ar\/local\/2021\/6\/4\/anuncian-una-ayuda-nacional-para-agencias-de-viajes-empresas-de-transporte-turistico-202169.html<\/a><\/p>\n<\/div>\n<\/div>\n<\/div>\n","protected":false},"excerpt":{"rendered":"<p>C\u00f3mo inscribirse y hasta cuando hay tiempo para obtener el subsidio.<\/p>\n","protected":false},"author":5,"featured_media":31988,"comment_status":"closed","ping_status":"open","sticky":false,"template":"","format":"standard","meta":{"footnotes":""},"categories":[2],"tags":[3104,117],"class_list":{"0":"post-31987","1":"post","2":"type-post","3":"status-publish","4":"format-standard","5":"has-post-thumbnail","7":"category-actualidad","8":"tag-pandemia","9":"tag-turismo"},"yoast_head":"<!-- This site is optimized with the Yoast SEO plugin v27.4 - https:\/\/yoast.com\/product\/yoast-seo-wordpress\/ -->\n<title>Naci\u00f3n ayudar\u00e1 a las agencias de viajes y empresas de transporte tur\u00edstico - El Diario de Tucuman<\/title>\n<meta name=\"robots\" content=\"index, follow, max-snippet:-1, max-image-preview:large, max-video-preview:-1\" \/>\n<link rel=\"canonical\" href=\"https:\/\/www.eldiariodetucuman.com\/web\/nacion-ayudara-a-las-agencias-de-viajes-y-empresas-de-transporte-turistico\/\" \/>\n<meta property=\"og:locale\" content=\"es_ES\" \/>\n<meta property=\"og:type\" content=\"article\" \/>\n<meta property=\"og:title\" content=\"Naci\u00f3n ayudar\u00e1 a las agencias de viajes y empresas de transporte tur\u00edstico - El Diario de Tucuman\" \/>\n<meta property=\"og:description\" content=\"C\u00f3mo inscribirse y hasta cuando hay tiempo para obtener el subsidio.\" \/>\n<meta property=\"og:url\" content=\"https:\/\/www.eldiariodetucuman.com\/web\/nacion-ayudara-a-las-agencias-de-viajes-y-empresas-de-transporte-turistico\/\" \/>\n<meta property=\"og:site_name\" content=\"El Diario de Tucuman\" \/>\n<meta property=\"article:published_time\" content=\"2021-06-04T16:50:46+00:00\" \/>\n<meta property=\"og:image\" content=\"https:\/\/www.eldiariodetucuman.com\/web\/wp-content\/uploads\/2021\/06\/empresas-turismo-ayuda.jpg\" \/>\n\t<meta property=\"og:image:width\" content=\"1150\" \/>\n\t<meta property=\"og:image:height\" content=\"830\" \/>\n\t<meta property=\"og:image:type\" content=\"image\/jpeg\" \/>\n<meta name=\"author\" content=\"Redactor Uno\" \/>\n<meta name=\"twitter:card\" content=\"summary_large_image\" \/>\n<meta name=\"twitter:label1\" content=\"Escrito por\" \/>\n\t<meta name=\"twitter:data1\" content=\"Redactor Uno\" \/>\n\t<meta name=\"twitter:label2\" content=\"Tiempo de lectura\" \/>\n\t<meta name=\"twitter:data2\" content=\"2 minutos\" \/>\n<script type=\"application\/ld+json\" class=\"yoast-schema-graph\">{\"@context\":\"https:\\\/\\\/schema.org\",\"@graph\":[{\"@type\":\"Article\",\"@id\":\"https:\\\/\\\/www.eldiariodetucuman.com\\\/web\\\/nacion-ayudara-a-las-agencias-de-viajes-y-empresas-de-transporte-turistico\\\/#article\",\"isPartOf\":{\"@id\":\"https:\\\/\\\/www.eldiariodetucuman.com\\\/web\\\/nacion-ayudara-a-las-agencias-de-viajes-y-empresas-de-transporte-turistico\\\/\"},\"author\":{\"name\":\"Redactor Uno\",\"@id\":\"https:\\\/\\\/www.eldiariodetucuman.com\\\/web\\\/#\\\/schema\\\/person\\\/7e6644a46e60888f6b868594407e08dd\"},\"headline\":\"Naci\u00f3n ayudar\u00e1 a las agencias de viajes y empresas de transporte tur\u00edstico\",\"datePublished\":\"2021-06-04T16:50:46+00:00\",\"mainEntityOfPage\":{\"@id\":\"https:\\\/\\\/www.eldiariodetucuman.com\\\/web\\\/nacion-ayudara-a-las-agencias-de-viajes-y-empresas-de-transporte-turistico\\\/\"},\"wordCount\":366,\"publisher\":{\"@id\":\"https:\\\/\\\/www.eldiariodetucuman.com\\\/web\\\/#organization\"},\"image\":{\"@id\":\"https:\\\/\\\/www.eldiariodetucuman.com\\\/web\\\/nacion-ayudara-a-las-agencias-de-viajes-y-empresas-de-transporte-turistico\\\/#primaryimage\"},\"thumbnailUrl\":\"https:\\\/\\\/www.eldiariodetucuman.com\\\/web\\\/wp-content\\\/uploads\\\/2021\\\/06\\\/empresas-turismo-ayuda.jpg\",\"keywords\":[\"pandemia\",\"Turismo\"],\"articleSection\":[\"Actualidad\"],\"inLanguage\":\"es\"},{\"@type\":\"WebPage\",\"@id\":\"https:\\\/\\\/www.eldiariodetucuman.com\\\/web\\\/nacion-ayudara-a-las-agencias-de-viajes-y-empresas-de-transporte-turistico\\\/\",\"url\":\"https:\\\/\\\/www.eldiariodetucuman.com\\\/web\\\/nacion-ayudara-a-las-agencias-de-viajes-y-empresas-de-transporte-turistico\\\/\",\"name\":\"Naci\u00f3n ayudar\u00e1 a las agencias de viajes y empresas de transporte tur\u00edstico - El Diario de Tucuman\",\"isPartOf\":{\"@id\":\"https:\\\/\\\/www.eldiariodetucuman.com\\\/web\\\/#website\"},\"primaryImageOfPage\":{\"@id\":\"https:\\\/\\\/www.eldiariodetucuman.com\\\/web\\\/nacion-ayudara-a-las-agencias-de-viajes-y-empresas-de-transporte-turistico\\\/#primaryimage\"},\"image\":{\"@id\":\"https:\\\/\\\/www.eldiariodetucuman.com\\\/web\\\/nacion-ayudara-a-las-agencias-de-viajes-y-empresas-de-transporte-turistico\\\/#primaryimage\"},\"thumbnailUrl\":\"https:\\\/\\\/www.eldiariodetucuman.com\\\/web\\\/wp-content\\\/uploads\\\/2021\\\/06\\\/empresas-turismo-ayuda.jpg\",\"datePublished\":\"2021-06-04T16:50:46+00:00\",\"breadcrumb\":{\"@id\":\"https:\\\/\\\/www.eldiariodetucuman.com\\\/web\\\/nacion-ayudara-a-las-agencias-de-viajes-y-empresas-de-transporte-turistico\\\/#breadcrumb\"},\"inLanguage\":\"es\",\"potentialAction\":[{\"@type\":\"ReadAction\",\"target\":[\"https:\\\/\\\/www.eldiariodetucuman.com\\\/web\\\/nacion-ayudara-a-las-agencias-de-viajes-y-empresas-de-transporte-turistico\\\/\"]}]},{\"@type\":\"ImageObject\",\"inLanguage\":\"es\",\"@id\":\"https:\\\/\\\/www.eldiariodetucuman.com\\\/web\\\/nacion-ayudara-a-las-agencias-de-viajes-y-empresas-de-transporte-turistico\\\/#primaryimage\",\"url\":\"https:\\\/\\\/www.eldiariodetucuman.com\\\/web\\\/wp-content\\\/uploads\\\/2021\\\/06\\\/empresas-turismo-ayuda.jpg\",\"contentUrl\":\"https:\\\/\\\/www.eldiariodetucuman.com\\\/web\\\/wp-content\\\/uploads\\\/2021\\\/06\\\/empresas-turismo-ayuda.jpg\",\"width\":1150,\"height\":830},{\"@type\":\"BreadcrumbList\",\"@id\":\"https:\\\/\\\/www.eldiariodetucuman.com\\\/web\\\/nacion-ayudara-a-las-agencias-de-viajes-y-empresas-de-transporte-turistico\\\/#breadcrumb\",\"itemListElement\":[{\"@type\":\"ListItem\",\"position\":1,\"name\":\"Portada\",\"item\":\"https:\\\/\\\/www.eldiariodetucuman.com\\\/web\\\/\"},{\"@type\":\"ListItem\",\"position\":2,\"name\":\"Naci\u00f3n ayudar\u00e1 a las agencias de viajes y empresas de transporte tur\u00edstico\"}]},{\"@type\":\"WebSite\",\"@id\":\"https:\\\/\\\/www.eldiariodetucuman.com\\\/web\\\/#website\",\"url\":\"https:\\\/\\\/www.eldiariodetucuman.com\\\/web\\\/\",\"name\":\"El Diario de Tucuman\",\"description\":\"Diario Tucuman - Informaci\u00f3n y noticias\",\"publisher\":{\"@id\":\"https:\\\/\\\/www.eldiariodetucuman.com\\\/web\\\/#organization\"},\"potentialAction\":[{\"@type\":\"SearchAction\",\"target\":{\"@type\":\"EntryPoint\",\"urlTemplate\":\"https:\\\/\\\/www.eldiariodetucuman.com\\\/web\\\/?s={search_term_string}\"},\"query-input\":{\"@type\":\"PropertyValueSpecification\",\"valueRequired\":true,\"valueName\":\"search_term_string\"}}],\"inLanguage\":\"es\"},{\"@type\":\"Organization\",\"@id\":\"https:\\\/\\\/www.eldiariodetucuman.com\\\/web\\\/#organization\",\"name\":\"El Diario de Tucuman\",\"url\":\"https:\\\/\\\/www.eldiariodetucuman.com\\\/web\\\/\",\"logo\":{\"@type\":\"ImageObject\",\"inLanguage\":\"es\",\"@id\":\"https:\\\/\\\/www.eldiariodetucuman.com\\\/web\\\/#\\\/schema\\\/logo\\\/image\\\/\",\"url\":\"http:\\\/\\\/www.eldiariodetucuman.com\\\/web\\\/wp-content\\\/uploads\\\/2017\\\/12\\\/el-diario-de-tucuman.jpg\",\"contentUrl\":\"http:\\\/\\\/www.eldiariodetucuman.com\\\/web\\\/wp-content\\\/uploads\\\/2017\\\/12\\\/el-diario-de-tucuman.jpg\",\"width\":272,\"height\":92,\"caption\":\"El Diario de Tucuman\"},\"image\":{\"@id\":\"https:\\\/\\\/www.eldiariodetucuman.com\\\/web\\\/#\\\/schema\\\/logo\\\/image\\\/\"}},{\"@type\":\"Person\",\"@id\":\"https:\\\/\\\/www.eldiariodetucuman.com\\\/web\\\/#\\\/schema\\\/person\\\/7e6644a46e60888f6b868594407e08dd\",\"name\":\"Redactor Uno\",\"image\":{\"@type\":\"ImageObject\",\"inLanguage\":\"es\",\"@id\":\"https:\\\/\\\/secure.gravatar.com\\\/avatar\\\/0049b1bdf1bd548385c9ea6b9356431717930913089febd2ba904f0187d7d074?s=96&d=mm&r=g\",\"url\":\"https:\\\/\\\/secure.gravatar.com\\\/avatar\\\/0049b1bdf1bd548385c9ea6b9356431717930913089febd2ba904f0187d7d074?s=96&d=mm&r=g\",\"contentUrl\":\"https:\\\/\\\/secure.gravatar.com\\\/avatar\\\/0049b1bdf1bd548385c9ea6b9356431717930913089febd2ba904f0187d7d074?s=96&d=mm&r=g\",\"caption\":\"Redactor Uno\"},\"url\":\"https:\\\/\\\/www.eldiariodetucuman.com\\\/web\\\/author\\\/mramasco\\\/\"}]}<\/script>\n<!-- \/ Yoast SEO plugin. -->","yoast_head_json":{"title":"Naci\u00f3n ayudar\u00e1 a las agencias de viajes y empresas de transporte tur\u00edstico - El Diario de Tucuman","robots":{"index":"index","follow":"follow","max-snippet":"max-snippet:-1","max-image-preview":"max-image-preview:large","max-video-preview":"max-video-preview:-1"},"canonical":"https:\/\/www.eldiariodetucuman.com\/web\/nacion-ayudara-a-las-agencias-de-viajes-y-empresas-de-transporte-turistico\/","og_locale":"es_ES","og_type":"article","og_title":"Naci\u00f3n ayudar\u00e1 a las agencias de viajes y empresas de transporte tur\u00edstico - El Diario de Tucuman","og_description":"C\u00f3mo inscribirse y hasta cuando hay tiempo para obtener el subsidio.","og_url":"https:\/\/www.eldiariodetucuman.com\/web\/nacion-ayudara-a-las-agencias-de-viajes-y-empresas-de-transporte-turistico\/","og_site_name":"El Diario de Tucuman","article_published_time":"2021-06-04T16:50:46+00:00","og_image":[{"width":1150,"height":830,"url":"https:\/\/www.eldiariodetucuman.com\/web\/wp-content\/uploads\/2021\/06\/empresas-turismo-ayuda.jpg","type":"image\/jpeg"}],"author":"Redactor Uno","twitter_card":"summary_large_image","twitter_misc":{"Escrito por":"Redactor Uno","Tiempo de lectura":"2 minutos"},"schema":{"@context":"https:\/\/schema.org","@graph":[{"@type":"Article","@id":"https:\/\/www.eldiariodetucuman.com\/web\/nacion-ayudara-a-las-agencias-de-viajes-y-empresas-de-transporte-turistico\/#article","isPartOf":{"@id":"https:\/\/www.eldiariodetucuman.com\/web\/nacion-ayudara-a-las-agencias-de-viajes-y-empresas-de-transporte-turistico\/"},"author":{"name":"Redactor Uno","@id":"https:\/\/www.eldiariodetucuman.com\/web\/#\/schema\/person\/7e6644a46e60888f6b868594407e08dd"},"headline":"Naci\u00f3n ayudar\u00e1 a las agencias de viajes y empresas de transporte tur\u00edstico","datePublished":"2021-06-04T16:50:46+00:00","mainEntityOfPage":{"@id":"https:\/\/www.eldiariodetucuman.com\/web\/nacion-ayudara-a-las-agencias-de-viajes-y-empresas-de-transporte-turistico\/"},"wordCount":366,"publisher":{"@id":"https:\/\/www.eldiariodetucuman.com\/web\/#organization"},"image":{"@id":"https:\/\/www.eldiariodetucuman.com\/web\/nacion-ayudara-a-las-agencias-de-viajes-y-empresas-de-transporte-turistico\/#primaryimage"},"thumbnailUrl":"https:\/\/www.eldiariodetucuman.com\/web\/wp-content\/uploads\/2021\/06\/empresas-turismo-ayuda.jpg","keywords":["pandemia","Turismo"],"articleSection":["Actualidad"],"inLanguage":"es"},{"@type":"WebPage","@id":"https:\/\/www.eldiariodetucuman.com\/web\/nacion-ayudara-a-las-agencias-de-viajes-y-empresas-de-transporte-turistico\/","url":"https:\/\/www.eldiariodetucuman.com\/web\/nacion-ayudara-a-las-agencias-de-viajes-y-empresas-de-transporte-turistico\/","name":"Naci\u00f3n ayudar\u00e1 a las agencias de viajes y empresas de transporte tur\u00edstico - El Diario de Tucuman","isPartOf":{"@id":"https:\/\/www.eldiariodetucuman.com\/web\/#website"},"primaryImageOfPage":{"@id":"https:\/\/www.eldiariodetucuman.com\/web\/nacion-ayudara-a-las-agencias-de-viajes-y-empresas-de-transporte-turistico\/#primaryimage"},"image":{"@id":"https:\/\/www.eldiariodetucuman.com\/web\/nacion-ayudara-a-las-agencias-de-viajes-y-empresas-de-transporte-turistico\/#primaryimage"},"thumbnailUrl":"https:\/\/www.eldiariodetucuman.com\/web\/wp-content\/uploads\/2021\/06\/empresas-turismo-ayuda.jpg","datePublished":"2021-06-04T16:50:46+00:00","breadcrumb":{"@id":"https:\/\/www.eldiariodetucuman.com\/web\/nacion-ayudara-a-las-agencias-de-viajes-y-empresas-de-transporte-turistico\/#breadcrumb"},"inLanguage":"es","potentialAction":[{"@type":"ReadAction","target":["https:\/\/www.eldiariodetucuman.com\/web\/nacion-ayudara-a-las-agencias-de-viajes-y-empresas-de-transporte-turistico\/"]}]},{"@type":"ImageObject","inLanguage":"es","@id":"https:\/\/www.eldiariodetucuman.com\/web\/nacion-ayudara-a-las-agencias-de-viajes-y-empresas-de-transporte-turistico\/#primaryimage","url":"https:\/\/www.eldiariodetucuman.com\/web\/wp-content\/uploads\/2021\/06\/empresas-turismo-ayuda.jpg","contentUrl":"https:\/\/www.eldiariodetucuman.com\/web\/wp-content\/uploads\/2021\/06\/empresas-turismo-ayuda.jpg","width":1150,"height":830},{"@type":"BreadcrumbList","@id":"https:\/\/www.eldiariodetucuman.com\/web\/nacion-ayudara-a-las-agencias-de-viajes-y-empresas-de-transporte-turistico\/#breadcrumb","itemListElement":[{"@type":"ListItem","position":1,"name":"Portada","item":"https:\/\/www.eldiariodetucuman.com\/web\/"},{"@type":"ListItem","position":2,"name":"Naci\u00f3n ayudar\u00e1 a las agencias de viajes y empresas de transporte tur\u00edstico"}]},{"@type":"WebSite","@id":"https:\/\/www.eldiariodetucuman.com\/web\/#website","url":"https:\/\/www.eldiariodetucuman.com\/web\/","name":"El Diario de Tucuman","description":"Diario Tucuman - Informaci\u00f3n y noticias","publisher":{"@id":"https:\/\/www.eldiariodetucuman.com\/web\/#organization"},"potentialAction":[{"@type":"SearchAction","target":{"@type":"EntryPoint","urlTemplate":"https:\/\/www.eldiariodetucuman.com\/web\/?s={search_term_string}"},"query-input":{"@type":"PropertyValueSpecification","valueRequired":true,"valueName":"search_term_string"}}],"inLanguage":"es"},{"@type":"Organization","@id":"https:\/\/www.eldiariodetucuman.com\/web\/#organization","name":"El Diario de Tucuman","url":"https:\/\/www.eldiariodetucuman.com\/web\/","logo":{"@type":"ImageObject","inLanguage":"es","@id":"https:\/\/www.eldiariodetucuman.com\/web\/#\/schema\/logo\/image\/","url":"http:\/\/www.eldiariodetucuman.com\/web\/wp-content\/uploads\/2017\/12\/el-diario-de-tucuman.jpg","contentUrl":"http:\/\/www.eldiariodetucuman.com\/web\/wp-content\/uploads\/2017\/12\/el-diario-de-tucuman.jpg","width":272,"height":92,"caption":"El Diario de Tucuman"},"image":{"@id":"https:\/\/www.eldiariodetucuman.com\/web\/#\/schema\/logo\/image\/"}},{"@type":"Person","@id":"https:\/\/www.eldiariodetucuman.com\/web\/#\/schema\/person\/7e6644a46e60888f6b868594407e08dd","name":"Redactor Uno","image":{"@type":"ImageObject","inLanguage":"es","@id":"https:\/\/secure.gravatar.com\/avatar\/0049b1bdf1bd548385c9ea6b9356431717930913089febd2ba904f0187d7d074?s=96&d=mm&r=g","url":"https:\/\/secure.gravatar.com\/avatar\/0049b1bdf1bd548385c9ea6b9356431717930913089febd2ba904f0187d7d074?s=96&d=mm&r=g","contentUrl":"https:\/\/secure.gravatar.com\/avatar\/0049b1bdf1bd548385c9ea6b9356431717930913089febd2ba904f0187d7d074?s=96&d=mm&r=g","caption":"Redactor Uno"},"url":"https:\/\/www.eldiariodetucuman.com\/web\/author\/mramasco\/"}]}},"_links":{"self":[{"href":"https:\/\/www.eldiariodetucuman.com\/web\/wp-json\/wp\/v2\/posts\/31987","targetHints":{"allow":["GET"]}}],"collection":[{"href":"https:\/\/www.eldiariodetucuman.com\/web\/wp-json\/wp\/v2\/posts"}],"about":[{"href":"https:\/\/www.eldiariodetucuman.com\/web\/wp-json\/wp\/v2\/types\/post"}],"author":[{"embeddable":true,"href":"https:\/\/www.eldiariodetucuman.com\/web\/wp-json\/wp\/v2\/users\/5"}],"replies":[{"embeddable":true,"href":"https:\/\/www.eldiariodetucuman.com\/web\/wp-json\/wp\/v2\/comments?post=31987"}],"version-history":[{"count":1,"href":"https:\/\/www.eldiariodetucuman.com\/web\/wp-json\/wp\/v2\/posts\/31987\/revisions"}],"predecessor-version":[{"id":31989,"href":"https:\/\/www.eldiariodetucuman.com\/web\/wp-json\/wp\/v2\/posts\/31987\/revisions\/31989"}],"wp:featuredmedia":[{"embeddable":true,"href":"https:\/\/www.eldiariodetucuman.com\/web\/wp-json\/wp\/v2\/media\/31988"}],"wp:attachment":[{"href":"https:\/\/www.eldiariodetucuman.com\/web\/wp-json\/wp\/v2\/media?parent=31987"}],"wp:term":[{"taxonomy":"category","embeddable":true,"href":"https:\/\/www.eldiariodetucuman.com\/web\/wp-json\/wp\/v2\/categories?post=31987"},{"taxonomy":"post_tag","embeddable":true,"href":"https:\/\/www.eldiariodetucuman.com\/web\/wp-json\/wp\/v2\/tags?post=31987"}],"curies":[{"name":"wp","href":"https:\/\/api.w.org\/{rel}","templated":true}]}}