{"id":31983,"date":"2021-06-04T13:33:20","date_gmt":"2021-06-04T16:33:20","guid":{"rendered":"http:\/\/www.eldiariodetucuman.com\/web\/?p=31983"},"modified":"2021-06-04T13:33:20","modified_gmt":"2021-06-04T16:33:20","slug":"yerba-buena-como-sera-el-movimiento-este-fin-de-semana","status":"publish","type":"post","link":"https:\/\/www.eldiariodetucuman.com\/web\/yerba-buena-como-sera-el-movimiento-este-fin-de-semana\/","title":{"rendered":"Yerba Buena: \u00bfc\u00f3mo ser\u00e1 el movimiento este fin de semana?"},"content":{"rendered":"<div id=\"post_1156494\" class=\"complete-post local\">\n<div class=\"wrapper wrapper_post m-push-sidebar\">\n<article class=\"b-post\">\n<div class=\"row\">\n<div class=\"small-12 xlarge-8 xlarge-offset-2 large-8 large-offset-2 columns\">\n<div class=\"e-post-subtitle\">Llega el fin de semana y desde el municipio de la ciudad jard\u00edn explicaron c\u00f3mo funcionar\u00e1n las diferentes actividades habilitadas.<\/div>\n<\/div>\n<\/div>\n<\/article>\n<\/div>\n<\/div>\n<p><!--more--><\/p>\n<div id=\"post_1156494\" class=\"complete-post local\">\n<div class=\"wrapper wrapper_post m-push-sidebar\">\n<article class=\"b-post\">\n<div class=\"row\">\n<div class=\"small-12 xlarge-8 xlarge-offset-2 large-8 large-offset-2 columns\">\n<p class=\"e-post-subtitle\">Tras los nuevos anuncios en capital respecto a algunas flexibilizaciones como el horario de atenci\u00f3n del sector gastron\u00f3mico, esta ma\u00f1ana el secretario de Seguridad del municipio de Yerba Buena Mauricio Argir\u00f3 explic\u00f3 en vivo Tucum\u00e1n c\u00f3mo ser\u00e1 el movimiento en la ciudad jard\u00edn tras algunas flexibilizaciones.<\/p>\n<p class=\"e-post-subtitle\">Respecto a los accesos, Argir\u00f3 sostuvo que se seguir\u00e1n realizando los mismos controles que hasta ahora sobre los principales ingresos a la ciudad: \u201ctrabajaremos para mantener los controles en los ingresos a la ciudad apelando a la responsabilidad de cada uno de nosotros. Apelamos a bajar la circulaci\u00f3n para cuidarnos lo m\u00e1s que se pueda\u201d.<\/p>\n<p class=\"e-post-subtitle\">En relaci\u00f3n a los horarios, el funcionario municipal explic\u00f3: \u201cPor impulso del intendente y atendiendo a las necesidades del sector gastron\u00f3mico se dict\u00f3 el decreto para el funcionamiento de los gastron\u00f3micos hasta las 22 horas. Creemos que tenemos que estar en correlaci\u00f3n con la capital durante el fin de semana para que la gente no se traslade de jurisdicci\u00f3n\u201d.<\/p>\n<p class=\"e-post-subtitle\">Sobre las habilitaciones de la actividad deportiva, Argir\u00f3 manifest\u00f3: \u201cTenemos permitida las actividades deportivas individuales para el vecino de Yerba Buena, exhortamos a todos los municipios a que habiliten lugares para sus vecinos y de esa forma no se terminen trasladando entre jurisdicci\u00f3n\u201d.<\/p>\n<p class=\"e-post-subtitle\">Por \u00faltimo, el secretario de Seguridad del municipio de Yerba Buena, explic\u00f3 c\u00f3mo trabajar\u00e1 el nodo de vacunaci\u00f3n ubicado sobre calle Fanzolato: \u201cse trabajar\u00e1 desde muy temprano con la colaboraci\u00f3n de la guardia urbana, la polic\u00eda, y tr\u00e1nsito y transporte\u201d.<\/p>\n<p class=\"e-post-subtitle\"><strong>Fuente: <\/strong><a href=\"https:\/\/tucuman.telefe.com\/local\/inscripcion-para-la-vacunacion-en-capital-todavia-hay-turnos-para-el-domingo\">https:\/\/tucuman.telefe.com\/local\/inscripcion-para-la-vacunacion-en-capital-todavia-hay-turnos-para-el-domingo<\/a><\/p>\n<\/div>\n<\/div>\n<\/article>\n<\/div>\n<\/div>\n","protected":false},"excerpt":{"rendered":"<p>Llega el fin de semana y desde el municipio de la ciudad jard\u00edn explicaron c\u00f3mo funcionar\u00e1n las diferentes actividades habilitadas.<\/p>\n","protected":false},"author":5,"featured_media":31984,"comment_status":"closed","ping_status":"open","sticky":false,"template":"","format":"standard","meta":{"footnotes":""},"categories":[2],"tags":[1163,2055,1154],"class_list":{"0":"post-31983","1":"post","2":"type-post","3":"status-publish","4":"format-standard","5":"has-post-thumbnail","7":"category-actualidad","8":"tag-fin-de-semana","9":"tag-restricciones","10":"tag-yerba-buena"},"yoast_head":"<!-- This site is optimized with the Yoast SEO plugin v27.4 - https:\/\/yoast.com\/product\/yoast-seo-wordpress\/ -->\n<title>Yerba Buena: \u00bfc\u00f3mo ser\u00e1 el movimiento este fin de semana? - El Diario de Tucuman<\/title>\n<meta name=\"robots\" content=\"index, follow, max-snippet:-1, max-image-preview:large, max-video-preview:-1\" \/>\n<link rel=\"canonical\" href=\"https:\/\/www.eldiariodetucuman.com\/web\/yerba-buena-como-sera-el-movimiento-este-fin-de-semana\/\" \/>\n<meta property=\"og:locale\" content=\"es_ES\" \/>\n<meta property=\"og:type\" content=\"article\" \/>\n<meta property=\"og:title\" content=\"Yerba Buena: \u00bfc\u00f3mo ser\u00e1 el movimiento este fin de semana? - El Diario de Tucuman\" \/>\n<meta property=\"og:description\" content=\"Llega el fin de semana y desde el municipio de la ciudad jard\u00edn explicaron c\u00f3mo funcionar\u00e1n las diferentes actividades habilitadas.\" \/>\n<meta property=\"og:url\" content=\"https:\/\/www.eldiariodetucuman.com\/web\/yerba-buena-como-sera-el-movimiento-este-fin-de-semana\/\" \/>\n<meta property=\"og:site_name\" content=\"El Diario de Tucuman\" \/>\n<meta property=\"article:published_time\" content=\"2021-06-04T16:33:20+00:00\" \/>\n<meta property=\"og:image\" content=\"https:\/\/www.eldiariodetucuman.com\/web\/wp-content\/uploads\/2021\/06\/fin-de-semana-restricciones.jpg\" \/>\n\t<meta property=\"og:image:width\" content=\"800\" \/>\n\t<meta property=\"og:image:height\" content=\"453\" \/>\n\t<meta property=\"og:image:type\" content=\"image\/jpeg\" \/>\n<meta name=\"author\" content=\"Redactor Uno\" \/>\n<meta name=\"twitter:card\" content=\"summary_large_image\" \/>\n<meta name=\"twitter:label1\" content=\"Escrito por\" \/>\n\t<meta name=\"twitter:data1\" content=\"Redactor Uno\" \/>\n\t<meta name=\"twitter:label2\" content=\"Tiempo de lectura\" \/>\n\t<meta name=\"twitter:data2\" content=\"2 minutos\" \/>\n<script type=\"application\/ld+json\" class=\"yoast-schema-graph\">{\"@context\":\"https:\\\/\\\/schema.org\",\"@graph\":[{\"@type\":\"Article\",\"@id\":\"https:\\\/\\\/www.eldiariodetucuman.com\\\/web\\\/yerba-buena-como-sera-el-movimiento-este-fin-de-semana\\\/#article\",\"isPartOf\":{\"@id\":\"https:\\\/\\\/www.eldiariodetucuman.com\\\/web\\\/yerba-buena-como-sera-el-movimiento-este-fin-de-semana\\\/\"},\"author\":{\"name\":\"Redactor Uno\",\"@id\":\"https:\\\/\\\/www.eldiariodetucuman.com\\\/web\\\/#\\\/schema\\\/person\\\/7e6644a46e60888f6b868594407e08dd\"},\"headline\":\"Yerba Buena: \u00bfc\u00f3mo ser\u00e1 el movimiento este fin de semana?\",\"datePublished\":\"2021-06-04T16:33:20+00:00\",\"mainEntityOfPage\":{\"@id\":\"https:\\\/\\\/www.eldiariodetucuman.com\\\/web\\\/yerba-buena-como-sera-el-movimiento-este-fin-de-semana\\\/\"},\"wordCount\":303,\"publisher\":{\"@id\":\"https:\\\/\\\/www.eldiariodetucuman.com\\\/web\\\/#organization\"},\"image\":{\"@id\":\"https:\\\/\\\/www.eldiariodetucuman.com\\\/web\\\/yerba-buena-como-sera-el-movimiento-este-fin-de-semana\\\/#primaryimage\"},\"thumbnailUrl\":\"https:\\\/\\\/www.eldiariodetucuman.com\\\/web\\\/wp-content\\\/uploads\\\/2021\\\/06\\\/fin-de-semana-restricciones.jpg\",\"keywords\":[\"fin de semana\",\"restricciones\",\"Yerba Buena\"],\"articleSection\":[\"Actualidad\"],\"inLanguage\":\"es\"},{\"@type\":\"WebPage\",\"@id\":\"https:\\\/\\\/www.eldiariodetucuman.com\\\/web\\\/yerba-buena-como-sera-el-movimiento-este-fin-de-semana\\\/\",\"url\":\"https:\\\/\\\/www.eldiariodetucuman.com\\\/web\\\/yerba-buena-como-sera-el-movimiento-este-fin-de-semana\\\/\",\"name\":\"Yerba Buena: \u00bfc\u00f3mo ser\u00e1 el movimiento este fin de semana? - El Diario de Tucuman\",\"isPartOf\":{\"@id\":\"https:\\\/\\\/www.eldiariodetucuman.com\\\/web\\\/#website\"},\"primaryImageOfPage\":{\"@id\":\"https:\\\/\\\/www.eldiariodetucuman.com\\\/web\\\/yerba-buena-como-sera-el-movimiento-este-fin-de-semana\\\/#primaryimage\"},\"image\":{\"@id\":\"https:\\\/\\\/www.eldiariodetucuman.com\\\/web\\\/yerba-buena-como-sera-el-movimiento-este-fin-de-semana\\\/#primaryimage\"},\"thumbnailUrl\":\"https:\\\/\\\/www.eldiariodetucuman.com\\\/web\\\/wp-content\\\/uploads\\\/2021\\\/06\\\/fin-de-semana-restricciones.jpg\",\"datePublished\":\"2021-06-04T16:33:20+00:00\",\"breadcrumb\":{\"@id\":\"https:\\\/\\\/www.eldiariodetucuman.com\\\/web\\\/yerba-buena-como-sera-el-movimiento-este-fin-de-semana\\\/#breadcrumb\"},\"inLanguage\":\"es\",\"potentialAction\":[{\"@type\":\"ReadAction\",\"target\":[\"https:\\\/\\\/www.eldiariodetucuman.com\\\/web\\\/yerba-buena-como-sera-el-movimiento-este-fin-de-semana\\\/\"]}]},{\"@type\":\"ImageObject\",\"inLanguage\":\"es\",\"@id\":\"https:\\\/\\\/www.eldiariodetucuman.com\\\/web\\\/yerba-buena-como-sera-el-movimiento-este-fin-de-semana\\\/#primaryimage\",\"url\":\"https:\\\/\\\/www.eldiariodetucuman.com\\\/web\\\/wp-content\\\/uploads\\\/2021\\\/06\\\/fin-de-semana-restricciones.jpg\",\"contentUrl\":\"https:\\\/\\\/www.eldiariodetucuman.com\\\/web\\\/wp-content\\\/uploads\\\/2021\\\/06\\\/fin-de-semana-restricciones.jpg\",\"width\":800,\"height\":453},{\"@type\":\"BreadcrumbList\",\"@id\":\"https:\\\/\\\/www.eldiariodetucuman.com\\\/web\\\/yerba-buena-como-sera-el-movimiento-este-fin-de-semana\\\/#breadcrumb\",\"itemListElement\":[{\"@type\":\"ListItem\",\"position\":1,\"name\":\"Portada\",\"item\":\"https:\\\/\\\/www.eldiariodetucuman.com\\\/web\\\/\"},{\"@type\":\"ListItem\",\"position\":2,\"name\":\"Yerba Buena: \u00bfc\u00f3mo ser\u00e1 el movimiento este fin de semana?\"}]},{\"@type\":\"WebSite\",\"@id\":\"https:\\\/\\\/www.eldiariodetucuman.com\\\/web\\\/#website\",\"url\":\"https:\\\/\\\/www.eldiariodetucuman.com\\\/web\\\/\",\"name\":\"El Diario de Tucuman\",\"description\":\"Diario Tucuman - Informaci\u00f3n y noticias\",\"publisher\":{\"@id\":\"https:\\\/\\\/www.eldiariodetucuman.com\\\/web\\\/#organization\"},\"potentialAction\":[{\"@type\":\"SearchAction\",\"target\":{\"@type\":\"EntryPoint\",\"urlTemplate\":\"https:\\\/\\\/www.eldiariodetucuman.com\\\/web\\\/?s={search_term_string}\"},\"query-input\":{\"@type\":\"PropertyValueSpecification\",\"valueRequired\":true,\"valueName\":\"search_term_string\"}}],\"inLanguage\":\"es\"},{\"@type\":\"Organization\",\"@id\":\"https:\\\/\\\/www.eldiariodetucuman.com\\\/web\\\/#organization\",\"name\":\"El Diario de Tucuman\",\"url\":\"https:\\\/\\\/www.eldiariodetucuman.com\\\/web\\\/\",\"logo\":{\"@type\":\"ImageObject\",\"inLanguage\":\"es\",\"@id\":\"https:\\\/\\\/www.eldiariodetucuman.com\\\/web\\\/#\\\/schema\\\/logo\\\/image\\\/\",\"url\":\"http:\\\/\\\/www.eldiariodetucuman.com\\\/web\\\/wp-content\\\/uploads\\\/2017\\\/12\\\/el-diario-de-tucuman.jpg\",\"contentUrl\":\"http:\\\/\\\/www.eldiariodetucuman.com\\\/web\\\/wp-content\\\/uploads\\\/2017\\\/12\\\/el-diario-de-tucuman.jpg\",\"width\":272,\"height\":92,\"caption\":\"El Diario de Tucuman\"},\"image\":{\"@id\":\"https:\\\/\\\/www.eldiariodetucuman.com\\\/web\\\/#\\\/schema\\\/logo\\\/image\\\/\"}},{\"@type\":\"Person\",\"@id\":\"https:\\\/\\\/www.eldiariodetucuman.com\\\/web\\\/#\\\/schema\\\/person\\\/7e6644a46e60888f6b868594407e08dd\",\"name\":\"Redactor Uno\",\"image\":{\"@type\":\"ImageObject\",\"inLanguage\":\"es\",\"@id\":\"https:\\\/\\\/secure.gravatar.com\\\/avatar\\\/0049b1bdf1bd548385c9ea6b9356431717930913089febd2ba904f0187d7d074?s=96&d=mm&r=g\",\"url\":\"https:\\\/\\\/secure.gravatar.com\\\/avatar\\\/0049b1bdf1bd548385c9ea6b9356431717930913089febd2ba904f0187d7d074?s=96&d=mm&r=g\",\"contentUrl\":\"https:\\\/\\\/secure.gravatar.com\\\/avatar\\\/0049b1bdf1bd548385c9ea6b9356431717930913089febd2ba904f0187d7d074?s=96&d=mm&r=g\",\"caption\":\"Redactor Uno\"},\"url\":\"https:\\\/\\\/www.eldiariodetucuman.com\\\/web\\\/author\\\/mramasco\\\/\"}]}<\/script>\n<!-- \/ Yoast SEO plugin. -->","yoast_head_json":{"title":"Yerba Buena: \u00bfc\u00f3mo ser\u00e1 el movimiento este fin de semana? - El Diario de Tucuman","robots":{"index":"index","follow":"follow","max-snippet":"max-snippet:-1","max-image-preview":"max-image-preview:large","max-video-preview":"max-video-preview:-1"},"canonical":"https:\/\/www.eldiariodetucuman.com\/web\/yerba-buena-como-sera-el-movimiento-este-fin-de-semana\/","og_locale":"es_ES","og_type":"article","og_title":"Yerba Buena: \u00bfc\u00f3mo ser\u00e1 el movimiento este fin de semana? - El Diario de Tucuman","og_description":"Llega el fin de semana y desde el municipio de la ciudad jard\u00edn explicaron c\u00f3mo funcionar\u00e1n las diferentes actividades habilitadas.","og_url":"https:\/\/www.eldiariodetucuman.com\/web\/yerba-buena-como-sera-el-movimiento-este-fin-de-semana\/","og_site_name":"El Diario de Tucuman","article_published_time":"2021-06-04T16:33:20+00:00","og_image":[{"width":800,"height":453,"url":"https:\/\/www.eldiariodetucuman.com\/web\/wp-content\/uploads\/2021\/06\/fin-de-semana-restricciones.jpg","type":"image\/jpeg"}],"author":"Redactor Uno","twitter_card":"summary_large_image","twitter_misc":{"Escrito por":"Redactor Uno","Tiempo de lectura":"2 minutos"},"schema":{"@context":"https:\/\/schema.org","@graph":[{"@type":"Article","@id":"https:\/\/www.eldiariodetucuman.com\/web\/yerba-buena-como-sera-el-movimiento-este-fin-de-semana\/#article","isPartOf":{"@id":"https:\/\/www.eldiariodetucuman.com\/web\/yerba-buena-como-sera-el-movimiento-este-fin-de-semana\/"},"author":{"name":"Redactor Uno","@id":"https:\/\/www.eldiariodetucuman.com\/web\/#\/schema\/person\/7e6644a46e60888f6b868594407e08dd"},"headline":"Yerba Buena: \u00bfc\u00f3mo ser\u00e1 el movimiento este fin de semana?","datePublished":"2021-06-04T16:33:20+00:00","mainEntityOfPage":{"@id":"https:\/\/www.eldiariodetucuman.com\/web\/yerba-buena-como-sera-el-movimiento-este-fin-de-semana\/"},"wordCount":303,"publisher":{"@id":"https:\/\/www.eldiariodetucuman.com\/web\/#organization"},"image":{"@id":"https:\/\/www.eldiariodetucuman.com\/web\/yerba-buena-como-sera-el-movimiento-este-fin-de-semana\/#primaryimage"},"thumbnailUrl":"https:\/\/www.eldiariodetucuman.com\/web\/wp-content\/uploads\/2021\/06\/fin-de-semana-restricciones.jpg","keywords":["fin de semana","restricciones","Yerba Buena"],"articleSection":["Actualidad"],"inLanguage":"es"},{"@type":"WebPage","@id":"https:\/\/www.eldiariodetucuman.com\/web\/yerba-buena-como-sera-el-movimiento-este-fin-de-semana\/","url":"https:\/\/www.eldiariodetucuman.com\/web\/yerba-buena-como-sera-el-movimiento-este-fin-de-semana\/","name":"Yerba Buena: \u00bfc\u00f3mo ser\u00e1 el movimiento este fin de semana? - El Diario de Tucuman","isPartOf":{"@id":"https:\/\/www.eldiariodetucuman.com\/web\/#website"},"primaryImageOfPage":{"@id":"https:\/\/www.eldiariodetucuman.com\/web\/yerba-buena-como-sera-el-movimiento-este-fin-de-semana\/#primaryimage"},"image":{"@id":"https:\/\/www.eldiariodetucuman.com\/web\/yerba-buena-como-sera-el-movimiento-este-fin-de-semana\/#primaryimage"},"thumbnailUrl":"https:\/\/www.eldiariodetucuman.com\/web\/wp-content\/uploads\/2021\/06\/fin-de-semana-restricciones.jpg","datePublished":"2021-06-04T16:33:20+00:00","breadcrumb":{"@id":"https:\/\/www.eldiariodetucuman.com\/web\/yerba-buena-como-sera-el-movimiento-este-fin-de-semana\/#breadcrumb"},"inLanguage":"es","potentialAction":[{"@type":"ReadAction","target":["https:\/\/www.eldiariodetucuman.com\/web\/yerba-buena-como-sera-el-movimiento-este-fin-de-semana\/"]}]},{"@type":"ImageObject","inLanguage":"es","@id":"https:\/\/www.eldiariodetucuman.com\/web\/yerba-buena-como-sera-el-movimiento-este-fin-de-semana\/#primaryimage","url":"https:\/\/www.eldiariodetucuman.com\/web\/wp-content\/uploads\/2021\/06\/fin-de-semana-restricciones.jpg","contentUrl":"https:\/\/www.eldiariodetucuman.com\/web\/wp-content\/uploads\/2021\/06\/fin-de-semana-restricciones.jpg","width":800,"height":453},{"@type":"BreadcrumbList","@id":"https:\/\/www.eldiariodetucuman.com\/web\/yerba-buena-como-sera-el-movimiento-este-fin-de-semana\/#breadcrumb","itemListElement":[{"@type":"ListItem","position":1,"name":"Portada","item":"https:\/\/www.eldiariodetucuman.com\/web\/"},{"@type":"ListItem","position":2,"name":"Yerba Buena: \u00bfc\u00f3mo ser\u00e1 el movimiento este fin de semana?"}]},{"@type":"WebSite","@id":"https:\/\/www.eldiariodetucuman.com\/web\/#website","url":"https:\/\/www.eldiariodetucuman.com\/web\/","name":"El Diario de Tucuman","description":"Diario Tucuman - Informaci\u00f3n y noticias","publisher":{"@id":"https:\/\/www.eldiariodetucuman.com\/web\/#organization"},"potentialAction":[{"@type":"SearchAction","target":{"@type":"EntryPoint","urlTemplate":"https:\/\/www.eldiariodetucuman.com\/web\/?s={search_term_string}"},"query-input":{"@type":"PropertyValueSpecification","valueRequired":true,"valueName":"search_term_string"}}],"inLanguage":"es"},{"@type":"Organization","@id":"https:\/\/www.eldiariodetucuman.com\/web\/#organization","name":"El Diario de Tucuman","url":"https:\/\/www.eldiariodetucuman.com\/web\/","logo":{"@type":"ImageObject","inLanguage":"es","@id":"https:\/\/www.eldiariodetucuman.com\/web\/#\/schema\/logo\/image\/","url":"http:\/\/www.eldiariodetucuman.com\/web\/wp-content\/uploads\/2017\/12\/el-diario-de-tucuman.jpg","contentUrl":"http:\/\/www.eldiariodetucuman.com\/web\/wp-content\/uploads\/2017\/12\/el-diario-de-tucuman.jpg","width":272,"height":92,"caption":"El Diario de Tucuman"},"image":{"@id":"https:\/\/www.eldiariodetucuman.com\/web\/#\/schema\/logo\/image\/"}},{"@type":"Person","@id":"https:\/\/www.eldiariodetucuman.com\/web\/#\/schema\/person\/7e6644a46e60888f6b868594407e08dd","name":"Redactor Uno","image":{"@type":"ImageObject","inLanguage":"es","@id":"https:\/\/secure.gravatar.com\/avatar\/0049b1bdf1bd548385c9ea6b9356431717930913089febd2ba904f0187d7d074?s=96&d=mm&r=g","url":"https:\/\/secure.gravatar.com\/avatar\/0049b1bdf1bd548385c9ea6b9356431717930913089febd2ba904f0187d7d074?s=96&d=mm&r=g","contentUrl":"https:\/\/secure.gravatar.com\/avatar\/0049b1bdf1bd548385c9ea6b9356431717930913089febd2ba904f0187d7d074?s=96&d=mm&r=g","caption":"Redactor Uno"},"url":"https:\/\/www.eldiariodetucuman.com\/web\/author\/mramasco\/"}]}},"_links":{"self":[{"href":"https:\/\/www.eldiariodetucuman.com\/web\/wp-json\/wp\/v2\/posts\/31983","targetHints":{"allow":["GET"]}}],"collection":[{"href":"https:\/\/www.eldiariodetucuman.com\/web\/wp-json\/wp\/v2\/posts"}],"about":[{"href":"https:\/\/www.eldiariodetucuman.com\/web\/wp-json\/wp\/v2\/types\/post"}],"author":[{"embeddable":true,"href":"https:\/\/www.eldiariodetucuman.com\/web\/wp-json\/wp\/v2\/users\/5"}],"replies":[{"embeddable":true,"href":"https:\/\/www.eldiariodetucuman.com\/web\/wp-json\/wp\/v2\/comments?post=31983"}],"version-history":[{"count":1,"href":"https:\/\/www.eldiariodetucuman.com\/web\/wp-json\/wp\/v2\/posts\/31983\/revisions"}],"predecessor-version":[{"id":31985,"href":"https:\/\/www.eldiariodetucuman.com\/web\/wp-json\/wp\/v2\/posts\/31983\/revisions\/31985"}],"wp:featuredmedia":[{"embeddable":true,"href":"https:\/\/www.eldiariodetucuman.com\/web\/wp-json\/wp\/v2\/media\/31984"}],"wp:attachment":[{"href":"https:\/\/www.eldiariodetucuman.com\/web\/wp-json\/wp\/v2\/media?parent=31983"}],"wp:term":[{"taxonomy":"category","embeddable":true,"href":"https:\/\/www.eldiariodetucuman.com\/web\/wp-json\/wp\/v2\/categories?post=31983"},{"taxonomy":"post_tag","embeddable":true,"href":"https:\/\/www.eldiariodetucuman.com\/web\/wp-json\/wp\/v2\/tags?post=31983"}],"curies":[{"name":"wp","href":"https:\/\/api.w.org\/{rel}","templated":true}]}}