{"id":31980,"date":"2021-06-04T13:19:05","date_gmt":"2021-06-04T16:19:05","guid":{"rendered":"http:\/\/www.eldiariodetucuman.com\/web\/?p=31980"},"modified":"2021-06-04T13:19:05","modified_gmt":"2021-06-04T16:19:05","slug":"con-la-empanada-tucuman-seduce-turistas-de-todo-el-mundo","status":"publish","type":"post","link":"https:\/\/www.eldiariodetucuman.com\/web\/con-la-empanada-tucuman-seduce-turistas-de-todo-el-mundo\/","title":{"rendered":"Con la empanada, Tucum\u00e1n seduce turistas de todo el mundo"},"content":{"rendered":"<div class=\"post-header-area\">\n<p class=\"sumario\">El plato tradicional de la provincia se lucir\u00e1 en un ciclo de videos que promocionan nuestro pa\u00eds como destino en mercados internacionales.<\/p>\n<\/div>\n<p><!--more--><\/p>\n<div class=\"post-header-area\">\n<p class=\"sumario\">Este viernes 4 de junio, a las 18, se estrena \u201cMorfar\u201d, un ciclo de videos que recorrer\u00e1 las 24 provincias argentinas con sus platos t\u00edpicos, y se emitir\u00e1 por los canales de YouTube, Facebook e Instagram de <strong>\u201cVisit Argentina\u201d.<\/strong><\/p>\n<p class=\"sumario\">Los cap\u00edtulos se transmitir\u00e1n todos los viernes en el mismo horario, e ir\u00e1n recorriendo las propuestas de cada provincia. Tucum\u00e1n se lucir\u00e1 con su tradicional empanada, elaborada en esta ocasi\u00f3n por las manos de <strong>Cristina Rojas,<\/strong> una de las campeonas de la Fiesta Nacional de la Empanada que se organiza cada a\u00f1o en Famaill\u00e1.<\/p>\n<p class=\"sumario\">El proyecto forma parte de las acciones enmarcadas en el <strong>Fondo de Promoci\u00f3n Tur\u00edstica (Fonprotur),<\/strong> una iniciativa desarrollada por el Instituto Nacional de Promoci\u00f3n Tur\u00edstica (Inprotur), que busca promover los atractivos de nuestro pa\u00eds en mercados internacionales.<\/p>\n<p class=\"sumario\">El resultado final del trabajo son 35 horas de material audiovisual de todo el pa\u00eds. \u201cMorfar\u201d tendr\u00e1 un total de 72 cap\u00edtulos, con tres recetas por provincia, rotando una provincia diferente por semana.<\/p>\n<p class=\"sumario\">Las redes de Visit Argentina en las que se emitir\u00e1 este ciclo son las siguientes:<\/p>\n<\/div>\n<div class=\"post-content-area\">\n<div><a href=\"https:\/\/www.instagram.com\/visitargentina\" target=\"_blank\" rel=\"noopener noreferrer\">https:\/\/www.instagram.com\/visitargentina<br \/>\n<\/a><a href=\"https:\/\/www.facebook.com\/visitaargentina\" target=\"_blank\" rel=\"noopener noreferrer\">https:\/\/www.facebook.com\/visitaargentina<br \/>\n<\/a><a href=\"https:\/\/www.youtube.com\/user\/visitarg\" target=\"_blank\" rel=\"noopener noreferrer\">https:\/\/www.youtube.com\/user\/visitarg<\/a><\/div>\n<div><\/div>\n<div><iframe loading=\"lazy\" title=\"YouTube video player\" src=\"https:\/\/www.youtube.com\/embed\/MDgnTKJx1Zs\" width=\"560\" height=\"315\" frameborder=\"0\" allowfullscreen=\"allowfullscreen\" data-mce-fragment=\"1\"><\/iframe><\/div>\n<div><strong>Fuente:<\/strong> <a href=\"https:\/\/www.comunicaciontucuman.gob.ar\/noticia\/cultura\/204094\/empanada-tucumana-sale-captar-turistas-todo-mundo\">https:\/\/www.comunicaciontucuman.gob.ar\/noticia\/cultura\/204094\/empanada-tucumana-sale-captar-turistas-todo-mundo<\/a><\/div>\n<\/div>\n","protected":false},"excerpt":{"rendered":"<p>El plato tradicional de la provincia se lucir\u00e1 en un ciclo de videos que promocionan nuestro pa\u00eds como destino en mercados internacionales.<\/p>\n","protected":false},"author":5,"featured_media":31981,"comment_status":"closed","ping_status":"open","sticky":false,"template":"","format":"standard","meta":{"footnotes":""},"categories":[2],"tags":[1875,1080,61],"class_list":{"0":"post-31980","1":"post","2":"type-post","3":"status-publish","4":"format-standard","5":"has-post-thumbnail","7":"category-actualidad","8":"tag-comida","9":"tag-empanada","10":"tag-tucuman"},"yoast_head":"<!-- This site is optimized with the Yoast SEO plugin v27.4 - https:\/\/yoast.com\/product\/yoast-seo-wordpress\/ -->\n<title>Con la empanada, Tucum\u00e1n seduce turistas de todo el mundo - El Diario de Tucuman<\/title>\n<meta name=\"robots\" content=\"index, follow, max-snippet:-1, max-image-preview:large, max-video-preview:-1\" \/>\n<link rel=\"canonical\" href=\"https:\/\/www.eldiariodetucuman.com\/web\/con-la-empanada-tucuman-seduce-turistas-de-todo-el-mundo\/\" \/>\n<meta property=\"og:locale\" content=\"es_ES\" \/>\n<meta property=\"og:type\" content=\"article\" \/>\n<meta property=\"og:title\" content=\"Con la empanada, Tucum\u00e1n seduce turistas de todo el mundo - El Diario de Tucuman\" \/>\n<meta property=\"og:description\" content=\"El plato tradicional de la provincia se lucir\u00e1 en un ciclo de videos que promocionan nuestro pa\u00eds como destino en mercados internacionales.\" \/>\n<meta property=\"og:url\" content=\"https:\/\/www.eldiariodetucuman.com\/web\/con-la-empanada-tucuman-seduce-turistas-de-todo-el-mundo\/\" \/>\n<meta property=\"og:site_name\" content=\"El Diario de Tucuman\" \/>\n<meta property=\"article:published_time\" content=\"2021-06-04T16:19:05+00:00\" \/>\n<meta property=\"og:image\" content=\"https:\/\/www.eldiariodetucuman.com\/web\/wp-content\/uploads\/2021\/06\/empanado.jpg\" \/>\n\t<meta property=\"og:image:width\" content=\"830\" \/>\n\t<meta property=\"og:image:height\" content=\"465\" \/>\n\t<meta property=\"og:image:type\" content=\"image\/jpeg\" \/>\n<meta name=\"author\" content=\"Redactor Uno\" \/>\n<meta name=\"twitter:card\" content=\"summary_large_image\" \/>\n<meta name=\"twitter:label1\" content=\"Escrito por\" \/>\n\t<meta name=\"twitter:data1\" content=\"Redactor Uno\" \/>\n\t<meta name=\"twitter:label2\" content=\"Tiempo de lectura\" \/>\n\t<meta name=\"twitter:data2\" content=\"1 minuto\" \/>\n<script type=\"application\/ld+json\" class=\"yoast-schema-graph\">{\"@context\":\"https:\\\/\\\/schema.org\",\"@graph\":[{\"@type\":\"Article\",\"@id\":\"https:\\\/\\\/www.eldiariodetucuman.com\\\/web\\\/con-la-empanada-tucuman-seduce-turistas-de-todo-el-mundo\\\/#article\",\"isPartOf\":{\"@id\":\"https:\\\/\\\/www.eldiariodetucuman.com\\\/web\\\/con-la-empanada-tucuman-seduce-turistas-de-todo-el-mundo\\\/\"},\"author\":{\"name\":\"Redactor Uno\",\"@id\":\"https:\\\/\\\/www.eldiariodetucuman.com\\\/web\\\/#\\\/schema\\\/person\\\/7e6644a46e60888f6b868594407e08dd\"},\"headline\":\"Con la empanada, Tucum\u00e1n seduce turistas de todo el mundo\",\"datePublished\":\"2021-06-04T16:19:05+00:00\",\"mainEntityOfPage\":{\"@id\":\"https:\\\/\\\/www.eldiariodetucuman.com\\\/web\\\/con-la-empanada-tucuman-seduce-turistas-de-todo-el-mundo\\\/\"},\"wordCount\":246,\"publisher\":{\"@id\":\"https:\\\/\\\/www.eldiariodetucuman.com\\\/web\\\/#organization\"},\"image\":{\"@id\":\"https:\\\/\\\/www.eldiariodetucuman.com\\\/web\\\/con-la-empanada-tucuman-seduce-turistas-de-todo-el-mundo\\\/#primaryimage\"},\"thumbnailUrl\":\"https:\\\/\\\/www.eldiariodetucuman.com\\\/web\\\/wp-content\\\/uploads\\\/2021\\\/06\\\/empanado.jpg\",\"keywords\":[\"comida\",\"Empanada\",\"Tucuman\"],\"articleSection\":[\"Actualidad\"],\"inLanguage\":\"es\"},{\"@type\":\"WebPage\",\"@id\":\"https:\\\/\\\/www.eldiariodetucuman.com\\\/web\\\/con-la-empanada-tucuman-seduce-turistas-de-todo-el-mundo\\\/\",\"url\":\"https:\\\/\\\/www.eldiariodetucuman.com\\\/web\\\/con-la-empanada-tucuman-seduce-turistas-de-todo-el-mundo\\\/\",\"name\":\"Con la empanada, Tucum\u00e1n seduce turistas de todo el mundo - El Diario de Tucuman\",\"isPartOf\":{\"@id\":\"https:\\\/\\\/www.eldiariodetucuman.com\\\/web\\\/#website\"},\"primaryImageOfPage\":{\"@id\":\"https:\\\/\\\/www.eldiariodetucuman.com\\\/web\\\/con-la-empanada-tucuman-seduce-turistas-de-todo-el-mundo\\\/#primaryimage\"},\"image\":{\"@id\":\"https:\\\/\\\/www.eldiariodetucuman.com\\\/web\\\/con-la-empanada-tucuman-seduce-turistas-de-todo-el-mundo\\\/#primaryimage\"},\"thumbnailUrl\":\"https:\\\/\\\/www.eldiariodetucuman.com\\\/web\\\/wp-content\\\/uploads\\\/2021\\\/06\\\/empanado.jpg\",\"datePublished\":\"2021-06-04T16:19:05+00:00\",\"breadcrumb\":{\"@id\":\"https:\\\/\\\/www.eldiariodetucuman.com\\\/web\\\/con-la-empanada-tucuman-seduce-turistas-de-todo-el-mundo\\\/#breadcrumb\"},\"inLanguage\":\"es\",\"potentialAction\":[{\"@type\":\"ReadAction\",\"target\":[\"https:\\\/\\\/www.eldiariodetucuman.com\\\/web\\\/con-la-empanada-tucuman-seduce-turistas-de-todo-el-mundo\\\/\"]}]},{\"@type\":\"ImageObject\",\"inLanguage\":\"es\",\"@id\":\"https:\\\/\\\/www.eldiariodetucuman.com\\\/web\\\/con-la-empanada-tucuman-seduce-turistas-de-todo-el-mundo\\\/#primaryimage\",\"url\":\"https:\\\/\\\/www.eldiariodetucuman.com\\\/web\\\/wp-content\\\/uploads\\\/2021\\\/06\\\/empanado.jpg\",\"contentUrl\":\"https:\\\/\\\/www.eldiariodetucuman.com\\\/web\\\/wp-content\\\/uploads\\\/2021\\\/06\\\/empanado.jpg\",\"width\":830,\"height\":465},{\"@type\":\"BreadcrumbList\",\"@id\":\"https:\\\/\\\/www.eldiariodetucuman.com\\\/web\\\/con-la-empanada-tucuman-seduce-turistas-de-todo-el-mundo\\\/#breadcrumb\",\"itemListElement\":[{\"@type\":\"ListItem\",\"position\":1,\"name\":\"Portada\",\"item\":\"https:\\\/\\\/www.eldiariodetucuman.com\\\/web\\\/\"},{\"@type\":\"ListItem\",\"position\":2,\"name\":\"Con la empanada, Tucum\u00e1n seduce turistas de todo el mundo\"}]},{\"@type\":\"WebSite\",\"@id\":\"https:\\\/\\\/www.eldiariodetucuman.com\\\/web\\\/#website\",\"url\":\"https:\\\/\\\/www.eldiariodetucuman.com\\\/web\\\/\",\"name\":\"El Diario de Tucuman\",\"description\":\"Diario Tucuman - Informaci\u00f3n y noticias\",\"publisher\":{\"@id\":\"https:\\\/\\\/www.eldiariodetucuman.com\\\/web\\\/#organization\"},\"potentialAction\":[{\"@type\":\"SearchAction\",\"target\":{\"@type\":\"EntryPoint\",\"urlTemplate\":\"https:\\\/\\\/www.eldiariodetucuman.com\\\/web\\\/?s={search_term_string}\"},\"query-input\":{\"@type\":\"PropertyValueSpecification\",\"valueRequired\":true,\"valueName\":\"search_term_string\"}}],\"inLanguage\":\"es\"},{\"@type\":\"Organization\",\"@id\":\"https:\\\/\\\/www.eldiariodetucuman.com\\\/web\\\/#organization\",\"name\":\"El Diario de Tucuman\",\"url\":\"https:\\\/\\\/www.eldiariodetucuman.com\\\/web\\\/\",\"logo\":{\"@type\":\"ImageObject\",\"inLanguage\":\"es\",\"@id\":\"https:\\\/\\\/www.eldiariodetucuman.com\\\/web\\\/#\\\/schema\\\/logo\\\/image\\\/\",\"url\":\"http:\\\/\\\/www.eldiariodetucuman.com\\\/web\\\/wp-content\\\/uploads\\\/2017\\\/12\\\/el-diario-de-tucuman.jpg\",\"contentUrl\":\"http:\\\/\\\/www.eldiariodetucuman.com\\\/web\\\/wp-content\\\/uploads\\\/2017\\\/12\\\/el-diario-de-tucuman.jpg\",\"width\":272,\"height\":92,\"caption\":\"El Diario de Tucuman\"},\"image\":{\"@id\":\"https:\\\/\\\/www.eldiariodetucuman.com\\\/web\\\/#\\\/schema\\\/logo\\\/image\\\/\"}},{\"@type\":\"Person\",\"@id\":\"https:\\\/\\\/www.eldiariodetucuman.com\\\/web\\\/#\\\/schema\\\/person\\\/7e6644a46e60888f6b868594407e08dd\",\"name\":\"Redactor Uno\",\"image\":{\"@type\":\"ImageObject\",\"inLanguage\":\"es\",\"@id\":\"https:\\\/\\\/secure.gravatar.com\\\/avatar\\\/0049b1bdf1bd548385c9ea6b9356431717930913089febd2ba904f0187d7d074?s=96&d=mm&r=g\",\"url\":\"https:\\\/\\\/secure.gravatar.com\\\/avatar\\\/0049b1bdf1bd548385c9ea6b9356431717930913089febd2ba904f0187d7d074?s=96&d=mm&r=g\",\"contentUrl\":\"https:\\\/\\\/secure.gravatar.com\\\/avatar\\\/0049b1bdf1bd548385c9ea6b9356431717930913089febd2ba904f0187d7d074?s=96&d=mm&r=g\",\"caption\":\"Redactor Uno\"},\"url\":\"https:\\\/\\\/www.eldiariodetucuman.com\\\/web\\\/author\\\/mramasco\\\/\"}]}<\/script>\n<!-- \/ Yoast SEO plugin. -->","yoast_head_json":{"title":"Con la empanada, Tucum\u00e1n seduce turistas de todo el mundo - El Diario de Tucuman","robots":{"index":"index","follow":"follow","max-snippet":"max-snippet:-1","max-image-preview":"max-image-preview:large","max-video-preview":"max-video-preview:-1"},"canonical":"https:\/\/www.eldiariodetucuman.com\/web\/con-la-empanada-tucuman-seduce-turistas-de-todo-el-mundo\/","og_locale":"es_ES","og_type":"article","og_title":"Con la empanada, Tucum\u00e1n seduce turistas de todo el mundo - El Diario de Tucuman","og_description":"El plato tradicional de la provincia se lucir\u00e1 en un ciclo de videos que promocionan nuestro pa\u00eds como destino en mercados internacionales.","og_url":"https:\/\/www.eldiariodetucuman.com\/web\/con-la-empanada-tucuman-seduce-turistas-de-todo-el-mundo\/","og_site_name":"El Diario de Tucuman","article_published_time":"2021-06-04T16:19:05+00:00","og_image":[{"width":830,"height":465,"url":"https:\/\/www.eldiariodetucuman.com\/web\/wp-content\/uploads\/2021\/06\/empanado.jpg","type":"image\/jpeg"}],"author":"Redactor Uno","twitter_card":"summary_large_image","twitter_misc":{"Escrito por":"Redactor Uno","Tiempo de lectura":"1 minuto"},"schema":{"@context":"https:\/\/schema.org","@graph":[{"@type":"Article","@id":"https:\/\/www.eldiariodetucuman.com\/web\/con-la-empanada-tucuman-seduce-turistas-de-todo-el-mundo\/#article","isPartOf":{"@id":"https:\/\/www.eldiariodetucuman.com\/web\/con-la-empanada-tucuman-seduce-turistas-de-todo-el-mundo\/"},"author":{"name":"Redactor Uno","@id":"https:\/\/www.eldiariodetucuman.com\/web\/#\/schema\/person\/7e6644a46e60888f6b868594407e08dd"},"headline":"Con la empanada, Tucum\u00e1n seduce turistas de todo el mundo","datePublished":"2021-06-04T16:19:05+00:00","mainEntityOfPage":{"@id":"https:\/\/www.eldiariodetucuman.com\/web\/con-la-empanada-tucuman-seduce-turistas-de-todo-el-mundo\/"},"wordCount":246,"publisher":{"@id":"https:\/\/www.eldiariodetucuman.com\/web\/#organization"},"image":{"@id":"https:\/\/www.eldiariodetucuman.com\/web\/con-la-empanada-tucuman-seduce-turistas-de-todo-el-mundo\/#primaryimage"},"thumbnailUrl":"https:\/\/www.eldiariodetucuman.com\/web\/wp-content\/uploads\/2021\/06\/empanado.jpg","keywords":["comida","Empanada","Tucuman"],"articleSection":["Actualidad"],"inLanguage":"es"},{"@type":"WebPage","@id":"https:\/\/www.eldiariodetucuman.com\/web\/con-la-empanada-tucuman-seduce-turistas-de-todo-el-mundo\/","url":"https:\/\/www.eldiariodetucuman.com\/web\/con-la-empanada-tucuman-seduce-turistas-de-todo-el-mundo\/","name":"Con la empanada, Tucum\u00e1n seduce turistas de todo el mundo - El Diario de Tucuman","isPartOf":{"@id":"https:\/\/www.eldiariodetucuman.com\/web\/#website"},"primaryImageOfPage":{"@id":"https:\/\/www.eldiariodetucuman.com\/web\/con-la-empanada-tucuman-seduce-turistas-de-todo-el-mundo\/#primaryimage"},"image":{"@id":"https:\/\/www.eldiariodetucuman.com\/web\/con-la-empanada-tucuman-seduce-turistas-de-todo-el-mundo\/#primaryimage"},"thumbnailUrl":"https:\/\/www.eldiariodetucuman.com\/web\/wp-content\/uploads\/2021\/06\/empanado.jpg","datePublished":"2021-06-04T16:19:05+00:00","breadcrumb":{"@id":"https:\/\/www.eldiariodetucuman.com\/web\/con-la-empanada-tucuman-seduce-turistas-de-todo-el-mundo\/#breadcrumb"},"inLanguage":"es","potentialAction":[{"@type":"ReadAction","target":["https:\/\/www.eldiariodetucuman.com\/web\/con-la-empanada-tucuman-seduce-turistas-de-todo-el-mundo\/"]}]},{"@type":"ImageObject","inLanguage":"es","@id":"https:\/\/www.eldiariodetucuman.com\/web\/con-la-empanada-tucuman-seduce-turistas-de-todo-el-mundo\/#primaryimage","url":"https:\/\/www.eldiariodetucuman.com\/web\/wp-content\/uploads\/2021\/06\/empanado.jpg","contentUrl":"https:\/\/www.eldiariodetucuman.com\/web\/wp-content\/uploads\/2021\/06\/empanado.jpg","width":830,"height":465},{"@type":"BreadcrumbList","@id":"https:\/\/www.eldiariodetucuman.com\/web\/con-la-empanada-tucuman-seduce-turistas-de-todo-el-mundo\/#breadcrumb","itemListElement":[{"@type":"ListItem","position":1,"name":"Portada","item":"https:\/\/www.eldiariodetucuman.com\/web\/"},{"@type":"ListItem","position":2,"name":"Con la empanada, Tucum\u00e1n seduce turistas de todo el mundo"}]},{"@type":"WebSite","@id":"https:\/\/www.eldiariodetucuman.com\/web\/#website","url":"https:\/\/www.eldiariodetucuman.com\/web\/","name":"El Diario de Tucuman","description":"Diario Tucuman - Informaci\u00f3n y noticias","publisher":{"@id":"https:\/\/www.eldiariodetucuman.com\/web\/#organization"},"potentialAction":[{"@type":"SearchAction","target":{"@type":"EntryPoint","urlTemplate":"https:\/\/www.eldiariodetucuman.com\/web\/?s={search_term_string}"},"query-input":{"@type":"PropertyValueSpecification","valueRequired":true,"valueName":"search_term_string"}}],"inLanguage":"es"},{"@type":"Organization","@id":"https:\/\/www.eldiariodetucuman.com\/web\/#organization","name":"El Diario de Tucuman","url":"https:\/\/www.eldiariodetucuman.com\/web\/","logo":{"@type":"ImageObject","inLanguage":"es","@id":"https:\/\/www.eldiariodetucuman.com\/web\/#\/schema\/logo\/image\/","url":"http:\/\/www.eldiariodetucuman.com\/web\/wp-content\/uploads\/2017\/12\/el-diario-de-tucuman.jpg","contentUrl":"http:\/\/www.eldiariodetucuman.com\/web\/wp-content\/uploads\/2017\/12\/el-diario-de-tucuman.jpg","width":272,"height":92,"caption":"El Diario de Tucuman"},"image":{"@id":"https:\/\/www.eldiariodetucuman.com\/web\/#\/schema\/logo\/image\/"}},{"@type":"Person","@id":"https:\/\/www.eldiariodetucuman.com\/web\/#\/schema\/person\/7e6644a46e60888f6b868594407e08dd","name":"Redactor Uno","image":{"@type":"ImageObject","inLanguage":"es","@id":"https:\/\/secure.gravatar.com\/avatar\/0049b1bdf1bd548385c9ea6b9356431717930913089febd2ba904f0187d7d074?s=96&d=mm&r=g","url":"https:\/\/secure.gravatar.com\/avatar\/0049b1bdf1bd548385c9ea6b9356431717930913089febd2ba904f0187d7d074?s=96&d=mm&r=g","contentUrl":"https:\/\/secure.gravatar.com\/avatar\/0049b1bdf1bd548385c9ea6b9356431717930913089febd2ba904f0187d7d074?s=96&d=mm&r=g","caption":"Redactor Uno"},"url":"https:\/\/www.eldiariodetucuman.com\/web\/author\/mramasco\/"}]}},"_links":{"self":[{"href":"https:\/\/www.eldiariodetucuman.com\/web\/wp-json\/wp\/v2\/posts\/31980","targetHints":{"allow":["GET"]}}],"collection":[{"href":"https:\/\/www.eldiariodetucuman.com\/web\/wp-json\/wp\/v2\/posts"}],"about":[{"href":"https:\/\/www.eldiariodetucuman.com\/web\/wp-json\/wp\/v2\/types\/post"}],"author":[{"embeddable":true,"href":"https:\/\/www.eldiariodetucuman.com\/web\/wp-json\/wp\/v2\/users\/5"}],"replies":[{"embeddable":true,"href":"https:\/\/www.eldiariodetucuman.com\/web\/wp-json\/wp\/v2\/comments?post=31980"}],"version-history":[{"count":1,"href":"https:\/\/www.eldiariodetucuman.com\/web\/wp-json\/wp\/v2\/posts\/31980\/revisions"}],"predecessor-version":[{"id":31982,"href":"https:\/\/www.eldiariodetucuman.com\/web\/wp-json\/wp\/v2\/posts\/31980\/revisions\/31982"}],"wp:featuredmedia":[{"embeddable":true,"href":"https:\/\/www.eldiariodetucuman.com\/web\/wp-json\/wp\/v2\/media\/31981"}],"wp:attachment":[{"href":"https:\/\/www.eldiariodetucuman.com\/web\/wp-json\/wp\/v2\/media?parent=31980"}],"wp:term":[{"taxonomy":"category","embeddable":true,"href":"https:\/\/www.eldiariodetucuman.com\/web\/wp-json\/wp\/v2\/categories?post=31980"},{"taxonomy":"post_tag","embeddable":true,"href":"https:\/\/www.eldiariodetucuman.com\/web\/wp-json\/wp\/v2\/tags?post=31980"}],"curies":[{"name":"wp","href":"https:\/\/api.w.org\/{rel}","templated":true}]}}