{"id":31603,"date":"2021-04-29T12:36:48","date_gmt":"2021-04-29T15:36:48","guid":{"rendered":"http:\/\/www.eldiariodetucuman.com\/web\/?p=31603"},"modified":"2021-04-29T12:36:48","modified_gmt":"2021-04-29T15:36:48","slug":"covid-19-las-nuevas-medidas-incluiran-mayores-controles","status":"publish","type":"post","link":"https:\/\/www.eldiariodetucuman.com\/web\/covid-19-las-nuevas-medidas-incluiran-mayores-controles\/","title":{"rendered":"Covid-19: Las nuevas medidas incluir\u00e1n mayores controles"},"content":{"rendered":"<hgroup class=\"zona-titulo\"><\/hgroup>\n<p>En un encuentro que mantuvieron esta ma\u00f1ana, los funcionarios analizaron adem\u00e1s \u00abla posibilidad de restringir, en determinados horarios, los accesos a la ciudad\u00bb, de cara a las nuevas medidas.<\/p>\n<p><!--more--><\/p>\n<p>La ministra de Seguridad, Sabina Frederic, y el secretario de Justicia y Seguridad porte\u00f1o, Marcelo D&#8217;Alessandro, acordaron hoy \u00abun mayor control en los ingresos a las estaciones terminales y en los distintos centros de transbordo\u00bb distribuidos por toda la ciudad de Buenos Aires, informaron fuentes oficiales.<\/p>\n<p>En un encuentro que mantuvieron esta ma\u00f1ana, los funcionarios analizaron adem\u00e1s \u00abla posibilidad de restringir, en determinados horarios, los accesos a la ciudad\u00bb, de cara a las nuevas medidas que podr\u00eda implementar el Gobierno nacional en las pr\u00f3ximas horas para hacer frente al crecimiento de casos de coronavirus.<\/p>\n<p>Seg\u00fan precisaron fuentes de la cartera de Seguridad, el encuentro de hoy tuvo el objetivo de \u00ablograr una mayor coordinaci\u00f3n en los controles\u00bb entre Naci\u00f3n y ciudad de Buenos Aires.<\/p>\n<p>Entre los puntos que se analizaron se encuentra el cumplimiento de las medidas establecidas por el Decreto de Necesidad y Urgencia firmado por el presidente Alberto Fern\u00e1ndez para establecer medidas de restricci\u00f3n en el AMBA tendientes a mitigar la expansi\u00f3n de la segunda ola de contagios.<\/p>\n<p>Este viernes vence el decreto dictado por el Gobierno nacional el pasado 9 de abril, que estableci\u00f3 una serie de restricciones en el AMBA por quince d\u00edas, tales como la suspensi\u00f3n de las clases presenciales, la prohibici\u00f3n de circular entre las 20 y las 6 de cada d\u00eda, y la realizaci\u00f3n de todo tipo de eventos culturales, sociales, recreativos y religiosos.<\/p>\n<p>En la reuni\u00f3n de esta ma\u00f1ana, se acord\u00f3 \u00abun mayor control en los ingresos a las estaciones terminales y en los distintos centros de transbordo distribuidos por toda la Ciudad\u00bb.<\/p>\n<p>Con el objetivo de optimizar los controles vehiculares y de transporte de pasajeros, por un lado, y encausar la circulaci\u00f3n en los controles ya establecidos, por otro, \u00abtambi\u00e9n se eval\u00fao la posibilidad de restringir, en determinados horarios, los accesos a la Ciudad que se desprenden de la avenida General Paz\u00bb.<\/p>\n<p>Asimismo, para una mejor articulaci\u00f3n en la recepci\u00f3n de denuncias por incumplimiento, \u00abse plante\u00f3 la derivaci\u00f3n de las llamadas recibidas al n\u00famero 134, al sistema 911, que es monitoreado por la Ciudad y as\u00ed poder actuar con mayor rapidez\u00bb.<\/p>\n<p>En el encuentro tambi\u00e9n se evaluaron las acciones desplegadas hasta el momento y se generaron los insumos necesarios para adoptar definiciones en el futuro, seg\u00fan consignaron las fuentes.<\/p>\n<p>De la reuni\u00f3n de coordinaci\u00f3n, que son parte de una estrategia desplegada por el Gobierno nacional con el objetivo de lograr el mejor cumplimiento de restricci\u00f3n a la circulaci\u00f3n en el AMBA, participaron tambi\u00e9n el secretario de Seguridad y Pol\u00edtica Criminal, Eduardo Villalba; el secretario de Articulaci\u00f3n Federal, Gabriel Fuks; el secretario de Transporte y Obras p\u00fablicas de la Ciudad, Juan Jos\u00e9 M\u00e9ndez; y el subsecretario de Gesti\u00f3n de la Movilidad, Gast\u00f3n Galardi.<\/p>\n<p><strong>Fuente:<\/strong> <a href=\"https:\/\/www.tucumanalas7.com.ar\/nacional\/2021\/4\/28\/las-nuevas-medidas-incluiran-mayores-controles-201419.html\">https:\/\/www.tucumanalas7.com.ar\/nacional\/2021\/4\/28\/las-nuevas-medidas-incluiran-mayores-controles-201419.html<\/a><\/p>\n","protected":false},"excerpt":{"rendered":"<p>En un encuentro que mantuvieron esta ma\u00f1ana, los funcionarios analizaron adem\u00e1s \u00abla posibilidad de restringir, en determinados horarios, los accesos a la ciudad\u00bb, de cara a las nuevas medidas.<\/p>\n","protected":false},"author":5,"featured_media":31606,"comment_status":"closed","ping_status":"open","sticky":false,"template":"","format":"standard","meta":{"footnotes":""},"categories":[2],"tags":[3153,3104,61],"class_list":{"0":"post-31603","1":"post","2":"type-post","3":"status-publish","4":"format-standard","5":"has-post-thumbnail","7":"category-actualidad","8":"tag-covid","9":"tag-pandemia","10":"tag-tucuman"},"yoast_head":"<!-- This site is optimized with the Yoast SEO plugin v27.4 - https:\/\/yoast.com\/product\/yoast-seo-wordpress\/ -->\n<title>Covid-19: Las nuevas medidas incluir\u00e1n mayores controles - El Diario de Tucuman<\/title>\n<meta name=\"robots\" content=\"index, follow, max-snippet:-1, max-image-preview:large, max-video-preview:-1\" \/>\n<link rel=\"canonical\" href=\"https:\/\/www.eldiariodetucuman.com\/web\/covid-19-las-nuevas-medidas-incluiran-mayores-controles\/\" \/>\n<meta property=\"og:locale\" content=\"es_ES\" \/>\n<meta property=\"og:type\" content=\"article\" \/>\n<meta property=\"og:title\" content=\"Covid-19: Las nuevas medidas incluir\u00e1n mayores controles - El Diario de Tucuman\" \/>\n<meta property=\"og:description\" content=\"En un encuentro que mantuvieron esta ma\u00f1ana, los funcionarios analizaron adem\u00e1s \u00abla posibilidad de restringir, en determinados horarios, los accesos a la ciudad\u00bb, de cara a las nuevas medidas.\" \/>\n<meta property=\"og:url\" content=\"https:\/\/www.eldiariodetucuman.com\/web\/covid-19-las-nuevas-medidas-incluiran-mayores-controles\/\" \/>\n<meta property=\"og:site_name\" content=\"El Diario de Tucuman\" \/>\n<meta property=\"article:published_time\" content=\"2021-04-29T15:36:48+00:00\" \/>\n<meta property=\"og:image\" content=\"https:\/\/www.eldiariodetucuman.com\/web\/wp-content\/uploads\/2021\/04\/restricciones-covid-2.jpg\" \/>\n\t<meta property=\"og:image:width\" content=\"720\" \/>\n\t<meta property=\"og:image:height\" content=\"405\" \/>\n\t<meta property=\"og:image:type\" content=\"image\/jpeg\" \/>\n<meta name=\"author\" content=\"Redactor Uno\" \/>\n<meta name=\"twitter:card\" content=\"summary_large_image\" \/>\n<meta name=\"twitter:label1\" content=\"Escrito por\" \/>\n\t<meta name=\"twitter:data1\" content=\"Redactor Uno\" \/>\n\t<meta name=\"twitter:label2\" content=\"Tiempo de lectura\" \/>\n\t<meta name=\"twitter:data2\" content=\"3 minutos\" \/>\n<script type=\"application\/ld+json\" class=\"yoast-schema-graph\">{\"@context\":\"https:\\\/\\\/schema.org\",\"@graph\":[{\"@type\":\"Article\",\"@id\":\"https:\\\/\\\/www.eldiariodetucuman.com\\\/web\\\/covid-19-las-nuevas-medidas-incluiran-mayores-controles\\\/#article\",\"isPartOf\":{\"@id\":\"https:\\\/\\\/www.eldiariodetucuman.com\\\/web\\\/covid-19-las-nuevas-medidas-incluiran-mayores-controles\\\/\"},\"author\":{\"name\":\"Redactor Uno\",\"@id\":\"https:\\\/\\\/www.eldiariodetucuman.com\\\/web\\\/#\\\/schema\\\/person\\\/7e6644a46e60888f6b868594407e08dd\"},\"headline\":\"Covid-19: Las nuevas medidas incluir\u00e1n mayores controles\",\"datePublished\":\"2021-04-29T15:36:48+00:00\",\"mainEntityOfPage\":{\"@id\":\"https:\\\/\\\/www.eldiariodetucuman.com\\\/web\\\/covid-19-las-nuevas-medidas-incluiran-mayores-controles\\\/\"},\"wordCount\":532,\"publisher\":{\"@id\":\"https:\\\/\\\/www.eldiariodetucuman.com\\\/web\\\/#organization\"},\"image\":{\"@id\":\"https:\\\/\\\/www.eldiariodetucuman.com\\\/web\\\/covid-19-las-nuevas-medidas-incluiran-mayores-controles\\\/#primaryimage\"},\"thumbnailUrl\":\"https:\\\/\\\/www.eldiariodetucuman.com\\\/web\\\/wp-content\\\/uploads\\\/2021\\\/04\\\/restricciones-covid-2.jpg\",\"keywords\":[\"covid\",\"pandemia\",\"Tucuman\"],\"articleSection\":[\"Actualidad\"],\"inLanguage\":\"es\"},{\"@type\":\"WebPage\",\"@id\":\"https:\\\/\\\/www.eldiariodetucuman.com\\\/web\\\/covid-19-las-nuevas-medidas-incluiran-mayores-controles\\\/\",\"url\":\"https:\\\/\\\/www.eldiariodetucuman.com\\\/web\\\/covid-19-las-nuevas-medidas-incluiran-mayores-controles\\\/\",\"name\":\"Covid-19: Las nuevas medidas incluir\u00e1n mayores controles - El Diario de Tucuman\",\"isPartOf\":{\"@id\":\"https:\\\/\\\/www.eldiariodetucuman.com\\\/web\\\/#website\"},\"primaryImageOfPage\":{\"@id\":\"https:\\\/\\\/www.eldiariodetucuman.com\\\/web\\\/covid-19-las-nuevas-medidas-incluiran-mayores-controles\\\/#primaryimage\"},\"image\":{\"@id\":\"https:\\\/\\\/www.eldiariodetucuman.com\\\/web\\\/covid-19-las-nuevas-medidas-incluiran-mayores-controles\\\/#primaryimage\"},\"thumbnailUrl\":\"https:\\\/\\\/www.eldiariodetucuman.com\\\/web\\\/wp-content\\\/uploads\\\/2021\\\/04\\\/restricciones-covid-2.jpg\",\"datePublished\":\"2021-04-29T15:36:48+00:00\",\"breadcrumb\":{\"@id\":\"https:\\\/\\\/www.eldiariodetucuman.com\\\/web\\\/covid-19-las-nuevas-medidas-incluiran-mayores-controles\\\/#breadcrumb\"},\"inLanguage\":\"es\",\"potentialAction\":[{\"@type\":\"ReadAction\",\"target\":[\"https:\\\/\\\/www.eldiariodetucuman.com\\\/web\\\/covid-19-las-nuevas-medidas-incluiran-mayores-controles\\\/\"]}]},{\"@type\":\"ImageObject\",\"inLanguage\":\"es\",\"@id\":\"https:\\\/\\\/www.eldiariodetucuman.com\\\/web\\\/covid-19-las-nuevas-medidas-incluiran-mayores-controles\\\/#primaryimage\",\"url\":\"https:\\\/\\\/www.eldiariodetucuman.com\\\/web\\\/wp-content\\\/uploads\\\/2021\\\/04\\\/restricciones-covid-2.jpg\",\"contentUrl\":\"https:\\\/\\\/www.eldiariodetucuman.com\\\/web\\\/wp-content\\\/uploads\\\/2021\\\/04\\\/restricciones-covid-2.jpg\",\"width\":720,\"height\":405},{\"@type\":\"BreadcrumbList\",\"@id\":\"https:\\\/\\\/www.eldiariodetucuman.com\\\/web\\\/covid-19-las-nuevas-medidas-incluiran-mayores-controles\\\/#breadcrumb\",\"itemListElement\":[{\"@type\":\"ListItem\",\"position\":1,\"name\":\"Portada\",\"item\":\"https:\\\/\\\/www.eldiariodetucuman.com\\\/web\\\/\"},{\"@type\":\"ListItem\",\"position\":2,\"name\":\"Covid-19: Las nuevas medidas incluir\u00e1n mayores controles\"}]},{\"@type\":\"WebSite\",\"@id\":\"https:\\\/\\\/www.eldiariodetucuman.com\\\/web\\\/#website\",\"url\":\"https:\\\/\\\/www.eldiariodetucuman.com\\\/web\\\/\",\"name\":\"El Diario de Tucuman\",\"description\":\"Diario Tucuman - Informaci\u00f3n y noticias\",\"publisher\":{\"@id\":\"https:\\\/\\\/www.eldiariodetucuman.com\\\/web\\\/#organization\"},\"potentialAction\":[{\"@type\":\"SearchAction\",\"target\":{\"@type\":\"EntryPoint\",\"urlTemplate\":\"https:\\\/\\\/www.eldiariodetucuman.com\\\/web\\\/?s={search_term_string}\"},\"query-input\":{\"@type\":\"PropertyValueSpecification\",\"valueRequired\":true,\"valueName\":\"search_term_string\"}}],\"inLanguage\":\"es\"},{\"@type\":\"Organization\",\"@id\":\"https:\\\/\\\/www.eldiariodetucuman.com\\\/web\\\/#organization\",\"name\":\"El Diario de Tucuman\",\"url\":\"https:\\\/\\\/www.eldiariodetucuman.com\\\/web\\\/\",\"logo\":{\"@type\":\"ImageObject\",\"inLanguage\":\"es\",\"@id\":\"https:\\\/\\\/www.eldiariodetucuman.com\\\/web\\\/#\\\/schema\\\/logo\\\/image\\\/\",\"url\":\"http:\\\/\\\/www.eldiariodetucuman.com\\\/web\\\/wp-content\\\/uploads\\\/2017\\\/12\\\/el-diario-de-tucuman.jpg\",\"contentUrl\":\"http:\\\/\\\/www.eldiariodetucuman.com\\\/web\\\/wp-content\\\/uploads\\\/2017\\\/12\\\/el-diario-de-tucuman.jpg\",\"width\":272,\"height\":92,\"caption\":\"El Diario de Tucuman\"},\"image\":{\"@id\":\"https:\\\/\\\/www.eldiariodetucuman.com\\\/web\\\/#\\\/schema\\\/logo\\\/image\\\/\"}},{\"@type\":\"Person\",\"@id\":\"https:\\\/\\\/www.eldiariodetucuman.com\\\/web\\\/#\\\/schema\\\/person\\\/7e6644a46e60888f6b868594407e08dd\",\"name\":\"Redactor Uno\",\"image\":{\"@type\":\"ImageObject\",\"inLanguage\":\"es\",\"@id\":\"https:\\\/\\\/secure.gravatar.com\\\/avatar\\\/0049b1bdf1bd548385c9ea6b9356431717930913089febd2ba904f0187d7d074?s=96&d=mm&r=g\",\"url\":\"https:\\\/\\\/secure.gravatar.com\\\/avatar\\\/0049b1bdf1bd548385c9ea6b9356431717930913089febd2ba904f0187d7d074?s=96&d=mm&r=g\",\"contentUrl\":\"https:\\\/\\\/secure.gravatar.com\\\/avatar\\\/0049b1bdf1bd548385c9ea6b9356431717930913089febd2ba904f0187d7d074?s=96&d=mm&r=g\",\"caption\":\"Redactor Uno\"},\"url\":\"https:\\\/\\\/www.eldiariodetucuman.com\\\/web\\\/author\\\/mramasco\\\/\"}]}<\/script>\n<!-- \/ Yoast SEO plugin. -->","yoast_head_json":{"title":"Covid-19: Las nuevas medidas incluir\u00e1n mayores controles - El Diario de Tucuman","robots":{"index":"index","follow":"follow","max-snippet":"max-snippet:-1","max-image-preview":"max-image-preview:large","max-video-preview":"max-video-preview:-1"},"canonical":"https:\/\/www.eldiariodetucuman.com\/web\/covid-19-las-nuevas-medidas-incluiran-mayores-controles\/","og_locale":"es_ES","og_type":"article","og_title":"Covid-19: Las nuevas medidas incluir\u00e1n mayores controles - El Diario de Tucuman","og_description":"En un encuentro que mantuvieron esta ma\u00f1ana, los funcionarios analizaron adem\u00e1s \u00abla posibilidad de restringir, en determinados horarios, los accesos a la ciudad\u00bb, de cara a las nuevas medidas.","og_url":"https:\/\/www.eldiariodetucuman.com\/web\/covid-19-las-nuevas-medidas-incluiran-mayores-controles\/","og_site_name":"El Diario de Tucuman","article_published_time":"2021-04-29T15:36:48+00:00","og_image":[{"width":720,"height":405,"url":"https:\/\/www.eldiariodetucuman.com\/web\/wp-content\/uploads\/2021\/04\/restricciones-covid-2.jpg","type":"image\/jpeg"}],"author":"Redactor Uno","twitter_card":"summary_large_image","twitter_misc":{"Escrito por":"Redactor Uno","Tiempo de lectura":"3 minutos"},"schema":{"@context":"https:\/\/schema.org","@graph":[{"@type":"Article","@id":"https:\/\/www.eldiariodetucuman.com\/web\/covid-19-las-nuevas-medidas-incluiran-mayores-controles\/#article","isPartOf":{"@id":"https:\/\/www.eldiariodetucuman.com\/web\/covid-19-las-nuevas-medidas-incluiran-mayores-controles\/"},"author":{"name":"Redactor Uno","@id":"https:\/\/www.eldiariodetucuman.com\/web\/#\/schema\/person\/7e6644a46e60888f6b868594407e08dd"},"headline":"Covid-19: Las nuevas medidas incluir\u00e1n mayores controles","datePublished":"2021-04-29T15:36:48+00:00","mainEntityOfPage":{"@id":"https:\/\/www.eldiariodetucuman.com\/web\/covid-19-las-nuevas-medidas-incluiran-mayores-controles\/"},"wordCount":532,"publisher":{"@id":"https:\/\/www.eldiariodetucuman.com\/web\/#organization"},"image":{"@id":"https:\/\/www.eldiariodetucuman.com\/web\/covid-19-las-nuevas-medidas-incluiran-mayores-controles\/#primaryimage"},"thumbnailUrl":"https:\/\/www.eldiariodetucuman.com\/web\/wp-content\/uploads\/2021\/04\/restricciones-covid-2.jpg","keywords":["covid","pandemia","Tucuman"],"articleSection":["Actualidad"],"inLanguage":"es"},{"@type":"WebPage","@id":"https:\/\/www.eldiariodetucuman.com\/web\/covid-19-las-nuevas-medidas-incluiran-mayores-controles\/","url":"https:\/\/www.eldiariodetucuman.com\/web\/covid-19-las-nuevas-medidas-incluiran-mayores-controles\/","name":"Covid-19: Las nuevas medidas incluir\u00e1n mayores controles - El Diario de Tucuman","isPartOf":{"@id":"https:\/\/www.eldiariodetucuman.com\/web\/#website"},"primaryImageOfPage":{"@id":"https:\/\/www.eldiariodetucuman.com\/web\/covid-19-las-nuevas-medidas-incluiran-mayores-controles\/#primaryimage"},"image":{"@id":"https:\/\/www.eldiariodetucuman.com\/web\/covid-19-las-nuevas-medidas-incluiran-mayores-controles\/#primaryimage"},"thumbnailUrl":"https:\/\/www.eldiariodetucuman.com\/web\/wp-content\/uploads\/2021\/04\/restricciones-covid-2.jpg","datePublished":"2021-04-29T15:36:48+00:00","breadcrumb":{"@id":"https:\/\/www.eldiariodetucuman.com\/web\/covid-19-las-nuevas-medidas-incluiran-mayores-controles\/#breadcrumb"},"inLanguage":"es","potentialAction":[{"@type":"ReadAction","target":["https:\/\/www.eldiariodetucuman.com\/web\/covid-19-las-nuevas-medidas-incluiran-mayores-controles\/"]}]},{"@type":"ImageObject","inLanguage":"es","@id":"https:\/\/www.eldiariodetucuman.com\/web\/covid-19-las-nuevas-medidas-incluiran-mayores-controles\/#primaryimage","url":"https:\/\/www.eldiariodetucuman.com\/web\/wp-content\/uploads\/2021\/04\/restricciones-covid-2.jpg","contentUrl":"https:\/\/www.eldiariodetucuman.com\/web\/wp-content\/uploads\/2021\/04\/restricciones-covid-2.jpg","width":720,"height":405},{"@type":"BreadcrumbList","@id":"https:\/\/www.eldiariodetucuman.com\/web\/covid-19-las-nuevas-medidas-incluiran-mayores-controles\/#breadcrumb","itemListElement":[{"@type":"ListItem","position":1,"name":"Portada","item":"https:\/\/www.eldiariodetucuman.com\/web\/"},{"@type":"ListItem","position":2,"name":"Covid-19: Las nuevas medidas incluir\u00e1n mayores controles"}]},{"@type":"WebSite","@id":"https:\/\/www.eldiariodetucuman.com\/web\/#website","url":"https:\/\/www.eldiariodetucuman.com\/web\/","name":"El Diario de Tucuman","description":"Diario Tucuman - Informaci\u00f3n y noticias","publisher":{"@id":"https:\/\/www.eldiariodetucuman.com\/web\/#organization"},"potentialAction":[{"@type":"SearchAction","target":{"@type":"EntryPoint","urlTemplate":"https:\/\/www.eldiariodetucuman.com\/web\/?s={search_term_string}"},"query-input":{"@type":"PropertyValueSpecification","valueRequired":true,"valueName":"search_term_string"}}],"inLanguage":"es"},{"@type":"Organization","@id":"https:\/\/www.eldiariodetucuman.com\/web\/#organization","name":"El Diario de Tucuman","url":"https:\/\/www.eldiariodetucuman.com\/web\/","logo":{"@type":"ImageObject","inLanguage":"es","@id":"https:\/\/www.eldiariodetucuman.com\/web\/#\/schema\/logo\/image\/","url":"http:\/\/www.eldiariodetucuman.com\/web\/wp-content\/uploads\/2017\/12\/el-diario-de-tucuman.jpg","contentUrl":"http:\/\/www.eldiariodetucuman.com\/web\/wp-content\/uploads\/2017\/12\/el-diario-de-tucuman.jpg","width":272,"height":92,"caption":"El Diario de Tucuman"},"image":{"@id":"https:\/\/www.eldiariodetucuman.com\/web\/#\/schema\/logo\/image\/"}},{"@type":"Person","@id":"https:\/\/www.eldiariodetucuman.com\/web\/#\/schema\/person\/7e6644a46e60888f6b868594407e08dd","name":"Redactor Uno","image":{"@type":"ImageObject","inLanguage":"es","@id":"https:\/\/secure.gravatar.com\/avatar\/0049b1bdf1bd548385c9ea6b9356431717930913089febd2ba904f0187d7d074?s=96&d=mm&r=g","url":"https:\/\/secure.gravatar.com\/avatar\/0049b1bdf1bd548385c9ea6b9356431717930913089febd2ba904f0187d7d074?s=96&d=mm&r=g","contentUrl":"https:\/\/secure.gravatar.com\/avatar\/0049b1bdf1bd548385c9ea6b9356431717930913089febd2ba904f0187d7d074?s=96&d=mm&r=g","caption":"Redactor Uno"},"url":"https:\/\/www.eldiariodetucuman.com\/web\/author\/mramasco\/"}]}},"_links":{"self":[{"href":"https:\/\/www.eldiariodetucuman.com\/web\/wp-json\/wp\/v2\/posts\/31603","targetHints":{"allow":["GET"]}}],"collection":[{"href":"https:\/\/www.eldiariodetucuman.com\/web\/wp-json\/wp\/v2\/posts"}],"about":[{"href":"https:\/\/www.eldiariodetucuman.com\/web\/wp-json\/wp\/v2\/types\/post"}],"author":[{"embeddable":true,"href":"https:\/\/www.eldiariodetucuman.com\/web\/wp-json\/wp\/v2\/users\/5"}],"replies":[{"embeddable":true,"href":"https:\/\/www.eldiariodetucuman.com\/web\/wp-json\/wp\/v2\/comments?post=31603"}],"version-history":[{"count":1,"href":"https:\/\/www.eldiariodetucuman.com\/web\/wp-json\/wp\/v2\/posts\/31603\/revisions"}],"predecessor-version":[{"id":31607,"href":"https:\/\/www.eldiariodetucuman.com\/web\/wp-json\/wp\/v2\/posts\/31603\/revisions\/31607"}],"wp:featuredmedia":[{"embeddable":true,"href":"https:\/\/www.eldiariodetucuman.com\/web\/wp-json\/wp\/v2\/media\/31606"}],"wp:attachment":[{"href":"https:\/\/www.eldiariodetucuman.com\/web\/wp-json\/wp\/v2\/media?parent=31603"}],"wp:term":[{"taxonomy":"category","embeddable":true,"href":"https:\/\/www.eldiariodetucuman.com\/web\/wp-json\/wp\/v2\/categories?post=31603"},{"taxonomy":"post_tag","embeddable":true,"href":"https:\/\/www.eldiariodetucuman.com\/web\/wp-json\/wp\/v2\/tags?post=31603"}],"curies":[{"name":"wp","href":"https:\/\/api.w.org\/{rel}","templated":true}]}}