{"id":31600,"date":"2021-04-29T11:44:06","date_gmt":"2021-04-29T14:44:06","guid":{"rendered":"http:\/\/www.eldiariodetucuman.com\/web\/?p=31600"},"modified":"2021-04-29T11:44:06","modified_gmt":"2021-04-29T14:44:06","slug":"posible-colapso-al-borde-de-aplicar-el-protocolo-de-la-ultima-cama","status":"publish","type":"post","link":"https:\/\/www.eldiariodetucuman.com\/web\/posible-colapso-al-borde-de-aplicar-el-protocolo-de-la-ultima-cama\/","title":{"rendered":"Posible colapso: al borde de aplicar el protocolo de la \u00ab\u00faltima cama\u00bb"},"content":{"rendered":"<article>\n<div id=\"detail-header\" class=\"article-header\">\n<div class=\"row\">\n<div class=\"col-12\">\n<div class=\"article-sub-title \">\n<p>El Dr. Marcelo Melo, director General del Hospital de Cl\u00ednicas \u00abJos\u00e9 de San Mart\u00edn\u00bb, dijo en LV12 que \u00abestamos con un 100% de camas de terapia intensiva\u00bb.<\/p>\n<\/div>\n<\/div>\n<\/div>\n<\/div>\n<\/article>\n<p><!--more--><\/p>\n<div class=\"row\">\n<div class=\"col col-8\">\n<article class=\"article-body first\">\n<p class=\"article-author\">El <strong>protocolo<\/strong>\u00a0de la \u00ab\u00daltima cama\u00bb que se debe seguir ante el colapso sanitario por la segunda ola de coronavirus en Argentina tiene una serie de criterios regulados por las autoridades sanitarias para enfrentar la dram\u00e1tica definici\u00f3n de a qui\u00e9n asistir con respirador y a qui\u00e9n relegar. La experiencia europea en la primera ola del a\u00f1o pasado fue dram\u00e1tica.<\/p>\n<p class=\"article-author\">El <strong>Dr. Marcelo Melo<\/strong>, director General del Hospital de Cl\u00ednicas \u00abJos\u00e9 de San Mart\u00edn\u00bb, que depende de la Universidad de Buenos Aires (UBA), pas\u00f3 por el aire de\u00a0<strong>LV12 Radio Independencia<\/strong>\u00a0para referirse a este tema.\u00a0<em>\u00abEl protocolo de la &#8216;ultima cama&#8217; es un protocolo de Bio\u00e9tica que lo elaboramos el a\u00f1o pasado y est\u00e1 a cargo del Presidente del Comit\u00e9 de \u00c9tica, el\u00a0<strong>Dr. Juan Carlos Tealdi<\/strong>, es en el eventual caso que estemos colapsados y no tengamos recursos para dar atenci\u00f3n a todos los\u00a0pacientes\u00a0y tengamos que seleccionar, se estableci\u00f3 un sistema de triage donde de alguna manera se clasifica o se selecciona a los diferentes pacientes y de esa manera uno trata de usar el recurso finito que tiene y darle la mejor utilidad posible\u00bb<\/em>, comenz\u00f3 diciendo.<\/p>\n<p class=\"article-author\"><em>\u00abHay una estrategia que hacen los terapistas y los cl\u00ednicos con rotaci\u00f3n de pacientes colocando cascos que son c\u00e1maras con altos flujos de ox\u00edgeno que de esa manera le puede permitir al paciente que requiere ox\u00edgeno, darle ox\u00edgeno sin que est\u00e9 en terapia, de esa manera uno va ampliando y todav\u00eda le podemos dar atenci\u00f3n a todos los pacientes y no tenemos que utilizar este protocolo\u00bb<\/em>, coment\u00f3.<\/p>\n<p class=\"article-author\">\u00abEs una situaci\u00f3n horrible. Extremamente delicada, igualmente para el paciente. Obviamente que nosotros queremos darle la mejor atenci\u00f3n pero a veces los recursos son finitos. Esperemos no tener que utilizar el protocolo de la \u00ab\u00faltima cama\u00bb.<\/p>\n<p class=\"article-author\"><em>\u00abNosotros como sistema hospitalario, para que no colapse o para que la gente no llegue de manera masiva al hospital, lo que tenemos que hacer es bajar el n\u00famero de contagios. Para bajar el n\u00famero de contagios, lo \u00fanico que existe son medidas restrictivas\u00bb<\/em>, indic\u00f3.<\/p>\n<p class=\"article-author\">\u00abSi el pico queda en 20 o 25 mil contagios, es un n\u00famero muy elevado, y en 10 o 15 d\u00edas vamos a estar en esa situaci\u00f3n que no queremos estar\u00bb.<\/p>\n<p class=\"article-author\">Por \u00faltimo, el profesional se refiri\u00f3 a los insumos y medicamentos de terapia intensiva. <em>\u00abHay empresas que abusan, en este momento, con los precios de los medicamentos y del ox\u00edgeno que han aumentado hasta un 600% en un momento que son imprescindibles. Esto arruina cualquier presupuesto hospitalario. Se hace muy dif\u00edcil el trabajo diario\u00bb<\/em>, cerr\u00f3.<\/p>\n<\/article>\n<article class=\"article-body\">\n<div class=\"article-content selectionShareable\">\n<div class=\"cuerpo\" data-twitter-link=\"\">\n<p><strong>Fuente:<\/strong> <a href=\"https:\/\/www.lv12.com.ar\/protocolo\/medicos-al-borde-aplicar-el-protocolo-la-ultima-cama-n92971\">https:\/\/www.lv12.com.ar\/protocolo\/medicos-al-borde-aplicar-el-protocolo-la-ultima-cama-n92971<\/a><\/p>\n<\/div>\n<\/div>\n<\/article>\n<\/div>\n<\/div>\n","protected":false},"excerpt":{"rendered":"<p>El Dr. Marcelo Melo, director General del Hospital de Cl\u00ednicas \u00abJos\u00e9 de San Mart\u00edn\u00bb, dijo en LV12 que \u00abestamos con un 100% de camas de terapia intensiva\u00bb.<\/p>\n","protected":false},"author":5,"featured_media":31601,"comment_status":"closed","ping_status":"open","sticky":false,"template":"","format":"standard","meta":{"footnotes":""},"categories":[3,1],"tags":[3561,3791,61],"class_list":{"0":"post-31600","1":"post","2":"type-post","3":"status-publish","4":"format-standard","5":"has-post-thumbnail","7":"category-politica","8":"category-portada","9":"tag-medicos","10":"tag-sistema-sanitario","11":"tag-tucuman"},"yoast_head":"<!-- This site is optimized with the Yoast SEO plugin v27.4 - https:\/\/yoast.com\/product\/yoast-seo-wordpress\/ -->\n<title>Posible colapso: al borde de aplicar el protocolo de la &quot;\u00faltima cama&quot; - El Diario de Tucuman<\/title>\n<meta name=\"robots\" content=\"index, follow, max-snippet:-1, max-image-preview:large, max-video-preview:-1\" \/>\n<link rel=\"canonical\" href=\"https:\/\/www.eldiariodetucuman.com\/web\/posible-colapso-al-borde-de-aplicar-el-protocolo-de-la-ultima-cama\/\" \/>\n<meta property=\"og:locale\" content=\"es_ES\" \/>\n<meta property=\"og:type\" content=\"article\" \/>\n<meta property=\"og:title\" content=\"Posible colapso: al borde de aplicar el protocolo de la &quot;\u00faltima cama&quot; - El Diario de Tucuman\" \/>\n<meta property=\"og:description\" content=\"El Dr. Marcelo Melo, director General del Hospital de Cl\u00ednicas \u00abJos\u00e9 de San Mart\u00edn\u00bb, dijo en LV12 que \u00abestamos con un 100% de camas de terapia intensiva\u00bb.\" \/>\n<meta property=\"og:url\" content=\"https:\/\/www.eldiariodetucuman.com\/web\/posible-colapso-al-borde-de-aplicar-el-protocolo-de-la-ultima-cama\/\" \/>\n<meta property=\"og:site_name\" content=\"El Diario de Tucuman\" \/>\n<meta property=\"article:published_time\" content=\"2021-04-29T14:44:06+00:00\" \/>\n<meta property=\"og:image\" content=\"https:\/\/www.eldiariodetucuman.com\/web\/wp-content\/uploads\/2021\/04\/colpaso.jpg\" \/>\n\t<meta property=\"og:image:width\" content=\"1163\" \/>\n\t<meta property=\"og:image:height\" content=\"674\" \/>\n\t<meta property=\"og:image:type\" content=\"image\/jpeg\" \/>\n<meta name=\"author\" content=\"Redactor Uno\" \/>\n<meta name=\"twitter:card\" content=\"summary_large_image\" \/>\n<meta name=\"twitter:label1\" content=\"Escrito por\" \/>\n\t<meta name=\"twitter:data1\" content=\"Redactor Uno\" \/>\n\t<meta name=\"twitter:label2\" content=\"Tiempo de lectura\" \/>\n\t<meta name=\"twitter:data2\" content=\"2 minutos\" \/>\n<script type=\"application\/ld+json\" class=\"yoast-schema-graph\">{\"@context\":\"https:\\\/\\\/schema.org\",\"@graph\":[{\"@type\":\"Article\",\"@id\":\"https:\\\/\\\/www.eldiariodetucuman.com\\\/web\\\/posible-colapso-al-borde-de-aplicar-el-protocolo-de-la-ultima-cama\\\/#article\",\"isPartOf\":{\"@id\":\"https:\\\/\\\/www.eldiariodetucuman.com\\\/web\\\/posible-colapso-al-borde-de-aplicar-el-protocolo-de-la-ultima-cama\\\/\"},\"author\":{\"name\":\"Redactor Uno\",\"@id\":\"https:\\\/\\\/www.eldiariodetucuman.com\\\/web\\\/#\\\/schema\\\/person\\\/7e6644a46e60888f6b868594407e08dd\"},\"headline\":\"Posible colapso: al borde de aplicar el protocolo de la \u00ab\u00faltima cama\u00bb\",\"datePublished\":\"2021-04-29T14:44:06+00:00\",\"mainEntityOfPage\":{\"@id\":\"https:\\\/\\\/www.eldiariodetucuman.com\\\/web\\\/posible-colapso-al-borde-de-aplicar-el-protocolo-de-la-ultima-cama\\\/\"},\"wordCount\":495,\"publisher\":{\"@id\":\"https:\\\/\\\/www.eldiariodetucuman.com\\\/web\\\/#organization\"},\"image\":{\"@id\":\"https:\\\/\\\/www.eldiariodetucuman.com\\\/web\\\/posible-colapso-al-borde-de-aplicar-el-protocolo-de-la-ultima-cama\\\/#primaryimage\"},\"thumbnailUrl\":\"https:\\\/\\\/www.eldiariodetucuman.com\\\/web\\\/wp-content\\\/uploads\\\/2021\\\/04\\\/colpaso.jpg\",\"keywords\":[\"m\u00e9dicos\",\"sistema sanitario\",\"Tucuman\"],\"articleSection\":[\"Politica\",\"Portada\"],\"inLanguage\":\"es\"},{\"@type\":\"WebPage\",\"@id\":\"https:\\\/\\\/www.eldiariodetucuman.com\\\/web\\\/posible-colapso-al-borde-de-aplicar-el-protocolo-de-la-ultima-cama\\\/\",\"url\":\"https:\\\/\\\/www.eldiariodetucuman.com\\\/web\\\/posible-colapso-al-borde-de-aplicar-el-protocolo-de-la-ultima-cama\\\/\",\"name\":\"Posible colapso: al borde de aplicar el protocolo de la \\\"\u00faltima cama\\\" - El Diario de Tucuman\",\"isPartOf\":{\"@id\":\"https:\\\/\\\/www.eldiariodetucuman.com\\\/web\\\/#website\"},\"primaryImageOfPage\":{\"@id\":\"https:\\\/\\\/www.eldiariodetucuman.com\\\/web\\\/posible-colapso-al-borde-de-aplicar-el-protocolo-de-la-ultima-cama\\\/#primaryimage\"},\"image\":{\"@id\":\"https:\\\/\\\/www.eldiariodetucuman.com\\\/web\\\/posible-colapso-al-borde-de-aplicar-el-protocolo-de-la-ultima-cama\\\/#primaryimage\"},\"thumbnailUrl\":\"https:\\\/\\\/www.eldiariodetucuman.com\\\/web\\\/wp-content\\\/uploads\\\/2021\\\/04\\\/colpaso.jpg\",\"datePublished\":\"2021-04-29T14:44:06+00:00\",\"breadcrumb\":{\"@id\":\"https:\\\/\\\/www.eldiariodetucuman.com\\\/web\\\/posible-colapso-al-borde-de-aplicar-el-protocolo-de-la-ultima-cama\\\/#breadcrumb\"},\"inLanguage\":\"es\",\"potentialAction\":[{\"@type\":\"ReadAction\",\"target\":[\"https:\\\/\\\/www.eldiariodetucuman.com\\\/web\\\/posible-colapso-al-borde-de-aplicar-el-protocolo-de-la-ultima-cama\\\/\"]}]},{\"@type\":\"ImageObject\",\"inLanguage\":\"es\",\"@id\":\"https:\\\/\\\/www.eldiariodetucuman.com\\\/web\\\/posible-colapso-al-borde-de-aplicar-el-protocolo-de-la-ultima-cama\\\/#primaryimage\",\"url\":\"https:\\\/\\\/www.eldiariodetucuman.com\\\/web\\\/wp-content\\\/uploads\\\/2021\\\/04\\\/colpaso.jpg\",\"contentUrl\":\"https:\\\/\\\/www.eldiariodetucuman.com\\\/web\\\/wp-content\\\/uploads\\\/2021\\\/04\\\/colpaso.jpg\",\"width\":1163,\"height\":674},{\"@type\":\"BreadcrumbList\",\"@id\":\"https:\\\/\\\/www.eldiariodetucuman.com\\\/web\\\/posible-colapso-al-borde-de-aplicar-el-protocolo-de-la-ultima-cama\\\/#breadcrumb\",\"itemListElement\":[{\"@type\":\"ListItem\",\"position\":1,\"name\":\"Portada\",\"item\":\"https:\\\/\\\/www.eldiariodetucuman.com\\\/web\\\/\"},{\"@type\":\"ListItem\",\"position\":2,\"name\":\"Posible colapso: al borde de aplicar el protocolo de la \u00ab\u00faltima cama\u00bb\"}]},{\"@type\":\"WebSite\",\"@id\":\"https:\\\/\\\/www.eldiariodetucuman.com\\\/web\\\/#website\",\"url\":\"https:\\\/\\\/www.eldiariodetucuman.com\\\/web\\\/\",\"name\":\"El Diario de Tucuman\",\"description\":\"Diario Tucuman - Informaci\u00f3n y noticias\",\"publisher\":{\"@id\":\"https:\\\/\\\/www.eldiariodetucuman.com\\\/web\\\/#organization\"},\"potentialAction\":[{\"@type\":\"SearchAction\",\"target\":{\"@type\":\"EntryPoint\",\"urlTemplate\":\"https:\\\/\\\/www.eldiariodetucuman.com\\\/web\\\/?s={search_term_string}\"},\"query-input\":{\"@type\":\"PropertyValueSpecification\",\"valueRequired\":true,\"valueName\":\"search_term_string\"}}],\"inLanguage\":\"es\"},{\"@type\":\"Organization\",\"@id\":\"https:\\\/\\\/www.eldiariodetucuman.com\\\/web\\\/#organization\",\"name\":\"El Diario de Tucuman\",\"url\":\"https:\\\/\\\/www.eldiariodetucuman.com\\\/web\\\/\",\"logo\":{\"@type\":\"ImageObject\",\"inLanguage\":\"es\",\"@id\":\"https:\\\/\\\/www.eldiariodetucuman.com\\\/web\\\/#\\\/schema\\\/logo\\\/image\\\/\",\"url\":\"http:\\\/\\\/www.eldiariodetucuman.com\\\/web\\\/wp-content\\\/uploads\\\/2017\\\/12\\\/el-diario-de-tucuman.jpg\",\"contentUrl\":\"http:\\\/\\\/www.eldiariodetucuman.com\\\/web\\\/wp-content\\\/uploads\\\/2017\\\/12\\\/el-diario-de-tucuman.jpg\",\"width\":272,\"height\":92,\"caption\":\"El Diario de Tucuman\"},\"image\":{\"@id\":\"https:\\\/\\\/www.eldiariodetucuman.com\\\/web\\\/#\\\/schema\\\/logo\\\/image\\\/\"}},{\"@type\":\"Person\",\"@id\":\"https:\\\/\\\/www.eldiariodetucuman.com\\\/web\\\/#\\\/schema\\\/person\\\/7e6644a46e60888f6b868594407e08dd\",\"name\":\"Redactor Uno\",\"image\":{\"@type\":\"ImageObject\",\"inLanguage\":\"es\",\"@id\":\"https:\\\/\\\/secure.gravatar.com\\\/avatar\\\/0049b1bdf1bd548385c9ea6b9356431717930913089febd2ba904f0187d7d074?s=96&d=mm&r=g\",\"url\":\"https:\\\/\\\/secure.gravatar.com\\\/avatar\\\/0049b1bdf1bd548385c9ea6b9356431717930913089febd2ba904f0187d7d074?s=96&d=mm&r=g\",\"contentUrl\":\"https:\\\/\\\/secure.gravatar.com\\\/avatar\\\/0049b1bdf1bd548385c9ea6b9356431717930913089febd2ba904f0187d7d074?s=96&d=mm&r=g\",\"caption\":\"Redactor Uno\"},\"url\":\"https:\\\/\\\/www.eldiariodetucuman.com\\\/web\\\/author\\\/mramasco\\\/\"}]}<\/script>\n<!-- \/ Yoast SEO plugin. -->","yoast_head_json":{"title":"Posible colapso: al borde de aplicar el protocolo de la \"\u00faltima cama\" - El Diario de Tucuman","robots":{"index":"index","follow":"follow","max-snippet":"max-snippet:-1","max-image-preview":"max-image-preview:large","max-video-preview":"max-video-preview:-1"},"canonical":"https:\/\/www.eldiariodetucuman.com\/web\/posible-colapso-al-borde-de-aplicar-el-protocolo-de-la-ultima-cama\/","og_locale":"es_ES","og_type":"article","og_title":"Posible colapso: al borde de aplicar el protocolo de la \"\u00faltima cama\" - El Diario de Tucuman","og_description":"El Dr. Marcelo Melo, director General del Hospital de Cl\u00ednicas \u00abJos\u00e9 de San Mart\u00edn\u00bb, dijo en LV12 que \u00abestamos con un 100% de camas de terapia intensiva\u00bb.","og_url":"https:\/\/www.eldiariodetucuman.com\/web\/posible-colapso-al-borde-de-aplicar-el-protocolo-de-la-ultima-cama\/","og_site_name":"El Diario de Tucuman","article_published_time":"2021-04-29T14:44:06+00:00","og_image":[{"width":1163,"height":674,"url":"https:\/\/www.eldiariodetucuman.com\/web\/wp-content\/uploads\/2021\/04\/colpaso.jpg","type":"image\/jpeg"}],"author":"Redactor Uno","twitter_card":"summary_large_image","twitter_misc":{"Escrito por":"Redactor Uno","Tiempo de lectura":"2 minutos"},"schema":{"@context":"https:\/\/schema.org","@graph":[{"@type":"Article","@id":"https:\/\/www.eldiariodetucuman.com\/web\/posible-colapso-al-borde-de-aplicar-el-protocolo-de-la-ultima-cama\/#article","isPartOf":{"@id":"https:\/\/www.eldiariodetucuman.com\/web\/posible-colapso-al-borde-de-aplicar-el-protocolo-de-la-ultima-cama\/"},"author":{"name":"Redactor Uno","@id":"https:\/\/www.eldiariodetucuman.com\/web\/#\/schema\/person\/7e6644a46e60888f6b868594407e08dd"},"headline":"Posible colapso: al borde de aplicar el protocolo de la \u00ab\u00faltima cama\u00bb","datePublished":"2021-04-29T14:44:06+00:00","mainEntityOfPage":{"@id":"https:\/\/www.eldiariodetucuman.com\/web\/posible-colapso-al-borde-de-aplicar-el-protocolo-de-la-ultima-cama\/"},"wordCount":495,"publisher":{"@id":"https:\/\/www.eldiariodetucuman.com\/web\/#organization"},"image":{"@id":"https:\/\/www.eldiariodetucuman.com\/web\/posible-colapso-al-borde-de-aplicar-el-protocolo-de-la-ultima-cama\/#primaryimage"},"thumbnailUrl":"https:\/\/www.eldiariodetucuman.com\/web\/wp-content\/uploads\/2021\/04\/colpaso.jpg","keywords":["m\u00e9dicos","sistema sanitario","Tucuman"],"articleSection":["Politica","Portada"],"inLanguage":"es"},{"@type":"WebPage","@id":"https:\/\/www.eldiariodetucuman.com\/web\/posible-colapso-al-borde-de-aplicar-el-protocolo-de-la-ultima-cama\/","url":"https:\/\/www.eldiariodetucuman.com\/web\/posible-colapso-al-borde-de-aplicar-el-protocolo-de-la-ultima-cama\/","name":"Posible colapso: al borde de aplicar el protocolo de la \"\u00faltima cama\" - El Diario de Tucuman","isPartOf":{"@id":"https:\/\/www.eldiariodetucuman.com\/web\/#website"},"primaryImageOfPage":{"@id":"https:\/\/www.eldiariodetucuman.com\/web\/posible-colapso-al-borde-de-aplicar-el-protocolo-de-la-ultima-cama\/#primaryimage"},"image":{"@id":"https:\/\/www.eldiariodetucuman.com\/web\/posible-colapso-al-borde-de-aplicar-el-protocolo-de-la-ultima-cama\/#primaryimage"},"thumbnailUrl":"https:\/\/www.eldiariodetucuman.com\/web\/wp-content\/uploads\/2021\/04\/colpaso.jpg","datePublished":"2021-04-29T14:44:06+00:00","breadcrumb":{"@id":"https:\/\/www.eldiariodetucuman.com\/web\/posible-colapso-al-borde-de-aplicar-el-protocolo-de-la-ultima-cama\/#breadcrumb"},"inLanguage":"es","potentialAction":[{"@type":"ReadAction","target":["https:\/\/www.eldiariodetucuman.com\/web\/posible-colapso-al-borde-de-aplicar-el-protocolo-de-la-ultima-cama\/"]}]},{"@type":"ImageObject","inLanguage":"es","@id":"https:\/\/www.eldiariodetucuman.com\/web\/posible-colapso-al-borde-de-aplicar-el-protocolo-de-la-ultima-cama\/#primaryimage","url":"https:\/\/www.eldiariodetucuman.com\/web\/wp-content\/uploads\/2021\/04\/colpaso.jpg","contentUrl":"https:\/\/www.eldiariodetucuman.com\/web\/wp-content\/uploads\/2021\/04\/colpaso.jpg","width":1163,"height":674},{"@type":"BreadcrumbList","@id":"https:\/\/www.eldiariodetucuman.com\/web\/posible-colapso-al-borde-de-aplicar-el-protocolo-de-la-ultima-cama\/#breadcrumb","itemListElement":[{"@type":"ListItem","position":1,"name":"Portada","item":"https:\/\/www.eldiariodetucuman.com\/web\/"},{"@type":"ListItem","position":2,"name":"Posible colapso: al borde de aplicar el protocolo de la \u00ab\u00faltima cama\u00bb"}]},{"@type":"WebSite","@id":"https:\/\/www.eldiariodetucuman.com\/web\/#website","url":"https:\/\/www.eldiariodetucuman.com\/web\/","name":"El Diario de Tucuman","description":"Diario Tucuman - Informaci\u00f3n y noticias","publisher":{"@id":"https:\/\/www.eldiariodetucuman.com\/web\/#organization"},"potentialAction":[{"@type":"SearchAction","target":{"@type":"EntryPoint","urlTemplate":"https:\/\/www.eldiariodetucuman.com\/web\/?s={search_term_string}"},"query-input":{"@type":"PropertyValueSpecification","valueRequired":true,"valueName":"search_term_string"}}],"inLanguage":"es"},{"@type":"Organization","@id":"https:\/\/www.eldiariodetucuman.com\/web\/#organization","name":"El Diario de Tucuman","url":"https:\/\/www.eldiariodetucuman.com\/web\/","logo":{"@type":"ImageObject","inLanguage":"es","@id":"https:\/\/www.eldiariodetucuman.com\/web\/#\/schema\/logo\/image\/","url":"http:\/\/www.eldiariodetucuman.com\/web\/wp-content\/uploads\/2017\/12\/el-diario-de-tucuman.jpg","contentUrl":"http:\/\/www.eldiariodetucuman.com\/web\/wp-content\/uploads\/2017\/12\/el-diario-de-tucuman.jpg","width":272,"height":92,"caption":"El Diario de Tucuman"},"image":{"@id":"https:\/\/www.eldiariodetucuman.com\/web\/#\/schema\/logo\/image\/"}},{"@type":"Person","@id":"https:\/\/www.eldiariodetucuman.com\/web\/#\/schema\/person\/7e6644a46e60888f6b868594407e08dd","name":"Redactor Uno","image":{"@type":"ImageObject","inLanguage":"es","@id":"https:\/\/secure.gravatar.com\/avatar\/0049b1bdf1bd548385c9ea6b9356431717930913089febd2ba904f0187d7d074?s=96&d=mm&r=g","url":"https:\/\/secure.gravatar.com\/avatar\/0049b1bdf1bd548385c9ea6b9356431717930913089febd2ba904f0187d7d074?s=96&d=mm&r=g","contentUrl":"https:\/\/secure.gravatar.com\/avatar\/0049b1bdf1bd548385c9ea6b9356431717930913089febd2ba904f0187d7d074?s=96&d=mm&r=g","caption":"Redactor Uno"},"url":"https:\/\/www.eldiariodetucuman.com\/web\/author\/mramasco\/"}]}},"_links":{"self":[{"href":"https:\/\/www.eldiariodetucuman.com\/web\/wp-json\/wp\/v2\/posts\/31600","targetHints":{"allow":["GET"]}}],"collection":[{"href":"https:\/\/www.eldiariodetucuman.com\/web\/wp-json\/wp\/v2\/posts"}],"about":[{"href":"https:\/\/www.eldiariodetucuman.com\/web\/wp-json\/wp\/v2\/types\/post"}],"author":[{"embeddable":true,"href":"https:\/\/www.eldiariodetucuman.com\/web\/wp-json\/wp\/v2\/users\/5"}],"replies":[{"embeddable":true,"href":"https:\/\/www.eldiariodetucuman.com\/web\/wp-json\/wp\/v2\/comments?post=31600"}],"version-history":[{"count":1,"href":"https:\/\/www.eldiariodetucuman.com\/web\/wp-json\/wp\/v2\/posts\/31600\/revisions"}],"predecessor-version":[{"id":31602,"href":"https:\/\/www.eldiariodetucuman.com\/web\/wp-json\/wp\/v2\/posts\/31600\/revisions\/31602"}],"wp:featuredmedia":[{"embeddable":true,"href":"https:\/\/www.eldiariodetucuman.com\/web\/wp-json\/wp\/v2\/media\/31601"}],"wp:attachment":[{"href":"https:\/\/www.eldiariodetucuman.com\/web\/wp-json\/wp\/v2\/media?parent=31600"}],"wp:term":[{"taxonomy":"category","embeddable":true,"href":"https:\/\/www.eldiariodetucuman.com\/web\/wp-json\/wp\/v2\/categories?post=31600"},{"taxonomy":"post_tag","embeddable":true,"href":"https:\/\/www.eldiariodetucuman.com\/web\/wp-json\/wp\/v2\/tags?post=31600"}],"curies":[{"name":"wp","href":"https:\/\/api.w.org\/{rel}","templated":true}]}}