{"id":31596,"date":"2021-04-29T11:39:35","date_gmt":"2021-04-29T14:39:35","guid":{"rendered":"http:\/\/www.eldiariodetucuman.com\/web\/?p=31596"},"modified":"2021-04-29T11:39:35","modified_gmt":"2021-04-29T14:39:35","slug":"congelan-por-90-dias-el-precio-del-oxigeno-liquido-medicinal","status":"publish","type":"post","link":"https:\/\/www.eldiariodetucuman.com\/web\/congelan-por-90-dias-el-precio-del-oxigeno-liquido-medicinal\/","title":{"rendered":"Congelan por 90 d\u00edas el precio del ox\u00edgeno l\u00edquido medicinal"},"content":{"rendered":"<div class=\"small-12 xlarge-8 xlarge-offset-2 large-8 large-offset-2 columns\">\n<p class=\"e-post-subtitle\">El Gobierno estableci\u00f3 que los sujetos que integran la cadena de producci\u00f3n, transporte, distribuci\u00f3n y acarreo de ox\u00edgeno l\u00edquido medicinal a granel o en tubo, no podr\u00e1n aumentar sus precios de venta y prestaci\u00f3n de servicios por 90 d\u00edas.<\/p>\n<\/div>\n<p><!--more--><\/p>\n<div class=\"small-12 xlarge-8 xlarge-offset-2 large-8 large-offset-2 columns\">\n<p class=\"e-post-subtitle\">Lo hizo a trav\u00e9s de la Resoluci\u00f3n Conjunta 6\/2021 de los ministerios de Salud y de Desarrollo Productivo, publicada hoy en el Bolet\u00edn Oficial, que precisa que se considerar\u00e1 precio m\u00e1ximo de venta del ox\u00edgeno l\u00edquido el vigente en este d\u00eda.<\/p>\n<\/div>\n<div class=\"small-12 medium-12 large-6 columns \">\n<div class=\"e-post-text\">\n<p class=\"title\">Asimismo, la normativa intima a las empresas que forman parte integrante de la cadena de producci\u00f3n, distribuci\u00f3n y acarreo de ox\u00edgeno l\u00edquido, a incrementar su producci\u00f3n hasta el m\u00e1ximo de su capacidad instalada y a arbitrar las medidas conducentes para asegurar su transporte, distribuci\u00f3n y comercializaci\u00f3n en todo el pa\u00eds durante el per\u00edodo que dure la emergencia sanitaria.<\/p>\n<p class=\"title\">Tambi\u00e9n determina para todos los sujetos productores de ox\u00edgeno l\u00edquido en el territorio nacional, el abastecimiento de la demanda de los establecimientos asistenciales y productivos del sector de la salud con car\u00e1cter exclusivo.<\/p>\n<p class=\"title\">Adem\u00e1s, la norma crea la Comisi\u00f3n de Monitoreo de Insumos Cr\u00edticos para la atenci\u00f3n de Covid-19 que estar\u00e1 integrada por los ministros de Salud y de Desarrollo Productivo.<\/p>\n<p class=\"title\">Esta comisi\u00f3n podr\u00e1 requerir mediante resoluci\u00f3n fundada informaci\u00f3n a los sujetos alcanzados por la presente medida y a los establecimientos de salud de todo el pa\u00eds, para el cumplimiento de sus finalidades p\u00fablicas.<\/p>\n<p class=\"title\">Tambi\u00e9n podr\u00e1 instruir a las empresas productoras y distribuidoras de ox\u00edgeno l\u00edquido medicinal, la provisi\u00f3n constante e ininterrumpida en el territorio nacional a los establecimientos de salud sin perjuicio de contratos preexistentes con otro destino.<\/p>\n<p class=\"title\">Del mismo modo, estar\u00e1 en condiciones de convocar a aquellos organismos p\u00fablicos y c\u00e1maras, empresas productoras y distribuidoras del sector que se consideren necesarios.<\/p>\n<p class=\"title\">Por otro lado, la normativa establece que la Secretar\u00eda de Comercio Interior fiscalizar\u00e1 el cumplimiento de la presente medida.<\/p>\n<p class=\"title\"><strong>Fuente:<\/strong> <a href=\"https:\/\/tucuman.telefe.com\/nacionales\/el-gobierno-congela-por-90-dias-el-precio-del-oxigeno-liquido-medicinal\/\">https:\/\/tucuman.telefe.com\/nacionales\/el-gobierno-congela-por-90-dias-el-precio-del-oxigeno-liquido-medicinal\/<\/a><\/p>\n<\/div>\n<\/div>\n","protected":false},"excerpt":{"rendered":"<p>El Gobierno estableci\u00f3 que los sujetos que integran la cadena de producci\u00f3n, transporte, distribuci\u00f3n y acarreo de ox\u00edgeno l\u00edquido medicinal a granel o en tubo, no podr\u00e1n aumentar sus precios de venta y prestaci\u00f3n de servicios por 90 d\u00edas.<\/p>\n","protected":false},"author":5,"featured_media":31597,"comment_status":"closed","ping_status":"open","sticky":false,"template":"","format":"standard","meta":{"footnotes":""},"categories":[2],"tags":[3790,3789,1842],"class_list":{"0":"post-31596","1":"post","2":"type-post","3":"status-publish","4":"format-standard","5":"has-post-thumbnail","7":"category-actualidad","8":"tag-congelan","9":"tag-oxigeno","10":"tag-precio"},"yoast_head":"<!-- This site is optimized with the Yoast SEO plugin v27.4 - https:\/\/yoast.com\/product\/yoast-seo-wordpress\/ -->\n<title>Congelan por 90 d\u00edas el precio del ox\u00edgeno l\u00edquido medicinal - El Diario de Tucuman<\/title>\n<meta name=\"robots\" content=\"index, follow, max-snippet:-1, max-image-preview:large, max-video-preview:-1\" \/>\n<link rel=\"canonical\" href=\"https:\/\/www.eldiariodetucuman.com\/web\/congelan-por-90-dias-el-precio-del-oxigeno-liquido-medicinal\/\" \/>\n<meta property=\"og:locale\" content=\"es_ES\" \/>\n<meta property=\"og:type\" content=\"article\" \/>\n<meta property=\"og:title\" content=\"Congelan por 90 d\u00edas el precio del ox\u00edgeno l\u00edquido medicinal - El Diario de Tucuman\" \/>\n<meta property=\"og:description\" content=\"El Gobierno estableci\u00f3 que los sujetos que integran la cadena de producci\u00f3n, transporte, distribuci\u00f3n y acarreo de ox\u00edgeno l\u00edquido medicinal a granel o en tubo, no podr\u00e1n aumentar sus precios de venta y prestaci\u00f3n de servicios por 90 d\u00edas.\" \/>\n<meta property=\"og:url\" content=\"https:\/\/www.eldiariodetucuman.com\/web\/congelan-por-90-dias-el-precio-del-oxigeno-liquido-medicinal\/\" \/>\n<meta property=\"og:site_name\" content=\"El Diario de Tucuman\" \/>\n<meta property=\"article:published_time\" content=\"2021-04-29T14:39:35+00:00\" \/>\n<meta property=\"og:image\" content=\"https:\/\/www.eldiariodetucuman.com\/web\/wp-content\/uploads\/2021\/04\/congelan-oxigeno.jpg\" \/>\n\t<meta property=\"og:image:width\" content=\"848\" \/>\n\t<meta property=\"og:image:height\" content=\"475\" \/>\n\t<meta property=\"og:image:type\" content=\"image\/jpeg\" \/>\n<meta name=\"author\" content=\"Redactor Uno\" \/>\n<meta name=\"twitter:card\" content=\"summary_large_image\" \/>\n<meta name=\"twitter:label1\" content=\"Escrito por\" \/>\n\t<meta name=\"twitter:data1\" content=\"Redactor Uno\" \/>\n\t<meta name=\"twitter:label2\" content=\"Tiempo de lectura\" \/>\n\t<meta name=\"twitter:data2\" content=\"2 minutos\" \/>\n<script type=\"application\/ld+json\" class=\"yoast-schema-graph\">{\"@context\":\"https:\\\/\\\/schema.org\",\"@graph\":[{\"@type\":\"Article\",\"@id\":\"https:\\\/\\\/www.eldiariodetucuman.com\\\/web\\\/congelan-por-90-dias-el-precio-del-oxigeno-liquido-medicinal\\\/#article\",\"isPartOf\":{\"@id\":\"https:\\\/\\\/www.eldiariodetucuman.com\\\/web\\\/congelan-por-90-dias-el-precio-del-oxigeno-liquido-medicinal\\\/\"},\"author\":{\"name\":\"Redactor Uno\",\"@id\":\"https:\\\/\\\/www.eldiariodetucuman.com\\\/web\\\/#\\\/schema\\\/person\\\/7e6644a46e60888f6b868594407e08dd\"},\"headline\":\"Congelan por 90 d\u00edas el precio del ox\u00edgeno l\u00edquido medicinal\",\"datePublished\":\"2021-04-29T14:39:35+00:00\",\"mainEntityOfPage\":{\"@id\":\"https:\\\/\\\/www.eldiariodetucuman.com\\\/web\\\/congelan-por-90-dias-el-precio-del-oxigeno-liquido-medicinal\\\/\"},\"wordCount\":372,\"publisher\":{\"@id\":\"https:\\\/\\\/www.eldiariodetucuman.com\\\/web\\\/#organization\"},\"image\":{\"@id\":\"https:\\\/\\\/www.eldiariodetucuman.com\\\/web\\\/congelan-por-90-dias-el-precio-del-oxigeno-liquido-medicinal\\\/#primaryimage\"},\"thumbnailUrl\":\"https:\\\/\\\/www.eldiariodetucuman.com\\\/web\\\/wp-content\\\/uploads\\\/2021\\\/04\\\/congelan-oxigeno.jpg\",\"keywords\":[\"congelan\",\"ox\u00edgeno\",\"precio\"],\"articleSection\":[\"Actualidad\"],\"inLanguage\":\"es\"},{\"@type\":\"WebPage\",\"@id\":\"https:\\\/\\\/www.eldiariodetucuman.com\\\/web\\\/congelan-por-90-dias-el-precio-del-oxigeno-liquido-medicinal\\\/\",\"url\":\"https:\\\/\\\/www.eldiariodetucuman.com\\\/web\\\/congelan-por-90-dias-el-precio-del-oxigeno-liquido-medicinal\\\/\",\"name\":\"Congelan por 90 d\u00edas el precio del ox\u00edgeno l\u00edquido medicinal - El Diario de Tucuman\",\"isPartOf\":{\"@id\":\"https:\\\/\\\/www.eldiariodetucuman.com\\\/web\\\/#website\"},\"primaryImageOfPage\":{\"@id\":\"https:\\\/\\\/www.eldiariodetucuman.com\\\/web\\\/congelan-por-90-dias-el-precio-del-oxigeno-liquido-medicinal\\\/#primaryimage\"},\"image\":{\"@id\":\"https:\\\/\\\/www.eldiariodetucuman.com\\\/web\\\/congelan-por-90-dias-el-precio-del-oxigeno-liquido-medicinal\\\/#primaryimage\"},\"thumbnailUrl\":\"https:\\\/\\\/www.eldiariodetucuman.com\\\/web\\\/wp-content\\\/uploads\\\/2021\\\/04\\\/congelan-oxigeno.jpg\",\"datePublished\":\"2021-04-29T14:39:35+00:00\",\"breadcrumb\":{\"@id\":\"https:\\\/\\\/www.eldiariodetucuman.com\\\/web\\\/congelan-por-90-dias-el-precio-del-oxigeno-liquido-medicinal\\\/#breadcrumb\"},\"inLanguage\":\"es\",\"potentialAction\":[{\"@type\":\"ReadAction\",\"target\":[\"https:\\\/\\\/www.eldiariodetucuman.com\\\/web\\\/congelan-por-90-dias-el-precio-del-oxigeno-liquido-medicinal\\\/\"]}]},{\"@type\":\"ImageObject\",\"inLanguage\":\"es\",\"@id\":\"https:\\\/\\\/www.eldiariodetucuman.com\\\/web\\\/congelan-por-90-dias-el-precio-del-oxigeno-liquido-medicinal\\\/#primaryimage\",\"url\":\"https:\\\/\\\/www.eldiariodetucuman.com\\\/web\\\/wp-content\\\/uploads\\\/2021\\\/04\\\/congelan-oxigeno.jpg\",\"contentUrl\":\"https:\\\/\\\/www.eldiariodetucuman.com\\\/web\\\/wp-content\\\/uploads\\\/2021\\\/04\\\/congelan-oxigeno.jpg\",\"width\":848,\"height\":475},{\"@type\":\"BreadcrumbList\",\"@id\":\"https:\\\/\\\/www.eldiariodetucuman.com\\\/web\\\/congelan-por-90-dias-el-precio-del-oxigeno-liquido-medicinal\\\/#breadcrumb\",\"itemListElement\":[{\"@type\":\"ListItem\",\"position\":1,\"name\":\"Portada\",\"item\":\"https:\\\/\\\/www.eldiariodetucuman.com\\\/web\\\/\"},{\"@type\":\"ListItem\",\"position\":2,\"name\":\"Congelan por 90 d\u00edas el precio del ox\u00edgeno l\u00edquido medicinal\"}]},{\"@type\":\"WebSite\",\"@id\":\"https:\\\/\\\/www.eldiariodetucuman.com\\\/web\\\/#website\",\"url\":\"https:\\\/\\\/www.eldiariodetucuman.com\\\/web\\\/\",\"name\":\"El Diario de Tucuman\",\"description\":\"Diario Tucuman - Informaci\u00f3n y noticias\",\"publisher\":{\"@id\":\"https:\\\/\\\/www.eldiariodetucuman.com\\\/web\\\/#organization\"},\"potentialAction\":[{\"@type\":\"SearchAction\",\"target\":{\"@type\":\"EntryPoint\",\"urlTemplate\":\"https:\\\/\\\/www.eldiariodetucuman.com\\\/web\\\/?s={search_term_string}\"},\"query-input\":{\"@type\":\"PropertyValueSpecification\",\"valueRequired\":true,\"valueName\":\"search_term_string\"}}],\"inLanguage\":\"es\"},{\"@type\":\"Organization\",\"@id\":\"https:\\\/\\\/www.eldiariodetucuman.com\\\/web\\\/#organization\",\"name\":\"El Diario de Tucuman\",\"url\":\"https:\\\/\\\/www.eldiariodetucuman.com\\\/web\\\/\",\"logo\":{\"@type\":\"ImageObject\",\"inLanguage\":\"es\",\"@id\":\"https:\\\/\\\/www.eldiariodetucuman.com\\\/web\\\/#\\\/schema\\\/logo\\\/image\\\/\",\"url\":\"http:\\\/\\\/www.eldiariodetucuman.com\\\/web\\\/wp-content\\\/uploads\\\/2017\\\/12\\\/el-diario-de-tucuman.jpg\",\"contentUrl\":\"http:\\\/\\\/www.eldiariodetucuman.com\\\/web\\\/wp-content\\\/uploads\\\/2017\\\/12\\\/el-diario-de-tucuman.jpg\",\"width\":272,\"height\":92,\"caption\":\"El Diario de Tucuman\"},\"image\":{\"@id\":\"https:\\\/\\\/www.eldiariodetucuman.com\\\/web\\\/#\\\/schema\\\/logo\\\/image\\\/\"}},{\"@type\":\"Person\",\"@id\":\"https:\\\/\\\/www.eldiariodetucuman.com\\\/web\\\/#\\\/schema\\\/person\\\/7e6644a46e60888f6b868594407e08dd\",\"name\":\"Redactor Uno\",\"image\":{\"@type\":\"ImageObject\",\"inLanguage\":\"es\",\"@id\":\"https:\\\/\\\/secure.gravatar.com\\\/avatar\\\/0049b1bdf1bd548385c9ea6b9356431717930913089febd2ba904f0187d7d074?s=96&d=mm&r=g\",\"url\":\"https:\\\/\\\/secure.gravatar.com\\\/avatar\\\/0049b1bdf1bd548385c9ea6b9356431717930913089febd2ba904f0187d7d074?s=96&d=mm&r=g\",\"contentUrl\":\"https:\\\/\\\/secure.gravatar.com\\\/avatar\\\/0049b1bdf1bd548385c9ea6b9356431717930913089febd2ba904f0187d7d074?s=96&d=mm&r=g\",\"caption\":\"Redactor Uno\"},\"url\":\"https:\\\/\\\/www.eldiariodetucuman.com\\\/web\\\/author\\\/mramasco\\\/\"}]}<\/script>\n<!-- \/ Yoast SEO plugin. -->","yoast_head_json":{"title":"Congelan por 90 d\u00edas el precio del ox\u00edgeno l\u00edquido medicinal - El Diario de Tucuman","robots":{"index":"index","follow":"follow","max-snippet":"max-snippet:-1","max-image-preview":"max-image-preview:large","max-video-preview":"max-video-preview:-1"},"canonical":"https:\/\/www.eldiariodetucuman.com\/web\/congelan-por-90-dias-el-precio-del-oxigeno-liquido-medicinal\/","og_locale":"es_ES","og_type":"article","og_title":"Congelan por 90 d\u00edas el precio del ox\u00edgeno l\u00edquido medicinal - El Diario de Tucuman","og_description":"El Gobierno estableci\u00f3 que los sujetos que integran la cadena de producci\u00f3n, transporte, distribuci\u00f3n y acarreo de ox\u00edgeno l\u00edquido medicinal a granel o en tubo, no podr\u00e1n aumentar sus precios de venta y prestaci\u00f3n de servicios por 90 d\u00edas.","og_url":"https:\/\/www.eldiariodetucuman.com\/web\/congelan-por-90-dias-el-precio-del-oxigeno-liquido-medicinal\/","og_site_name":"El Diario de Tucuman","article_published_time":"2021-04-29T14:39:35+00:00","og_image":[{"width":848,"height":475,"url":"https:\/\/www.eldiariodetucuman.com\/web\/wp-content\/uploads\/2021\/04\/congelan-oxigeno.jpg","type":"image\/jpeg"}],"author":"Redactor Uno","twitter_card":"summary_large_image","twitter_misc":{"Escrito por":"Redactor Uno","Tiempo de lectura":"2 minutos"},"schema":{"@context":"https:\/\/schema.org","@graph":[{"@type":"Article","@id":"https:\/\/www.eldiariodetucuman.com\/web\/congelan-por-90-dias-el-precio-del-oxigeno-liquido-medicinal\/#article","isPartOf":{"@id":"https:\/\/www.eldiariodetucuman.com\/web\/congelan-por-90-dias-el-precio-del-oxigeno-liquido-medicinal\/"},"author":{"name":"Redactor Uno","@id":"https:\/\/www.eldiariodetucuman.com\/web\/#\/schema\/person\/7e6644a46e60888f6b868594407e08dd"},"headline":"Congelan por 90 d\u00edas el precio del ox\u00edgeno l\u00edquido medicinal","datePublished":"2021-04-29T14:39:35+00:00","mainEntityOfPage":{"@id":"https:\/\/www.eldiariodetucuman.com\/web\/congelan-por-90-dias-el-precio-del-oxigeno-liquido-medicinal\/"},"wordCount":372,"publisher":{"@id":"https:\/\/www.eldiariodetucuman.com\/web\/#organization"},"image":{"@id":"https:\/\/www.eldiariodetucuman.com\/web\/congelan-por-90-dias-el-precio-del-oxigeno-liquido-medicinal\/#primaryimage"},"thumbnailUrl":"https:\/\/www.eldiariodetucuman.com\/web\/wp-content\/uploads\/2021\/04\/congelan-oxigeno.jpg","keywords":["congelan","ox\u00edgeno","precio"],"articleSection":["Actualidad"],"inLanguage":"es"},{"@type":"WebPage","@id":"https:\/\/www.eldiariodetucuman.com\/web\/congelan-por-90-dias-el-precio-del-oxigeno-liquido-medicinal\/","url":"https:\/\/www.eldiariodetucuman.com\/web\/congelan-por-90-dias-el-precio-del-oxigeno-liquido-medicinal\/","name":"Congelan por 90 d\u00edas el precio del ox\u00edgeno l\u00edquido medicinal - El Diario de Tucuman","isPartOf":{"@id":"https:\/\/www.eldiariodetucuman.com\/web\/#website"},"primaryImageOfPage":{"@id":"https:\/\/www.eldiariodetucuman.com\/web\/congelan-por-90-dias-el-precio-del-oxigeno-liquido-medicinal\/#primaryimage"},"image":{"@id":"https:\/\/www.eldiariodetucuman.com\/web\/congelan-por-90-dias-el-precio-del-oxigeno-liquido-medicinal\/#primaryimage"},"thumbnailUrl":"https:\/\/www.eldiariodetucuman.com\/web\/wp-content\/uploads\/2021\/04\/congelan-oxigeno.jpg","datePublished":"2021-04-29T14:39:35+00:00","breadcrumb":{"@id":"https:\/\/www.eldiariodetucuman.com\/web\/congelan-por-90-dias-el-precio-del-oxigeno-liquido-medicinal\/#breadcrumb"},"inLanguage":"es","potentialAction":[{"@type":"ReadAction","target":["https:\/\/www.eldiariodetucuman.com\/web\/congelan-por-90-dias-el-precio-del-oxigeno-liquido-medicinal\/"]}]},{"@type":"ImageObject","inLanguage":"es","@id":"https:\/\/www.eldiariodetucuman.com\/web\/congelan-por-90-dias-el-precio-del-oxigeno-liquido-medicinal\/#primaryimage","url":"https:\/\/www.eldiariodetucuman.com\/web\/wp-content\/uploads\/2021\/04\/congelan-oxigeno.jpg","contentUrl":"https:\/\/www.eldiariodetucuman.com\/web\/wp-content\/uploads\/2021\/04\/congelan-oxigeno.jpg","width":848,"height":475},{"@type":"BreadcrumbList","@id":"https:\/\/www.eldiariodetucuman.com\/web\/congelan-por-90-dias-el-precio-del-oxigeno-liquido-medicinal\/#breadcrumb","itemListElement":[{"@type":"ListItem","position":1,"name":"Portada","item":"https:\/\/www.eldiariodetucuman.com\/web\/"},{"@type":"ListItem","position":2,"name":"Congelan por 90 d\u00edas el precio del ox\u00edgeno l\u00edquido medicinal"}]},{"@type":"WebSite","@id":"https:\/\/www.eldiariodetucuman.com\/web\/#website","url":"https:\/\/www.eldiariodetucuman.com\/web\/","name":"El Diario de Tucuman","description":"Diario Tucuman - Informaci\u00f3n y noticias","publisher":{"@id":"https:\/\/www.eldiariodetucuman.com\/web\/#organization"},"potentialAction":[{"@type":"SearchAction","target":{"@type":"EntryPoint","urlTemplate":"https:\/\/www.eldiariodetucuman.com\/web\/?s={search_term_string}"},"query-input":{"@type":"PropertyValueSpecification","valueRequired":true,"valueName":"search_term_string"}}],"inLanguage":"es"},{"@type":"Organization","@id":"https:\/\/www.eldiariodetucuman.com\/web\/#organization","name":"El Diario de Tucuman","url":"https:\/\/www.eldiariodetucuman.com\/web\/","logo":{"@type":"ImageObject","inLanguage":"es","@id":"https:\/\/www.eldiariodetucuman.com\/web\/#\/schema\/logo\/image\/","url":"http:\/\/www.eldiariodetucuman.com\/web\/wp-content\/uploads\/2017\/12\/el-diario-de-tucuman.jpg","contentUrl":"http:\/\/www.eldiariodetucuman.com\/web\/wp-content\/uploads\/2017\/12\/el-diario-de-tucuman.jpg","width":272,"height":92,"caption":"El Diario de Tucuman"},"image":{"@id":"https:\/\/www.eldiariodetucuman.com\/web\/#\/schema\/logo\/image\/"}},{"@type":"Person","@id":"https:\/\/www.eldiariodetucuman.com\/web\/#\/schema\/person\/7e6644a46e60888f6b868594407e08dd","name":"Redactor Uno","image":{"@type":"ImageObject","inLanguage":"es","@id":"https:\/\/secure.gravatar.com\/avatar\/0049b1bdf1bd548385c9ea6b9356431717930913089febd2ba904f0187d7d074?s=96&d=mm&r=g","url":"https:\/\/secure.gravatar.com\/avatar\/0049b1bdf1bd548385c9ea6b9356431717930913089febd2ba904f0187d7d074?s=96&d=mm&r=g","contentUrl":"https:\/\/secure.gravatar.com\/avatar\/0049b1bdf1bd548385c9ea6b9356431717930913089febd2ba904f0187d7d074?s=96&d=mm&r=g","caption":"Redactor Uno"},"url":"https:\/\/www.eldiariodetucuman.com\/web\/author\/mramasco\/"}]}},"_links":{"self":[{"href":"https:\/\/www.eldiariodetucuman.com\/web\/wp-json\/wp\/v2\/posts\/31596","targetHints":{"allow":["GET"]}}],"collection":[{"href":"https:\/\/www.eldiariodetucuman.com\/web\/wp-json\/wp\/v2\/posts"}],"about":[{"href":"https:\/\/www.eldiariodetucuman.com\/web\/wp-json\/wp\/v2\/types\/post"}],"author":[{"embeddable":true,"href":"https:\/\/www.eldiariodetucuman.com\/web\/wp-json\/wp\/v2\/users\/5"}],"replies":[{"embeddable":true,"href":"https:\/\/www.eldiariodetucuman.com\/web\/wp-json\/wp\/v2\/comments?post=31596"}],"version-history":[{"count":2,"href":"https:\/\/www.eldiariodetucuman.com\/web\/wp-json\/wp\/v2\/posts\/31596\/revisions"}],"predecessor-version":[{"id":31599,"href":"https:\/\/www.eldiariodetucuman.com\/web\/wp-json\/wp\/v2\/posts\/31596\/revisions\/31599"}],"wp:featuredmedia":[{"embeddable":true,"href":"https:\/\/www.eldiariodetucuman.com\/web\/wp-json\/wp\/v2\/media\/31597"}],"wp:attachment":[{"href":"https:\/\/www.eldiariodetucuman.com\/web\/wp-json\/wp\/v2\/media?parent=31596"}],"wp:term":[{"taxonomy":"category","embeddable":true,"href":"https:\/\/www.eldiariodetucuman.com\/web\/wp-json\/wp\/v2\/categories?post=31596"},{"taxonomy":"post_tag","embeddable":true,"href":"https:\/\/www.eldiariodetucuman.com\/web\/wp-json\/wp\/v2\/tags?post=31596"}],"curies":[{"name":"wp","href":"https:\/\/api.w.org\/{rel}","templated":true}]}}