{"id":31593,"date":"2021-04-29T11:36:31","date_gmt":"2021-04-29T14:36:31","guid":{"rendered":"http:\/\/www.eldiariodetucuman.com\/web\/?p=31593"},"modified":"2021-04-29T11:36:31","modified_gmt":"2021-04-29T14:36:31","slug":"taxistas-impulsan-una-suba-de-tarifa-superior-al-50","status":"publish","type":"post","link":"https:\/\/www.eldiariodetucuman.com\/web\/taxistas-impulsan-una-suba-de-tarifa-superior-al-50\/","title":{"rendered":"Taxistas impulsan una suba de tarifa superior al 50%"},"content":{"rendered":"<p class=\"smr\">Afirman que la \u00faltima actualizaci\u00f3n otorgada en diciembre ya qued\u00f3 licuada por la inflaci\u00f3n, los altos costos y por la suba de las tasas municipales.<\/p>\n<p><!--more--><\/p>\n<p class=\"smr\">Los propietarios de taxis, representados por <b>Julio Rodriguez (ATIAT),<\/b>\u00a0presentaron un pedido en la<b>\u00a0Comisi\u00f3n de Transporte del Concejo Deliberante<\/b>\u00a0de la Capital para que se discuta la suba de tarifa, pretenden elevar la bajada de bandera de\u00a0<b>$39 a $60<\/b>\u00a0y la ficha cada cien metros de\u00a0<b>$3,90 a $6.00.<\/b><\/p>\n<div class=\"txt\">\n<p class=\"ampp\">Entre las peticiones presentadas por los taxistas figuran: l<b>a implementaci\u00f3n de una tarifa diferencial en el precio del GNC\u00a0<\/b>(que subir\u00e1 un 30% este fin de semana),\u00a0<b>solicitan que se los incluya en el cronograma de vacunaci\u00f3n contra el coronavirus y una pr\u00f3rroga para renovar las unidades que cumplen 10 a\u00f1os de antig\u00fcedad<\/b>. Adem\u00e1s fueron cr\u00edticos con la suba de tasas municipales, que seg\u00fan ellos les quit\u00f3 la rentabilidad de la \u00faltima actualizaci\u00f3n de tarifa otorgada en diciembre del a\u00f1o pasado.<\/p>\n<p class=\"ampp\">El presidente de la comisi\u00f3n de Transporte,\u00a0<b>Jos\u00e9 Luis Coronel\u00a0<\/b>brind\u00f3 declaraciones al t\u00e9rmino de la reuni\u00f3n con los representantes de ATIAT y dijo,\u00a0<b>\u201cTenemos que analizar los planteos que hicieron; lo vamos a debatir en la pr\u00f3xima reuni\u00f3n de la comisi\u00f3n, la semana que viene\u201d<\/b>\u00a0precis\u00f3.<\/p>\n<p class=\"ampp\">En tanto,\u00a0la concejal bussista\u00a0<b>Mar\u00eda Bel\u00e9n Espinosa\u00a0<\/b>coincidi\u00f3 con sus pares de la comisi\u00f3n. \u201c<b>Nos hemos comprometido para tratar los temas planteados. En la bancada nuestra tenemos que debatirlo, pero como lo hacemos siempre, estudiaremos en profundidad la situaci\u00f3n. Sabemos que los taxistas pasan una mala situaci\u00f3n pero tambi\u00e9n entendemos la situaci\u00f3n de la mayor\u00eda de los vecinos en la calle\u201d<\/b>\u00a0indic\u00f3.<\/p>\n<p class=\"ampp\">Por otra parte, los taxistas autoconvocados anunciaron que este jueves realizar\u00e1n cortes en Capital, Yerba Buena, Banda del R\u00edo Sal\u00ed, Alderetes y Taf\u00ed Viejo para protestar contra el aumento del GNC, el nuevo precio empezar\u00e1 a regir desde el pr\u00f3ximo s\u00e1bado y quedar\u00e1 cercano a los $50 el metro c\u00fabico. La protesta de los autoconvocados comenzar\u00e1 desde las 6 y se extender\u00e1 hasta la medianoche, cabe aclarar que los cortes se efectuar\u00e1n de manera rotativa y no en simult\u00e1neo.<\/p>\n<p class=\"ampp\"><strong>Fuente:<\/strong> <a href=\"https:\/\/www.losprimeros.tv\/nota\/actualidad\/260449\/taxistas-piden-suba-tarifa-superior-al-50porciento.html\">https:\/\/www.losprimeros.tv\/nota\/actualidad\/260449\/taxistas-piden-suba-tarifa-superior-al-50porciento.html<\/a><\/p>\n<\/div>\n","protected":false},"excerpt":{"rendered":"<p>Afirman que la \u00faltima actualizaci\u00f3n otorgada en diciembre ya qued\u00f3 licuada por la inflaci\u00f3n, los altos costos y por la suba de las tasas municipales.<\/p>\n","protected":false},"author":5,"featured_media":31594,"comment_status":"closed","ping_status":"open","sticky":false,"template":"","format":"standard","meta":{"footnotes":""},"categories":[2],"tags":[204,988,61],"class_list":{"0":"post-31593","1":"post","2":"type-post","3":"status-publish","4":"format-standard","5":"has-post-thumbnail","7":"category-actualidad","8":"tag-tarifas","9":"tag-taxis","10":"tag-tucuman"},"yoast_head":"<!-- This site is optimized with the Yoast SEO plugin v27.4 - https:\/\/yoast.com\/product\/yoast-seo-wordpress\/ -->\n<title>Taxistas impulsan una suba de tarifa superior al 50% - El Diario de Tucuman<\/title>\n<meta name=\"robots\" content=\"index, follow, max-snippet:-1, max-image-preview:large, max-video-preview:-1\" \/>\n<link rel=\"canonical\" href=\"https:\/\/www.eldiariodetucuman.com\/web\/taxistas-impulsan-una-suba-de-tarifa-superior-al-50\/\" \/>\n<meta property=\"og:locale\" content=\"es_ES\" \/>\n<meta property=\"og:type\" content=\"article\" \/>\n<meta property=\"og:title\" content=\"Taxistas impulsan una suba de tarifa superior al 50% - El Diario de Tucuman\" \/>\n<meta property=\"og:description\" content=\"Afirman que la \u00faltima actualizaci\u00f3n otorgada en diciembre ya qued\u00f3 licuada por la inflaci\u00f3n, los altos costos y por la suba de las tasas municipales.\" \/>\n<meta property=\"og:url\" content=\"https:\/\/www.eldiariodetucuman.com\/web\/taxistas-impulsan-una-suba-de-tarifa-superior-al-50\/\" \/>\n<meta property=\"og:site_name\" content=\"El Diario de Tucuman\" \/>\n<meta property=\"article:published_time\" content=\"2021-04-29T14:36:31+00:00\" \/>\n<meta property=\"og:image\" content=\"https:\/\/www.eldiariodetucuman.com\/web\/wp-content\/uploads\/2021\/04\/taxistas-tucuman.jpg\" \/>\n\t<meta property=\"og:image:width\" content=\"608\" \/>\n\t<meta property=\"og:image:height\" content=\"342\" \/>\n\t<meta property=\"og:image:type\" content=\"image\/jpeg\" \/>\n<meta name=\"author\" content=\"Redactor Uno\" \/>\n<meta name=\"twitter:card\" content=\"summary_large_image\" \/>\n<meta name=\"twitter:label1\" content=\"Escrito por\" \/>\n\t<meta name=\"twitter:data1\" content=\"Redactor Uno\" \/>\n\t<meta name=\"twitter:label2\" content=\"Tiempo de lectura\" \/>\n\t<meta name=\"twitter:data2\" content=\"2 minutos\" \/>\n<script type=\"application\/ld+json\" class=\"yoast-schema-graph\">{\"@context\":\"https:\\\/\\\/schema.org\",\"@graph\":[{\"@type\":\"Article\",\"@id\":\"https:\\\/\\\/www.eldiariodetucuman.com\\\/web\\\/taxistas-impulsan-una-suba-de-tarifa-superior-al-50\\\/#article\",\"isPartOf\":{\"@id\":\"https:\\\/\\\/www.eldiariodetucuman.com\\\/web\\\/taxistas-impulsan-una-suba-de-tarifa-superior-al-50\\\/\"},\"author\":{\"name\":\"Redactor Uno\",\"@id\":\"https:\\\/\\\/www.eldiariodetucuman.com\\\/web\\\/#\\\/schema\\\/person\\\/7e6644a46e60888f6b868594407e08dd\"},\"headline\":\"Taxistas impulsan una suba de tarifa superior al 50%\",\"datePublished\":\"2021-04-29T14:36:31+00:00\",\"mainEntityOfPage\":{\"@id\":\"https:\\\/\\\/www.eldiariodetucuman.com\\\/web\\\/taxistas-impulsan-una-suba-de-tarifa-superior-al-50\\\/\"},\"wordCount\":390,\"publisher\":{\"@id\":\"https:\\\/\\\/www.eldiariodetucuman.com\\\/web\\\/#organization\"},\"image\":{\"@id\":\"https:\\\/\\\/www.eldiariodetucuman.com\\\/web\\\/taxistas-impulsan-una-suba-de-tarifa-superior-al-50\\\/#primaryimage\"},\"thumbnailUrl\":\"https:\\\/\\\/www.eldiariodetucuman.com\\\/web\\\/wp-content\\\/uploads\\\/2021\\\/04\\\/taxistas-tucuman.jpg\",\"keywords\":[\"tarifas\",\"taxis\",\"Tucuman\"],\"articleSection\":[\"Actualidad\"],\"inLanguage\":\"es\"},{\"@type\":\"WebPage\",\"@id\":\"https:\\\/\\\/www.eldiariodetucuman.com\\\/web\\\/taxistas-impulsan-una-suba-de-tarifa-superior-al-50\\\/\",\"url\":\"https:\\\/\\\/www.eldiariodetucuman.com\\\/web\\\/taxistas-impulsan-una-suba-de-tarifa-superior-al-50\\\/\",\"name\":\"Taxistas impulsan una suba de tarifa superior al 50% - El Diario de Tucuman\",\"isPartOf\":{\"@id\":\"https:\\\/\\\/www.eldiariodetucuman.com\\\/web\\\/#website\"},\"primaryImageOfPage\":{\"@id\":\"https:\\\/\\\/www.eldiariodetucuman.com\\\/web\\\/taxistas-impulsan-una-suba-de-tarifa-superior-al-50\\\/#primaryimage\"},\"image\":{\"@id\":\"https:\\\/\\\/www.eldiariodetucuman.com\\\/web\\\/taxistas-impulsan-una-suba-de-tarifa-superior-al-50\\\/#primaryimage\"},\"thumbnailUrl\":\"https:\\\/\\\/www.eldiariodetucuman.com\\\/web\\\/wp-content\\\/uploads\\\/2021\\\/04\\\/taxistas-tucuman.jpg\",\"datePublished\":\"2021-04-29T14:36:31+00:00\",\"breadcrumb\":{\"@id\":\"https:\\\/\\\/www.eldiariodetucuman.com\\\/web\\\/taxistas-impulsan-una-suba-de-tarifa-superior-al-50\\\/#breadcrumb\"},\"inLanguage\":\"es\",\"potentialAction\":[{\"@type\":\"ReadAction\",\"target\":[\"https:\\\/\\\/www.eldiariodetucuman.com\\\/web\\\/taxistas-impulsan-una-suba-de-tarifa-superior-al-50\\\/\"]}]},{\"@type\":\"ImageObject\",\"inLanguage\":\"es\",\"@id\":\"https:\\\/\\\/www.eldiariodetucuman.com\\\/web\\\/taxistas-impulsan-una-suba-de-tarifa-superior-al-50\\\/#primaryimage\",\"url\":\"https:\\\/\\\/www.eldiariodetucuman.com\\\/web\\\/wp-content\\\/uploads\\\/2021\\\/04\\\/taxistas-tucuman.jpg\",\"contentUrl\":\"https:\\\/\\\/www.eldiariodetucuman.com\\\/web\\\/wp-content\\\/uploads\\\/2021\\\/04\\\/taxistas-tucuman.jpg\",\"width\":608,\"height\":342},{\"@type\":\"BreadcrumbList\",\"@id\":\"https:\\\/\\\/www.eldiariodetucuman.com\\\/web\\\/taxistas-impulsan-una-suba-de-tarifa-superior-al-50\\\/#breadcrumb\",\"itemListElement\":[{\"@type\":\"ListItem\",\"position\":1,\"name\":\"Portada\",\"item\":\"https:\\\/\\\/www.eldiariodetucuman.com\\\/web\\\/\"},{\"@type\":\"ListItem\",\"position\":2,\"name\":\"Taxistas impulsan una suba de tarifa superior al 50%\"}]},{\"@type\":\"WebSite\",\"@id\":\"https:\\\/\\\/www.eldiariodetucuman.com\\\/web\\\/#website\",\"url\":\"https:\\\/\\\/www.eldiariodetucuman.com\\\/web\\\/\",\"name\":\"El Diario de Tucuman\",\"description\":\"Diario Tucuman - Informaci\u00f3n y noticias\",\"publisher\":{\"@id\":\"https:\\\/\\\/www.eldiariodetucuman.com\\\/web\\\/#organization\"},\"potentialAction\":[{\"@type\":\"SearchAction\",\"target\":{\"@type\":\"EntryPoint\",\"urlTemplate\":\"https:\\\/\\\/www.eldiariodetucuman.com\\\/web\\\/?s={search_term_string}\"},\"query-input\":{\"@type\":\"PropertyValueSpecification\",\"valueRequired\":true,\"valueName\":\"search_term_string\"}}],\"inLanguage\":\"es\"},{\"@type\":\"Organization\",\"@id\":\"https:\\\/\\\/www.eldiariodetucuman.com\\\/web\\\/#organization\",\"name\":\"El Diario de Tucuman\",\"url\":\"https:\\\/\\\/www.eldiariodetucuman.com\\\/web\\\/\",\"logo\":{\"@type\":\"ImageObject\",\"inLanguage\":\"es\",\"@id\":\"https:\\\/\\\/www.eldiariodetucuman.com\\\/web\\\/#\\\/schema\\\/logo\\\/image\\\/\",\"url\":\"http:\\\/\\\/www.eldiariodetucuman.com\\\/web\\\/wp-content\\\/uploads\\\/2017\\\/12\\\/el-diario-de-tucuman.jpg\",\"contentUrl\":\"http:\\\/\\\/www.eldiariodetucuman.com\\\/web\\\/wp-content\\\/uploads\\\/2017\\\/12\\\/el-diario-de-tucuman.jpg\",\"width\":272,\"height\":92,\"caption\":\"El Diario de Tucuman\"},\"image\":{\"@id\":\"https:\\\/\\\/www.eldiariodetucuman.com\\\/web\\\/#\\\/schema\\\/logo\\\/image\\\/\"}},{\"@type\":\"Person\",\"@id\":\"https:\\\/\\\/www.eldiariodetucuman.com\\\/web\\\/#\\\/schema\\\/person\\\/7e6644a46e60888f6b868594407e08dd\",\"name\":\"Redactor Uno\",\"image\":{\"@type\":\"ImageObject\",\"inLanguage\":\"es\",\"@id\":\"https:\\\/\\\/secure.gravatar.com\\\/avatar\\\/0049b1bdf1bd548385c9ea6b9356431717930913089febd2ba904f0187d7d074?s=96&d=mm&r=g\",\"url\":\"https:\\\/\\\/secure.gravatar.com\\\/avatar\\\/0049b1bdf1bd548385c9ea6b9356431717930913089febd2ba904f0187d7d074?s=96&d=mm&r=g\",\"contentUrl\":\"https:\\\/\\\/secure.gravatar.com\\\/avatar\\\/0049b1bdf1bd548385c9ea6b9356431717930913089febd2ba904f0187d7d074?s=96&d=mm&r=g\",\"caption\":\"Redactor Uno\"},\"url\":\"https:\\\/\\\/www.eldiariodetucuman.com\\\/web\\\/author\\\/mramasco\\\/\"}]}<\/script>\n<!-- \/ Yoast SEO plugin. -->","yoast_head_json":{"title":"Taxistas impulsan una suba de tarifa superior al 50% - El Diario de Tucuman","robots":{"index":"index","follow":"follow","max-snippet":"max-snippet:-1","max-image-preview":"max-image-preview:large","max-video-preview":"max-video-preview:-1"},"canonical":"https:\/\/www.eldiariodetucuman.com\/web\/taxistas-impulsan-una-suba-de-tarifa-superior-al-50\/","og_locale":"es_ES","og_type":"article","og_title":"Taxistas impulsan una suba de tarifa superior al 50% - El Diario de Tucuman","og_description":"Afirman que la \u00faltima actualizaci\u00f3n otorgada en diciembre ya qued\u00f3 licuada por la inflaci\u00f3n, los altos costos y por la suba de las tasas municipales.","og_url":"https:\/\/www.eldiariodetucuman.com\/web\/taxistas-impulsan-una-suba-de-tarifa-superior-al-50\/","og_site_name":"El Diario de Tucuman","article_published_time":"2021-04-29T14:36:31+00:00","og_image":[{"width":608,"height":342,"url":"https:\/\/www.eldiariodetucuman.com\/web\/wp-content\/uploads\/2021\/04\/taxistas-tucuman.jpg","type":"image\/jpeg"}],"author":"Redactor Uno","twitter_card":"summary_large_image","twitter_misc":{"Escrito por":"Redactor Uno","Tiempo de lectura":"2 minutos"},"schema":{"@context":"https:\/\/schema.org","@graph":[{"@type":"Article","@id":"https:\/\/www.eldiariodetucuman.com\/web\/taxistas-impulsan-una-suba-de-tarifa-superior-al-50\/#article","isPartOf":{"@id":"https:\/\/www.eldiariodetucuman.com\/web\/taxistas-impulsan-una-suba-de-tarifa-superior-al-50\/"},"author":{"name":"Redactor Uno","@id":"https:\/\/www.eldiariodetucuman.com\/web\/#\/schema\/person\/7e6644a46e60888f6b868594407e08dd"},"headline":"Taxistas impulsan una suba de tarifa superior al 50%","datePublished":"2021-04-29T14:36:31+00:00","mainEntityOfPage":{"@id":"https:\/\/www.eldiariodetucuman.com\/web\/taxistas-impulsan-una-suba-de-tarifa-superior-al-50\/"},"wordCount":390,"publisher":{"@id":"https:\/\/www.eldiariodetucuman.com\/web\/#organization"},"image":{"@id":"https:\/\/www.eldiariodetucuman.com\/web\/taxistas-impulsan-una-suba-de-tarifa-superior-al-50\/#primaryimage"},"thumbnailUrl":"https:\/\/www.eldiariodetucuman.com\/web\/wp-content\/uploads\/2021\/04\/taxistas-tucuman.jpg","keywords":["tarifas","taxis","Tucuman"],"articleSection":["Actualidad"],"inLanguage":"es"},{"@type":"WebPage","@id":"https:\/\/www.eldiariodetucuman.com\/web\/taxistas-impulsan-una-suba-de-tarifa-superior-al-50\/","url":"https:\/\/www.eldiariodetucuman.com\/web\/taxistas-impulsan-una-suba-de-tarifa-superior-al-50\/","name":"Taxistas impulsan una suba de tarifa superior al 50% - El Diario de Tucuman","isPartOf":{"@id":"https:\/\/www.eldiariodetucuman.com\/web\/#website"},"primaryImageOfPage":{"@id":"https:\/\/www.eldiariodetucuman.com\/web\/taxistas-impulsan-una-suba-de-tarifa-superior-al-50\/#primaryimage"},"image":{"@id":"https:\/\/www.eldiariodetucuman.com\/web\/taxistas-impulsan-una-suba-de-tarifa-superior-al-50\/#primaryimage"},"thumbnailUrl":"https:\/\/www.eldiariodetucuman.com\/web\/wp-content\/uploads\/2021\/04\/taxistas-tucuman.jpg","datePublished":"2021-04-29T14:36:31+00:00","breadcrumb":{"@id":"https:\/\/www.eldiariodetucuman.com\/web\/taxistas-impulsan-una-suba-de-tarifa-superior-al-50\/#breadcrumb"},"inLanguage":"es","potentialAction":[{"@type":"ReadAction","target":["https:\/\/www.eldiariodetucuman.com\/web\/taxistas-impulsan-una-suba-de-tarifa-superior-al-50\/"]}]},{"@type":"ImageObject","inLanguage":"es","@id":"https:\/\/www.eldiariodetucuman.com\/web\/taxistas-impulsan-una-suba-de-tarifa-superior-al-50\/#primaryimage","url":"https:\/\/www.eldiariodetucuman.com\/web\/wp-content\/uploads\/2021\/04\/taxistas-tucuman.jpg","contentUrl":"https:\/\/www.eldiariodetucuman.com\/web\/wp-content\/uploads\/2021\/04\/taxistas-tucuman.jpg","width":608,"height":342},{"@type":"BreadcrumbList","@id":"https:\/\/www.eldiariodetucuman.com\/web\/taxistas-impulsan-una-suba-de-tarifa-superior-al-50\/#breadcrumb","itemListElement":[{"@type":"ListItem","position":1,"name":"Portada","item":"https:\/\/www.eldiariodetucuman.com\/web\/"},{"@type":"ListItem","position":2,"name":"Taxistas impulsan una suba de tarifa superior al 50%"}]},{"@type":"WebSite","@id":"https:\/\/www.eldiariodetucuman.com\/web\/#website","url":"https:\/\/www.eldiariodetucuman.com\/web\/","name":"El Diario de Tucuman","description":"Diario Tucuman - Informaci\u00f3n y noticias","publisher":{"@id":"https:\/\/www.eldiariodetucuman.com\/web\/#organization"},"potentialAction":[{"@type":"SearchAction","target":{"@type":"EntryPoint","urlTemplate":"https:\/\/www.eldiariodetucuman.com\/web\/?s={search_term_string}"},"query-input":{"@type":"PropertyValueSpecification","valueRequired":true,"valueName":"search_term_string"}}],"inLanguage":"es"},{"@type":"Organization","@id":"https:\/\/www.eldiariodetucuman.com\/web\/#organization","name":"El Diario de Tucuman","url":"https:\/\/www.eldiariodetucuman.com\/web\/","logo":{"@type":"ImageObject","inLanguage":"es","@id":"https:\/\/www.eldiariodetucuman.com\/web\/#\/schema\/logo\/image\/","url":"http:\/\/www.eldiariodetucuman.com\/web\/wp-content\/uploads\/2017\/12\/el-diario-de-tucuman.jpg","contentUrl":"http:\/\/www.eldiariodetucuman.com\/web\/wp-content\/uploads\/2017\/12\/el-diario-de-tucuman.jpg","width":272,"height":92,"caption":"El Diario de Tucuman"},"image":{"@id":"https:\/\/www.eldiariodetucuman.com\/web\/#\/schema\/logo\/image\/"}},{"@type":"Person","@id":"https:\/\/www.eldiariodetucuman.com\/web\/#\/schema\/person\/7e6644a46e60888f6b868594407e08dd","name":"Redactor Uno","image":{"@type":"ImageObject","inLanguage":"es","@id":"https:\/\/secure.gravatar.com\/avatar\/0049b1bdf1bd548385c9ea6b9356431717930913089febd2ba904f0187d7d074?s=96&d=mm&r=g","url":"https:\/\/secure.gravatar.com\/avatar\/0049b1bdf1bd548385c9ea6b9356431717930913089febd2ba904f0187d7d074?s=96&d=mm&r=g","contentUrl":"https:\/\/secure.gravatar.com\/avatar\/0049b1bdf1bd548385c9ea6b9356431717930913089febd2ba904f0187d7d074?s=96&d=mm&r=g","caption":"Redactor Uno"},"url":"https:\/\/www.eldiariodetucuman.com\/web\/author\/mramasco\/"}]}},"_links":{"self":[{"href":"https:\/\/www.eldiariodetucuman.com\/web\/wp-json\/wp\/v2\/posts\/31593","targetHints":{"allow":["GET"]}}],"collection":[{"href":"https:\/\/www.eldiariodetucuman.com\/web\/wp-json\/wp\/v2\/posts"}],"about":[{"href":"https:\/\/www.eldiariodetucuman.com\/web\/wp-json\/wp\/v2\/types\/post"}],"author":[{"embeddable":true,"href":"https:\/\/www.eldiariodetucuman.com\/web\/wp-json\/wp\/v2\/users\/5"}],"replies":[{"embeddable":true,"href":"https:\/\/www.eldiariodetucuman.com\/web\/wp-json\/wp\/v2\/comments?post=31593"}],"version-history":[{"count":1,"href":"https:\/\/www.eldiariodetucuman.com\/web\/wp-json\/wp\/v2\/posts\/31593\/revisions"}],"predecessor-version":[{"id":31595,"href":"https:\/\/www.eldiariodetucuman.com\/web\/wp-json\/wp\/v2\/posts\/31593\/revisions\/31595"}],"wp:featuredmedia":[{"embeddable":true,"href":"https:\/\/www.eldiariodetucuman.com\/web\/wp-json\/wp\/v2\/media\/31594"}],"wp:attachment":[{"href":"https:\/\/www.eldiariodetucuman.com\/web\/wp-json\/wp\/v2\/media?parent=31593"}],"wp:term":[{"taxonomy":"category","embeddable":true,"href":"https:\/\/www.eldiariodetucuman.com\/web\/wp-json\/wp\/v2\/categories?post=31593"},{"taxonomy":"post_tag","embeddable":true,"href":"https:\/\/www.eldiariodetucuman.com\/web\/wp-json\/wp\/v2\/tags?post=31593"}],"curies":[{"name":"wp","href":"https:\/\/api.w.org\/{rel}","templated":true}]}}