{"id":31209,"date":"2021-03-26T11:43:43","date_gmt":"2021-03-26T14:43:43","guid":{"rendered":"http:\/\/www.eldiariodetucuman.com\/web\/?p=31209"},"modified":"2021-03-26T11:44:51","modified_gmt":"2021-03-26T14:44:51","slug":"transplantaron-con-exito-a-la-joven-madre-tucumana","status":"publish","type":"post","link":"https:\/\/www.eldiariodetucuman.com\/web\/transplantaron-con-exito-a-la-joven-madre-tucumana\/","title":{"rendered":"Transplantaron con \u00e9xito a la joven madre tucumana"},"content":{"rendered":"<p>En la madrugada de este viernes fue sometida a la intervenci\u00f3n quir\u00fargica tras recibir el \u00f3rgano de un donante compatible.<\/p>\n<p><!--more--><\/p>\n<p>Lourdes Reynoso tiene 27 a\u00f1os, es madre de dos hijos y desde hac\u00eda una semana se encontraba en emergencia nacional a la espera de un trasplante de h\u00edgado.<\/p>\n<p>Afortunadamente, en las \u00faltimas horas surgi\u00f3 un donante compatible y la joven pudo ser trasplantada, seg\u00fan inform\u00f3 el periodista Luis Medina en su cuenta de Twitter.<\/p>\n<p>Lourdes fue trasladada desde Tucum\u00e1n hasta C\u00f3rdoba en un vuelo sanitario, luego de que su salud desmejorara. En el hospital privado de C\u00f3rdoba detectaron que la joven padec\u00eda una enfermedad autoinmune y que necesitaba en forma urgente un trasplante hep\u00e1tico. El \u00faltimo lunes, Lourdes fue inducida a un coma farmac\u00f3logico. La familia de la tucumana vivi\u00f3 horas cr\u00edticas y se multiplicaron los pedidos para concientizar sobre la donaci\u00f3n de \u00f3rganos.<\/p>\n<p>Finalmente, el ansiado h\u00edgado lleg\u00f3 y Lourdes tendr\u00e1 una nueva oportunidad para seguir viviendo.<\/p>\n<p><strong>Fuente:<\/strong> <a href=\"https:\/\/www.contextotucuman.com\/nota\/224062\/transplantaron-exitosamente-del-higado-a-joven-madre-tucumana.html\">https:\/\/www.contextotucuman.com\/nota\/224062\/transplantaron-exitosamente-del-higado-a-joven-madre-tucumana.html<\/a><\/p>\n","protected":false},"excerpt":{"rendered":"<p>En la madrugada de este viernes fue sometida a la intervenci\u00f3n quir\u00fargica tras recibir el \u00f3rgano de un donante compatible.<\/p>\n","protected":false},"author":5,"featured_media":31210,"comment_status":"closed","ping_status":"open","sticky":false,"template":"","format":"standard","meta":{"footnotes":""},"categories":[2],"tags":[3679,61],"class_list":{"0":"post-31209","1":"post","2":"type-post","3":"status-publish","4":"format-standard","5":"has-post-thumbnail","7":"category-actualidad","8":"tag-transplante","9":"tag-tucuman"},"yoast_head":"<!-- This site is optimized with the Yoast SEO plugin v27.4 - https:\/\/yoast.com\/product\/yoast-seo-wordpress\/ -->\n<title>Transplantaron con \u00e9xito a la joven madre tucumana - El Diario de Tucuman<\/title>\n<meta name=\"robots\" content=\"index, follow, max-snippet:-1, max-image-preview:large, max-video-preview:-1\" \/>\n<link rel=\"canonical\" href=\"https:\/\/www.eldiariodetucuman.com\/web\/transplantaron-con-exito-a-la-joven-madre-tucumana\/\" \/>\n<meta property=\"og:locale\" content=\"es_ES\" \/>\n<meta property=\"og:type\" content=\"article\" \/>\n<meta property=\"og:title\" content=\"Transplantaron con \u00e9xito a la joven madre tucumana - El Diario de Tucuman\" \/>\n<meta property=\"og:description\" content=\"En la madrugada de este viernes fue sometida a la intervenci\u00f3n quir\u00fargica tras recibir el \u00f3rgano de un donante compatible.\" \/>\n<meta property=\"og:url\" content=\"https:\/\/www.eldiariodetucuman.com\/web\/transplantaron-con-exito-a-la-joven-madre-tucumana\/\" \/>\n<meta property=\"og:site_name\" content=\"El Diario de Tucuman\" \/>\n<meta property=\"article:published_time\" content=\"2021-03-26T14:43:43+00:00\" \/>\n<meta property=\"article:modified_time\" content=\"2021-03-26T14:44:51+00:00\" \/>\n<meta property=\"og:image\" content=\"https:\/\/www.eldiariodetucuman.com\/web\/wp-content\/uploads\/2021\/03\/trasplante.jpg\" \/>\n\t<meta property=\"og:image:width\" content=\"702\" \/>\n\t<meta property=\"og:image:height\" content=\"551\" \/>\n\t<meta property=\"og:image:type\" content=\"image\/jpeg\" \/>\n<meta name=\"author\" content=\"Redactor Uno\" \/>\n<meta name=\"twitter:card\" content=\"summary_large_image\" \/>\n<meta name=\"twitter:label1\" content=\"Escrito por\" \/>\n\t<meta name=\"twitter:data1\" content=\"Redactor Uno\" \/>\n\t<meta name=\"twitter:label2\" content=\"Tiempo de lectura\" \/>\n\t<meta name=\"twitter:data2\" content=\"1 minuto\" \/>\n<script type=\"application\/ld+json\" class=\"yoast-schema-graph\">{\"@context\":\"https:\\\/\\\/schema.org\",\"@graph\":[{\"@type\":\"Article\",\"@id\":\"https:\\\/\\\/www.eldiariodetucuman.com\\\/web\\\/transplantaron-con-exito-a-la-joven-madre-tucumana\\\/#article\",\"isPartOf\":{\"@id\":\"https:\\\/\\\/www.eldiariodetucuman.com\\\/web\\\/transplantaron-con-exito-a-la-joven-madre-tucumana\\\/\"},\"author\":{\"name\":\"Redactor Uno\",\"@id\":\"https:\\\/\\\/www.eldiariodetucuman.com\\\/web\\\/#\\\/schema\\\/person\\\/7e6644a46e60888f6b868594407e08dd\"},\"headline\":\"Transplantaron con \u00e9xito a la joven madre tucumana\",\"datePublished\":\"2021-03-26T14:43:43+00:00\",\"dateModified\":\"2021-03-26T14:44:51+00:00\",\"mainEntityOfPage\":{\"@id\":\"https:\\\/\\\/www.eldiariodetucuman.com\\\/web\\\/transplantaron-con-exito-a-la-joven-madre-tucumana\\\/\"},\"wordCount\":188,\"publisher\":{\"@id\":\"https:\\\/\\\/www.eldiariodetucuman.com\\\/web\\\/#organization\"},\"image\":{\"@id\":\"https:\\\/\\\/www.eldiariodetucuman.com\\\/web\\\/transplantaron-con-exito-a-la-joven-madre-tucumana\\\/#primaryimage\"},\"thumbnailUrl\":\"https:\\\/\\\/www.eldiariodetucuman.com\\\/web\\\/wp-content\\\/uploads\\\/2021\\\/03\\\/trasplante.jpg\",\"keywords\":[\"transplante\",\"Tucuman\"],\"articleSection\":[\"Actualidad\"],\"inLanguage\":\"es\"},{\"@type\":\"WebPage\",\"@id\":\"https:\\\/\\\/www.eldiariodetucuman.com\\\/web\\\/transplantaron-con-exito-a-la-joven-madre-tucumana\\\/\",\"url\":\"https:\\\/\\\/www.eldiariodetucuman.com\\\/web\\\/transplantaron-con-exito-a-la-joven-madre-tucumana\\\/\",\"name\":\"Transplantaron con \u00e9xito a la joven madre tucumana - El Diario de Tucuman\",\"isPartOf\":{\"@id\":\"https:\\\/\\\/www.eldiariodetucuman.com\\\/web\\\/#website\"},\"primaryImageOfPage\":{\"@id\":\"https:\\\/\\\/www.eldiariodetucuman.com\\\/web\\\/transplantaron-con-exito-a-la-joven-madre-tucumana\\\/#primaryimage\"},\"image\":{\"@id\":\"https:\\\/\\\/www.eldiariodetucuman.com\\\/web\\\/transplantaron-con-exito-a-la-joven-madre-tucumana\\\/#primaryimage\"},\"thumbnailUrl\":\"https:\\\/\\\/www.eldiariodetucuman.com\\\/web\\\/wp-content\\\/uploads\\\/2021\\\/03\\\/trasplante.jpg\",\"datePublished\":\"2021-03-26T14:43:43+00:00\",\"dateModified\":\"2021-03-26T14:44:51+00:00\",\"breadcrumb\":{\"@id\":\"https:\\\/\\\/www.eldiariodetucuman.com\\\/web\\\/transplantaron-con-exito-a-la-joven-madre-tucumana\\\/#breadcrumb\"},\"inLanguage\":\"es\",\"potentialAction\":[{\"@type\":\"ReadAction\",\"target\":[\"https:\\\/\\\/www.eldiariodetucuman.com\\\/web\\\/transplantaron-con-exito-a-la-joven-madre-tucumana\\\/\"]}]},{\"@type\":\"ImageObject\",\"inLanguage\":\"es\",\"@id\":\"https:\\\/\\\/www.eldiariodetucuman.com\\\/web\\\/transplantaron-con-exito-a-la-joven-madre-tucumana\\\/#primaryimage\",\"url\":\"https:\\\/\\\/www.eldiariodetucuman.com\\\/web\\\/wp-content\\\/uploads\\\/2021\\\/03\\\/trasplante.jpg\",\"contentUrl\":\"https:\\\/\\\/www.eldiariodetucuman.com\\\/web\\\/wp-content\\\/uploads\\\/2021\\\/03\\\/trasplante.jpg\",\"width\":702,\"height\":551},{\"@type\":\"BreadcrumbList\",\"@id\":\"https:\\\/\\\/www.eldiariodetucuman.com\\\/web\\\/transplantaron-con-exito-a-la-joven-madre-tucumana\\\/#breadcrumb\",\"itemListElement\":[{\"@type\":\"ListItem\",\"position\":1,\"name\":\"Portada\",\"item\":\"https:\\\/\\\/www.eldiariodetucuman.com\\\/web\\\/\"},{\"@type\":\"ListItem\",\"position\":2,\"name\":\"Transplantaron con \u00e9xito a la joven madre tucumana\"}]},{\"@type\":\"WebSite\",\"@id\":\"https:\\\/\\\/www.eldiariodetucuman.com\\\/web\\\/#website\",\"url\":\"https:\\\/\\\/www.eldiariodetucuman.com\\\/web\\\/\",\"name\":\"El Diario de Tucuman\",\"description\":\"Diario Tucuman - Informaci\u00f3n y noticias\",\"publisher\":{\"@id\":\"https:\\\/\\\/www.eldiariodetucuman.com\\\/web\\\/#organization\"},\"potentialAction\":[{\"@type\":\"SearchAction\",\"target\":{\"@type\":\"EntryPoint\",\"urlTemplate\":\"https:\\\/\\\/www.eldiariodetucuman.com\\\/web\\\/?s={search_term_string}\"},\"query-input\":{\"@type\":\"PropertyValueSpecification\",\"valueRequired\":true,\"valueName\":\"search_term_string\"}}],\"inLanguage\":\"es\"},{\"@type\":\"Organization\",\"@id\":\"https:\\\/\\\/www.eldiariodetucuman.com\\\/web\\\/#organization\",\"name\":\"El Diario de Tucuman\",\"url\":\"https:\\\/\\\/www.eldiariodetucuman.com\\\/web\\\/\",\"logo\":{\"@type\":\"ImageObject\",\"inLanguage\":\"es\",\"@id\":\"https:\\\/\\\/www.eldiariodetucuman.com\\\/web\\\/#\\\/schema\\\/logo\\\/image\\\/\",\"url\":\"http:\\\/\\\/www.eldiariodetucuman.com\\\/web\\\/wp-content\\\/uploads\\\/2017\\\/12\\\/el-diario-de-tucuman.jpg\",\"contentUrl\":\"http:\\\/\\\/www.eldiariodetucuman.com\\\/web\\\/wp-content\\\/uploads\\\/2017\\\/12\\\/el-diario-de-tucuman.jpg\",\"width\":272,\"height\":92,\"caption\":\"El Diario de Tucuman\"},\"image\":{\"@id\":\"https:\\\/\\\/www.eldiariodetucuman.com\\\/web\\\/#\\\/schema\\\/logo\\\/image\\\/\"}},{\"@type\":\"Person\",\"@id\":\"https:\\\/\\\/www.eldiariodetucuman.com\\\/web\\\/#\\\/schema\\\/person\\\/7e6644a46e60888f6b868594407e08dd\",\"name\":\"Redactor Uno\",\"image\":{\"@type\":\"ImageObject\",\"inLanguage\":\"es\",\"@id\":\"https:\\\/\\\/secure.gravatar.com\\\/avatar\\\/0049b1bdf1bd548385c9ea6b9356431717930913089febd2ba904f0187d7d074?s=96&d=mm&r=g\",\"url\":\"https:\\\/\\\/secure.gravatar.com\\\/avatar\\\/0049b1bdf1bd548385c9ea6b9356431717930913089febd2ba904f0187d7d074?s=96&d=mm&r=g\",\"contentUrl\":\"https:\\\/\\\/secure.gravatar.com\\\/avatar\\\/0049b1bdf1bd548385c9ea6b9356431717930913089febd2ba904f0187d7d074?s=96&d=mm&r=g\",\"caption\":\"Redactor Uno\"},\"url\":\"https:\\\/\\\/www.eldiariodetucuman.com\\\/web\\\/author\\\/mramasco\\\/\"}]}<\/script>\n<!-- \/ Yoast SEO plugin. -->","yoast_head_json":{"title":"Transplantaron con \u00e9xito a la joven madre tucumana - El Diario de Tucuman","robots":{"index":"index","follow":"follow","max-snippet":"max-snippet:-1","max-image-preview":"max-image-preview:large","max-video-preview":"max-video-preview:-1"},"canonical":"https:\/\/www.eldiariodetucuman.com\/web\/transplantaron-con-exito-a-la-joven-madre-tucumana\/","og_locale":"es_ES","og_type":"article","og_title":"Transplantaron con \u00e9xito a la joven madre tucumana - El Diario de Tucuman","og_description":"En la madrugada de este viernes fue sometida a la intervenci\u00f3n quir\u00fargica tras recibir el \u00f3rgano de un donante compatible.","og_url":"https:\/\/www.eldiariodetucuman.com\/web\/transplantaron-con-exito-a-la-joven-madre-tucumana\/","og_site_name":"El Diario de Tucuman","article_published_time":"2021-03-26T14:43:43+00:00","article_modified_time":"2021-03-26T14:44:51+00:00","og_image":[{"width":702,"height":551,"url":"https:\/\/www.eldiariodetucuman.com\/web\/wp-content\/uploads\/2021\/03\/trasplante.jpg","type":"image\/jpeg"}],"author":"Redactor Uno","twitter_card":"summary_large_image","twitter_misc":{"Escrito por":"Redactor Uno","Tiempo de lectura":"1 minuto"},"schema":{"@context":"https:\/\/schema.org","@graph":[{"@type":"Article","@id":"https:\/\/www.eldiariodetucuman.com\/web\/transplantaron-con-exito-a-la-joven-madre-tucumana\/#article","isPartOf":{"@id":"https:\/\/www.eldiariodetucuman.com\/web\/transplantaron-con-exito-a-la-joven-madre-tucumana\/"},"author":{"name":"Redactor Uno","@id":"https:\/\/www.eldiariodetucuman.com\/web\/#\/schema\/person\/7e6644a46e60888f6b868594407e08dd"},"headline":"Transplantaron con \u00e9xito a la joven madre tucumana","datePublished":"2021-03-26T14:43:43+00:00","dateModified":"2021-03-26T14:44:51+00:00","mainEntityOfPage":{"@id":"https:\/\/www.eldiariodetucuman.com\/web\/transplantaron-con-exito-a-la-joven-madre-tucumana\/"},"wordCount":188,"publisher":{"@id":"https:\/\/www.eldiariodetucuman.com\/web\/#organization"},"image":{"@id":"https:\/\/www.eldiariodetucuman.com\/web\/transplantaron-con-exito-a-la-joven-madre-tucumana\/#primaryimage"},"thumbnailUrl":"https:\/\/www.eldiariodetucuman.com\/web\/wp-content\/uploads\/2021\/03\/trasplante.jpg","keywords":["transplante","Tucuman"],"articleSection":["Actualidad"],"inLanguage":"es"},{"@type":"WebPage","@id":"https:\/\/www.eldiariodetucuman.com\/web\/transplantaron-con-exito-a-la-joven-madre-tucumana\/","url":"https:\/\/www.eldiariodetucuman.com\/web\/transplantaron-con-exito-a-la-joven-madre-tucumana\/","name":"Transplantaron con \u00e9xito a la joven madre tucumana - El Diario de Tucuman","isPartOf":{"@id":"https:\/\/www.eldiariodetucuman.com\/web\/#website"},"primaryImageOfPage":{"@id":"https:\/\/www.eldiariodetucuman.com\/web\/transplantaron-con-exito-a-la-joven-madre-tucumana\/#primaryimage"},"image":{"@id":"https:\/\/www.eldiariodetucuman.com\/web\/transplantaron-con-exito-a-la-joven-madre-tucumana\/#primaryimage"},"thumbnailUrl":"https:\/\/www.eldiariodetucuman.com\/web\/wp-content\/uploads\/2021\/03\/trasplante.jpg","datePublished":"2021-03-26T14:43:43+00:00","dateModified":"2021-03-26T14:44:51+00:00","breadcrumb":{"@id":"https:\/\/www.eldiariodetucuman.com\/web\/transplantaron-con-exito-a-la-joven-madre-tucumana\/#breadcrumb"},"inLanguage":"es","potentialAction":[{"@type":"ReadAction","target":["https:\/\/www.eldiariodetucuman.com\/web\/transplantaron-con-exito-a-la-joven-madre-tucumana\/"]}]},{"@type":"ImageObject","inLanguage":"es","@id":"https:\/\/www.eldiariodetucuman.com\/web\/transplantaron-con-exito-a-la-joven-madre-tucumana\/#primaryimage","url":"https:\/\/www.eldiariodetucuman.com\/web\/wp-content\/uploads\/2021\/03\/trasplante.jpg","contentUrl":"https:\/\/www.eldiariodetucuman.com\/web\/wp-content\/uploads\/2021\/03\/trasplante.jpg","width":702,"height":551},{"@type":"BreadcrumbList","@id":"https:\/\/www.eldiariodetucuman.com\/web\/transplantaron-con-exito-a-la-joven-madre-tucumana\/#breadcrumb","itemListElement":[{"@type":"ListItem","position":1,"name":"Portada","item":"https:\/\/www.eldiariodetucuman.com\/web\/"},{"@type":"ListItem","position":2,"name":"Transplantaron con \u00e9xito a la joven madre tucumana"}]},{"@type":"WebSite","@id":"https:\/\/www.eldiariodetucuman.com\/web\/#website","url":"https:\/\/www.eldiariodetucuman.com\/web\/","name":"El Diario de Tucuman","description":"Diario Tucuman - Informaci\u00f3n y noticias","publisher":{"@id":"https:\/\/www.eldiariodetucuman.com\/web\/#organization"},"potentialAction":[{"@type":"SearchAction","target":{"@type":"EntryPoint","urlTemplate":"https:\/\/www.eldiariodetucuman.com\/web\/?s={search_term_string}"},"query-input":{"@type":"PropertyValueSpecification","valueRequired":true,"valueName":"search_term_string"}}],"inLanguage":"es"},{"@type":"Organization","@id":"https:\/\/www.eldiariodetucuman.com\/web\/#organization","name":"El Diario de Tucuman","url":"https:\/\/www.eldiariodetucuman.com\/web\/","logo":{"@type":"ImageObject","inLanguage":"es","@id":"https:\/\/www.eldiariodetucuman.com\/web\/#\/schema\/logo\/image\/","url":"http:\/\/www.eldiariodetucuman.com\/web\/wp-content\/uploads\/2017\/12\/el-diario-de-tucuman.jpg","contentUrl":"http:\/\/www.eldiariodetucuman.com\/web\/wp-content\/uploads\/2017\/12\/el-diario-de-tucuman.jpg","width":272,"height":92,"caption":"El Diario de Tucuman"},"image":{"@id":"https:\/\/www.eldiariodetucuman.com\/web\/#\/schema\/logo\/image\/"}},{"@type":"Person","@id":"https:\/\/www.eldiariodetucuman.com\/web\/#\/schema\/person\/7e6644a46e60888f6b868594407e08dd","name":"Redactor Uno","image":{"@type":"ImageObject","inLanguage":"es","@id":"https:\/\/secure.gravatar.com\/avatar\/0049b1bdf1bd548385c9ea6b9356431717930913089febd2ba904f0187d7d074?s=96&d=mm&r=g","url":"https:\/\/secure.gravatar.com\/avatar\/0049b1bdf1bd548385c9ea6b9356431717930913089febd2ba904f0187d7d074?s=96&d=mm&r=g","contentUrl":"https:\/\/secure.gravatar.com\/avatar\/0049b1bdf1bd548385c9ea6b9356431717930913089febd2ba904f0187d7d074?s=96&d=mm&r=g","caption":"Redactor Uno"},"url":"https:\/\/www.eldiariodetucuman.com\/web\/author\/mramasco\/"}]}},"_links":{"self":[{"href":"https:\/\/www.eldiariodetucuman.com\/web\/wp-json\/wp\/v2\/posts\/31209","targetHints":{"allow":["GET"]}}],"collection":[{"href":"https:\/\/www.eldiariodetucuman.com\/web\/wp-json\/wp\/v2\/posts"}],"about":[{"href":"https:\/\/www.eldiariodetucuman.com\/web\/wp-json\/wp\/v2\/types\/post"}],"author":[{"embeddable":true,"href":"https:\/\/www.eldiariodetucuman.com\/web\/wp-json\/wp\/v2\/users\/5"}],"replies":[{"embeddable":true,"href":"https:\/\/www.eldiariodetucuman.com\/web\/wp-json\/wp\/v2\/comments?post=31209"}],"version-history":[{"count":2,"href":"https:\/\/www.eldiariodetucuman.com\/web\/wp-json\/wp\/v2\/posts\/31209\/revisions"}],"predecessor-version":[{"id":31212,"href":"https:\/\/www.eldiariodetucuman.com\/web\/wp-json\/wp\/v2\/posts\/31209\/revisions\/31212"}],"wp:featuredmedia":[{"embeddable":true,"href":"https:\/\/www.eldiariodetucuman.com\/web\/wp-json\/wp\/v2\/media\/31210"}],"wp:attachment":[{"href":"https:\/\/www.eldiariodetucuman.com\/web\/wp-json\/wp\/v2\/media?parent=31209"}],"wp:term":[{"taxonomy":"category","embeddable":true,"href":"https:\/\/www.eldiariodetucuman.com\/web\/wp-json\/wp\/v2\/categories?post=31209"},{"taxonomy":"post_tag","embeddable":true,"href":"https:\/\/www.eldiariodetucuman.com\/web\/wp-json\/wp\/v2\/tags?post=31209"}],"curies":[{"name":"wp","href":"https:\/\/api.w.org\/{rel}","templated":true}]}}