{"id":29959,"date":"2020-12-04T08:44:20","date_gmt":"2020-12-04T11:44:20","guid":{"rendered":"http:\/\/www.eldiariodetucuman.com\/web\/?p=29959"},"modified":"2020-12-04T08:44:20","modified_gmt":"2020-12-04T11:44:20","slug":"tucuman-esta-bajo-alerta-meteorologica-lluvias-y-tormentas","status":"publish","type":"post","link":"https:\/\/www.eldiariodetucuman.com\/web\/tucuman-esta-bajo-alerta-meteorologica-lluvias-y-tormentas\/","title":{"rendered":"Tucum\u00e1n est\u00e1 bajo alerta meteorol\u00f3gica: lluvias y tormentas"},"content":{"rendered":"<article>\n<div id=\"detail-header\" class=\"article-header\">\n<div class=\"row\">\n<div class=\"col-12\">\n<div class=\"article-sub-title \">\n<p>Fernando Pazos detall\u00f3 las condiciones del tiempo que se esperan para este viernes en Tucum\u00e1n. \u00bfCu\u00e1l ser\u00e1 la temperatura m\u00e1xima?.<\/p>\n<\/div>\n<\/div>\n<\/div>\n<\/div>\n<\/article>\n<p><!--more--><\/p>\n<div class=\"row\">\n<div class=\"col col-8\">\n<article class=\"article-body first\">\n<p class=\"article-author\">Llega el viernes y comienza un fin de semana largo. \u00bfQu\u00e9 pasar\u00e1 con el <strong>tie<\/strong><strong>mpo<\/strong>\u00a0en\u00a0Tucum\u00e1n\u00a0en los pr\u00f3ximos d\u00edas?.\u00a0<strong>Fernando Pazos brind\u00f3 en LV12 su habitual reporte sobre las condiciones meteorol\u00f3gicas, advirtiendo que la provincia se encuentra bajo alerta por lluvias y tormentas<\/strong>.<\/p>\n<p class=\"article-author\">La ma\u00f1ana comenz\u00f3 con 22\u00ba, la humedad relativa del aire 71%, vientos que soplan del sector este a 9 km, visibilidad de 9 km\/h y cielo cubierto.<\/p>\n<p class=\"article-author\">Pazos inform\u00f3 que desde la zona central hacia el sur de la provincia se registraban lluvias. En R\u00edo Seco, producto de las densas precipitaciones, se hab\u00edan acumulado 80 mm de agua en pocas horas. La Cocha registraba 40 mm acumulados.<\/p>\n<p class=\"article-author\">Agreg\u00f3 el especialista que viene avanzando un frente frio con lluvias y marcado descenso de la temperatura. Puede haber algunas r\u00e1fagas de viento fuerte. En la zona de los valles tambi\u00e9n se registraban lluvias.<\/p>\n<p class=\"article-author\">El pron\u00f3stico anticipa para hoy una temperatura m\u00e1xima de 23\u00aa. Para ma\u00f1ana, se espera una jornada con tiempo inestable a la ma\u00f1ana, u luego lentamente ir\u00e1 mejorando para tener buen tiempo el domingo y el lunes.<\/p>\n<p class=\"article-author\"><strong>Fuente:<\/strong> <a href=\"https:\/\/www.lv12.com.ar\/tucuman\/alerta-se-esperan-lluvias-y-tormentas-n83750\">https:\/\/www.lv12.com.ar\/tucuman\/alerta-se-esperan-lluvias-y-tormentas-n83750<\/a><\/p>\n<\/article>\n<\/div>\n<\/div>\n","protected":false},"excerpt":{"rendered":"<p>Fernando Pazos detall\u00f3 las condiciones del tiempo que se esperan para este viernes en Tucum\u00e1n. \u00bfCu\u00e1l ser\u00e1 la temperatura m\u00e1xima?.<\/p>\n","protected":false},"author":5,"featured_media":29960,"comment_status":"closed","ping_status":"open","sticky":false,"template":"","format":"standard","meta":{"footnotes":""},"categories":[2],"tags":[1880,39,3560,61],"class_list":{"0":"post-29959","1":"post","2":"type-post","3":"status-publish","4":"format-standard","5":"has-post-thumbnail","7":"category-actualidad","8":"tag-alerta","9":"tag-lluvias","10":"tag-tormentas","11":"tag-tucuman"},"yoast_head":"<!-- This site is optimized with the Yoast SEO plugin v27.4 - https:\/\/yoast.com\/product\/yoast-seo-wordpress\/ -->\n<title>Tucum\u00e1n est\u00e1 bajo alerta meteorol\u00f3gica: lluvias y tormentas - El Diario de Tucuman<\/title>\n<meta name=\"robots\" content=\"index, follow, max-snippet:-1, max-image-preview:large, max-video-preview:-1\" \/>\n<link rel=\"canonical\" href=\"https:\/\/www.eldiariodetucuman.com\/web\/tucuman-esta-bajo-alerta-meteorologica-lluvias-y-tormentas\/\" \/>\n<meta property=\"og:locale\" content=\"es_ES\" \/>\n<meta property=\"og:type\" content=\"article\" \/>\n<meta property=\"og:title\" content=\"Tucum\u00e1n est\u00e1 bajo alerta meteorol\u00f3gica: lluvias y tormentas - El Diario de Tucuman\" \/>\n<meta property=\"og:description\" content=\"Fernando Pazos detall\u00f3 las condiciones del tiempo que se esperan para este viernes en Tucum\u00e1n. \u00bfCu\u00e1l ser\u00e1 la temperatura m\u00e1xima?.\" \/>\n<meta property=\"og:url\" content=\"https:\/\/www.eldiariodetucuman.com\/web\/tucuman-esta-bajo-alerta-meteorologica-lluvias-y-tormentas\/\" \/>\n<meta property=\"og:site_name\" content=\"El Diario de Tucuman\" \/>\n<meta property=\"article:published_time\" content=\"2020-12-04T11:44:20+00:00\" \/>\n<meta property=\"og:image\" content=\"https:\/\/www.eldiariodetucuman.com\/web\/wp-content\/uploads\/2020\/12\/lluvias.jpg\" \/>\n\t<meta property=\"og:image:width\" content=\"900\" \/>\n\t<meta property=\"og:image:height\" content=\"675\" \/>\n\t<meta property=\"og:image:type\" content=\"image\/jpeg\" \/>\n<meta name=\"author\" content=\"Redactor Uno\" \/>\n<meta name=\"twitter:card\" content=\"summary_large_image\" \/>\n<meta name=\"twitter:label1\" content=\"Escrito por\" \/>\n\t<meta name=\"twitter:data1\" content=\"Redactor Uno\" \/>\n\t<meta name=\"twitter:label2\" content=\"Tiempo de lectura\" \/>\n\t<meta name=\"twitter:data2\" content=\"1 minuto\" \/>\n<script type=\"application\/ld+json\" class=\"yoast-schema-graph\">{\"@context\":\"https:\\\/\\\/schema.org\",\"@graph\":[{\"@type\":\"Article\",\"@id\":\"https:\\\/\\\/www.eldiariodetucuman.com\\\/web\\\/tucuman-esta-bajo-alerta-meteorologica-lluvias-y-tormentas\\\/#article\",\"isPartOf\":{\"@id\":\"https:\\\/\\\/www.eldiariodetucuman.com\\\/web\\\/tucuman-esta-bajo-alerta-meteorologica-lluvias-y-tormentas\\\/\"},\"author\":{\"name\":\"Redactor Uno\",\"@id\":\"https:\\\/\\\/www.eldiariodetucuman.com\\\/web\\\/#\\\/schema\\\/person\\\/7e6644a46e60888f6b868594407e08dd\"},\"headline\":\"Tucum\u00e1n est\u00e1 bajo alerta meteorol\u00f3gica: lluvias y tormentas\",\"datePublished\":\"2020-12-04T11:44:20+00:00\",\"mainEntityOfPage\":{\"@id\":\"https:\\\/\\\/www.eldiariodetucuman.com\\\/web\\\/tucuman-esta-bajo-alerta-meteorologica-lluvias-y-tormentas\\\/\"},\"wordCount\":231,\"publisher\":{\"@id\":\"https:\\\/\\\/www.eldiariodetucuman.com\\\/web\\\/#organization\"},\"image\":{\"@id\":\"https:\\\/\\\/www.eldiariodetucuman.com\\\/web\\\/tucuman-esta-bajo-alerta-meteorologica-lluvias-y-tormentas\\\/#primaryimage\"},\"thumbnailUrl\":\"https:\\\/\\\/www.eldiariodetucuman.com\\\/web\\\/wp-content\\\/uploads\\\/2020\\\/12\\\/lluvias.jpg\",\"keywords\":[\"alerta\",\"lluvias\",\"tormentas\",\"Tucuman\"],\"articleSection\":[\"Actualidad\"],\"inLanguage\":\"es\"},{\"@type\":\"WebPage\",\"@id\":\"https:\\\/\\\/www.eldiariodetucuman.com\\\/web\\\/tucuman-esta-bajo-alerta-meteorologica-lluvias-y-tormentas\\\/\",\"url\":\"https:\\\/\\\/www.eldiariodetucuman.com\\\/web\\\/tucuman-esta-bajo-alerta-meteorologica-lluvias-y-tormentas\\\/\",\"name\":\"Tucum\u00e1n est\u00e1 bajo alerta meteorol\u00f3gica: lluvias y tormentas - El Diario de Tucuman\",\"isPartOf\":{\"@id\":\"https:\\\/\\\/www.eldiariodetucuman.com\\\/web\\\/#website\"},\"primaryImageOfPage\":{\"@id\":\"https:\\\/\\\/www.eldiariodetucuman.com\\\/web\\\/tucuman-esta-bajo-alerta-meteorologica-lluvias-y-tormentas\\\/#primaryimage\"},\"image\":{\"@id\":\"https:\\\/\\\/www.eldiariodetucuman.com\\\/web\\\/tucuman-esta-bajo-alerta-meteorologica-lluvias-y-tormentas\\\/#primaryimage\"},\"thumbnailUrl\":\"https:\\\/\\\/www.eldiariodetucuman.com\\\/web\\\/wp-content\\\/uploads\\\/2020\\\/12\\\/lluvias.jpg\",\"datePublished\":\"2020-12-04T11:44:20+00:00\",\"breadcrumb\":{\"@id\":\"https:\\\/\\\/www.eldiariodetucuman.com\\\/web\\\/tucuman-esta-bajo-alerta-meteorologica-lluvias-y-tormentas\\\/#breadcrumb\"},\"inLanguage\":\"es\",\"potentialAction\":[{\"@type\":\"ReadAction\",\"target\":[\"https:\\\/\\\/www.eldiariodetucuman.com\\\/web\\\/tucuman-esta-bajo-alerta-meteorologica-lluvias-y-tormentas\\\/\"]}]},{\"@type\":\"ImageObject\",\"inLanguage\":\"es\",\"@id\":\"https:\\\/\\\/www.eldiariodetucuman.com\\\/web\\\/tucuman-esta-bajo-alerta-meteorologica-lluvias-y-tormentas\\\/#primaryimage\",\"url\":\"https:\\\/\\\/www.eldiariodetucuman.com\\\/web\\\/wp-content\\\/uploads\\\/2020\\\/12\\\/lluvias.jpg\",\"contentUrl\":\"https:\\\/\\\/www.eldiariodetucuman.com\\\/web\\\/wp-content\\\/uploads\\\/2020\\\/12\\\/lluvias.jpg\",\"width\":900,\"height\":675},{\"@type\":\"BreadcrumbList\",\"@id\":\"https:\\\/\\\/www.eldiariodetucuman.com\\\/web\\\/tucuman-esta-bajo-alerta-meteorologica-lluvias-y-tormentas\\\/#breadcrumb\",\"itemListElement\":[{\"@type\":\"ListItem\",\"position\":1,\"name\":\"Portada\",\"item\":\"https:\\\/\\\/www.eldiariodetucuman.com\\\/web\\\/\"},{\"@type\":\"ListItem\",\"position\":2,\"name\":\"Tucum\u00e1n est\u00e1 bajo alerta meteorol\u00f3gica: lluvias y tormentas\"}]},{\"@type\":\"WebSite\",\"@id\":\"https:\\\/\\\/www.eldiariodetucuman.com\\\/web\\\/#website\",\"url\":\"https:\\\/\\\/www.eldiariodetucuman.com\\\/web\\\/\",\"name\":\"El Diario de Tucuman\",\"description\":\"Diario Tucuman - Informaci\u00f3n y noticias\",\"publisher\":{\"@id\":\"https:\\\/\\\/www.eldiariodetucuman.com\\\/web\\\/#organization\"},\"potentialAction\":[{\"@type\":\"SearchAction\",\"target\":{\"@type\":\"EntryPoint\",\"urlTemplate\":\"https:\\\/\\\/www.eldiariodetucuman.com\\\/web\\\/?s={search_term_string}\"},\"query-input\":{\"@type\":\"PropertyValueSpecification\",\"valueRequired\":true,\"valueName\":\"search_term_string\"}}],\"inLanguage\":\"es\"},{\"@type\":\"Organization\",\"@id\":\"https:\\\/\\\/www.eldiariodetucuman.com\\\/web\\\/#organization\",\"name\":\"El Diario de Tucuman\",\"url\":\"https:\\\/\\\/www.eldiariodetucuman.com\\\/web\\\/\",\"logo\":{\"@type\":\"ImageObject\",\"inLanguage\":\"es\",\"@id\":\"https:\\\/\\\/www.eldiariodetucuman.com\\\/web\\\/#\\\/schema\\\/logo\\\/image\\\/\",\"url\":\"http:\\\/\\\/www.eldiariodetucuman.com\\\/web\\\/wp-content\\\/uploads\\\/2017\\\/12\\\/el-diario-de-tucuman.jpg\",\"contentUrl\":\"http:\\\/\\\/www.eldiariodetucuman.com\\\/web\\\/wp-content\\\/uploads\\\/2017\\\/12\\\/el-diario-de-tucuman.jpg\",\"width\":272,\"height\":92,\"caption\":\"El Diario de Tucuman\"},\"image\":{\"@id\":\"https:\\\/\\\/www.eldiariodetucuman.com\\\/web\\\/#\\\/schema\\\/logo\\\/image\\\/\"}},{\"@type\":\"Person\",\"@id\":\"https:\\\/\\\/www.eldiariodetucuman.com\\\/web\\\/#\\\/schema\\\/person\\\/7e6644a46e60888f6b868594407e08dd\",\"name\":\"Redactor Uno\",\"image\":{\"@type\":\"ImageObject\",\"inLanguage\":\"es\",\"@id\":\"https:\\\/\\\/secure.gravatar.com\\\/avatar\\\/0049b1bdf1bd548385c9ea6b9356431717930913089febd2ba904f0187d7d074?s=96&d=mm&r=g\",\"url\":\"https:\\\/\\\/secure.gravatar.com\\\/avatar\\\/0049b1bdf1bd548385c9ea6b9356431717930913089febd2ba904f0187d7d074?s=96&d=mm&r=g\",\"contentUrl\":\"https:\\\/\\\/secure.gravatar.com\\\/avatar\\\/0049b1bdf1bd548385c9ea6b9356431717930913089febd2ba904f0187d7d074?s=96&d=mm&r=g\",\"caption\":\"Redactor Uno\"},\"url\":\"https:\\\/\\\/www.eldiariodetucuman.com\\\/web\\\/author\\\/mramasco\\\/\"}]}<\/script>\n<!-- \/ Yoast SEO plugin. -->","yoast_head_json":{"title":"Tucum\u00e1n est\u00e1 bajo alerta meteorol\u00f3gica: lluvias y tormentas - El Diario de Tucuman","robots":{"index":"index","follow":"follow","max-snippet":"max-snippet:-1","max-image-preview":"max-image-preview:large","max-video-preview":"max-video-preview:-1"},"canonical":"https:\/\/www.eldiariodetucuman.com\/web\/tucuman-esta-bajo-alerta-meteorologica-lluvias-y-tormentas\/","og_locale":"es_ES","og_type":"article","og_title":"Tucum\u00e1n est\u00e1 bajo alerta meteorol\u00f3gica: lluvias y tormentas - El Diario de Tucuman","og_description":"Fernando Pazos detall\u00f3 las condiciones del tiempo que se esperan para este viernes en Tucum\u00e1n. \u00bfCu\u00e1l ser\u00e1 la temperatura m\u00e1xima?.","og_url":"https:\/\/www.eldiariodetucuman.com\/web\/tucuman-esta-bajo-alerta-meteorologica-lluvias-y-tormentas\/","og_site_name":"El Diario de Tucuman","article_published_time":"2020-12-04T11:44:20+00:00","og_image":[{"width":900,"height":675,"url":"https:\/\/www.eldiariodetucuman.com\/web\/wp-content\/uploads\/2020\/12\/lluvias.jpg","type":"image\/jpeg"}],"author":"Redactor Uno","twitter_card":"summary_large_image","twitter_misc":{"Escrito por":"Redactor Uno","Tiempo de lectura":"1 minuto"},"schema":{"@context":"https:\/\/schema.org","@graph":[{"@type":"Article","@id":"https:\/\/www.eldiariodetucuman.com\/web\/tucuman-esta-bajo-alerta-meteorologica-lluvias-y-tormentas\/#article","isPartOf":{"@id":"https:\/\/www.eldiariodetucuman.com\/web\/tucuman-esta-bajo-alerta-meteorologica-lluvias-y-tormentas\/"},"author":{"name":"Redactor Uno","@id":"https:\/\/www.eldiariodetucuman.com\/web\/#\/schema\/person\/7e6644a46e60888f6b868594407e08dd"},"headline":"Tucum\u00e1n est\u00e1 bajo alerta meteorol\u00f3gica: lluvias y tormentas","datePublished":"2020-12-04T11:44:20+00:00","mainEntityOfPage":{"@id":"https:\/\/www.eldiariodetucuman.com\/web\/tucuman-esta-bajo-alerta-meteorologica-lluvias-y-tormentas\/"},"wordCount":231,"publisher":{"@id":"https:\/\/www.eldiariodetucuman.com\/web\/#organization"},"image":{"@id":"https:\/\/www.eldiariodetucuman.com\/web\/tucuman-esta-bajo-alerta-meteorologica-lluvias-y-tormentas\/#primaryimage"},"thumbnailUrl":"https:\/\/www.eldiariodetucuman.com\/web\/wp-content\/uploads\/2020\/12\/lluvias.jpg","keywords":["alerta","lluvias","tormentas","Tucuman"],"articleSection":["Actualidad"],"inLanguage":"es"},{"@type":"WebPage","@id":"https:\/\/www.eldiariodetucuman.com\/web\/tucuman-esta-bajo-alerta-meteorologica-lluvias-y-tormentas\/","url":"https:\/\/www.eldiariodetucuman.com\/web\/tucuman-esta-bajo-alerta-meteorologica-lluvias-y-tormentas\/","name":"Tucum\u00e1n est\u00e1 bajo alerta meteorol\u00f3gica: lluvias y tormentas - El Diario de Tucuman","isPartOf":{"@id":"https:\/\/www.eldiariodetucuman.com\/web\/#website"},"primaryImageOfPage":{"@id":"https:\/\/www.eldiariodetucuman.com\/web\/tucuman-esta-bajo-alerta-meteorologica-lluvias-y-tormentas\/#primaryimage"},"image":{"@id":"https:\/\/www.eldiariodetucuman.com\/web\/tucuman-esta-bajo-alerta-meteorologica-lluvias-y-tormentas\/#primaryimage"},"thumbnailUrl":"https:\/\/www.eldiariodetucuman.com\/web\/wp-content\/uploads\/2020\/12\/lluvias.jpg","datePublished":"2020-12-04T11:44:20+00:00","breadcrumb":{"@id":"https:\/\/www.eldiariodetucuman.com\/web\/tucuman-esta-bajo-alerta-meteorologica-lluvias-y-tormentas\/#breadcrumb"},"inLanguage":"es","potentialAction":[{"@type":"ReadAction","target":["https:\/\/www.eldiariodetucuman.com\/web\/tucuman-esta-bajo-alerta-meteorologica-lluvias-y-tormentas\/"]}]},{"@type":"ImageObject","inLanguage":"es","@id":"https:\/\/www.eldiariodetucuman.com\/web\/tucuman-esta-bajo-alerta-meteorologica-lluvias-y-tormentas\/#primaryimage","url":"https:\/\/www.eldiariodetucuman.com\/web\/wp-content\/uploads\/2020\/12\/lluvias.jpg","contentUrl":"https:\/\/www.eldiariodetucuman.com\/web\/wp-content\/uploads\/2020\/12\/lluvias.jpg","width":900,"height":675},{"@type":"BreadcrumbList","@id":"https:\/\/www.eldiariodetucuman.com\/web\/tucuman-esta-bajo-alerta-meteorologica-lluvias-y-tormentas\/#breadcrumb","itemListElement":[{"@type":"ListItem","position":1,"name":"Portada","item":"https:\/\/www.eldiariodetucuman.com\/web\/"},{"@type":"ListItem","position":2,"name":"Tucum\u00e1n est\u00e1 bajo alerta meteorol\u00f3gica: lluvias y tormentas"}]},{"@type":"WebSite","@id":"https:\/\/www.eldiariodetucuman.com\/web\/#website","url":"https:\/\/www.eldiariodetucuman.com\/web\/","name":"El Diario de Tucuman","description":"Diario Tucuman - Informaci\u00f3n y noticias","publisher":{"@id":"https:\/\/www.eldiariodetucuman.com\/web\/#organization"},"potentialAction":[{"@type":"SearchAction","target":{"@type":"EntryPoint","urlTemplate":"https:\/\/www.eldiariodetucuman.com\/web\/?s={search_term_string}"},"query-input":{"@type":"PropertyValueSpecification","valueRequired":true,"valueName":"search_term_string"}}],"inLanguage":"es"},{"@type":"Organization","@id":"https:\/\/www.eldiariodetucuman.com\/web\/#organization","name":"El Diario de Tucuman","url":"https:\/\/www.eldiariodetucuman.com\/web\/","logo":{"@type":"ImageObject","inLanguage":"es","@id":"https:\/\/www.eldiariodetucuman.com\/web\/#\/schema\/logo\/image\/","url":"http:\/\/www.eldiariodetucuman.com\/web\/wp-content\/uploads\/2017\/12\/el-diario-de-tucuman.jpg","contentUrl":"http:\/\/www.eldiariodetucuman.com\/web\/wp-content\/uploads\/2017\/12\/el-diario-de-tucuman.jpg","width":272,"height":92,"caption":"El Diario de Tucuman"},"image":{"@id":"https:\/\/www.eldiariodetucuman.com\/web\/#\/schema\/logo\/image\/"}},{"@type":"Person","@id":"https:\/\/www.eldiariodetucuman.com\/web\/#\/schema\/person\/7e6644a46e60888f6b868594407e08dd","name":"Redactor Uno","image":{"@type":"ImageObject","inLanguage":"es","@id":"https:\/\/secure.gravatar.com\/avatar\/0049b1bdf1bd548385c9ea6b9356431717930913089febd2ba904f0187d7d074?s=96&d=mm&r=g","url":"https:\/\/secure.gravatar.com\/avatar\/0049b1bdf1bd548385c9ea6b9356431717930913089febd2ba904f0187d7d074?s=96&d=mm&r=g","contentUrl":"https:\/\/secure.gravatar.com\/avatar\/0049b1bdf1bd548385c9ea6b9356431717930913089febd2ba904f0187d7d074?s=96&d=mm&r=g","caption":"Redactor Uno"},"url":"https:\/\/www.eldiariodetucuman.com\/web\/author\/mramasco\/"}]}},"_links":{"self":[{"href":"https:\/\/www.eldiariodetucuman.com\/web\/wp-json\/wp\/v2\/posts\/29959","targetHints":{"allow":["GET"]}}],"collection":[{"href":"https:\/\/www.eldiariodetucuman.com\/web\/wp-json\/wp\/v2\/posts"}],"about":[{"href":"https:\/\/www.eldiariodetucuman.com\/web\/wp-json\/wp\/v2\/types\/post"}],"author":[{"embeddable":true,"href":"https:\/\/www.eldiariodetucuman.com\/web\/wp-json\/wp\/v2\/users\/5"}],"replies":[{"embeddable":true,"href":"https:\/\/www.eldiariodetucuman.com\/web\/wp-json\/wp\/v2\/comments?post=29959"}],"version-history":[{"count":1,"href":"https:\/\/www.eldiariodetucuman.com\/web\/wp-json\/wp\/v2\/posts\/29959\/revisions"}],"predecessor-version":[{"id":29961,"href":"https:\/\/www.eldiariodetucuman.com\/web\/wp-json\/wp\/v2\/posts\/29959\/revisions\/29961"}],"wp:featuredmedia":[{"embeddable":true,"href":"https:\/\/www.eldiariodetucuman.com\/web\/wp-json\/wp\/v2\/media\/29960"}],"wp:attachment":[{"href":"https:\/\/www.eldiariodetucuman.com\/web\/wp-json\/wp\/v2\/media?parent=29959"}],"wp:term":[{"taxonomy":"category","embeddable":true,"href":"https:\/\/www.eldiariodetucuman.com\/web\/wp-json\/wp\/v2\/categories?post=29959"},{"taxonomy":"post_tag","embeddable":true,"href":"https:\/\/www.eldiariodetucuman.com\/web\/wp-json\/wp\/v2\/tags?post=29959"}],"curies":[{"name":"wp","href":"https:\/\/api.w.org\/{rel}","templated":true}]}}