{"id":29928,"date":"2020-12-02T09:52:55","date_gmt":"2020-12-02T12:52:55","guid":{"rendered":"http:\/\/www.eldiariodetucuman.com\/web\/?p=29928"},"modified":"2020-12-02T09:52:55","modified_gmt":"2020-12-02T12:52:55","slug":"donde-se-podra-conseguir-la-canasta-navidena-de-250-que-lanzara-nacion","status":"publish","type":"post","link":"https:\/\/www.eldiariodetucuman.com\/web\/donde-se-podra-conseguir-la-canasta-navidena-de-250-que-lanzara-nacion\/","title":{"rendered":"D\u00f3nde se podr\u00e1 conseguir la canasta navide\u00f1a de $250 que lanzar\u00e1 Naci\u00f3n"},"content":{"rendered":"<hgroup class=\"zona-titulo\"><\/hgroup>\n<p>Contiene 5 productos y estar\u00e1 disponible para la venta, desde ma\u00f1ana.<\/p>\n<p><!--more--><\/p>\n<p>En la tarde-noche del martes, Naci\u00f3n anunci\u00f3 que tras un acuerdo con grandes cadenas de supermercados, desde ma\u00f1ana se podr\u00e1 conseguir una canasta navide\u00f1a de cinco productos por $250, mientras que en las cadenas nacionales habr\u00e1 un combo de sidra y pan dulce por $165.<\/p>\n<p>Aunque en la informaci\u00f3n oficial no se detall\u00f3 por el momento, cu\u00e1les son la marcas de los 5 productos con los que contar\u00e1 la promoci\u00f3n, s\u00ed se sabe que incluir\u00e1: \u00a0\u201csidra, pan dulce, bud\u00edn, garrapi\u00f1ada y turr\u00f3n\u201d.<\/p>\n<p>Tambi\u00e9n se indic\u00f3 que la canasta deber\u00e1 estar \u00abaccesible en las g\u00f3ndolas\u201d e \u201cidentificada con la carteler\u00eda alusiva a las fiestas\u201d.<\/p>\n<p>Las cadenas de supermercados donde se podr\u00e1 encontrar la promoci\u00f3n ser\u00e1n:<strong>\u00a0Carrefour, Cencosud (Jumbo, Disco y Vea)<\/strong>, Coto, D\u00eda, La An\u00f3nima, Walmart, Vital, Maxiconsumo, Diarco, Yaguar, Makro, Rosario Compras (Santa Fe), Zorzon (Chaco), Almacor (C\u00f3rdoba), La Frontera (Corrientes), La Yunta (Mendoza) entre otros.<\/p>\n<div class=\"row\">\n<div class=\"col-md-11\">\n<div id=\"cuerpo-nota\" class=\"cuerpo-nota\">\n<p><strong>Fuente:<\/strong> <a href=\"https:\/\/www.tucumanalas7.com.ar\/economia\/2020\/12\/2\/en-que-supermercados-se-podra-conseguir-la-canasta-navidena-de-250-que-lanzara-nacion-198599.html\">https:\/\/www.tucumanalas7.com.ar\/economia\/2020\/12\/2\/en-que-supermercados-se-podra-conseguir-la-canasta-navidena-de-250-que-lanzara-nacion-198599.html<\/a><\/p>\n<\/div>\n<\/div>\n<\/div>\n","protected":false},"excerpt":{"rendered":"<p>Contiene 5 productos y estar\u00e1 disponible para la venta, desde ma\u00f1ana.<\/p>\n","protected":false},"author":5,"featured_media":29929,"comment_status":"closed","ping_status":"open","sticky":false,"template":"","format":"standard","meta":{"footnotes":""},"categories":[2],"tags":[1338,1018,61],"class_list":{"0":"post-29928","1":"post","2":"type-post","3":"status-publish","4":"format-standard","5":"has-post-thumbnail","7":"category-actualidad","8":"tag-canasta-navidena","9":"tag-supermercados","10":"tag-tucuman"},"yoast_head":"<!-- This site is optimized with the Yoast SEO plugin v27.4 - https:\/\/yoast.com\/product\/yoast-seo-wordpress\/ -->\n<title>D\u00f3nde se podr\u00e1 conseguir la canasta navide\u00f1a de $250 que lanzar\u00e1 Naci\u00f3n - El Diario de Tucuman<\/title>\n<meta name=\"robots\" content=\"index, follow, max-snippet:-1, max-image-preview:large, max-video-preview:-1\" \/>\n<link rel=\"canonical\" href=\"https:\/\/www.eldiariodetucuman.com\/web\/donde-se-podra-conseguir-la-canasta-navidena-de-250-que-lanzara-nacion\/\" \/>\n<meta property=\"og:locale\" content=\"es_ES\" \/>\n<meta property=\"og:type\" content=\"article\" \/>\n<meta property=\"og:title\" content=\"D\u00f3nde se podr\u00e1 conseguir la canasta navide\u00f1a de $250 que lanzar\u00e1 Naci\u00f3n - El Diario de Tucuman\" \/>\n<meta property=\"og:description\" content=\"Contiene 5 productos y estar\u00e1 disponible para la venta, desde ma\u00f1ana.\" \/>\n<meta property=\"og:url\" content=\"https:\/\/www.eldiariodetucuman.com\/web\/donde-se-podra-conseguir-la-canasta-navidena-de-250-que-lanzara-nacion\/\" \/>\n<meta property=\"og:site_name\" content=\"El Diario de Tucuman\" \/>\n<meta property=\"article:published_time\" content=\"2020-12-02T12:52:55+00:00\" \/>\n<meta property=\"og:image\" content=\"https:\/\/www.eldiariodetucuman.com\/web\/wp-content\/uploads\/2020\/12\/canasta-navidena.jpg\" \/>\n\t<meta property=\"og:image:width\" content=\"700\" \/>\n\t<meta property=\"og:image:height\" content=\"393\" \/>\n\t<meta property=\"og:image:type\" content=\"image\/jpeg\" \/>\n<meta name=\"author\" content=\"Redactor Uno\" \/>\n<meta name=\"twitter:card\" content=\"summary_large_image\" \/>\n<meta name=\"twitter:label1\" content=\"Escrito por\" \/>\n\t<meta name=\"twitter:data1\" content=\"Redactor Uno\" \/>\n\t<meta name=\"twitter:label2\" content=\"Tiempo de lectura\" \/>\n\t<meta name=\"twitter:data2\" content=\"1 minuto\" \/>\n<script type=\"application\/ld+json\" class=\"yoast-schema-graph\">{\"@context\":\"https:\\\/\\\/schema.org\",\"@graph\":[{\"@type\":\"Article\",\"@id\":\"https:\\\/\\\/www.eldiariodetucuman.com\\\/web\\\/donde-se-podra-conseguir-la-canasta-navidena-de-250-que-lanzara-nacion\\\/#article\",\"isPartOf\":{\"@id\":\"https:\\\/\\\/www.eldiariodetucuman.com\\\/web\\\/donde-se-podra-conseguir-la-canasta-navidena-de-250-que-lanzara-nacion\\\/\"},\"author\":{\"name\":\"Redactor Uno\",\"@id\":\"https:\\\/\\\/www.eldiariodetucuman.com\\\/web\\\/#\\\/schema\\\/person\\\/7e6644a46e60888f6b868594407e08dd\"},\"headline\":\"D\u00f3nde se podr\u00e1 conseguir la canasta navide\u00f1a de $250 que lanzar\u00e1 Naci\u00f3n\",\"datePublished\":\"2020-12-02T12:52:55+00:00\",\"mainEntityOfPage\":{\"@id\":\"https:\\\/\\\/www.eldiariodetucuman.com\\\/web\\\/donde-se-podra-conseguir-la-canasta-navidena-de-250-que-lanzara-nacion\\\/\"},\"wordCount\":195,\"publisher\":{\"@id\":\"https:\\\/\\\/www.eldiariodetucuman.com\\\/web\\\/#organization\"},\"image\":{\"@id\":\"https:\\\/\\\/www.eldiariodetucuman.com\\\/web\\\/donde-se-podra-conseguir-la-canasta-navidena-de-250-que-lanzara-nacion\\\/#primaryimage\"},\"thumbnailUrl\":\"https:\\\/\\\/www.eldiariodetucuman.com\\\/web\\\/wp-content\\\/uploads\\\/2020\\\/12\\\/canasta-navidena.jpg\",\"keywords\":[\"canasta navide\u00f1a\",\"supermercados\",\"Tucuman\"],\"articleSection\":[\"Actualidad\"],\"inLanguage\":\"es\"},{\"@type\":\"WebPage\",\"@id\":\"https:\\\/\\\/www.eldiariodetucuman.com\\\/web\\\/donde-se-podra-conseguir-la-canasta-navidena-de-250-que-lanzara-nacion\\\/\",\"url\":\"https:\\\/\\\/www.eldiariodetucuman.com\\\/web\\\/donde-se-podra-conseguir-la-canasta-navidena-de-250-que-lanzara-nacion\\\/\",\"name\":\"D\u00f3nde se podr\u00e1 conseguir la canasta navide\u00f1a de $250 que lanzar\u00e1 Naci\u00f3n - El Diario de Tucuman\",\"isPartOf\":{\"@id\":\"https:\\\/\\\/www.eldiariodetucuman.com\\\/web\\\/#website\"},\"primaryImageOfPage\":{\"@id\":\"https:\\\/\\\/www.eldiariodetucuman.com\\\/web\\\/donde-se-podra-conseguir-la-canasta-navidena-de-250-que-lanzara-nacion\\\/#primaryimage\"},\"image\":{\"@id\":\"https:\\\/\\\/www.eldiariodetucuman.com\\\/web\\\/donde-se-podra-conseguir-la-canasta-navidena-de-250-que-lanzara-nacion\\\/#primaryimage\"},\"thumbnailUrl\":\"https:\\\/\\\/www.eldiariodetucuman.com\\\/web\\\/wp-content\\\/uploads\\\/2020\\\/12\\\/canasta-navidena.jpg\",\"datePublished\":\"2020-12-02T12:52:55+00:00\",\"breadcrumb\":{\"@id\":\"https:\\\/\\\/www.eldiariodetucuman.com\\\/web\\\/donde-se-podra-conseguir-la-canasta-navidena-de-250-que-lanzara-nacion\\\/#breadcrumb\"},\"inLanguage\":\"es\",\"potentialAction\":[{\"@type\":\"ReadAction\",\"target\":[\"https:\\\/\\\/www.eldiariodetucuman.com\\\/web\\\/donde-se-podra-conseguir-la-canasta-navidena-de-250-que-lanzara-nacion\\\/\"]}]},{\"@type\":\"ImageObject\",\"inLanguage\":\"es\",\"@id\":\"https:\\\/\\\/www.eldiariodetucuman.com\\\/web\\\/donde-se-podra-conseguir-la-canasta-navidena-de-250-que-lanzara-nacion\\\/#primaryimage\",\"url\":\"https:\\\/\\\/www.eldiariodetucuman.com\\\/web\\\/wp-content\\\/uploads\\\/2020\\\/12\\\/canasta-navidena.jpg\",\"contentUrl\":\"https:\\\/\\\/www.eldiariodetucuman.com\\\/web\\\/wp-content\\\/uploads\\\/2020\\\/12\\\/canasta-navidena.jpg\",\"width\":700,\"height\":393},{\"@type\":\"BreadcrumbList\",\"@id\":\"https:\\\/\\\/www.eldiariodetucuman.com\\\/web\\\/donde-se-podra-conseguir-la-canasta-navidena-de-250-que-lanzara-nacion\\\/#breadcrumb\",\"itemListElement\":[{\"@type\":\"ListItem\",\"position\":1,\"name\":\"Portada\",\"item\":\"https:\\\/\\\/www.eldiariodetucuman.com\\\/web\\\/\"},{\"@type\":\"ListItem\",\"position\":2,\"name\":\"D\u00f3nde se podr\u00e1 conseguir la canasta navide\u00f1a de $250 que lanzar\u00e1 Naci\u00f3n\"}]},{\"@type\":\"WebSite\",\"@id\":\"https:\\\/\\\/www.eldiariodetucuman.com\\\/web\\\/#website\",\"url\":\"https:\\\/\\\/www.eldiariodetucuman.com\\\/web\\\/\",\"name\":\"El Diario de Tucuman\",\"description\":\"Diario Tucuman - Informaci\u00f3n y noticias\",\"publisher\":{\"@id\":\"https:\\\/\\\/www.eldiariodetucuman.com\\\/web\\\/#organization\"},\"potentialAction\":[{\"@type\":\"SearchAction\",\"target\":{\"@type\":\"EntryPoint\",\"urlTemplate\":\"https:\\\/\\\/www.eldiariodetucuman.com\\\/web\\\/?s={search_term_string}\"},\"query-input\":{\"@type\":\"PropertyValueSpecification\",\"valueRequired\":true,\"valueName\":\"search_term_string\"}}],\"inLanguage\":\"es\"},{\"@type\":\"Organization\",\"@id\":\"https:\\\/\\\/www.eldiariodetucuman.com\\\/web\\\/#organization\",\"name\":\"El Diario de Tucuman\",\"url\":\"https:\\\/\\\/www.eldiariodetucuman.com\\\/web\\\/\",\"logo\":{\"@type\":\"ImageObject\",\"inLanguage\":\"es\",\"@id\":\"https:\\\/\\\/www.eldiariodetucuman.com\\\/web\\\/#\\\/schema\\\/logo\\\/image\\\/\",\"url\":\"http:\\\/\\\/www.eldiariodetucuman.com\\\/web\\\/wp-content\\\/uploads\\\/2017\\\/12\\\/el-diario-de-tucuman.jpg\",\"contentUrl\":\"http:\\\/\\\/www.eldiariodetucuman.com\\\/web\\\/wp-content\\\/uploads\\\/2017\\\/12\\\/el-diario-de-tucuman.jpg\",\"width\":272,\"height\":92,\"caption\":\"El Diario de Tucuman\"},\"image\":{\"@id\":\"https:\\\/\\\/www.eldiariodetucuman.com\\\/web\\\/#\\\/schema\\\/logo\\\/image\\\/\"}},{\"@type\":\"Person\",\"@id\":\"https:\\\/\\\/www.eldiariodetucuman.com\\\/web\\\/#\\\/schema\\\/person\\\/7e6644a46e60888f6b868594407e08dd\",\"name\":\"Redactor Uno\",\"image\":{\"@type\":\"ImageObject\",\"inLanguage\":\"es\",\"@id\":\"https:\\\/\\\/secure.gravatar.com\\\/avatar\\\/0049b1bdf1bd548385c9ea6b9356431717930913089febd2ba904f0187d7d074?s=96&d=mm&r=g\",\"url\":\"https:\\\/\\\/secure.gravatar.com\\\/avatar\\\/0049b1bdf1bd548385c9ea6b9356431717930913089febd2ba904f0187d7d074?s=96&d=mm&r=g\",\"contentUrl\":\"https:\\\/\\\/secure.gravatar.com\\\/avatar\\\/0049b1bdf1bd548385c9ea6b9356431717930913089febd2ba904f0187d7d074?s=96&d=mm&r=g\",\"caption\":\"Redactor Uno\"},\"url\":\"https:\\\/\\\/www.eldiariodetucuman.com\\\/web\\\/author\\\/mramasco\\\/\"}]}<\/script>\n<!-- \/ Yoast SEO plugin. -->","yoast_head_json":{"title":"D\u00f3nde se podr\u00e1 conseguir la canasta navide\u00f1a de $250 que lanzar\u00e1 Naci\u00f3n - El Diario de Tucuman","robots":{"index":"index","follow":"follow","max-snippet":"max-snippet:-1","max-image-preview":"max-image-preview:large","max-video-preview":"max-video-preview:-1"},"canonical":"https:\/\/www.eldiariodetucuman.com\/web\/donde-se-podra-conseguir-la-canasta-navidena-de-250-que-lanzara-nacion\/","og_locale":"es_ES","og_type":"article","og_title":"D\u00f3nde se podr\u00e1 conseguir la canasta navide\u00f1a de $250 que lanzar\u00e1 Naci\u00f3n - El Diario de Tucuman","og_description":"Contiene 5 productos y estar\u00e1 disponible para la venta, desde ma\u00f1ana.","og_url":"https:\/\/www.eldiariodetucuman.com\/web\/donde-se-podra-conseguir-la-canasta-navidena-de-250-que-lanzara-nacion\/","og_site_name":"El Diario de Tucuman","article_published_time":"2020-12-02T12:52:55+00:00","og_image":[{"width":700,"height":393,"url":"https:\/\/www.eldiariodetucuman.com\/web\/wp-content\/uploads\/2020\/12\/canasta-navidena.jpg","type":"image\/jpeg"}],"author":"Redactor Uno","twitter_card":"summary_large_image","twitter_misc":{"Escrito por":"Redactor Uno","Tiempo de lectura":"1 minuto"},"schema":{"@context":"https:\/\/schema.org","@graph":[{"@type":"Article","@id":"https:\/\/www.eldiariodetucuman.com\/web\/donde-se-podra-conseguir-la-canasta-navidena-de-250-que-lanzara-nacion\/#article","isPartOf":{"@id":"https:\/\/www.eldiariodetucuman.com\/web\/donde-se-podra-conseguir-la-canasta-navidena-de-250-que-lanzara-nacion\/"},"author":{"name":"Redactor Uno","@id":"https:\/\/www.eldiariodetucuman.com\/web\/#\/schema\/person\/7e6644a46e60888f6b868594407e08dd"},"headline":"D\u00f3nde se podr\u00e1 conseguir la canasta navide\u00f1a de $250 que lanzar\u00e1 Naci\u00f3n","datePublished":"2020-12-02T12:52:55+00:00","mainEntityOfPage":{"@id":"https:\/\/www.eldiariodetucuman.com\/web\/donde-se-podra-conseguir-la-canasta-navidena-de-250-que-lanzara-nacion\/"},"wordCount":195,"publisher":{"@id":"https:\/\/www.eldiariodetucuman.com\/web\/#organization"},"image":{"@id":"https:\/\/www.eldiariodetucuman.com\/web\/donde-se-podra-conseguir-la-canasta-navidena-de-250-que-lanzara-nacion\/#primaryimage"},"thumbnailUrl":"https:\/\/www.eldiariodetucuman.com\/web\/wp-content\/uploads\/2020\/12\/canasta-navidena.jpg","keywords":["canasta navide\u00f1a","supermercados","Tucuman"],"articleSection":["Actualidad"],"inLanguage":"es"},{"@type":"WebPage","@id":"https:\/\/www.eldiariodetucuman.com\/web\/donde-se-podra-conseguir-la-canasta-navidena-de-250-que-lanzara-nacion\/","url":"https:\/\/www.eldiariodetucuman.com\/web\/donde-se-podra-conseguir-la-canasta-navidena-de-250-que-lanzara-nacion\/","name":"D\u00f3nde se podr\u00e1 conseguir la canasta navide\u00f1a de $250 que lanzar\u00e1 Naci\u00f3n - El Diario de Tucuman","isPartOf":{"@id":"https:\/\/www.eldiariodetucuman.com\/web\/#website"},"primaryImageOfPage":{"@id":"https:\/\/www.eldiariodetucuman.com\/web\/donde-se-podra-conseguir-la-canasta-navidena-de-250-que-lanzara-nacion\/#primaryimage"},"image":{"@id":"https:\/\/www.eldiariodetucuman.com\/web\/donde-se-podra-conseguir-la-canasta-navidena-de-250-que-lanzara-nacion\/#primaryimage"},"thumbnailUrl":"https:\/\/www.eldiariodetucuman.com\/web\/wp-content\/uploads\/2020\/12\/canasta-navidena.jpg","datePublished":"2020-12-02T12:52:55+00:00","breadcrumb":{"@id":"https:\/\/www.eldiariodetucuman.com\/web\/donde-se-podra-conseguir-la-canasta-navidena-de-250-que-lanzara-nacion\/#breadcrumb"},"inLanguage":"es","potentialAction":[{"@type":"ReadAction","target":["https:\/\/www.eldiariodetucuman.com\/web\/donde-se-podra-conseguir-la-canasta-navidena-de-250-que-lanzara-nacion\/"]}]},{"@type":"ImageObject","inLanguage":"es","@id":"https:\/\/www.eldiariodetucuman.com\/web\/donde-se-podra-conseguir-la-canasta-navidena-de-250-que-lanzara-nacion\/#primaryimage","url":"https:\/\/www.eldiariodetucuman.com\/web\/wp-content\/uploads\/2020\/12\/canasta-navidena.jpg","contentUrl":"https:\/\/www.eldiariodetucuman.com\/web\/wp-content\/uploads\/2020\/12\/canasta-navidena.jpg","width":700,"height":393},{"@type":"BreadcrumbList","@id":"https:\/\/www.eldiariodetucuman.com\/web\/donde-se-podra-conseguir-la-canasta-navidena-de-250-que-lanzara-nacion\/#breadcrumb","itemListElement":[{"@type":"ListItem","position":1,"name":"Portada","item":"https:\/\/www.eldiariodetucuman.com\/web\/"},{"@type":"ListItem","position":2,"name":"D\u00f3nde se podr\u00e1 conseguir la canasta navide\u00f1a de $250 que lanzar\u00e1 Naci\u00f3n"}]},{"@type":"WebSite","@id":"https:\/\/www.eldiariodetucuman.com\/web\/#website","url":"https:\/\/www.eldiariodetucuman.com\/web\/","name":"El Diario de Tucuman","description":"Diario Tucuman - Informaci\u00f3n y noticias","publisher":{"@id":"https:\/\/www.eldiariodetucuman.com\/web\/#organization"},"potentialAction":[{"@type":"SearchAction","target":{"@type":"EntryPoint","urlTemplate":"https:\/\/www.eldiariodetucuman.com\/web\/?s={search_term_string}"},"query-input":{"@type":"PropertyValueSpecification","valueRequired":true,"valueName":"search_term_string"}}],"inLanguage":"es"},{"@type":"Organization","@id":"https:\/\/www.eldiariodetucuman.com\/web\/#organization","name":"El Diario de Tucuman","url":"https:\/\/www.eldiariodetucuman.com\/web\/","logo":{"@type":"ImageObject","inLanguage":"es","@id":"https:\/\/www.eldiariodetucuman.com\/web\/#\/schema\/logo\/image\/","url":"http:\/\/www.eldiariodetucuman.com\/web\/wp-content\/uploads\/2017\/12\/el-diario-de-tucuman.jpg","contentUrl":"http:\/\/www.eldiariodetucuman.com\/web\/wp-content\/uploads\/2017\/12\/el-diario-de-tucuman.jpg","width":272,"height":92,"caption":"El Diario de Tucuman"},"image":{"@id":"https:\/\/www.eldiariodetucuman.com\/web\/#\/schema\/logo\/image\/"}},{"@type":"Person","@id":"https:\/\/www.eldiariodetucuman.com\/web\/#\/schema\/person\/7e6644a46e60888f6b868594407e08dd","name":"Redactor Uno","image":{"@type":"ImageObject","inLanguage":"es","@id":"https:\/\/secure.gravatar.com\/avatar\/0049b1bdf1bd548385c9ea6b9356431717930913089febd2ba904f0187d7d074?s=96&d=mm&r=g","url":"https:\/\/secure.gravatar.com\/avatar\/0049b1bdf1bd548385c9ea6b9356431717930913089febd2ba904f0187d7d074?s=96&d=mm&r=g","contentUrl":"https:\/\/secure.gravatar.com\/avatar\/0049b1bdf1bd548385c9ea6b9356431717930913089febd2ba904f0187d7d074?s=96&d=mm&r=g","caption":"Redactor Uno"},"url":"https:\/\/www.eldiariodetucuman.com\/web\/author\/mramasco\/"}]}},"_links":{"self":[{"href":"https:\/\/www.eldiariodetucuman.com\/web\/wp-json\/wp\/v2\/posts\/29928","targetHints":{"allow":["GET"]}}],"collection":[{"href":"https:\/\/www.eldiariodetucuman.com\/web\/wp-json\/wp\/v2\/posts"}],"about":[{"href":"https:\/\/www.eldiariodetucuman.com\/web\/wp-json\/wp\/v2\/types\/post"}],"author":[{"embeddable":true,"href":"https:\/\/www.eldiariodetucuman.com\/web\/wp-json\/wp\/v2\/users\/5"}],"replies":[{"embeddable":true,"href":"https:\/\/www.eldiariodetucuman.com\/web\/wp-json\/wp\/v2\/comments?post=29928"}],"version-history":[{"count":1,"href":"https:\/\/www.eldiariodetucuman.com\/web\/wp-json\/wp\/v2\/posts\/29928\/revisions"}],"predecessor-version":[{"id":29930,"href":"https:\/\/www.eldiariodetucuman.com\/web\/wp-json\/wp\/v2\/posts\/29928\/revisions\/29930"}],"wp:featuredmedia":[{"embeddable":true,"href":"https:\/\/www.eldiariodetucuman.com\/web\/wp-json\/wp\/v2\/media\/29929"}],"wp:attachment":[{"href":"https:\/\/www.eldiariodetucuman.com\/web\/wp-json\/wp\/v2\/media?parent=29928"}],"wp:term":[{"taxonomy":"category","embeddable":true,"href":"https:\/\/www.eldiariodetucuman.com\/web\/wp-json\/wp\/v2\/categories?post=29928"},{"taxonomy":"post_tag","embeddable":true,"href":"https:\/\/www.eldiariodetucuman.com\/web\/wp-json\/wp\/v2\/tags?post=29928"}],"curies":[{"name":"wp","href":"https:\/\/api.w.org\/{rel}","templated":true}]}}