{"id":29921,"date":"2020-12-02T09:42:56","date_gmt":"2020-12-02T12:42:56","guid":{"rendered":"http:\/\/www.eldiariodetucuman.com\/web\/?p=29921"},"modified":"2020-12-02T09:42:56","modified_gmt":"2020-12-02T12:42:56","slug":"se-reactivo-el-turismo-en-tucuman-con-el-lanzamiento-de-la-temporada-en-buenos-aires","status":"publish","type":"post","link":"https:\/\/www.eldiariodetucuman.com\/web\/se-reactivo-el-turismo-en-tucuman-con-el-lanzamiento-de-la-temporada-en-buenos-aires\/","title":{"rendered":"Se reactiv\u00f3 el turismo en Tucum\u00e1n con el lanzamiento de la temporada en Buenos Aires"},"content":{"rendered":"<div class=\"post-header-area\">\n<p class=\"sumario\">El ministerio de Turismo y Deportes de Naci\u00f3n y el Ente Tucum\u00e1n Turismo brindaron una conferencia de prensa para informar la apertura de la actividad en la provincia.<\/p>\n<\/div>\n<p><!--more--><\/p>\n<div class=\"post-header-area\">\n<p class=\"sumario\">El auditorio del ministerio de Turismo y Deportes de la Naci\u00f3n, en la Ciudad Aut\u00f3noma de Buenos Aires, fue el escenario donde el ministro <strong>Mat\u00edas Lammens<\/strong>\u00a0y el presidente del Ente Aut\u00e1rquico Tucum\u00e1n Turismo (EATT),\u00a0<strong>Sebasti\u00e1n Giobellina<\/strong>, anunciaron la reapertura de la actividad tur\u00edstica en Tucum\u00e1n y el\u00a0<strong>lanzamiento de la temporada de verano.<\/strong><\/p>\n<p class=\"sumario\">Junto a ellos estuvieron presentes\u00a0<strong>Yanina Mart\u00ednez<\/strong>, secretaria de Promoci\u00f3n Tur\u00edstica de la Naci\u00f3n,\u00a0<strong>Jorge Neme<\/strong>, secretario de Relaciones Econ\u00f3micas Internacionales, y\u00a0<strong>Aldo El\u00edas<\/strong>, presidente de la C\u00e1mara Argentina de Turismo.<\/p>\n<p class=\"sumario\">Celebro que Tucum\u00e1n haya dado este paso adelante. Han estado desde siempre a la vanguardia, no han dejado de trabajar en todo este tiempo. Puedo dar fe del trabajo que vienen haciendo tanto el gobernador <strong>Juan Manzur<\/strong> como Sebasti\u00e1n (Giobellina) con su equipo, para el desarrollo del turismo de una provincia que tiene much\u00edsimo para ofrecer\u201d, resalt\u00f3 Lammens en la ocasi\u00f3n.<\/p>\n<p class=\"sumario\">El titular de la cartera nacional aclar\u00f3 que\u00a0<strong>la reapertura de la actividad no significa una flexibilizaci\u00f3n con los cuidados.<\/strong> \u201cCada vez que hablamos de la temporada, Salud siempre nos dice que no nos olvidemos de que va a ser una temporada diferente, que nos vamos a tener que cuidar y que tenemos algunos h\u00e1bitos que lamentablemente van a seguir estando como el tapaboca y la distancia social. Van a seguir estando entre nosotros por lo menos hasta la llegada de la vacuna y van a ser tan importantes para que no tengamos ning\u00fan rebrote\u201d, expres\u00f3.<\/p>\n<p class=\"sumario\">En este sentido, insisti\u00f3 en que\u00a0<strong>\u201ctenemos una situaci\u00f3n epidemiol\u00f3gica y sanitaria controlada,<\/strong> gracias al gran esfuerzo que hemos hecho en todos estos meses. No podemos tirar por la borda todo ese esfuerzo, pero tambi\u00e9n tenemos derecho a disfrutar, a vacacionar, a pasar tiempo en familia\u201d.<\/p>\n<p class=\"sumario\">Por su parte, Giobellina remarc\u00f3 que \u201cla noticia nos llena de alegr\u00eda y expectativa. Venimos de muchos meses muy complicados para nuestra actividad, por lo que agradecer fundamentalmente al ministro Lammens por toda la ayuda del Gobierno Nacional para apalancar la industria y poder salir adelante.\u00a0<strong>El turismo nunca hab\u00eda tenido una crisis como la de este a\u00f1o<\/strong>, y tampoco nunca se hab\u00eda invertido tanto para la recuperaci\u00f3n\u201d.<\/p>\n<p class=\"sumario\">Al respecto, agreg\u00f3 que \u201ctambi\u00e9n <strong>ha sido una resistencia estoica de las empresas del sector privado\u00a0<\/strong>para poder subsistir, y muy importante la\u00a0<strong>ayuda del gobierno de Tucum\u00e1n,<\/strong> que ha hecho grandes esfuerzos con exenci\u00f3n de impuestos a al\u00edcuota cero para impuestos provinciales, a lo que se sumaron los municipios. Tambi\u00e9n es para resaltar los subsidios y las l\u00edneas de cr\u00e9ditos a tasa cero que se pusieron a disposici\u00f3n del sector\u201d.<\/p>\n<p class=\"sumario\">Giobellina destac\u00f3 que \u201centre todos hemos ayudado a poder ir sobrellevando esta situaci\u00f3n por tantos meses, y ahora lleg\u00f3 el otro momento, el momento para el que nos estuvimos preparando\u201d.<\/p>\n<p class=\"sumario\">Por \u00faltimo, el presidente del EATT resalt\u00f3 la importancia del <strong>convenio firmado el pasado s\u00e1bado<\/strong>. \u201cQuiero destacar a las\u00a0<strong>provincias del norte argentino<\/strong>, que hemos sido la primera regi\u00f3n en ponernos de acuerdo tanto en protocolos como normas para tener un libre tr\u00e1nsito interprovincial e interjurisdiccional, lo que nos permite tener previsibilidad y ofrecer certezas\u201d.<\/p>\n<p class=\"sumario\">\u201cHa llegado la hora de andar, de viajar, de disfrutar. Disfrutemos nuestro pa\u00eds, est\u00e1n todos invitados a Tucum\u00e1n, que desde el d\u00eda de hoy abre sus puertas al turismo nacional\u201d, finaliz\u00f3.<\/p>\n<\/div>\n<div class=\"post-content-area\">\n<div><strong>Fuente:<\/strong> <a href=\"https:\/\/www.comunicaciontucuman.gob.ar\/noticia\/gobernacion\/200512\/tucuman-reabrio-sus-puertas-al-turismo-lanzo-temporada-buenos-aires\">https:\/\/www.comunicaciontucuman.gob.ar\/noticia\/gobernacion\/200512\/tucuman-reabrio-sus-puertas-al-turismo-lanzo-temporada-buenos-aires<\/a><\/div>\n<\/div>\n","protected":false},"excerpt":{"rendered":"<p>El ministerio de Turismo y Deportes de Naci\u00f3n y el Ente Tucum\u00e1n Turismo brindaron una conferencia de prensa para informar la apertura de la actividad en la provincia.<\/p>\n","protected":false},"author":5,"featured_media":29922,"comment_status":"closed","ping_status":"open","sticky":false,"template":"","format":"standard","meta":{"footnotes":""},"categories":[2],"tags":[1784,61,117],"class_list":{"0":"post-29921","1":"post","2":"type-post","3":"status-publish","4":"format-standard","5":"has-post-thumbnail","7":"category-actualidad","8":"tag-buenos-aires","9":"tag-tucuman","10":"tag-turismo"},"yoast_head":"<!-- This site is optimized with the Yoast SEO plugin v27.4 - https:\/\/yoast.com\/product\/yoast-seo-wordpress\/ -->\n<title>Se reactiv\u00f3 el turismo en Tucum\u00e1n con el lanzamiento de la temporada en Buenos Aires - El Diario de Tucuman<\/title>\n<meta name=\"robots\" content=\"index, follow, max-snippet:-1, max-image-preview:large, max-video-preview:-1\" \/>\n<link rel=\"canonical\" href=\"https:\/\/www.eldiariodetucuman.com\/web\/se-reactivo-el-turismo-en-tucuman-con-el-lanzamiento-de-la-temporada-en-buenos-aires\/\" \/>\n<meta property=\"og:locale\" content=\"es_ES\" \/>\n<meta property=\"og:type\" content=\"article\" \/>\n<meta property=\"og:title\" content=\"Se reactiv\u00f3 el turismo en Tucum\u00e1n con el lanzamiento de la temporada en Buenos Aires - El Diario de Tucuman\" \/>\n<meta property=\"og:description\" content=\"El ministerio de Turismo y Deportes de Naci\u00f3n y el Ente Tucum\u00e1n Turismo brindaron una conferencia de prensa para informar la apertura de la actividad en la provincia.\" \/>\n<meta property=\"og:url\" content=\"https:\/\/www.eldiariodetucuman.com\/web\/se-reactivo-el-turismo-en-tucuman-con-el-lanzamiento-de-la-temporada-en-buenos-aires\/\" \/>\n<meta property=\"og:site_name\" content=\"El Diario de Tucuman\" \/>\n<meta property=\"article:published_time\" content=\"2020-12-02T12:42:56+00:00\" \/>\n<meta property=\"og:image\" content=\"https:\/\/www.eldiariodetucuman.com\/web\/wp-content\/uploads\/2020\/12\/tuc-turismo.jpg\" \/>\n\t<meta property=\"og:image:width\" content=\"750\" \/>\n\t<meta property=\"og:image:height\" content=\"416\" \/>\n\t<meta property=\"og:image:type\" content=\"image\/jpeg\" \/>\n<meta name=\"author\" content=\"Redactor Uno\" \/>\n<meta name=\"twitter:card\" content=\"summary_large_image\" \/>\n<meta name=\"twitter:label1\" content=\"Escrito por\" \/>\n\t<meta name=\"twitter:data1\" content=\"Redactor Uno\" \/>\n\t<meta name=\"twitter:label2\" content=\"Tiempo de lectura\" \/>\n\t<meta name=\"twitter:data2\" content=\"3 minutos\" \/>\n<script type=\"application\/ld+json\" class=\"yoast-schema-graph\">{\"@context\":\"https:\\\/\\\/schema.org\",\"@graph\":[{\"@type\":\"Article\",\"@id\":\"https:\\\/\\\/www.eldiariodetucuman.com\\\/web\\\/se-reactivo-el-turismo-en-tucuman-con-el-lanzamiento-de-la-temporada-en-buenos-aires\\\/#article\",\"isPartOf\":{\"@id\":\"https:\\\/\\\/www.eldiariodetucuman.com\\\/web\\\/se-reactivo-el-turismo-en-tucuman-con-el-lanzamiento-de-la-temporada-en-buenos-aires\\\/\"},\"author\":{\"name\":\"Redactor Uno\",\"@id\":\"https:\\\/\\\/www.eldiariodetucuman.com\\\/web\\\/#\\\/schema\\\/person\\\/7e6644a46e60888f6b868594407e08dd\"},\"headline\":\"Se reactiv\u00f3 el turismo en Tucum\u00e1n con el lanzamiento de la temporada en Buenos Aires\",\"datePublished\":\"2020-12-02T12:42:56+00:00\",\"mainEntityOfPage\":{\"@id\":\"https:\\\/\\\/www.eldiariodetucuman.com\\\/web\\\/se-reactivo-el-turismo-en-tucuman-con-el-lanzamiento-de-la-temporada-en-buenos-aires\\\/\"},\"wordCount\":644,\"publisher\":{\"@id\":\"https:\\\/\\\/www.eldiariodetucuman.com\\\/web\\\/#organization\"},\"image\":{\"@id\":\"https:\\\/\\\/www.eldiariodetucuman.com\\\/web\\\/se-reactivo-el-turismo-en-tucuman-con-el-lanzamiento-de-la-temporada-en-buenos-aires\\\/#primaryimage\"},\"thumbnailUrl\":\"https:\\\/\\\/www.eldiariodetucuman.com\\\/web\\\/wp-content\\\/uploads\\\/2020\\\/12\\\/tuc-turismo.jpg\",\"keywords\":[\"buenos aires\",\"Tucuman\",\"Turismo\"],\"articleSection\":[\"Actualidad\"],\"inLanguage\":\"es\"},{\"@type\":\"WebPage\",\"@id\":\"https:\\\/\\\/www.eldiariodetucuman.com\\\/web\\\/se-reactivo-el-turismo-en-tucuman-con-el-lanzamiento-de-la-temporada-en-buenos-aires\\\/\",\"url\":\"https:\\\/\\\/www.eldiariodetucuman.com\\\/web\\\/se-reactivo-el-turismo-en-tucuman-con-el-lanzamiento-de-la-temporada-en-buenos-aires\\\/\",\"name\":\"Se reactiv\u00f3 el turismo en Tucum\u00e1n con el lanzamiento de la temporada en Buenos Aires - El Diario de Tucuman\",\"isPartOf\":{\"@id\":\"https:\\\/\\\/www.eldiariodetucuman.com\\\/web\\\/#website\"},\"primaryImageOfPage\":{\"@id\":\"https:\\\/\\\/www.eldiariodetucuman.com\\\/web\\\/se-reactivo-el-turismo-en-tucuman-con-el-lanzamiento-de-la-temporada-en-buenos-aires\\\/#primaryimage\"},\"image\":{\"@id\":\"https:\\\/\\\/www.eldiariodetucuman.com\\\/web\\\/se-reactivo-el-turismo-en-tucuman-con-el-lanzamiento-de-la-temporada-en-buenos-aires\\\/#primaryimage\"},\"thumbnailUrl\":\"https:\\\/\\\/www.eldiariodetucuman.com\\\/web\\\/wp-content\\\/uploads\\\/2020\\\/12\\\/tuc-turismo.jpg\",\"datePublished\":\"2020-12-02T12:42:56+00:00\",\"breadcrumb\":{\"@id\":\"https:\\\/\\\/www.eldiariodetucuman.com\\\/web\\\/se-reactivo-el-turismo-en-tucuman-con-el-lanzamiento-de-la-temporada-en-buenos-aires\\\/#breadcrumb\"},\"inLanguage\":\"es\",\"potentialAction\":[{\"@type\":\"ReadAction\",\"target\":[\"https:\\\/\\\/www.eldiariodetucuman.com\\\/web\\\/se-reactivo-el-turismo-en-tucuman-con-el-lanzamiento-de-la-temporada-en-buenos-aires\\\/\"]}]},{\"@type\":\"ImageObject\",\"inLanguage\":\"es\",\"@id\":\"https:\\\/\\\/www.eldiariodetucuman.com\\\/web\\\/se-reactivo-el-turismo-en-tucuman-con-el-lanzamiento-de-la-temporada-en-buenos-aires\\\/#primaryimage\",\"url\":\"https:\\\/\\\/www.eldiariodetucuman.com\\\/web\\\/wp-content\\\/uploads\\\/2020\\\/12\\\/tuc-turismo.jpg\",\"contentUrl\":\"https:\\\/\\\/www.eldiariodetucuman.com\\\/web\\\/wp-content\\\/uploads\\\/2020\\\/12\\\/tuc-turismo.jpg\",\"width\":750,\"height\":416},{\"@type\":\"BreadcrumbList\",\"@id\":\"https:\\\/\\\/www.eldiariodetucuman.com\\\/web\\\/se-reactivo-el-turismo-en-tucuman-con-el-lanzamiento-de-la-temporada-en-buenos-aires\\\/#breadcrumb\",\"itemListElement\":[{\"@type\":\"ListItem\",\"position\":1,\"name\":\"Portada\",\"item\":\"https:\\\/\\\/www.eldiariodetucuman.com\\\/web\\\/\"},{\"@type\":\"ListItem\",\"position\":2,\"name\":\"Se reactiv\u00f3 el turismo en Tucum\u00e1n con el lanzamiento de la temporada en Buenos Aires\"}]},{\"@type\":\"WebSite\",\"@id\":\"https:\\\/\\\/www.eldiariodetucuman.com\\\/web\\\/#website\",\"url\":\"https:\\\/\\\/www.eldiariodetucuman.com\\\/web\\\/\",\"name\":\"El Diario de Tucuman\",\"description\":\"Diario Tucuman - Informaci\u00f3n y noticias\",\"publisher\":{\"@id\":\"https:\\\/\\\/www.eldiariodetucuman.com\\\/web\\\/#organization\"},\"potentialAction\":[{\"@type\":\"SearchAction\",\"target\":{\"@type\":\"EntryPoint\",\"urlTemplate\":\"https:\\\/\\\/www.eldiariodetucuman.com\\\/web\\\/?s={search_term_string}\"},\"query-input\":{\"@type\":\"PropertyValueSpecification\",\"valueRequired\":true,\"valueName\":\"search_term_string\"}}],\"inLanguage\":\"es\"},{\"@type\":\"Organization\",\"@id\":\"https:\\\/\\\/www.eldiariodetucuman.com\\\/web\\\/#organization\",\"name\":\"El Diario de Tucuman\",\"url\":\"https:\\\/\\\/www.eldiariodetucuman.com\\\/web\\\/\",\"logo\":{\"@type\":\"ImageObject\",\"inLanguage\":\"es\",\"@id\":\"https:\\\/\\\/www.eldiariodetucuman.com\\\/web\\\/#\\\/schema\\\/logo\\\/image\\\/\",\"url\":\"http:\\\/\\\/www.eldiariodetucuman.com\\\/web\\\/wp-content\\\/uploads\\\/2017\\\/12\\\/el-diario-de-tucuman.jpg\",\"contentUrl\":\"http:\\\/\\\/www.eldiariodetucuman.com\\\/web\\\/wp-content\\\/uploads\\\/2017\\\/12\\\/el-diario-de-tucuman.jpg\",\"width\":272,\"height\":92,\"caption\":\"El Diario de Tucuman\"},\"image\":{\"@id\":\"https:\\\/\\\/www.eldiariodetucuman.com\\\/web\\\/#\\\/schema\\\/logo\\\/image\\\/\"}},{\"@type\":\"Person\",\"@id\":\"https:\\\/\\\/www.eldiariodetucuman.com\\\/web\\\/#\\\/schema\\\/person\\\/7e6644a46e60888f6b868594407e08dd\",\"name\":\"Redactor Uno\",\"image\":{\"@type\":\"ImageObject\",\"inLanguage\":\"es\",\"@id\":\"https:\\\/\\\/secure.gravatar.com\\\/avatar\\\/0049b1bdf1bd548385c9ea6b9356431717930913089febd2ba904f0187d7d074?s=96&d=mm&r=g\",\"url\":\"https:\\\/\\\/secure.gravatar.com\\\/avatar\\\/0049b1bdf1bd548385c9ea6b9356431717930913089febd2ba904f0187d7d074?s=96&d=mm&r=g\",\"contentUrl\":\"https:\\\/\\\/secure.gravatar.com\\\/avatar\\\/0049b1bdf1bd548385c9ea6b9356431717930913089febd2ba904f0187d7d074?s=96&d=mm&r=g\",\"caption\":\"Redactor Uno\"},\"url\":\"https:\\\/\\\/www.eldiariodetucuman.com\\\/web\\\/author\\\/mramasco\\\/\"}]}<\/script>\n<!-- \/ Yoast SEO plugin. -->","yoast_head_json":{"title":"Se reactiv\u00f3 el turismo en Tucum\u00e1n con el lanzamiento de la temporada en Buenos Aires - El Diario de Tucuman","robots":{"index":"index","follow":"follow","max-snippet":"max-snippet:-1","max-image-preview":"max-image-preview:large","max-video-preview":"max-video-preview:-1"},"canonical":"https:\/\/www.eldiariodetucuman.com\/web\/se-reactivo-el-turismo-en-tucuman-con-el-lanzamiento-de-la-temporada-en-buenos-aires\/","og_locale":"es_ES","og_type":"article","og_title":"Se reactiv\u00f3 el turismo en Tucum\u00e1n con el lanzamiento de la temporada en Buenos Aires - El Diario de Tucuman","og_description":"El ministerio de Turismo y Deportes de Naci\u00f3n y el Ente Tucum\u00e1n Turismo brindaron una conferencia de prensa para informar la apertura de la actividad en la provincia.","og_url":"https:\/\/www.eldiariodetucuman.com\/web\/se-reactivo-el-turismo-en-tucuman-con-el-lanzamiento-de-la-temporada-en-buenos-aires\/","og_site_name":"El Diario de Tucuman","article_published_time":"2020-12-02T12:42:56+00:00","og_image":[{"width":750,"height":416,"url":"https:\/\/www.eldiariodetucuman.com\/web\/wp-content\/uploads\/2020\/12\/tuc-turismo.jpg","type":"image\/jpeg"}],"author":"Redactor Uno","twitter_card":"summary_large_image","twitter_misc":{"Escrito por":"Redactor Uno","Tiempo de lectura":"3 minutos"},"schema":{"@context":"https:\/\/schema.org","@graph":[{"@type":"Article","@id":"https:\/\/www.eldiariodetucuman.com\/web\/se-reactivo-el-turismo-en-tucuman-con-el-lanzamiento-de-la-temporada-en-buenos-aires\/#article","isPartOf":{"@id":"https:\/\/www.eldiariodetucuman.com\/web\/se-reactivo-el-turismo-en-tucuman-con-el-lanzamiento-de-la-temporada-en-buenos-aires\/"},"author":{"name":"Redactor Uno","@id":"https:\/\/www.eldiariodetucuman.com\/web\/#\/schema\/person\/7e6644a46e60888f6b868594407e08dd"},"headline":"Se reactiv\u00f3 el turismo en Tucum\u00e1n con el lanzamiento de la temporada en Buenos Aires","datePublished":"2020-12-02T12:42:56+00:00","mainEntityOfPage":{"@id":"https:\/\/www.eldiariodetucuman.com\/web\/se-reactivo-el-turismo-en-tucuman-con-el-lanzamiento-de-la-temporada-en-buenos-aires\/"},"wordCount":644,"publisher":{"@id":"https:\/\/www.eldiariodetucuman.com\/web\/#organization"},"image":{"@id":"https:\/\/www.eldiariodetucuman.com\/web\/se-reactivo-el-turismo-en-tucuman-con-el-lanzamiento-de-la-temporada-en-buenos-aires\/#primaryimage"},"thumbnailUrl":"https:\/\/www.eldiariodetucuman.com\/web\/wp-content\/uploads\/2020\/12\/tuc-turismo.jpg","keywords":["buenos aires","Tucuman","Turismo"],"articleSection":["Actualidad"],"inLanguage":"es"},{"@type":"WebPage","@id":"https:\/\/www.eldiariodetucuman.com\/web\/se-reactivo-el-turismo-en-tucuman-con-el-lanzamiento-de-la-temporada-en-buenos-aires\/","url":"https:\/\/www.eldiariodetucuman.com\/web\/se-reactivo-el-turismo-en-tucuman-con-el-lanzamiento-de-la-temporada-en-buenos-aires\/","name":"Se reactiv\u00f3 el turismo en Tucum\u00e1n con el lanzamiento de la temporada en Buenos Aires - El Diario de Tucuman","isPartOf":{"@id":"https:\/\/www.eldiariodetucuman.com\/web\/#website"},"primaryImageOfPage":{"@id":"https:\/\/www.eldiariodetucuman.com\/web\/se-reactivo-el-turismo-en-tucuman-con-el-lanzamiento-de-la-temporada-en-buenos-aires\/#primaryimage"},"image":{"@id":"https:\/\/www.eldiariodetucuman.com\/web\/se-reactivo-el-turismo-en-tucuman-con-el-lanzamiento-de-la-temporada-en-buenos-aires\/#primaryimage"},"thumbnailUrl":"https:\/\/www.eldiariodetucuman.com\/web\/wp-content\/uploads\/2020\/12\/tuc-turismo.jpg","datePublished":"2020-12-02T12:42:56+00:00","breadcrumb":{"@id":"https:\/\/www.eldiariodetucuman.com\/web\/se-reactivo-el-turismo-en-tucuman-con-el-lanzamiento-de-la-temporada-en-buenos-aires\/#breadcrumb"},"inLanguage":"es","potentialAction":[{"@type":"ReadAction","target":["https:\/\/www.eldiariodetucuman.com\/web\/se-reactivo-el-turismo-en-tucuman-con-el-lanzamiento-de-la-temporada-en-buenos-aires\/"]}]},{"@type":"ImageObject","inLanguage":"es","@id":"https:\/\/www.eldiariodetucuman.com\/web\/se-reactivo-el-turismo-en-tucuman-con-el-lanzamiento-de-la-temporada-en-buenos-aires\/#primaryimage","url":"https:\/\/www.eldiariodetucuman.com\/web\/wp-content\/uploads\/2020\/12\/tuc-turismo.jpg","contentUrl":"https:\/\/www.eldiariodetucuman.com\/web\/wp-content\/uploads\/2020\/12\/tuc-turismo.jpg","width":750,"height":416},{"@type":"BreadcrumbList","@id":"https:\/\/www.eldiariodetucuman.com\/web\/se-reactivo-el-turismo-en-tucuman-con-el-lanzamiento-de-la-temporada-en-buenos-aires\/#breadcrumb","itemListElement":[{"@type":"ListItem","position":1,"name":"Portada","item":"https:\/\/www.eldiariodetucuman.com\/web\/"},{"@type":"ListItem","position":2,"name":"Se reactiv\u00f3 el turismo en Tucum\u00e1n con el lanzamiento de la temporada en Buenos Aires"}]},{"@type":"WebSite","@id":"https:\/\/www.eldiariodetucuman.com\/web\/#website","url":"https:\/\/www.eldiariodetucuman.com\/web\/","name":"El Diario de Tucuman","description":"Diario Tucuman - Informaci\u00f3n y noticias","publisher":{"@id":"https:\/\/www.eldiariodetucuman.com\/web\/#organization"},"potentialAction":[{"@type":"SearchAction","target":{"@type":"EntryPoint","urlTemplate":"https:\/\/www.eldiariodetucuman.com\/web\/?s={search_term_string}"},"query-input":{"@type":"PropertyValueSpecification","valueRequired":true,"valueName":"search_term_string"}}],"inLanguage":"es"},{"@type":"Organization","@id":"https:\/\/www.eldiariodetucuman.com\/web\/#organization","name":"El Diario de Tucuman","url":"https:\/\/www.eldiariodetucuman.com\/web\/","logo":{"@type":"ImageObject","inLanguage":"es","@id":"https:\/\/www.eldiariodetucuman.com\/web\/#\/schema\/logo\/image\/","url":"http:\/\/www.eldiariodetucuman.com\/web\/wp-content\/uploads\/2017\/12\/el-diario-de-tucuman.jpg","contentUrl":"http:\/\/www.eldiariodetucuman.com\/web\/wp-content\/uploads\/2017\/12\/el-diario-de-tucuman.jpg","width":272,"height":92,"caption":"El Diario de Tucuman"},"image":{"@id":"https:\/\/www.eldiariodetucuman.com\/web\/#\/schema\/logo\/image\/"}},{"@type":"Person","@id":"https:\/\/www.eldiariodetucuman.com\/web\/#\/schema\/person\/7e6644a46e60888f6b868594407e08dd","name":"Redactor Uno","image":{"@type":"ImageObject","inLanguage":"es","@id":"https:\/\/secure.gravatar.com\/avatar\/0049b1bdf1bd548385c9ea6b9356431717930913089febd2ba904f0187d7d074?s=96&d=mm&r=g","url":"https:\/\/secure.gravatar.com\/avatar\/0049b1bdf1bd548385c9ea6b9356431717930913089febd2ba904f0187d7d074?s=96&d=mm&r=g","contentUrl":"https:\/\/secure.gravatar.com\/avatar\/0049b1bdf1bd548385c9ea6b9356431717930913089febd2ba904f0187d7d074?s=96&d=mm&r=g","caption":"Redactor Uno"},"url":"https:\/\/www.eldiariodetucuman.com\/web\/author\/mramasco\/"}]}},"_links":{"self":[{"href":"https:\/\/www.eldiariodetucuman.com\/web\/wp-json\/wp\/v2\/posts\/29921","targetHints":{"allow":["GET"]}}],"collection":[{"href":"https:\/\/www.eldiariodetucuman.com\/web\/wp-json\/wp\/v2\/posts"}],"about":[{"href":"https:\/\/www.eldiariodetucuman.com\/web\/wp-json\/wp\/v2\/types\/post"}],"author":[{"embeddable":true,"href":"https:\/\/www.eldiariodetucuman.com\/web\/wp-json\/wp\/v2\/users\/5"}],"replies":[{"embeddable":true,"href":"https:\/\/www.eldiariodetucuman.com\/web\/wp-json\/wp\/v2\/comments?post=29921"}],"version-history":[{"count":1,"href":"https:\/\/www.eldiariodetucuman.com\/web\/wp-json\/wp\/v2\/posts\/29921\/revisions"}],"predecessor-version":[{"id":29923,"href":"https:\/\/www.eldiariodetucuman.com\/web\/wp-json\/wp\/v2\/posts\/29921\/revisions\/29923"}],"wp:featuredmedia":[{"embeddable":true,"href":"https:\/\/www.eldiariodetucuman.com\/web\/wp-json\/wp\/v2\/media\/29922"}],"wp:attachment":[{"href":"https:\/\/www.eldiariodetucuman.com\/web\/wp-json\/wp\/v2\/media?parent=29921"}],"wp:term":[{"taxonomy":"category","embeddable":true,"href":"https:\/\/www.eldiariodetucuman.com\/web\/wp-json\/wp\/v2\/categories?post=29921"},{"taxonomy":"post_tag","embeddable":true,"href":"https:\/\/www.eldiariodetucuman.com\/web\/wp-json\/wp\/v2\/tags?post=29921"}],"curies":[{"name":"wp","href":"https:\/\/api.w.org\/{rel}","templated":true}]}}