{"id":29788,"date":"2020-11-19T11:17:55","date_gmt":"2020-11-19T14:17:55","guid":{"rendered":"http:\/\/www.eldiariodetucuman.com\/web\/?p=29788"},"modified":"2020-11-19T11:17:55","modified_gmt":"2020-11-19T14:17:55","slug":"servicios-confirman-que-las-tarifas-aumentaran-despues-de-marzo","status":"publish","type":"post","link":"https:\/\/www.eldiariodetucuman.com\/web\/servicios-confirman-que-las-tarifas-aumentaran-despues-de-marzo\/","title":{"rendered":"Servicios: confirman que las tarifas aumentar\u00e1n despu\u00e9s de marzo"},"content":{"rendered":"<header class=\"entry-header\"><\/header>\n<div class=\"entry-content herald-entry-content\">\n<div class=\"addtoany_share_save_container addtoany_content addtoany_content_top\">\n<div class=\"a2a_kit a2a_kit_size_32 addtoany_list\" data-a2a-url=\"http:\/\/www.losprimeros.tv\/nota\/200302\/el-gobierno-confirmo-que-las-tarifas-aumentaran-despues-de-marzo.html\" data-a2a-title=\"El Gobierno confirm\u00f3 que las tarifas aumentar\u00e1n despu\u00e9s de marzo\">El Gobierno no tiene previsto ajustar tarifas este a\u00f1o y reci\u00e9n empezar\u00e1 a definir las subas para marzo pr\u00f3ximo, afirm\u00f3 este mi\u00e9rcoles el presidente <strong>Alberto Fern\u00e1ndez<\/strong>, quien adem\u00e1s prometi\u00f3 que no ser\u00e1n dolarizadas.<\/div>\n<\/div>\n<\/div>\n<p><!--more--><\/p>\n<div class=\"entry-content herald-entry-content\">\n<p>\u201c<strong>No est\u00e1 previsto que las tarifas se ajusten este a\u00f1o. Calculo que a partir de marzo vamos a discutir c\u00f3mo se corrigen<\/strong>\u201d, se\u00f1al\u00f3.<\/p>\n<p>Prometi\u00f3 que el Gobierno \u2018terminar\u00e1\u2018 con la dolarizaci\u00f3n en el costo de los servicios p\u00fablicos para los usuarios.<\/p>\n<p>El presidente sostuvo que los futuros incrementos comenzar\u00e1n a analizarse a partir de marzo pr\u00f3ximo.<\/p>\n<p>En declaraciones a C5N, Fern\u00e1ndez dijo que se van a \u201c<strong>buscar mecanismos para que los ajustes sean pagables<\/strong>\u201d.<\/p>\n<p>\u201c<strong>La dolarizaci\u00f3n de las tarifas de servicios p\u00fablicos se termin\u00f3 en la Argentina. Vamos a buscar mecanismos de actualizaci\u00f3n de tarifas que sean pagables por los argentinos<\/strong>\u201d, enfatiz\u00f3.<\/p>\n<p>El Gobierno congel\u00f3 los aumentos de tarifas de luz, gas y agua, entre otros, hasta fin de a\u00f1o, cuando estall\u00f3 la pandemia.<\/p>\n<p>El secretario de Energ\u00eda,\u00a0<strong>Dar\u00edo Mart\u00ednez<\/strong>, ya hab\u00eda anticipado que desde 2021 se iba a producir una correcci\u00f3n, que ahora el Presidente confirm\u00f3 que ser\u00e1 discutida desde marzo.<\/p>\n<p>Hasta tanto pierda vigencia la\u00a0<strong>Ley de Solidaridad<\/strong>\u00a0sancionada en diciembre \u00faltimo, la\u00a0<strong>Secretar\u00eda de Energ\u00eda<\/strong>\u00a0trabaja en un nuevo esquema de aumentos con subsidios sectorizados.<\/p>\n<p>El objetivo es anunciar una suba discriminada, donde el Estado aporte m\u00e1s o menos subsidios seg\u00fan la realidad econ\u00f3mica de las familias.<\/p>\n<p>Seg\u00fan trascendi\u00f3, el 40% de la poblaci\u00f3n que vive en situaci\u00f3n de pobreza no ser\u00e1 alcanzada por los aumentos de tarifas, al menos durante el pr\u00f3ximo a\u00f1o, y parte de la suba en otros sectores ser\u00e1 absorbida por el Estado con subsidios y las propias distribuidoras.<\/p>\n<p>Seg\u00fan el an\u00e1lisis que realiza Energ\u00eda, otro 45% de los usuarios que no ser\u00e1n alcanzados por la exclusi\u00f3n del aumento deber\u00edan afrontar una suba tarifaria similar a la de la inflaci\u00f3n, calculada para 2021 en el Presupuesto en 29%.<\/p>\n<p>El 15% restante de la poblaci\u00f3n de altos ingresos afrontar\u00eda una actualizaci\u00f3n cercana al 70% que reclaman las energ\u00e9ticas por el retraso tarifario, buscando minimizar el impacto del aumentos en sectores de menores recursos.<\/p>\n<p>Para las distribuidoras, la luz y el gas deber\u00edan ajustarse en torno al 70%, tras dos a\u00f1os sin retoques de los cuadros tarifarios.<\/p>\n<p><strong>Fuente:<\/strong> <a href=\"http:\/\/www.losprimeros.tv\/nota\/200302\/el-gobierno-confirmo-que-las-tarifas-aumentaran-despues-de-marzo.html\">http:\/\/www.losprimeros.tv\/nota\/200302\/el-gobierno-confirmo-que-las-tarifas-aumentaran-despues-de-marzo.html<\/a><\/p>\n<\/div>\n","protected":false},"excerpt":{"rendered":"<p>El Gobierno no tiene previsto ajustar tarifas este a\u00f1o y reci\u00e9n empezar\u00e1 a definir las subas para marzo pr\u00f3ximo, afirm\u00f3 este mi\u00e9rcoles el presidente Alberto Fern\u00e1ndez, quien adem\u00e1s prometi\u00f3 que no ser\u00e1n dolarizadas.<\/p>\n","protected":false},"author":5,"featured_media":29790,"comment_status":"closed","ping_status":"open","sticky":false,"template":"","format":"standard","meta":{"footnotes":""},"categories":[2],"tags":[847,1148,204,61],"class_list":{"0":"post-29788","1":"post","2":"type-post","3":"status-publish","4":"format-standard","5":"has-post-thumbnail","7":"category-actualidad","8":"tag-economia","9":"tag-servicios","10":"tag-tarifas","11":"tag-tucuman"},"yoast_head":"<!-- This site is optimized with the Yoast SEO plugin v27.4 - https:\/\/yoast.com\/product\/yoast-seo-wordpress\/ -->\n<title>Servicios: confirman que las tarifas aumentar\u00e1n despu\u00e9s de marzo - El Diario de Tucuman<\/title>\n<meta name=\"robots\" content=\"index, follow, max-snippet:-1, max-image-preview:large, max-video-preview:-1\" \/>\n<link rel=\"canonical\" href=\"https:\/\/www.eldiariodetucuman.com\/web\/servicios-confirman-que-las-tarifas-aumentaran-despues-de-marzo\/\" \/>\n<meta property=\"og:locale\" content=\"es_ES\" \/>\n<meta property=\"og:type\" content=\"article\" \/>\n<meta property=\"og:title\" content=\"Servicios: confirman que las tarifas aumentar\u00e1n despu\u00e9s de marzo - El Diario de Tucuman\" \/>\n<meta property=\"og:description\" content=\"El Gobierno no tiene previsto ajustar tarifas este a\u00f1o y reci\u00e9n empezar\u00e1 a definir las subas para marzo pr\u00f3ximo, afirm\u00f3 este mi\u00e9rcoles el presidente Alberto Fern\u00e1ndez, quien adem\u00e1s prometi\u00f3 que no ser\u00e1n dolarizadas.\" \/>\n<meta property=\"og:url\" content=\"https:\/\/www.eldiariodetucuman.com\/web\/servicios-confirman-que-las-tarifas-aumentaran-despues-de-marzo\/\" \/>\n<meta property=\"og:site_name\" content=\"El Diario de Tucuman\" \/>\n<meta property=\"article:published_time\" content=\"2020-11-19T14:17:55+00:00\" \/>\n<meta property=\"og:image\" content=\"https:\/\/www.eldiariodetucuman.com\/web\/wp-content\/uploads\/2020\/11\/aumentos-servicios-1.jpg\" \/>\n\t<meta property=\"og:image:width\" content=\"800\" \/>\n\t<meta property=\"og:image:height\" content=\"453\" \/>\n\t<meta property=\"og:image:type\" content=\"image\/jpeg\" \/>\n<meta name=\"author\" content=\"Redactor Uno\" \/>\n<meta name=\"twitter:card\" content=\"summary_large_image\" \/>\n<meta name=\"twitter:label1\" content=\"Escrito por\" \/>\n\t<meta name=\"twitter:data1\" content=\"Redactor Uno\" \/>\n\t<meta name=\"twitter:label2\" content=\"Tiempo de lectura\" \/>\n\t<meta name=\"twitter:data2\" content=\"2 minutos\" \/>\n<script type=\"application\/ld+json\" class=\"yoast-schema-graph\">{\"@context\":\"https:\\\/\\\/schema.org\",\"@graph\":[{\"@type\":\"Article\",\"@id\":\"https:\\\/\\\/www.eldiariodetucuman.com\\\/web\\\/servicios-confirman-que-las-tarifas-aumentaran-despues-de-marzo\\\/#article\",\"isPartOf\":{\"@id\":\"https:\\\/\\\/www.eldiariodetucuman.com\\\/web\\\/servicios-confirman-que-las-tarifas-aumentaran-despues-de-marzo\\\/\"},\"author\":{\"name\":\"Redactor Uno\",\"@id\":\"https:\\\/\\\/www.eldiariodetucuman.com\\\/web\\\/#\\\/schema\\\/person\\\/7e6644a46e60888f6b868594407e08dd\"},\"headline\":\"Servicios: confirman que las tarifas aumentar\u00e1n despu\u00e9s de marzo\",\"datePublished\":\"2020-11-19T14:17:55+00:00\",\"mainEntityOfPage\":{\"@id\":\"https:\\\/\\\/www.eldiariodetucuman.com\\\/web\\\/servicios-confirman-que-las-tarifas-aumentaran-despues-de-marzo\\\/\"},\"wordCount\":434,\"publisher\":{\"@id\":\"https:\\\/\\\/www.eldiariodetucuman.com\\\/web\\\/#organization\"},\"image\":{\"@id\":\"https:\\\/\\\/www.eldiariodetucuman.com\\\/web\\\/servicios-confirman-que-las-tarifas-aumentaran-despues-de-marzo\\\/#primaryimage\"},\"thumbnailUrl\":\"https:\\\/\\\/www.eldiariodetucuman.com\\\/web\\\/wp-content\\\/uploads\\\/2020\\\/11\\\/aumentos-servicios-1.jpg\",\"keywords\":[\"economia\",\"servicios\",\"tarifas\",\"Tucuman\"],\"articleSection\":[\"Actualidad\"],\"inLanguage\":\"es\"},{\"@type\":\"WebPage\",\"@id\":\"https:\\\/\\\/www.eldiariodetucuman.com\\\/web\\\/servicios-confirman-que-las-tarifas-aumentaran-despues-de-marzo\\\/\",\"url\":\"https:\\\/\\\/www.eldiariodetucuman.com\\\/web\\\/servicios-confirman-que-las-tarifas-aumentaran-despues-de-marzo\\\/\",\"name\":\"Servicios: confirman que las tarifas aumentar\u00e1n despu\u00e9s de marzo - El Diario de Tucuman\",\"isPartOf\":{\"@id\":\"https:\\\/\\\/www.eldiariodetucuman.com\\\/web\\\/#website\"},\"primaryImageOfPage\":{\"@id\":\"https:\\\/\\\/www.eldiariodetucuman.com\\\/web\\\/servicios-confirman-que-las-tarifas-aumentaran-despues-de-marzo\\\/#primaryimage\"},\"image\":{\"@id\":\"https:\\\/\\\/www.eldiariodetucuman.com\\\/web\\\/servicios-confirman-que-las-tarifas-aumentaran-despues-de-marzo\\\/#primaryimage\"},\"thumbnailUrl\":\"https:\\\/\\\/www.eldiariodetucuman.com\\\/web\\\/wp-content\\\/uploads\\\/2020\\\/11\\\/aumentos-servicios-1.jpg\",\"datePublished\":\"2020-11-19T14:17:55+00:00\",\"breadcrumb\":{\"@id\":\"https:\\\/\\\/www.eldiariodetucuman.com\\\/web\\\/servicios-confirman-que-las-tarifas-aumentaran-despues-de-marzo\\\/#breadcrumb\"},\"inLanguage\":\"es\",\"potentialAction\":[{\"@type\":\"ReadAction\",\"target\":[\"https:\\\/\\\/www.eldiariodetucuman.com\\\/web\\\/servicios-confirman-que-las-tarifas-aumentaran-despues-de-marzo\\\/\"]}]},{\"@type\":\"ImageObject\",\"inLanguage\":\"es\",\"@id\":\"https:\\\/\\\/www.eldiariodetucuman.com\\\/web\\\/servicios-confirman-que-las-tarifas-aumentaran-despues-de-marzo\\\/#primaryimage\",\"url\":\"https:\\\/\\\/www.eldiariodetucuman.com\\\/web\\\/wp-content\\\/uploads\\\/2020\\\/11\\\/aumentos-servicios-1.jpg\",\"contentUrl\":\"https:\\\/\\\/www.eldiariodetucuman.com\\\/web\\\/wp-content\\\/uploads\\\/2020\\\/11\\\/aumentos-servicios-1.jpg\",\"width\":800,\"height\":453},{\"@type\":\"BreadcrumbList\",\"@id\":\"https:\\\/\\\/www.eldiariodetucuman.com\\\/web\\\/servicios-confirman-que-las-tarifas-aumentaran-despues-de-marzo\\\/#breadcrumb\",\"itemListElement\":[{\"@type\":\"ListItem\",\"position\":1,\"name\":\"Portada\",\"item\":\"https:\\\/\\\/www.eldiariodetucuman.com\\\/web\\\/\"},{\"@type\":\"ListItem\",\"position\":2,\"name\":\"Servicios: confirman que las tarifas aumentar\u00e1n despu\u00e9s de marzo\"}]},{\"@type\":\"WebSite\",\"@id\":\"https:\\\/\\\/www.eldiariodetucuman.com\\\/web\\\/#website\",\"url\":\"https:\\\/\\\/www.eldiariodetucuman.com\\\/web\\\/\",\"name\":\"El Diario de Tucuman\",\"description\":\"Diario Tucuman - Informaci\u00f3n y noticias\",\"publisher\":{\"@id\":\"https:\\\/\\\/www.eldiariodetucuman.com\\\/web\\\/#organization\"},\"potentialAction\":[{\"@type\":\"SearchAction\",\"target\":{\"@type\":\"EntryPoint\",\"urlTemplate\":\"https:\\\/\\\/www.eldiariodetucuman.com\\\/web\\\/?s={search_term_string}\"},\"query-input\":{\"@type\":\"PropertyValueSpecification\",\"valueRequired\":true,\"valueName\":\"search_term_string\"}}],\"inLanguage\":\"es\"},{\"@type\":\"Organization\",\"@id\":\"https:\\\/\\\/www.eldiariodetucuman.com\\\/web\\\/#organization\",\"name\":\"El Diario de Tucuman\",\"url\":\"https:\\\/\\\/www.eldiariodetucuman.com\\\/web\\\/\",\"logo\":{\"@type\":\"ImageObject\",\"inLanguage\":\"es\",\"@id\":\"https:\\\/\\\/www.eldiariodetucuman.com\\\/web\\\/#\\\/schema\\\/logo\\\/image\\\/\",\"url\":\"http:\\\/\\\/www.eldiariodetucuman.com\\\/web\\\/wp-content\\\/uploads\\\/2017\\\/12\\\/el-diario-de-tucuman.jpg\",\"contentUrl\":\"http:\\\/\\\/www.eldiariodetucuman.com\\\/web\\\/wp-content\\\/uploads\\\/2017\\\/12\\\/el-diario-de-tucuman.jpg\",\"width\":272,\"height\":92,\"caption\":\"El Diario de Tucuman\"},\"image\":{\"@id\":\"https:\\\/\\\/www.eldiariodetucuman.com\\\/web\\\/#\\\/schema\\\/logo\\\/image\\\/\"}},{\"@type\":\"Person\",\"@id\":\"https:\\\/\\\/www.eldiariodetucuman.com\\\/web\\\/#\\\/schema\\\/person\\\/7e6644a46e60888f6b868594407e08dd\",\"name\":\"Redactor Uno\",\"image\":{\"@type\":\"ImageObject\",\"inLanguage\":\"es\",\"@id\":\"https:\\\/\\\/secure.gravatar.com\\\/avatar\\\/0049b1bdf1bd548385c9ea6b9356431717930913089febd2ba904f0187d7d074?s=96&d=mm&r=g\",\"url\":\"https:\\\/\\\/secure.gravatar.com\\\/avatar\\\/0049b1bdf1bd548385c9ea6b9356431717930913089febd2ba904f0187d7d074?s=96&d=mm&r=g\",\"contentUrl\":\"https:\\\/\\\/secure.gravatar.com\\\/avatar\\\/0049b1bdf1bd548385c9ea6b9356431717930913089febd2ba904f0187d7d074?s=96&d=mm&r=g\",\"caption\":\"Redactor Uno\"},\"url\":\"https:\\\/\\\/www.eldiariodetucuman.com\\\/web\\\/author\\\/mramasco\\\/\"}]}<\/script>\n<!-- \/ Yoast SEO plugin. -->","yoast_head_json":{"title":"Servicios: confirman que las tarifas aumentar\u00e1n despu\u00e9s de marzo - El Diario de Tucuman","robots":{"index":"index","follow":"follow","max-snippet":"max-snippet:-1","max-image-preview":"max-image-preview:large","max-video-preview":"max-video-preview:-1"},"canonical":"https:\/\/www.eldiariodetucuman.com\/web\/servicios-confirman-que-las-tarifas-aumentaran-despues-de-marzo\/","og_locale":"es_ES","og_type":"article","og_title":"Servicios: confirman que las tarifas aumentar\u00e1n despu\u00e9s de marzo - El Diario de Tucuman","og_description":"El Gobierno no tiene previsto ajustar tarifas este a\u00f1o y reci\u00e9n empezar\u00e1 a definir las subas para marzo pr\u00f3ximo, afirm\u00f3 este mi\u00e9rcoles el presidente Alberto Fern\u00e1ndez, quien adem\u00e1s prometi\u00f3 que no ser\u00e1n dolarizadas.","og_url":"https:\/\/www.eldiariodetucuman.com\/web\/servicios-confirman-que-las-tarifas-aumentaran-despues-de-marzo\/","og_site_name":"El Diario de Tucuman","article_published_time":"2020-11-19T14:17:55+00:00","og_image":[{"width":800,"height":453,"url":"https:\/\/www.eldiariodetucuman.com\/web\/wp-content\/uploads\/2020\/11\/aumentos-servicios-1.jpg","type":"image\/jpeg"}],"author":"Redactor Uno","twitter_card":"summary_large_image","twitter_misc":{"Escrito por":"Redactor Uno","Tiempo de lectura":"2 minutos"},"schema":{"@context":"https:\/\/schema.org","@graph":[{"@type":"Article","@id":"https:\/\/www.eldiariodetucuman.com\/web\/servicios-confirman-que-las-tarifas-aumentaran-despues-de-marzo\/#article","isPartOf":{"@id":"https:\/\/www.eldiariodetucuman.com\/web\/servicios-confirman-que-las-tarifas-aumentaran-despues-de-marzo\/"},"author":{"name":"Redactor Uno","@id":"https:\/\/www.eldiariodetucuman.com\/web\/#\/schema\/person\/7e6644a46e60888f6b868594407e08dd"},"headline":"Servicios: confirman que las tarifas aumentar\u00e1n despu\u00e9s de marzo","datePublished":"2020-11-19T14:17:55+00:00","mainEntityOfPage":{"@id":"https:\/\/www.eldiariodetucuman.com\/web\/servicios-confirman-que-las-tarifas-aumentaran-despues-de-marzo\/"},"wordCount":434,"publisher":{"@id":"https:\/\/www.eldiariodetucuman.com\/web\/#organization"},"image":{"@id":"https:\/\/www.eldiariodetucuman.com\/web\/servicios-confirman-que-las-tarifas-aumentaran-despues-de-marzo\/#primaryimage"},"thumbnailUrl":"https:\/\/www.eldiariodetucuman.com\/web\/wp-content\/uploads\/2020\/11\/aumentos-servicios-1.jpg","keywords":["economia","servicios","tarifas","Tucuman"],"articleSection":["Actualidad"],"inLanguage":"es"},{"@type":"WebPage","@id":"https:\/\/www.eldiariodetucuman.com\/web\/servicios-confirman-que-las-tarifas-aumentaran-despues-de-marzo\/","url":"https:\/\/www.eldiariodetucuman.com\/web\/servicios-confirman-que-las-tarifas-aumentaran-despues-de-marzo\/","name":"Servicios: confirman que las tarifas aumentar\u00e1n despu\u00e9s de marzo - El Diario de Tucuman","isPartOf":{"@id":"https:\/\/www.eldiariodetucuman.com\/web\/#website"},"primaryImageOfPage":{"@id":"https:\/\/www.eldiariodetucuman.com\/web\/servicios-confirman-que-las-tarifas-aumentaran-despues-de-marzo\/#primaryimage"},"image":{"@id":"https:\/\/www.eldiariodetucuman.com\/web\/servicios-confirman-que-las-tarifas-aumentaran-despues-de-marzo\/#primaryimage"},"thumbnailUrl":"https:\/\/www.eldiariodetucuman.com\/web\/wp-content\/uploads\/2020\/11\/aumentos-servicios-1.jpg","datePublished":"2020-11-19T14:17:55+00:00","breadcrumb":{"@id":"https:\/\/www.eldiariodetucuman.com\/web\/servicios-confirman-que-las-tarifas-aumentaran-despues-de-marzo\/#breadcrumb"},"inLanguage":"es","potentialAction":[{"@type":"ReadAction","target":["https:\/\/www.eldiariodetucuman.com\/web\/servicios-confirman-que-las-tarifas-aumentaran-despues-de-marzo\/"]}]},{"@type":"ImageObject","inLanguage":"es","@id":"https:\/\/www.eldiariodetucuman.com\/web\/servicios-confirman-que-las-tarifas-aumentaran-despues-de-marzo\/#primaryimage","url":"https:\/\/www.eldiariodetucuman.com\/web\/wp-content\/uploads\/2020\/11\/aumentos-servicios-1.jpg","contentUrl":"https:\/\/www.eldiariodetucuman.com\/web\/wp-content\/uploads\/2020\/11\/aumentos-servicios-1.jpg","width":800,"height":453},{"@type":"BreadcrumbList","@id":"https:\/\/www.eldiariodetucuman.com\/web\/servicios-confirman-que-las-tarifas-aumentaran-despues-de-marzo\/#breadcrumb","itemListElement":[{"@type":"ListItem","position":1,"name":"Portada","item":"https:\/\/www.eldiariodetucuman.com\/web\/"},{"@type":"ListItem","position":2,"name":"Servicios: confirman que las tarifas aumentar\u00e1n despu\u00e9s de marzo"}]},{"@type":"WebSite","@id":"https:\/\/www.eldiariodetucuman.com\/web\/#website","url":"https:\/\/www.eldiariodetucuman.com\/web\/","name":"El Diario de Tucuman","description":"Diario Tucuman - Informaci\u00f3n y noticias","publisher":{"@id":"https:\/\/www.eldiariodetucuman.com\/web\/#organization"},"potentialAction":[{"@type":"SearchAction","target":{"@type":"EntryPoint","urlTemplate":"https:\/\/www.eldiariodetucuman.com\/web\/?s={search_term_string}"},"query-input":{"@type":"PropertyValueSpecification","valueRequired":true,"valueName":"search_term_string"}}],"inLanguage":"es"},{"@type":"Organization","@id":"https:\/\/www.eldiariodetucuman.com\/web\/#organization","name":"El Diario de Tucuman","url":"https:\/\/www.eldiariodetucuman.com\/web\/","logo":{"@type":"ImageObject","inLanguage":"es","@id":"https:\/\/www.eldiariodetucuman.com\/web\/#\/schema\/logo\/image\/","url":"http:\/\/www.eldiariodetucuman.com\/web\/wp-content\/uploads\/2017\/12\/el-diario-de-tucuman.jpg","contentUrl":"http:\/\/www.eldiariodetucuman.com\/web\/wp-content\/uploads\/2017\/12\/el-diario-de-tucuman.jpg","width":272,"height":92,"caption":"El Diario de Tucuman"},"image":{"@id":"https:\/\/www.eldiariodetucuman.com\/web\/#\/schema\/logo\/image\/"}},{"@type":"Person","@id":"https:\/\/www.eldiariodetucuman.com\/web\/#\/schema\/person\/7e6644a46e60888f6b868594407e08dd","name":"Redactor Uno","image":{"@type":"ImageObject","inLanguage":"es","@id":"https:\/\/secure.gravatar.com\/avatar\/0049b1bdf1bd548385c9ea6b9356431717930913089febd2ba904f0187d7d074?s=96&d=mm&r=g","url":"https:\/\/secure.gravatar.com\/avatar\/0049b1bdf1bd548385c9ea6b9356431717930913089febd2ba904f0187d7d074?s=96&d=mm&r=g","contentUrl":"https:\/\/secure.gravatar.com\/avatar\/0049b1bdf1bd548385c9ea6b9356431717930913089febd2ba904f0187d7d074?s=96&d=mm&r=g","caption":"Redactor Uno"},"url":"https:\/\/www.eldiariodetucuman.com\/web\/author\/mramasco\/"}]}},"_links":{"self":[{"href":"https:\/\/www.eldiariodetucuman.com\/web\/wp-json\/wp\/v2\/posts\/29788","targetHints":{"allow":["GET"]}}],"collection":[{"href":"https:\/\/www.eldiariodetucuman.com\/web\/wp-json\/wp\/v2\/posts"}],"about":[{"href":"https:\/\/www.eldiariodetucuman.com\/web\/wp-json\/wp\/v2\/types\/post"}],"author":[{"embeddable":true,"href":"https:\/\/www.eldiariodetucuman.com\/web\/wp-json\/wp\/v2\/users\/5"}],"replies":[{"embeddable":true,"href":"https:\/\/www.eldiariodetucuman.com\/web\/wp-json\/wp\/v2\/comments?post=29788"}],"version-history":[{"count":1,"href":"https:\/\/www.eldiariodetucuman.com\/web\/wp-json\/wp\/v2\/posts\/29788\/revisions"}],"predecessor-version":[{"id":29791,"href":"https:\/\/www.eldiariodetucuman.com\/web\/wp-json\/wp\/v2\/posts\/29788\/revisions\/29791"}],"wp:featuredmedia":[{"embeddable":true,"href":"https:\/\/www.eldiariodetucuman.com\/web\/wp-json\/wp\/v2\/media\/29790"}],"wp:attachment":[{"href":"https:\/\/www.eldiariodetucuman.com\/web\/wp-json\/wp\/v2\/media?parent=29788"}],"wp:term":[{"taxonomy":"category","embeddable":true,"href":"https:\/\/www.eldiariodetucuman.com\/web\/wp-json\/wp\/v2\/categories?post=29788"},{"taxonomy":"post_tag","embeddable":true,"href":"https:\/\/www.eldiariodetucuman.com\/web\/wp-json\/wp\/v2\/tags?post=29788"}],"curies":[{"name":"wp","href":"https:\/\/api.w.org\/{rel}","templated":true}]}}