{"id":29785,"date":"2020-11-19T11:09:10","date_gmt":"2020-11-19T14:09:10","guid":{"rendered":"http:\/\/www.eldiariodetucuman.com\/web\/?p=29785"},"modified":"2020-11-19T11:09:10","modified_gmt":"2020-11-19T14:09:10","slug":"nueve-provincias-no-exigiran-cuarentena-ni-test-en-la-temporada-de-verano","status":"publish","type":"post","link":"https:\/\/www.eldiariodetucuman.com\/web\/nueve-provincias-no-exigiran-cuarentena-ni-test-en-la-temporada-de-verano\/","title":{"rendered":"Nueve provincias no exigir\u00e1n cuarentena ni test en la temporada de verano"},"content":{"rendered":"<div class=\"small-12 xlarge-8 xlarge-offset-2 large-8 large-offset-2 columns\">\n<p class=\"e-post-subtitle\">Se trata de Buenos Aires, C\u00f3rdoba, R\u00edo Negro, Mendoza, Salta, Jujuy, Neuqu\u00e9n, Entre R\u00edos y Tierra del Fuego, que en conjunto son el destino del 90% de los turistas durante el verano.<\/p>\n<\/div>\n<p><!--more--><\/p>\n<div class=\"small-12 xlarge-8 xlarge-offset-2 large-8 large-offset-2 columns\">\n<p class=\"e-post-subtitle\">Las nueve provincias que conforman el mayor mercado receptivo de turistas en temporada estival no requerir\u00e1n a los visitantes que cumplan cuarentena ni presenten un test previo de coronavirus con resultado negativo, seg\u00fan lo acordado por sus gobernadores con el Ministerio de Turismo y Deportes (Minturdep), informaron fuentes de esa cartera.<\/p>\n<p class=\"e-post-subtitle\"><strong>Se trata de Buenos Aires, C\u00f3rdoba, R\u00edo Negro, Mendoza, Salta, Jujuy, Neuqu\u00e9n, Entre R\u00edos y Tierra del Fuego, que en conjunto son el destino del 90% de los turistas durante el verano.<\/strong><\/p>\n<p class=\"e-post-subtitle\">A lo sumo, algunas de esas provincias pedir\u00e1n inscripci\u00f3n previa en el \u00abregistro vacacional\u00bb, que asienta el n\u00famero de ingresos a ciertos municipios y el movimiento del viajero dentro del pa\u00eds.<\/p>\n<p class=\"e-post-subtitle\"><strong>Adem\u00e1s de no exigir la realizaci\u00f3n de una cuarentena ni el test denominado PCR, en estos estados los turistas tampoco estar\u00e1n obligados a contar con un seguro de viaje,<\/strong> mediante acuerdos establecidos por sus gobiernos con el ministro de Turismo y Deportes, Mat\u00edas Lammens.<\/p>\n<p class=\"e-post-subtitle\">Desde el Minturdep explicaron que se trat\u00f3 de un trabajo realizado por el ministro y su equipo, en contacto con gobernadores y ministros de esa provincias para homogeneizar los requisitos para el verano.<\/p>\n<p class=\"e-post-subtitle\">Algunas provincias pedir\u00e1n un control mediante el registro vacacional, para lo que ya est\u00e1n en contacto con la Secretar\u00eda de Innovaci\u00f3n P\u00fablica -como el caso de Buenos Aires-, precisaron las fuentes.<\/p>\n<p class=\"e-post-subtitle\">La distribuci\u00f3n y variedad de oferta de estas nueve provincias genera un amplio abanico de posibilidades para el turismo de verano, que va desde las alturas del Noroeste Argentino hasta el Fin del Mundo, pasando por playas balnearias, lagos patag\u00f3nicos, sierras, r\u00edos y lagunas con distintos climas y propuestas.<\/p>\n<p class=\"e-post-subtitle\"><strong>Fuente:<\/strong> <a href=\"https:\/\/tucuman.telefe.com\/nacionales\/nueve-provincias-no-requeriran-cuarentena-y-ni-test-para-las-vacaciones-de-verano\/\">elonce.com<\/a><\/p>\n<\/div>\n","protected":false},"excerpt":{"rendered":"<p>Se trata de Buenos Aires, C\u00f3rdoba, R\u00edo Negro, Mendoza, Salta, Jujuy, Neuqu\u00e9n, Entre R\u00edos y Tierra del Fuego, que en conjunto son el destino del 90% de los turistas durante el verano.<\/p>\n","protected":false},"author":5,"featured_media":29786,"comment_status":"closed","ping_status":"open","sticky":false,"template":"","format":"standard","meta":{"footnotes":""},"categories":[2],"tags":[134,3153,61,117,642],"class_list":{"0":"post-29785","1":"post","2":"type-post","3":"status-publish","4":"format-standard","5":"has-post-thumbnail","7":"category-actualidad","8":"tag-argentina","9":"tag-covid","10":"tag-tucuman","11":"tag-turismo","12":"tag-verano"},"yoast_head":"<!-- This site is optimized with the Yoast SEO plugin v27.4 - https:\/\/yoast.com\/product\/yoast-seo-wordpress\/ -->\n<title>Nueve provincias no exigir\u00e1n cuarentena ni test en la temporada de verano - El Diario de Tucuman<\/title>\n<meta name=\"robots\" content=\"index, follow, max-snippet:-1, max-image-preview:large, max-video-preview:-1\" \/>\n<link rel=\"canonical\" href=\"https:\/\/www.eldiariodetucuman.com\/web\/nueve-provincias-no-exigiran-cuarentena-ni-test-en-la-temporada-de-verano\/\" \/>\n<meta property=\"og:locale\" content=\"es_ES\" \/>\n<meta property=\"og:type\" content=\"article\" \/>\n<meta property=\"og:title\" content=\"Nueve provincias no exigir\u00e1n cuarentena ni test en la temporada de verano - El Diario de Tucuman\" \/>\n<meta property=\"og:description\" content=\"Se trata de Buenos Aires, C\u00f3rdoba, R\u00edo Negro, Mendoza, Salta, Jujuy, Neuqu\u00e9n, Entre R\u00edos y Tierra del Fuego, que en conjunto son el destino del 90% de los turistas durante el verano.\" \/>\n<meta property=\"og:url\" content=\"https:\/\/www.eldiariodetucuman.com\/web\/nueve-provincias-no-exigiran-cuarentena-ni-test-en-la-temporada-de-verano\/\" \/>\n<meta property=\"og:site_name\" content=\"El Diario de Tucuman\" \/>\n<meta property=\"article:published_time\" content=\"2020-11-19T14:09:10+00:00\" \/>\n<meta property=\"og:image\" content=\"https:\/\/www.eldiariodetucuman.com\/web\/wp-content\/uploads\/2020\/11\/test-covis.jpeg\" \/>\n\t<meta property=\"og:image:width\" content=\"1366\" \/>\n\t<meta property=\"og:image:height\" content=\"746\" \/>\n\t<meta property=\"og:image:type\" content=\"image\/jpeg\" \/>\n<meta name=\"author\" content=\"Redactor Uno\" \/>\n<meta name=\"twitter:card\" content=\"summary_large_image\" \/>\n<meta name=\"twitter:label1\" content=\"Escrito por\" \/>\n\t<meta name=\"twitter:data1\" content=\"Redactor Uno\" \/>\n\t<meta name=\"twitter:label2\" content=\"Tiempo de lectura\" \/>\n\t<meta name=\"twitter:data2\" content=\"2 minutos\" \/>\n<script type=\"application\/ld+json\" class=\"yoast-schema-graph\">{\"@context\":\"https:\\\/\\\/schema.org\",\"@graph\":[{\"@type\":\"Article\",\"@id\":\"https:\\\/\\\/www.eldiariodetucuman.com\\\/web\\\/nueve-provincias-no-exigiran-cuarentena-ni-test-en-la-temporada-de-verano\\\/#article\",\"isPartOf\":{\"@id\":\"https:\\\/\\\/www.eldiariodetucuman.com\\\/web\\\/nueve-provincias-no-exigiran-cuarentena-ni-test-en-la-temporada-de-verano\\\/\"},\"author\":{\"name\":\"Redactor Uno\",\"@id\":\"https:\\\/\\\/www.eldiariodetucuman.com\\\/web\\\/#\\\/schema\\\/person\\\/7e6644a46e60888f6b868594407e08dd\"},\"headline\":\"Nueve provincias no exigir\u00e1n cuarentena ni test en la temporada de verano\",\"datePublished\":\"2020-11-19T14:09:10+00:00\",\"mainEntityOfPage\":{\"@id\":\"https:\\\/\\\/www.eldiariodetucuman.com\\\/web\\\/nueve-provincias-no-exigiran-cuarentena-ni-test-en-la-temporada-de-verano\\\/\"},\"wordCount\":343,\"publisher\":{\"@id\":\"https:\\\/\\\/www.eldiariodetucuman.com\\\/web\\\/#organization\"},\"image\":{\"@id\":\"https:\\\/\\\/www.eldiariodetucuman.com\\\/web\\\/nueve-provincias-no-exigiran-cuarentena-ni-test-en-la-temporada-de-verano\\\/#primaryimage\"},\"thumbnailUrl\":\"https:\\\/\\\/www.eldiariodetucuman.com\\\/web\\\/wp-content\\\/uploads\\\/2020\\\/11\\\/test-covis.jpeg\",\"keywords\":[\"Argentina\",\"covid\",\"Tucuman\",\"Turismo\",\"verano\"],\"articleSection\":[\"Actualidad\"],\"inLanguage\":\"es\"},{\"@type\":\"WebPage\",\"@id\":\"https:\\\/\\\/www.eldiariodetucuman.com\\\/web\\\/nueve-provincias-no-exigiran-cuarentena-ni-test-en-la-temporada-de-verano\\\/\",\"url\":\"https:\\\/\\\/www.eldiariodetucuman.com\\\/web\\\/nueve-provincias-no-exigiran-cuarentena-ni-test-en-la-temporada-de-verano\\\/\",\"name\":\"Nueve provincias no exigir\u00e1n cuarentena ni test en la temporada de verano - El Diario de Tucuman\",\"isPartOf\":{\"@id\":\"https:\\\/\\\/www.eldiariodetucuman.com\\\/web\\\/#website\"},\"primaryImageOfPage\":{\"@id\":\"https:\\\/\\\/www.eldiariodetucuman.com\\\/web\\\/nueve-provincias-no-exigiran-cuarentena-ni-test-en-la-temporada-de-verano\\\/#primaryimage\"},\"image\":{\"@id\":\"https:\\\/\\\/www.eldiariodetucuman.com\\\/web\\\/nueve-provincias-no-exigiran-cuarentena-ni-test-en-la-temporada-de-verano\\\/#primaryimage\"},\"thumbnailUrl\":\"https:\\\/\\\/www.eldiariodetucuman.com\\\/web\\\/wp-content\\\/uploads\\\/2020\\\/11\\\/test-covis.jpeg\",\"datePublished\":\"2020-11-19T14:09:10+00:00\",\"breadcrumb\":{\"@id\":\"https:\\\/\\\/www.eldiariodetucuman.com\\\/web\\\/nueve-provincias-no-exigiran-cuarentena-ni-test-en-la-temporada-de-verano\\\/#breadcrumb\"},\"inLanguage\":\"es\",\"potentialAction\":[{\"@type\":\"ReadAction\",\"target\":[\"https:\\\/\\\/www.eldiariodetucuman.com\\\/web\\\/nueve-provincias-no-exigiran-cuarentena-ni-test-en-la-temporada-de-verano\\\/\"]}]},{\"@type\":\"ImageObject\",\"inLanguage\":\"es\",\"@id\":\"https:\\\/\\\/www.eldiariodetucuman.com\\\/web\\\/nueve-provincias-no-exigiran-cuarentena-ni-test-en-la-temporada-de-verano\\\/#primaryimage\",\"url\":\"https:\\\/\\\/www.eldiariodetucuman.com\\\/web\\\/wp-content\\\/uploads\\\/2020\\\/11\\\/test-covis.jpeg\",\"contentUrl\":\"https:\\\/\\\/www.eldiariodetucuman.com\\\/web\\\/wp-content\\\/uploads\\\/2020\\\/11\\\/test-covis.jpeg\",\"width\":1366,\"height\":746},{\"@type\":\"BreadcrumbList\",\"@id\":\"https:\\\/\\\/www.eldiariodetucuman.com\\\/web\\\/nueve-provincias-no-exigiran-cuarentena-ni-test-en-la-temporada-de-verano\\\/#breadcrumb\",\"itemListElement\":[{\"@type\":\"ListItem\",\"position\":1,\"name\":\"Portada\",\"item\":\"https:\\\/\\\/www.eldiariodetucuman.com\\\/web\\\/\"},{\"@type\":\"ListItem\",\"position\":2,\"name\":\"Nueve provincias no exigir\u00e1n cuarentena ni test en la temporada de verano\"}]},{\"@type\":\"WebSite\",\"@id\":\"https:\\\/\\\/www.eldiariodetucuman.com\\\/web\\\/#website\",\"url\":\"https:\\\/\\\/www.eldiariodetucuman.com\\\/web\\\/\",\"name\":\"El Diario de Tucuman\",\"description\":\"Diario Tucuman - Informaci\u00f3n y noticias\",\"publisher\":{\"@id\":\"https:\\\/\\\/www.eldiariodetucuman.com\\\/web\\\/#organization\"},\"potentialAction\":[{\"@type\":\"SearchAction\",\"target\":{\"@type\":\"EntryPoint\",\"urlTemplate\":\"https:\\\/\\\/www.eldiariodetucuman.com\\\/web\\\/?s={search_term_string}\"},\"query-input\":{\"@type\":\"PropertyValueSpecification\",\"valueRequired\":true,\"valueName\":\"search_term_string\"}}],\"inLanguage\":\"es\"},{\"@type\":\"Organization\",\"@id\":\"https:\\\/\\\/www.eldiariodetucuman.com\\\/web\\\/#organization\",\"name\":\"El Diario de Tucuman\",\"url\":\"https:\\\/\\\/www.eldiariodetucuman.com\\\/web\\\/\",\"logo\":{\"@type\":\"ImageObject\",\"inLanguage\":\"es\",\"@id\":\"https:\\\/\\\/www.eldiariodetucuman.com\\\/web\\\/#\\\/schema\\\/logo\\\/image\\\/\",\"url\":\"http:\\\/\\\/www.eldiariodetucuman.com\\\/web\\\/wp-content\\\/uploads\\\/2017\\\/12\\\/el-diario-de-tucuman.jpg\",\"contentUrl\":\"http:\\\/\\\/www.eldiariodetucuman.com\\\/web\\\/wp-content\\\/uploads\\\/2017\\\/12\\\/el-diario-de-tucuman.jpg\",\"width\":272,\"height\":92,\"caption\":\"El Diario de Tucuman\"},\"image\":{\"@id\":\"https:\\\/\\\/www.eldiariodetucuman.com\\\/web\\\/#\\\/schema\\\/logo\\\/image\\\/\"}},{\"@type\":\"Person\",\"@id\":\"https:\\\/\\\/www.eldiariodetucuman.com\\\/web\\\/#\\\/schema\\\/person\\\/7e6644a46e60888f6b868594407e08dd\",\"name\":\"Redactor Uno\",\"image\":{\"@type\":\"ImageObject\",\"inLanguage\":\"es\",\"@id\":\"https:\\\/\\\/secure.gravatar.com\\\/avatar\\\/0049b1bdf1bd548385c9ea6b9356431717930913089febd2ba904f0187d7d074?s=96&d=mm&r=g\",\"url\":\"https:\\\/\\\/secure.gravatar.com\\\/avatar\\\/0049b1bdf1bd548385c9ea6b9356431717930913089febd2ba904f0187d7d074?s=96&d=mm&r=g\",\"contentUrl\":\"https:\\\/\\\/secure.gravatar.com\\\/avatar\\\/0049b1bdf1bd548385c9ea6b9356431717930913089febd2ba904f0187d7d074?s=96&d=mm&r=g\",\"caption\":\"Redactor Uno\"},\"url\":\"https:\\\/\\\/www.eldiariodetucuman.com\\\/web\\\/author\\\/mramasco\\\/\"}]}<\/script>\n<!-- \/ Yoast SEO plugin. -->","yoast_head_json":{"title":"Nueve provincias no exigir\u00e1n cuarentena ni test en la temporada de verano - El Diario de Tucuman","robots":{"index":"index","follow":"follow","max-snippet":"max-snippet:-1","max-image-preview":"max-image-preview:large","max-video-preview":"max-video-preview:-1"},"canonical":"https:\/\/www.eldiariodetucuman.com\/web\/nueve-provincias-no-exigiran-cuarentena-ni-test-en-la-temporada-de-verano\/","og_locale":"es_ES","og_type":"article","og_title":"Nueve provincias no exigir\u00e1n cuarentena ni test en la temporada de verano - El Diario de Tucuman","og_description":"Se trata de Buenos Aires, C\u00f3rdoba, R\u00edo Negro, Mendoza, Salta, Jujuy, Neuqu\u00e9n, Entre R\u00edos y Tierra del Fuego, que en conjunto son el destino del 90% de los turistas durante el verano.","og_url":"https:\/\/www.eldiariodetucuman.com\/web\/nueve-provincias-no-exigiran-cuarentena-ni-test-en-la-temporada-de-verano\/","og_site_name":"El Diario de Tucuman","article_published_time":"2020-11-19T14:09:10+00:00","og_image":[{"width":1366,"height":746,"url":"https:\/\/www.eldiariodetucuman.com\/web\/wp-content\/uploads\/2020\/11\/test-covis.jpeg","type":"image\/jpeg"}],"author":"Redactor Uno","twitter_card":"summary_large_image","twitter_misc":{"Escrito por":"Redactor Uno","Tiempo de lectura":"2 minutos"},"schema":{"@context":"https:\/\/schema.org","@graph":[{"@type":"Article","@id":"https:\/\/www.eldiariodetucuman.com\/web\/nueve-provincias-no-exigiran-cuarentena-ni-test-en-la-temporada-de-verano\/#article","isPartOf":{"@id":"https:\/\/www.eldiariodetucuman.com\/web\/nueve-provincias-no-exigiran-cuarentena-ni-test-en-la-temporada-de-verano\/"},"author":{"name":"Redactor Uno","@id":"https:\/\/www.eldiariodetucuman.com\/web\/#\/schema\/person\/7e6644a46e60888f6b868594407e08dd"},"headline":"Nueve provincias no exigir\u00e1n cuarentena ni test en la temporada de verano","datePublished":"2020-11-19T14:09:10+00:00","mainEntityOfPage":{"@id":"https:\/\/www.eldiariodetucuman.com\/web\/nueve-provincias-no-exigiran-cuarentena-ni-test-en-la-temporada-de-verano\/"},"wordCount":343,"publisher":{"@id":"https:\/\/www.eldiariodetucuman.com\/web\/#organization"},"image":{"@id":"https:\/\/www.eldiariodetucuman.com\/web\/nueve-provincias-no-exigiran-cuarentena-ni-test-en-la-temporada-de-verano\/#primaryimage"},"thumbnailUrl":"https:\/\/www.eldiariodetucuman.com\/web\/wp-content\/uploads\/2020\/11\/test-covis.jpeg","keywords":["Argentina","covid","Tucuman","Turismo","verano"],"articleSection":["Actualidad"],"inLanguage":"es"},{"@type":"WebPage","@id":"https:\/\/www.eldiariodetucuman.com\/web\/nueve-provincias-no-exigiran-cuarentena-ni-test-en-la-temporada-de-verano\/","url":"https:\/\/www.eldiariodetucuman.com\/web\/nueve-provincias-no-exigiran-cuarentena-ni-test-en-la-temporada-de-verano\/","name":"Nueve provincias no exigir\u00e1n cuarentena ni test en la temporada de verano - El Diario de Tucuman","isPartOf":{"@id":"https:\/\/www.eldiariodetucuman.com\/web\/#website"},"primaryImageOfPage":{"@id":"https:\/\/www.eldiariodetucuman.com\/web\/nueve-provincias-no-exigiran-cuarentena-ni-test-en-la-temporada-de-verano\/#primaryimage"},"image":{"@id":"https:\/\/www.eldiariodetucuman.com\/web\/nueve-provincias-no-exigiran-cuarentena-ni-test-en-la-temporada-de-verano\/#primaryimage"},"thumbnailUrl":"https:\/\/www.eldiariodetucuman.com\/web\/wp-content\/uploads\/2020\/11\/test-covis.jpeg","datePublished":"2020-11-19T14:09:10+00:00","breadcrumb":{"@id":"https:\/\/www.eldiariodetucuman.com\/web\/nueve-provincias-no-exigiran-cuarentena-ni-test-en-la-temporada-de-verano\/#breadcrumb"},"inLanguage":"es","potentialAction":[{"@type":"ReadAction","target":["https:\/\/www.eldiariodetucuman.com\/web\/nueve-provincias-no-exigiran-cuarentena-ni-test-en-la-temporada-de-verano\/"]}]},{"@type":"ImageObject","inLanguage":"es","@id":"https:\/\/www.eldiariodetucuman.com\/web\/nueve-provincias-no-exigiran-cuarentena-ni-test-en-la-temporada-de-verano\/#primaryimage","url":"https:\/\/www.eldiariodetucuman.com\/web\/wp-content\/uploads\/2020\/11\/test-covis.jpeg","contentUrl":"https:\/\/www.eldiariodetucuman.com\/web\/wp-content\/uploads\/2020\/11\/test-covis.jpeg","width":1366,"height":746},{"@type":"BreadcrumbList","@id":"https:\/\/www.eldiariodetucuman.com\/web\/nueve-provincias-no-exigiran-cuarentena-ni-test-en-la-temporada-de-verano\/#breadcrumb","itemListElement":[{"@type":"ListItem","position":1,"name":"Portada","item":"https:\/\/www.eldiariodetucuman.com\/web\/"},{"@type":"ListItem","position":2,"name":"Nueve provincias no exigir\u00e1n cuarentena ni test en la temporada de verano"}]},{"@type":"WebSite","@id":"https:\/\/www.eldiariodetucuman.com\/web\/#website","url":"https:\/\/www.eldiariodetucuman.com\/web\/","name":"El Diario de Tucuman","description":"Diario Tucuman - Informaci\u00f3n y noticias","publisher":{"@id":"https:\/\/www.eldiariodetucuman.com\/web\/#organization"},"potentialAction":[{"@type":"SearchAction","target":{"@type":"EntryPoint","urlTemplate":"https:\/\/www.eldiariodetucuman.com\/web\/?s={search_term_string}"},"query-input":{"@type":"PropertyValueSpecification","valueRequired":true,"valueName":"search_term_string"}}],"inLanguage":"es"},{"@type":"Organization","@id":"https:\/\/www.eldiariodetucuman.com\/web\/#organization","name":"El Diario de Tucuman","url":"https:\/\/www.eldiariodetucuman.com\/web\/","logo":{"@type":"ImageObject","inLanguage":"es","@id":"https:\/\/www.eldiariodetucuman.com\/web\/#\/schema\/logo\/image\/","url":"http:\/\/www.eldiariodetucuman.com\/web\/wp-content\/uploads\/2017\/12\/el-diario-de-tucuman.jpg","contentUrl":"http:\/\/www.eldiariodetucuman.com\/web\/wp-content\/uploads\/2017\/12\/el-diario-de-tucuman.jpg","width":272,"height":92,"caption":"El Diario de Tucuman"},"image":{"@id":"https:\/\/www.eldiariodetucuman.com\/web\/#\/schema\/logo\/image\/"}},{"@type":"Person","@id":"https:\/\/www.eldiariodetucuman.com\/web\/#\/schema\/person\/7e6644a46e60888f6b868594407e08dd","name":"Redactor Uno","image":{"@type":"ImageObject","inLanguage":"es","@id":"https:\/\/secure.gravatar.com\/avatar\/0049b1bdf1bd548385c9ea6b9356431717930913089febd2ba904f0187d7d074?s=96&d=mm&r=g","url":"https:\/\/secure.gravatar.com\/avatar\/0049b1bdf1bd548385c9ea6b9356431717930913089febd2ba904f0187d7d074?s=96&d=mm&r=g","contentUrl":"https:\/\/secure.gravatar.com\/avatar\/0049b1bdf1bd548385c9ea6b9356431717930913089febd2ba904f0187d7d074?s=96&d=mm&r=g","caption":"Redactor Uno"},"url":"https:\/\/www.eldiariodetucuman.com\/web\/author\/mramasco\/"}]}},"_links":{"self":[{"href":"https:\/\/www.eldiariodetucuman.com\/web\/wp-json\/wp\/v2\/posts\/29785","targetHints":{"allow":["GET"]}}],"collection":[{"href":"https:\/\/www.eldiariodetucuman.com\/web\/wp-json\/wp\/v2\/posts"}],"about":[{"href":"https:\/\/www.eldiariodetucuman.com\/web\/wp-json\/wp\/v2\/types\/post"}],"author":[{"embeddable":true,"href":"https:\/\/www.eldiariodetucuman.com\/web\/wp-json\/wp\/v2\/users\/5"}],"replies":[{"embeddable":true,"href":"https:\/\/www.eldiariodetucuman.com\/web\/wp-json\/wp\/v2\/comments?post=29785"}],"version-history":[{"count":1,"href":"https:\/\/www.eldiariodetucuman.com\/web\/wp-json\/wp\/v2\/posts\/29785\/revisions"}],"predecessor-version":[{"id":29787,"href":"https:\/\/www.eldiariodetucuman.com\/web\/wp-json\/wp\/v2\/posts\/29785\/revisions\/29787"}],"wp:featuredmedia":[{"embeddable":true,"href":"https:\/\/www.eldiariodetucuman.com\/web\/wp-json\/wp\/v2\/media\/29786"}],"wp:attachment":[{"href":"https:\/\/www.eldiariodetucuman.com\/web\/wp-json\/wp\/v2\/media?parent=29785"}],"wp:term":[{"taxonomy":"category","embeddable":true,"href":"https:\/\/www.eldiariodetucuman.com\/web\/wp-json\/wp\/v2\/categories?post=29785"},{"taxonomy":"post_tag","embeddable":true,"href":"https:\/\/www.eldiariodetucuman.com\/web\/wp-json\/wp\/v2\/tags?post=29785"}],"curies":[{"name":"wp","href":"https:\/\/api.w.org\/{rel}","templated":true}]}}