{"id":29782,"date":"2020-11-19T10:50:01","date_gmt":"2020-11-19T13:50:01","guid":{"rendered":"http:\/\/www.eldiariodetucuman.com\/web\/?p=29782"},"modified":"2020-11-19T10:50:01","modified_gmt":"2020-11-19T13:50:01","slug":"idep-y-mercado-libre-se-unen-para-potenciar-la-venta-online-de-productos-tucumanos","status":"publish","type":"post","link":"https:\/\/www.eldiariodetucuman.com\/web\/idep-y-mercado-libre-se-unen-para-potenciar-la-venta-online-de-productos-tucumanos\/","title":{"rendered":"IDEP y Mercado Libre se unen para potenciar la venta online de productos tucumanos"},"content":{"rendered":"<div class=\"post-header-area\">\n<p class=\"sumario\">Pueden postularse firmas instaladas en la provincia, que produzcan y comercialicen bienes o productos no perecederos. Plazo de inscripci\u00f3n: 24 de noviembre.<\/p>\n<\/div>\n<p><!--more--><\/p>\n<p class=\"sumario\">El IDEP Tucum\u00e1n (Instituto de Desarrollo Productivo) convoca a empresas radicadas en el territorio provincial a<strong>\u00a0postularse para ser parte de la Tienda Oficial de Tucum\u00e1n en la plataforma de Marketplace de Mercado Libre<\/strong>. El lanzamiento ser\u00e1 el martes 15 de diciembre de 2020. La inscripci\u00f3n estar\u00e1 abierta hasta el martes 24 de noviembre.<\/p>\n<p class=\"sumario\">Con el objetivo de<strong>\u00a0potenciar el alcance de las empresas tucumanas a nivel nacional<\/strong>, el IDEP, en conjunto con Mercado Libre, la plataforma l\u00edder de e-commerce en Am\u00e9rica Latina, pondr\u00e1n en funcionamiento la Tienda Oficial Tucum\u00e1n.<\/p>\n<p class=\"sumario\">La acci\u00f3n tiene la finalidad de incrementar las ventas de los productores locales mediante la digitalizaci\u00f3n de sus negocios o productos, a trav\u00e9s de un canal que les permita tener m\u00e1s visibilidad y llegar a un n\u00famero superior de consumidores con una mayor cobertura geogr\u00e1fica. Adem\u00e1s, la plataforma apunta a que los productores adquieran o ampl\u00eden sus conocimientos digitales, particularmente sobre el comercio electr\u00f3nico.<\/p>\n<p class=\"sumario\"><strong>Qui\u00e9nes pueden inscribirse:<\/strong><\/p>\n<p class=\"sumario\">1. Empresas tucumanas que fabriquen sus productos en la provincia.<\/p>\n<p class=\"sumario\">2. Que est\u00e9n inscriptas en AFIP y en RENTAS de la provincia de Tucum\u00e1n.<\/p>\n<p class=\"sumario\">3. Que produzcan bienes\/ productos no perecederos (no servicios).<\/p>\n<p class=\"sumario\">4. Que cuenten por lo menos con 2 (dos) a\u00f1os de actividad.<\/p>\n<p class=\"sumario\">5. Contar con las habilitaciones y permisos seg\u00fan el tipo de producto.<\/p>\n<p class=\"post-header-area\">Para postularse, las empresas interesadas deben completar el formulario disponible aqu\u00ed.A la hora de seleccionar las empresas participantes, se tendr\u00e1n en cuenta los siguientes criterios:<\/p>\n<div class=\"post-content-area\">\n<p>1. Ser licenciatario de Marca Tucum\u00e1n.<\/p>\n<p>2. Que sean productos distintivos de la provincia.<\/p>\n<p>3. Tener capacidad productiva, comercial, administrativa y financiera.<\/p>\n<p>El IDEP Tucum\u00e1n y Mercado Libre se reservan la facultad de admitir, o no, a los candidatos en funci\u00f3n de criterios vinculados al perfil de los productos que tienen mayor potencial en el funcionamiento de la Tienda Online Tucum\u00e1n.<\/p>\n<p>Las empresas seleccionadas deber\u00e1n participar de 3 jornadas de capacitaci\u00f3n online obligatorias en las que recibir\u00e1n el apoyo y los conocimientos para la gesti\u00f3n de un perfil en el marketplace de Mercado Libre.<\/p>\n<p>D\u00edas y horarios<\/p>\n<p>-Clase 1: martes 01\/12 de 10.00hs a 11.30hs.<\/p>\n<p>-Clase 2: mi\u00e9rcoles 02\/12 de 10.00hs a 11.30hs.<\/p>\n<p>-Clase 3: viernes 04\/12 de 10.00hs a 11.30hs.<\/p>\n<p>Contactos<br \/>\nLic. Carlos Maurin<br \/>\n\u00c1rea de Promoci\u00f3n de las Exportaciones del IDEP Tucum\u00e1n<br \/>\ncarlosmaurin@idep.gov.ar<\/p>\n<p>Lic. Dulce Flores<br \/>\n\u00c1rea de Competitividad del IDEP Tucum\u00e1n<br \/>\ndulcemariaflores@idep.gov.ar<\/p>\n<p><strong>Fuente:<\/strong> <a href=\"https:\/\/www.comunicaciontucuman.gob.ar\/noticia\/productivo\/200268\/inscribe-empresas-quieran-vender-tienda-online-tucuman-mercado-libre\">https:\/\/www.comunicaciontucuman.gob.ar\/noticia\/productivo\/200268\/inscribe-empresas-quieran-vender-tienda-online-tucuman-mercado-libre<\/a><\/div>\n","protected":false},"excerpt":{"rendered":"<p>Pueden postularse firmas instaladas en la provincia, que produzcan y comercialicen bienes o productos no perecederos. Plazo de inscripci\u00f3n: 24 de noviembre.<\/p>\n","protected":false},"author":5,"featured_media":29783,"comment_status":"closed","ping_status":"open","sticky":false,"template":"","format":"standard","meta":{"footnotes":""},"categories":[2],"tags":[2626,61,933],"class_list":{"0":"post-29782","1":"post","2":"type-post","3":"status-publish","4":"format-standard","5":"has-post-thumbnail","7":"category-actualidad","8":"tag-mercado-libre","9":"tag-tucuman","10":"tag-venta"},"yoast_head":"<!-- This site is optimized with the Yoast SEO plugin v27.4 - https:\/\/yoast.com\/product\/yoast-seo-wordpress\/ -->\n<title>IDEP y Mercado Libre se unen para potenciar la venta online de productos tucumanos - El Diario de Tucuman<\/title>\n<meta name=\"robots\" content=\"index, follow, max-snippet:-1, max-image-preview:large, max-video-preview:-1\" \/>\n<link rel=\"canonical\" href=\"https:\/\/www.eldiariodetucuman.com\/web\/idep-y-mercado-libre-se-unen-para-potenciar-la-venta-online-de-productos-tucumanos\/\" \/>\n<meta property=\"og:locale\" content=\"es_ES\" \/>\n<meta property=\"og:type\" content=\"article\" \/>\n<meta property=\"og:title\" content=\"IDEP y Mercado Libre se unen para potenciar la venta online de productos tucumanos - El Diario de Tucuman\" \/>\n<meta property=\"og:description\" content=\"Pueden postularse firmas instaladas en la provincia, que produzcan y comercialicen bienes o productos no perecederos. Plazo de inscripci\u00f3n: 24 de noviembre.\" \/>\n<meta property=\"og:url\" content=\"https:\/\/www.eldiariodetucuman.com\/web\/idep-y-mercado-libre-se-unen-para-potenciar-la-venta-online-de-productos-tucumanos\/\" \/>\n<meta property=\"og:site_name\" content=\"El Diario de Tucuman\" \/>\n<meta property=\"article:published_time\" content=\"2020-11-19T13:50:01+00:00\" \/>\n<meta property=\"og:image\" content=\"https:\/\/www.eldiariodetucuman.com\/web\/wp-content\/uploads\/2020\/11\/venta-mercado-libre.jpg\" \/>\n\t<meta property=\"og:image:width\" content=\"929\" \/>\n\t<meta property=\"og:image:height\" content=\"523\" \/>\n\t<meta property=\"og:image:type\" content=\"image\/jpeg\" \/>\n<meta name=\"author\" content=\"Redactor Uno\" \/>\n<meta name=\"twitter:card\" content=\"summary_large_image\" \/>\n<meta name=\"twitter:label1\" content=\"Escrito por\" \/>\n\t<meta name=\"twitter:data1\" content=\"Redactor Uno\" \/>\n\t<meta name=\"twitter:label2\" content=\"Tiempo de lectura\" \/>\n\t<meta name=\"twitter:data2\" content=\"2 minutos\" \/>\n<script type=\"application\/ld+json\" class=\"yoast-schema-graph\">{\"@context\":\"https:\\\/\\\/schema.org\",\"@graph\":[{\"@type\":\"Article\",\"@id\":\"https:\\\/\\\/www.eldiariodetucuman.com\\\/web\\\/idep-y-mercado-libre-se-unen-para-potenciar-la-venta-online-de-productos-tucumanos\\\/#article\",\"isPartOf\":{\"@id\":\"https:\\\/\\\/www.eldiariodetucuman.com\\\/web\\\/idep-y-mercado-libre-se-unen-para-potenciar-la-venta-online-de-productos-tucumanos\\\/\"},\"author\":{\"name\":\"Redactor Uno\",\"@id\":\"https:\\\/\\\/www.eldiariodetucuman.com\\\/web\\\/#\\\/schema\\\/person\\\/7e6644a46e60888f6b868594407e08dd\"},\"headline\":\"IDEP y Mercado Libre se unen para potenciar la venta online de productos tucumanos\",\"datePublished\":\"2020-11-19T13:50:01+00:00\",\"mainEntityOfPage\":{\"@id\":\"https:\\\/\\\/www.eldiariodetucuman.com\\\/web\\\/idep-y-mercado-libre-se-unen-para-potenciar-la-venta-online-de-productos-tucumanos\\\/\"},\"wordCount\":452,\"publisher\":{\"@id\":\"https:\\\/\\\/www.eldiariodetucuman.com\\\/web\\\/#organization\"},\"image\":{\"@id\":\"https:\\\/\\\/www.eldiariodetucuman.com\\\/web\\\/idep-y-mercado-libre-se-unen-para-potenciar-la-venta-online-de-productos-tucumanos\\\/#primaryimage\"},\"thumbnailUrl\":\"https:\\\/\\\/www.eldiariodetucuman.com\\\/web\\\/wp-content\\\/uploads\\\/2020\\\/11\\\/venta-mercado-libre.jpg\",\"keywords\":[\"Mercado Libre\",\"Tucuman\",\"venta\"],\"articleSection\":[\"Actualidad\"],\"inLanguage\":\"es\"},{\"@type\":\"WebPage\",\"@id\":\"https:\\\/\\\/www.eldiariodetucuman.com\\\/web\\\/idep-y-mercado-libre-se-unen-para-potenciar-la-venta-online-de-productos-tucumanos\\\/\",\"url\":\"https:\\\/\\\/www.eldiariodetucuman.com\\\/web\\\/idep-y-mercado-libre-se-unen-para-potenciar-la-venta-online-de-productos-tucumanos\\\/\",\"name\":\"IDEP y Mercado Libre se unen para potenciar la venta online de productos tucumanos - El Diario de Tucuman\",\"isPartOf\":{\"@id\":\"https:\\\/\\\/www.eldiariodetucuman.com\\\/web\\\/#website\"},\"primaryImageOfPage\":{\"@id\":\"https:\\\/\\\/www.eldiariodetucuman.com\\\/web\\\/idep-y-mercado-libre-se-unen-para-potenciar-la-venta-online-de-productos-tucumanos\\\/#primaryimage\"},\"image\":{\"@id\":\"https:\\\/\\\/www.eldiariodetucuman.com\\\/web\\\/idep-y-mercado-libre-se-unen-para-potenciar-la-venta-online-de-productos-tucumanos\\\/#primaryimage\"},\"thumbnailUrl\":\"https:\\\/\\\/www.eldiariodetucuman.com\\\/web\\\/wp-content\\\/uploads\\\/2020\\\/11\\\/venta-mercado-libre.jpg\",\"datePublished\":\"2020-11-19T13:50:01+00:00\",\"breadcrumb\":{\"@id\":\"https:\\\/\\\/www.eldiariodetucuman.com\\\/web\\\/idep-y-mercado-libre-se-unen-para-potenciar-la-venta-online-de-productos-tucumanos\\\/#breadcrumb\"},\"inLanguage\":\"es\",\"potentialAction\":[{\"@type\":\"ReadAction\",\"target\":[\"https:\\\/\\\/www.eldiariodetucuman.com\\\/web\\\/idep-y-mercado-libre-se-unen-para-potenciar-la-venta-online-de-productos-tucumanos\\\/\"]}]},{\"@type\":\"ImageObject\",\"inLanguage\":\"es\",\"@id\":\"https:\\\/\\\/www.eldiariodetucuman.com\\\/web\\\/idep-y-mercado-libre-se-unen-para-potenciar-la-venta-online-de-productos-tucumanos\\\/#primaryimage\",\"url\":\"https:\\\/\\\/www.eldiariodetucuman.com\\\/web\\\/wp-content\\\/uploads\\\/2020\\\/11\\\/venta-mercado-libre.jpg\",\"contentUrl\":\"https:\\\/\\\/www.eldiariodetucuman.com\\\/web\\\/wp-content\\\/uploads\\\/2020\\\/11\\\/venta-mercado-libre.jpg\",\"width\":929,\"height\":523},{\"@type\":\"BreadcrumbList\",\"@id\":\"https:\\\/\\\/www.eldiariodetucuman.com\\\/web\\\/idep-y-mercado-libre-se-unen-para-potenciar-la-venta-online-de-productos-tucumanos\\\/#breadcrumb\",\"itemListElement\":[{\"@type\":\"ListItem\",\"position\":1,\"name\":\"Portada\",\"item\":\"https:\\\/\\\/www.eldiariodetucuman.com\\\/web\\\/\"},{\"@type\":\"ListItem\",\"position\":2,\"name\":\"IDEP y Mercado Libre se unen para potenciar la venta online de productos tucumanos\"}]},{\"@type\":\"WebSite\",\"@id\":\"https:\\\/\\\/www.eldiariodetucuman.com\\\/web\\\/#website\",\"url\":\"https:\\\/\\\/www.eldiariodetucuman.com\\\/web\\\/\",\"name\":\"El Diario de Tucuman\",\"description\":\"Diario Tucuman - Informaci\u00f3n y noticias\",\"publisher\":{\"@id\":\"https:\\\/\\\/www.eldiariodetucuman.com\\\/web\\\/#organization\"},\"potentialAction\":[{\"@type\":\"SearchAction\",\"target\":{\"@type\":\"EntryPoint\",\"urlTemplate\":\"https:\\\/\\\/www.eldiariodetucuman.com\\\/web\\\/?s={search_term_string}\"},\"query-input\":{\"@type\":\"PropertyValueSpecification\",\"valueRequired\":true,\"valueName\":\"search_term_string\"}}],\"inLanguage\":\"es\"},{\"@type\":\"Organization\",\"@id\":\"https:\\\/\\\/www.eldiariodetucuman.com\\\/web\\\/#organization\",\"name\":\"El Diario de Tucuman\",\"url\":\"https:\\\/\\\/www.eldiariodetucuman.com\\\/web\\\/\",\"logo\":{\"@type\":\"ImageObject\",\"inLanguage\":\"es\",\"@id\":\"https:\\\/\\\/www.eldiariodetucuman.com\\\/web\\\/#\\\/schema\\\/logo\\\/image\\\/\",\"url\":\"http:\\\/\\\/www.eldiariodetucuman.com\\\/web\\\/wp-content\\\/uploads\\\/2017\\\/12\\\/el-diario-de-tucuman.jpg\",\"contentUrl\":\"http:\\\/\\\/www.eldiariodetucuman.com\\\/web\\\/wp-content\\\/uploads\\\/2017\\\/12\\\/el-diario-de-tucuman.jpg\",\"width\":272,\"height\":92,\"caption\":\"El Diario de Tucuman\"},\"image\":{\"@id\":\"https:\\\/\\\/www.eldiariodetucuman.com\\\/web\\\/#\\\/schema\\\/logo\\\/image\\\/\"}},{\"@type\":\"Person\",\"@id\":\"https:\\\/\\\/www.eldiariodetucuman.com\\\/web\\\/#\\\/schema\\\/person\\\/7e6644a46e60888f6b868594407e08dd\",\"name\":\"Redactor Uno\",\"image\":{\"@type\":\"ImageObject\",\"inLanguage\":\"es\",\"@id\":\"https:\\\/\\\/secure.gravatar.com\\\/avatar\\\/0049b1bdf1bd548385c9ea6b9356431717930913089febd2ba904f0187d7d074?s=96&d=mm&r=g\",\"url\":\"https:\\\/\\\/secure.gravatar.com\\\/avatar\\\/0049b1bdf1bd548385c9ea6b9356431717930913089febd2ba904f0187d7d074?s=96&d=mm&r=g\",\"contentUrl\":\"https:\\\/\\\/secure.gravatar.com\\\/avatar\\\/0049b1bdf1bd548385c9ea6b9356431717930913089febd2ba904f0187d7d074?s=96&d=mm&r=g\",\"caption\":\"Redactor Uno\"},\"url\":\"https:\\\/\\\/www.eldiariodetucuman.com\\\/web\\\/author\\\/mramasco\\\/\"}]}<\/script>\n<!-- \/ Yoast SEO plugin. -->","yoast_head_json":{"title":"IDEP y Mercado Libre se unen para potenciar la venta online de productos tucumanos - El Diario de Tucuman","robots":{"index":"index","follow":"follow","max-snippet":"max-snippet:-1","max-image-preview":"max-image-preview:large","max-video-preview":"max-video-preview:-1"},"canonical":"https:\/\/www.eldiariodetucuman.com\/web\/idep-y-mercado-libre-se-unen-para-potenciar-la-venta-online-de-productos-tucumanos\/","og_locale":"es_ES","og_type":"article","og_title":"IDEP y Mercado Libre se unen para potenciar la venta online de productos tucumanos - El Diario de Tucuman","og_description":"Pueden postularse firmas instaladas en la provincia, que produzcan y comercialicen bienes o productos no perecederos. Plazo de inscripci\u00f3n: 24 de noviembre.","og_url":"https:\/\/www.eldiariodetucuman.com\/web\/idep-y-mercado-libre-se-unen-para-potenciar-la-venta-online-de-productos-tucumanos\/","og_site_name":"El Diario de Tucuman","article_published_time":"2020-11-19T13:50:01+00:00","og_image":[{"width":929,"height":523,"url":"https:\/\/www.eldiariodetucuman.com\/web\/wp-content\/uploads\/2020\/11\/venta-mercado-libre.jpg","type":"image\/jpeg"}],"author":"Redactor Uno","twitter_card":"summary_large_image","twitter_misc":{"Escrito por":"Redactor Uno","Tiempo de lectura":"2 minutos"},"schema":{"@context":"https:\/\/schema.org","@graph":[{"@type":"Article","@id":"https:\/\/www.eldiariodetucuman.com\/web\/idep-y-mercado-libre-se-unen-para-potenciar-la-venta-online-de-productos-tucumanos\/#article","isPartOf":{"@id":"https:\/\/www.eldiariodetucuman.com\/web\/idep-y-mercado-libre-se-unen-para-potenciar-la-venta-online-de-productos-tucumanos\/"},"author":{"name":"Redactor Uno","@id":"https:\/\/www.eldiariodetucuman.com\/web\/#\/schema\/person\/7e6644a46e60888f6b868594407e08dd"},"headline":"IDEP y Mercado Libre se unen para potenciar la venta online de productos tucumanos","datePublished":"2020-11-19T13:50:01+00:00","mainEntityOfPage":{"@id":"https:\/\/www.eldiariodetucuman.com\/web\/idep-y-mercado-libre-se-unen-para-potenciar-la-venta-online-de-productos-tucumanos\/"},"wordCount":452,"publisher":{"@id":"https:\/\/www.eldiariodetucuman.com\/web\/#organization"},"image":{"@id":"https:\/\/www.eldiariodetucuman.com\/web\/idep-y-mercado-libre-se-unen-para-potenciar-la-venta-online-de-productos-tucumanos\/#primaryimage"},"thumbnailUrl":"https:\/\/www.eldiariodetucuman.com\/web\/wp-content\/uploads\/2020\/11\/venta-mercado-libre.jpg","keywords":["Mercado Libre","Tucuman","venta"],"articleSection":["Actualidad"],"inLanguage":"es"},{"@type":"WebPage","@id":"https:\/\/www.eldiariodetucuman.com\/web\/idep-y-mercado-libre-se-unen-para-potenciar-la-venta-online-de-productos-tucumanos\/","url":"https:\/\/www.eldiariodetucuman.com\/web\/idep-y-mercado-libre-se-unen-para-potenciar-la-venta-online-de-productos-tucumanos\/","name":"IDEP y Mercado Libre se unen para potenciar la venta online de productos tucumanos - El Diario de Tucuman","isPartOf":{"@id":"https:\/\/www.eldiariodetucuman.com\/web\/#website"},"primaryImageOfPage":{"@id":"https:\/\/www.eldiariodetucuman.com\/web\/idep-y-mercado-libre-se-unen-para-potenciar-la-venta-online-de-productos-tucumanos\/#primaryimage"},"image":{"@id":"https:\/\/www.eldiariodetucuman.com\/web\/idep-y-mercado-libre-se-unen-para-potenciar-la-venta-online-de-productos-tucumanos\/#primaryimage"},"thumbnailUrl":"https:\/\/www.eldiariodetucuman.com\/web\/wp-content\/uploads\/2020\/11\/venta-mercado-libre.jpg","datePublished":"2020-11-19T13:50:01+00:00","breadcrumb":{"@id":"https:\/\/www.eldiariodetucuman.com\/web\/idep-y-mercado-libre-se-unen-para-potenciar-la-venta-online-de-productos-tucumanos\/#breadcrumb"},"inLanguage":"es","potentialAction":[{"@type":"ReadAction","target":["https:\/\/www.eldiariodetucuman.com\/web\/idep-y-mercado-libre-se-unen-para-potenciar-la-venta-online-de-productos-tucumanos\/"]}]},{"@type":"ImageObject","inLanguage":"es","@id":"https:\/\/www.eldiariodetucuman.com\/web\/idep-y-mercado-libre-se-unen-para-potenciar-la-venta-online-de-productos-tucumanos\/#primaryimage","url":"https:\/\/www.eldiariodetucuman.com\/web\/wp-content\/uploads\/2020\/11\/venta-mercado-libre.jpg","contentUrl":"https:\/\/www.eldiariodetucuman.com\/web\/wp-content\/uploads\/2020\/11\/venta-mercado-libre.jpg","width":929,"height":523},{"@type":"BreadcrumbList","@id":"https:\/\/www.eldiariodetucuman.com\/web\/idep-y-mercado-libre-se-unen-para-potenciar-la-venta-online-de-productos-tucumanos\/#breadcrumb","itemListElement":[{"@type":"ListItem","position":1,"name":"Portada","item":"https:\/\/www.eldiariodetucuman.com\/web\/"},{"@type":"ListItem","position":2,"name":"IDEP y Mercado Libre se unen para potenciar la venta online de productos tucumanos"}]},{"@type":"WebSite","@id":"https:\/\/www.eldiariodetucuman.com\/web\/#website","url":"https:\/\/www.eldiariodetucuman.com\/web\/","name":"El Diario de Tucuman","description":"Diario Tucuman - Informaci\u00f3n y noticias","publisher":{"@id":"https:\/\/www.eldiariodetucuman.com\/web\/#organization"},"potentialAction":[{"@type":"SearchAction","target":{"@type":"EntryPoint","urlTemplate":"https:\/\/www.eldiariodetucuman.com\/web\/?s={search_term_string}"},"query-input":{"@type":"PropertyValueSpecification","valueRequired":true,"valueName":"search_term_string"}}],"inLanguage":"es"},{"@type":"Organization","@id":"https:\/\/www.eldiariodetucuman.com\/web\/#organization","name":"El Diario de Tucuman","url":"https:\/\/www.eldiariodetucuman.com\/web\/","logo":{"@type":"ImageObject","inLanguage":"es","@id":"https:\/\/www.eldiariodetucuman.com\/web\/#\/schema\/logo\/image\/","url":"http:\/\/www.eldiariodetucuman.com\/web\/wp-content\/uploads\/2017\/12\/el-diario-de-tucuman.jpg","contentUrl":"http:\/\/www.eldiariodetucuman.com\/web\/wp-content\/uploads\/2017\/12\/el-diario-de-tucuman.jpg","width":272,"height":92,"caption":"El Diario de Tucuman"},"image":{"@id":"https:\/\/www.eldiariodetucuman.com\/web\/#\/schema\/logo\/image\/"}},{"@type":"Person","@id":"https:\/\/www.eldiariodetucuman.com\/web\/#\/schema\/person\/7e6644a46e60888f6b868594407e08dd","name":"Redactor Uno","image":{"@type":"ImageObject","inLanguage":"es","@id":"https:\/\/secure.gravatar.com\/avatar\/0049b1bdf1bd548385c9ea6b9356431717930913089febd2ba904f0187d7d074?s=96&d=mm&r=g","url":"https:\/\/secure.gravatar.com\/avatar\/0049b1bdf1bd548385c9ea6b9356431717930913089febd2ba904f0187d7d074?s=96&d=mm&r=g","contentUrl":"https:\/\/secure.gravatar.com\/avatar\/0049b1bdf1bd548385c9ea6b9356431717930913089febd2ba904f0187d7d074?s=96&d=mm&r=g","caption":"Redactor Uno"},"url":"https:\/\/www.eldiariodetucuman.com\/web\/author\/mramasco\/"}]}},"_links":{"self":[{"href":"https:\/\/www.eldiariodetucuman.com\/web\/wp-json\/wp\/v2\/posts\/29782","targetHints":{"allow":["GET"]}}],"collection":[{"href":"https:\/\/www.eldiariodetucuman.com\/web\/wp-json\/wp\/v2\/posts"}],"about":[{"href":"https:\/\/www.eldiariodetucuman.com\/web\/wp-json\/wp\/v2\/types\/post"}],"author":[{"embeddable":true,"href":"https:\/\/www.eldiariodetucuman.com\/web\/wp-json\/wp\/v2\/users\/5"}],"replies":[{"embeddable":true,"href":"https:\/\/www.eldiariodetucuman.com\/web\/wp-json\/wp\/v2\/comments?post=29782"}],"version-history":[{"count":1,"href":"https:\/\/www.eldiariodetucuman.com\/web\/wp-json\/wp\/v2\/posts\/29782\/revisions"}],"predecessor-version":[{"id":29784,"href":"https:\/\/www.eldiariodetucuman.com\/web\/wp-json\/wp\/v2\/posts\/29782\/revisions\/29784"}],"wp:featuredmedia":[{"embeddable":true,"href":"https:\/\/www.eldiariodetucuman.com\/web\/wp-json\/wp\/v2\/media\/29783"}],"wp:attachment":[{"href":"https:\/\/www.eldiariodetucuman.com\/web\/wp-json\/wp\/v2\/media?parent=29782"}],"wp:term":[{"taxonomy":"category","embeddable":true,"href":"https:\/\/www.eldiariodetucuman.com\/web\/wp-json\/wp\/v2\/categories?post=29782"},{"taxonomy":"post_tag","embeddable":true,"href":"https:\/\/www.eldiariodetucuman.com\/web\/wp-json\/wp\/v2\/tags?post=29782"}],"curies":[{"name":"wp","href":"https:\/\/api.w.org\/{rel}","templated":true}]}}