{"id":29656,"date":"2020-11-10T12:34:36","date_gmt":"2020-11-10T15:34:36","guid":{"rendered":"http:\/\/www.eldiariodetucuman.com\/web\/?p=29656"},"modified":"2020-11-10T12:34:36","modified_gmt":"2020-11-10T15:34:36","slug":"buscan-en-el-pais-al-vecino-de-yerba-buena-que-desaparecio-el-10-de-septiembre","status":"publish","type":"post","link":"https:\/\/www.eldiariodetucuman.com\/web\/buscan-en-el-pais-al-vecino-de-yerba-buena-que-desaparecio-el-10-de-septiembre\/","title":{"rendered":"Buscan en el pa\u00eds al vecino de Yerba Buena que desapareci\u00f3 el 10 de septiembre"},"content":{"rendered":"<div class=\"small-12 xlarge-8 xlarge-offset-2 large-8 large-offset-2 columns\">\n<div class=\"e-post-subtitle\">Ram\u00f3n Antonio Romero sali\u00f3 de su vivienda el s\u00e1bado 10 de septiembre pasado, cerca de las 5:00 horas, en calle Paraguay al 800 de Yerba Buena dejando en el domicilio el autom\u00f3vil, el celular y la billetera.<\/div>\n<div><!--more--><\/div>\n<div><\/div>\n<p class=\"e-post-subtitle\">El Ministerio Fiscal inform\u00f3 que la Unidad Fiscal en Delitos Complejos, a cargo de Pedro Le\u00f3n Gallo, se encuentra abocada a la realizaci\u00f3n de numerosas medidas investigativas para poder encontrar a Ram\u00f3n Antonio Romero, de 35 a\u00f1os, quien se encuentra desaparecido desde el 10 de septiembre pasado.<\/p>\n<p class=\"e-post-subtitle\">En ese sentido, la UFI interviniente inform\u00f3 que solicit\u00f3 la colaboraci\u00f3n del Sistema Federal de B\u00fasqueda de Personas Desaparecidas y Extraviadas (SIFEBU), que es gestionado por la Secretar\u00eda de Cooperaci\u00f3n con los Poderes Constitucionales del Ministerio de Seguridad de la Naci\u00f3n. Tambi\u00e9n se pidi\u00f3 el cotejo con los casos de personas halladas con identidad desconocida (NN) en todo el territorio nacional. En tanto, se solicita que aquellas personas que puedan aportar informaci\u00f3n sobre su paradero se presenten en la Unidad Regional de la Polic\u00eda m\u00e1s cerca.<\/p>\n<p class=\"e-post-subtitle\">Las fuentes judiciales se\u00f1alaron que la UFI a cargo de la pesquisa llev\u00f3 a cabo numerosas tareas de rastrillaje y medidas investigativas con la colaboraci\u00f3n de diferentes unidades de la polic\u00eda, como las Divisiones Trata de Personas y Delitos Contra las Personas. Actualmente intervino Delitos Telem\u00e1ticos llevando a cabo una serie de pericias.<\/p>\n<p class=\"e-post-subtitle\"><strong>El caso<\/strong><\/p>\n<p class=\"e-post-subtitle\">La denuncia fue realizada por Mar\u00eda Bel\u00e9n Quinteros, la esposa de Romero, quien el s\u00e1bado 10 de septiembre pasado, cerca de las 5:00 horas, se retir\u00f3 de su domicilio de calle Paraguay al 800 de Yerba Buena, vistiendo una camisa color gris con una leyenda que dec\u00eda \u00abAgrot\u00e9cnica Fueguina\u00bb, un pantal\u00f3n gris oscuro con una mancha de pintura blanca en la pierna derecha, zapatillas de color azul marca Nike, dinero y su DNI, dejando en el domicilio el automovil, el celular y la billetera.<\/p>\n<p class=\"e-post-subtitle\"><strong>La b\u00fasqueda\u00a0 <\/strong><\/p>\n<p class=\"e-post-subtitle\">Los pesquisas realizaron rastrillajes y otras tareas de b\u00fasqueda en El Cadillal, donde vive una hermana de Romero; en Alderetes, donde reside su padre; en El Cha\u00f1ar, donde viv\u00eda su abuela; y en La Calera, donde se domicilia su madre. La b\u00fasqueda incluy\u00f3 el barrio de Romero, donde se registraron terrenos bald\u00edos y obras en construcci\u00f3n.<\/p>\n<p class=\"e-post-subtitle\">Los rastrillajes contaron con la ayuda de la comisar\u00eda de Yerba Buena, que recorri\u00f3 el barrio San Javier, ante versiones de que Romero se encontraba en la zona. Tambi\u00e9n lo buscaron en la ruta 338, en la zona de Las Caba\u00f1as de Las Moras hasta El Corte, en Loma Bola, El Cristo Redentor y Villa Nougu\u00e9s, adem\u00e1s de fincas y senderos hacia el Jard\u00edn Bot\u00e1nico.<\/p>\n<p class=\"e-post-subtitle\">Siguiendo con la b\u00fasqueda, se recorrieron las avenida Aconquija y Per\u00f3n hasta el pie del cerro San Javier, utilizando canes entrenados, junto a los Guardaparques. La Divisi\u00f3n Caballer\u00eda y Gendarmer\u00eda \u00a0participaron de los operativos junto a la Regional Norte y las comisar\u00edas de Cevil Redondo, Marti Coll y El Corte. La pesquisa se extendi\u00f3 incluso hasta la Terminal Vieja de Colectivos, donde se procedi\u00f3 a inspeccionar hoteles aleda\u00f1os.<\/p>\n<p class=\"e-post-subtitle\"><strong>Fuente:<\/strong> <a href=\"https:\/\/tucuman.telefe.com\/policiales\/buscan-en-todo-el-pais-a-un-hombre-de-yerba-buena-que-desaparecio-el-10-de-septiembre\/\">https:\/\/tucuman.telefe.com\/policiales\/buscan-en-todo-el-pais-a-un-hombre-de-yerba-buena-que-desaparecio-el-10-de-septiembre\/<\/a><\/p>\n<\/div>\n","protected":false},"excerpt":{"rendered":"<p>Ram\u00f3n Antonio Romero sali\u00f3 de su vivienda el s\u00e1bado 10 de septiembre pasado, cerca de las 5:00 horas, en calle Paraguay al 800 de Yerba Buena dejando en el domicilio el autom\u00f3vil, el celular y la billetera.<\/p>\n","protected":false},"author":5,"featured_media":29657,"comment_status":"closed","ping_status":"open","sticky":false,"template":"","format":"standard","meta":{"footnotes":""},"categories":[2],"tags":[1645,3288,1646,1154],"class_list":{"0":"post-29656","1":"post","2":"type-post","3":"status-publish","4":"format-standard","5":"has-post-thumbnail","7":"category-actualidad","8":"tag-busqueda","9":"tag-desaparecido","10":"tag-hombre","11":"tag-yerba-buena"},"yoast_head":"<!-- This site is optimized with the Yoast SEO plugin v27.4 - https:\/\/yoast.com\/product\/yoast-seo-wordpress\/ -->\n<title>Buscan en el pa\u00eds al vecino de Yerba Buena que desapareci\u00f3 el 10 de septiembre - El Diario de Tucuman<\/title>\n<meta name=\"robots\" content=\"index, follow, max-snippet:-1, max-image-preview:large, max-video-preview:-1\" \/>\n<link rel=\"canonical\" href=\"https:\/\/www.eldiariodetucuman.com\/web\/buscan-en-el-pais-al-vecino-de-yerba-buena-que-desaparecio-el-10-de-septiembre\/\" \/>\n<meta property=\"og:locale\" content=\"es_ES\" \/>\n<meta property=\"og:type\" content=\"article\" \/>\n<meta property=\"og:title\" content=\"Buscan en el pa\u00eds al vecino de Yerba Buena que desapareci\u00f3 el 10 de septiembre - El Diario de Tucuman\" \/>\n<meta property=\"og:description\" content=\"Ram\u00f3n Antonio Romero sali\u00f3 de su vivienda el s\u00e1bado 10 de septiembre pasado, cerca de las 5:00 horas, en calle Paraguay al 800 de Yerba Buena dejando en el domicilio el autom\u00f3vil, el celular y la billetera.\" \/>\n<meta property=\"og:url\" content=\"https:\/\/www.eldiariodetucuman.com\/web\/buscan-en-el-pais-al-vecino-de-yerba-buena-que-desaparecio-el-10-de-septiembre\/\" \/>\n<meta property=\"og:site_name\" content=\"El Diario de Tucuman\" \/>\n<meta property=\"article:published_time\" content=\"2020-11-10T15:34:36+00:00\" \/>\n<meta property=\"og:image\" content=\"https:\/\/www.eldiariodetucuman.com\/web\/wp-content\/uploads\/2020\/11\/hombre-desaparecido-yb.jpg\" \/>\n\t<meta property=\"og:image:width\" content=\"640\" \/>\n\t<meta property=\"og:image:height\" content=\"344\" \/>\n\t<meta property=\"og:image:type\" content=\"image\/jpeg\" \/>\n<meta name=\"author\" content=\"Redactor Uno\" \/>\n<meta name=\"twitter:card\" content=\"summary_large_image\" \/>\n<meta name=\"twitter:label1\" content=\"Escrito por\" \/>\n\t<meta name=\"twitter:data1\" content=\"Redactor Uno\" \/>\n\t<meta name=\"twitter:label2\" content=\"Tiempo de lectura\" \/>\n\t<meta name=\"twitter:data2\" content=\"3 minutos\" \/>\n<script type=\"application\/ld+json\" class=\"yoast-schema-graph\">{\"@context\":\"https:\\\/\\\/schema.org\",\"@graph\":[{\"@type\":\"Article\",\"@id\":\"https:\\\/\\\/www.eldiariodetucuman.com\\\/web\\\/buscan-en-el-pais-al-vecino-de-yerba-buena-que-desaparecio-el-10-de-septiembre\\\/#article\",\"isPartOf\":{\"@id\":\"https:\\\/\\\/www.eldiariodetucuman.com\\\/web\\\/buscan-en-el-pais-al-vecino-de-yerba-buena-que-desaparecio-el-10-de-septiembre\\\/\"},\"author\":{\"name\":\"Redactor Uno\",\"@id\":\"https:\\\/\\\/www.eldiariodetucuman.com\\\/web\\\/#\\\/schema\\\/person\\\/7e6644a46e60888f6b868594407e08dd\"},\"headline\":\"Buscan en el pa\u00eds al vecino de Yerba Buena que desapareci\u00f3 el 10 de septiembre\",\"datePublished\":\"2020-11-10T15:34:36+00:00\",\"mainEntityOfPage\":{\"@id\":\"https:\\\/\\\/www.eldiariodetucuman.com\\\/web\\\/buscan-en-el-pais-al-vecino-de-yerba-buena-que-desaparecio-el-10-de-septiembre\\\/\"},\"wordCount\":561,\"publisher\":{\"@id\":\"https:\\\/\\\/www.eldiariodetucuman.com\\\/web\\\/#organization\"},\"image\":{\"@id\":\"https:\\\/\\\/www.eldiariodetucuman.com\\\/web\\\/buscan-en-el-pais-al-vecino-de-yerba-buena-que-desaparecio-el-10-de-septiembre\\\/#primaryimage\"},\"thumbnailUrl\":\"https:\\\/\\\/www.eldiariodetucuman.com\\\/web\\\/wp-content\\\/uploads\\\/2020\\\/11\\\/hombre-desaparecido-yb.jpg\",\"keywords\":[\"busqueda\",\"desaparecido\",\"hombre\",\"Yerba Buena\"],\"articleSection\":[\"Actualidad\"],\"inLanguage\":\"es\"},{\"@type\":\"WebPage\",\"@id\":\"https:\\\/\\\/www.eldiariodetucuman.com\\\/web\\\/buscan-en-el-pais-al-vecino-de-yerba-buena-que-desaparecio-el-10-de-septiembre\\\/\",\"url\":\"https:\\\/\\\/www.eldiariodetucuman.com\\\/web\\\/buscan-en-el-pais-al-vecino-de-yerba-buena-que-desaparecio-el-10-de-septiembre\\\/\",\"name\":\"Buscan en el pa\u00eds al vecino de Yerba Buena que desapareci\u00f3 el 10 de septiembre - El Diario de Tucuman\",\"isPartOf\":{\"@id\":\"https:\\\/\\\/www.eldiariodetucuman.com\\\/web\\\/#website\"},\"primaryImageOfPage\":{\"@id\":\"https:\\\/\\\/www.eldiariodetucuman.com\\\/web\\\/buscan-en-el-pais-al-vecino-de-yerba-buena-que-desaparecio-el-10-de-septiembre\\\/#primaryimage\"},\"image\":{\"@id\":\"https:\\\/\\\/www.eldiariodetucuman.com\\\/web\\\/buscan-en-el-pais-al-vecino-de-yerba-buena-que-desaparecio-el-10-de-septiembre\\\/#primaryimage\"},\"thumbnailUrl\":\"https:\\\/\\\/www.eldiariodetucuman.com\\\/web\\\/wp-content\\\/uploads\\\/2020\\\/11\\\/hombre-desaparecido-yb.jpg\",\"datePublished\":\"2020-11-10T15:34:36+00:00\",\"breadcrumb\":{\"@id\":\"https:\\\/\\\/www.eldiariodetucuman.com\\\/web\\\/buscan-en-el-pais-al-vecino-de-yerba-buena-que-desaparecio-el-10-de-septiembre\\\/#breadcrumb\"},\"inLanguage\":\"es\",\"potentialAction\":[{\"@type\":\"ReadAction\",\"target\":[\"https:\\\/\\\/www.eldiariodetucuman.com\\\/web\\\/buscan-en-el-pais-al-vecino-de-yerba-buena-que-desaparecio-el-10-de-septiembre\\\/\"]}]},{\"@type\":\"ImageObject\",\"inLanguage\":\"es\",\"@id\":\"https:\\\/\\\/www.eldiariodetucuman.com\\\/web\\\/buscan-en-el-pais-al-vecino-de-yerba-buena-que-desaparecio-el-10-de-septiembre\\\/#primaryimage\",\"url\":\"https:\\\/\\\/www.eldiariodetucuman.com\\\/web\\\/wp-content\\\/uploads\\\/2020\\\/11\\\/hombre-desaparecido-yb.jpg\",\"contentUrl\":\"https:\\\/\\\/www.eldiariodetucuman.com\\\/web\\\/wp-content\\\/uploads\\\/2020\\\/11\\\/hombre-desaparecido-yb.jpg\",\"width\":640,\"height\":344},{\"@type\":\"BreadcrumbList\",\"@id\":\"https:\\\/\\\/www.eldiariodetucuman.com\\\/web\\\/buscan-en-el-pais-al-vecino-de-yerba-buena-que-desaparecio-el-10-de-septiembre\\\/#breadcrumb\",\"itemListElement\":[{\"@type\":\"ListItem\",\"position\":1,\"name\":\"Portada\",\"item\":\"https:\\\/\\\/www.eldiariodetucuman.com\\\/web\\\/\"},{\"@type\":\"ListItem\",\"position\":2,\"name\":\"Buscan en el pa\u00eds al vecino de Yerba Buena que desapareci\u00f3 el 10 de septiembre\"}]},{\"@type\":\"WebSite\",\"@id\":\"https:\\\/\\\/www.eldiariodetucuman.com\\\/web\\\/#website\",\"url\":\"https:\\\/\\\/www.eldiariodetucuman.com\\\/web\\\/\",\"name\":\"El Diario de Tucuman\",\"description\":\"Diario Tucuman - Informaci\u00f3n y noticias\",\"publisher\":{\"@id\":\"https:\\\/\\\/www.eldiariodetucuman.com\\\/web\\\/#organization\"},\"potentialAction\":[{\"@type\":\"SearchAction\",\"target\":{\"@type\":\"EntryPoint\",\"urlTemplate\":\"https:\\\/\\\/www.eldiariodetucuman.com\\\/web\\\/?s={search_term_string}\"},\"query-input\":{\"@type\":\"PropertyValueSpecification\",\"valueRequired\":true,\"valueName\":\"search_term_string\"}}],\"inLanguage\":\"es\"},{\"@type\":\"Organization\",\"@id\":\"https:\\\/\\\/www.eldiariodetucuman.com\\\/web\\\/#organization\",\"name\":\"El Diario de Tucuman\",\"url\":\"https:\\\/\\\/www.eldiariodetucuman.com\\\/web\\\/\",\"logo\":{\"@type\":\"ImageObject\",\"inLanguage\":\"es\",\"@id\":\"https:\\\/\\\/www.eldiariodetucuman.com\\\/web\\\/#\\\/schema\\\/logo\\\/image\\\/\",\"url\":\"http:\\\/\\\/www.eldiariodetucuman.com\\\/web\\\/wp-content\\\/uploads\\\/2017\\\/12\\\/el-diario-de-tucuman.jpg\",\"contentUrl\":\"http:\\\/\\\/www.eldiariodetucuman.com\\\/web\\\/wp-content\\\/uploads\\\/2017\\\/12\\\/el-diario-de-tucuman.jpg\",\"width\":272,\"height\":92,\"caption\":\"El Diario de Tucuman\"},\"image\":{\"@id\":\"https:\\\/\\\/www.eldiariodetucuman.com\\\/web\\\/#\\\/schema\\\/logo\\\/image\\\/\"}},{\"@type\":\"Person\",\"@id\":\"https:\\\/\\\/www.eldiariodetucuman.com\\\/web\\\/#\\\/schema\\\/person\\\/7e6644a46e60888f6b868594407e08dd\",\"name\":\"Redactor Uno\",\"image\":{\"@type\":\"ImageObject\",\"inLanguage\":\"es\",\"@id\":\"https:\\\/\\\/secure.gravatar.com\\\/avatar\\\/0049b1bdf1bd548385c9ea6b9356431717930913089febd2ba904f0187d7d074?s=96&d=mm&r=g\",\"url\":\"https:\\\/\\\/secure.gravatar.com\\\/avatar\\\/0049b1bdf1bd548385c9ea6b9356431717930913089febd2ba904f0187d7d074?s=96&d=mm&r=g\",\"contentUrl\":\"https:\\\/\\\/secure.gravatar.com\\\/avatar\\\/0049b1bdf1bd548385c9ea6b9356431717930913089febd2ba904f0187d7d074?s=96&d=mm&r=g\",\"caption\":\"Redactor Uno\"},\"url\":\"https:\\\/\\\/www.eldiariodetucuman.com\\\/web\\\/author\\\/mramasco\\\/\"}]}<\/script>\n<!-- \/ Yoast SEO plugin. -->","yoast_head_json":{"title":"Buscan en el pa\u00eds al vecino de Yerba Buena que desapareci\u00f3 el 10 de septiembre - El Diario de Tucuman","robots":{"index":"index","follow":"follow","max-snippet":"max-snippet:-1","max-image-preview":"max-image-preview:large","max-video-preview":"max-video-preview:-1"},"canonical":"https:\/\/www.eldiariodetucuman.com\/web\/buscan-en-el-pais-al-vecino-de-yerba-buena-que-desaparecio-el-10-de-septiembre\/","og_locale":"es_ES","og_type":"article","og_title":"Buscan en el pa\u00eds al vecino de Yerba Buena que desapareci\u00f3 el 10 de septiembre - El Diario de Tucuman","og_description":"Ram\u00f3n Antonio Romero sali\u00f3 de su vivienda el s\u00e1bado 10 de septiembre pasado, cerca de las 5:00 horas, en calle Paraguay al 800 de Yerba Buena dejando en el domicilio el autom\u00f3vil, el celular y la billetera.","og_url":"https:\/\/www.eldiariodetucuman.com\/web\/buscan-en-el-pais-al-vecino-de-yerba-buena-que-desaparecio-el-10-de-septiembre\/","og_site_name":"El Diario de Tucuman","article_published_time":"2020-11-10T15:34:36+00:00","og_image":[{"width":640,"height":344,"url":"https:\/\/www.eldiariodetucuman.com\/web\/wp-content\/uploads\/2020\/11\/hombre-desaparecido-yb.jpg","type":"image\/jpeg"}],"author":"Redactor Uno","twitter_card":"summary_large_image","twitter_misc":{"Escrito por":"Redactor Uno","Tiempo de lectura":"3 minutos"},"schema":{"@context":"https:\/\/schema.org","@graph":[{"@type":"Article","@id":"https:\/\/www.eldiariodetucuman.com\/web\/buscan-en-el-pais-al-vecino-de-yerba-buena-que-desaparecio-el-10-de-septiembre\/#article","isPartOf":{"@id":"https:\/\/www.eldiariodetucuman.com\/web\/buscan-en-el-pais-al-vecino-de-yerba-buena-que-desaparecio-el-10-de-septiembre\/"},"author":{"name":"Redactor Uno","@id":"https:\/\/www.eldiariodetucuman.com\/web\/#\/schema\/person\/7e6644a46e60888f6b868594407e08dd"},"headline":"Buscan en el pa\u00eds al vecino de Yerba Buena que desapareci\u00f3 el 10 de septiembre","datePublished":"2020-11-10T15:34:36+00:00","mainEntityOfPage":{"@id":"https:\/\/www.eldiariodetucuman.com\/web\/buscan-en-el-pais-al-vecino-de-yerba-buena-que-desaparecio-el-10-de-septiembre\/"},"wordCount":561,"publisher":{"@id":"https:\/\/www.eldiariodetucuman.com\/web\/#organization"},"image":{"@id":"https:\/\/www.eldiariodetucuman.com\/web\/buscan-en-el-pais-al-vecino-de-yerba-buena-que-desaparecio-el-10-de-septiembre\/#primaryimage"},"thumbnailUrl":"https:\/\/www.eldiariodetucuman.com\/web\/wp-content\/uploads\/2020\/11\/hombre-desaparecido-yb.jpg","keywords":["busqueda","desaparecido","hombre","Yerba Buena"],"articleSection":["Actualidad"],"inLanguage":"es"},{"@type":"WebPage","@id":"https:\/\/www.eldiariodetucuman.com\/web\/buscan-en-el-pais-al-vecino-de-yerba-buena-que-desaparecio-el-10-de-septiembre\/","url":"https:\/\/www.eldiariodetucuman.com\/web\/buscan-en-el-pais-al-vecino-de-yerba-buena-que-desaparecio-el-10-de-septiembre\/","name":"Buscan en el pa\u00eds al vecino de Yerba Buena que desapareci\u00f3 el 10 de septiembre - El Diario de Tucuman","isPartOf":{"@id":"https:\/\/www.eldiariodetucuman.com\/web\/#website"},"primaryImageOfPage":{"@id":"https:\/\/www.eldiariodetucuman.com\/web\/buscan-en-el-pais-al-vecino-de-yerba-buena-que-desaparecio-el-10-de-septiembre\/#primaryimage"},"image":{"@id":"https:\/\/www.eldiariodetucuman.com\/web\/buscan-en-el-pais-al-vecino-de-yerba-buena-que-desaparecio-el-10-de-septiembre\/#primaryimage"},"thumbnailUrl":"https:\/\/www.eldiariodetucuman.com\/web\/wp-content\/uploads\/2020\/11\/hombre-desaparecido-yb.jpg","datePublished":"2020-11-10T15:34:36+00:00","breadcrumb":{"@id":"https:\/\/www.eldiariodetucuman.com\/web\/buscan-en-el-pais-al-vecino-de-yerba-buena-que-desaparecio-el-10-de-septiembre\/#breadcrumb"},"inLanguage":"es","potentialAction":[{"@type":"ReadAction","target":["https:\/\/www.eldiariodetucuman.com\/web\/buscan-en-el-pais-al-vecino-de-yerba-buena-que-desaparecio-el-10-de-septiembre\/"]}]},{"@type":"ImageObject","inLanguage":"es","@id":"https:\/\/www.eldiariodetucuman.com\/web\/buscan-en-el-pais-al-vecino-de-yerba-buena-que-desaparecio-el-10-de-septiembre\/#primaryimage","url":"https:\/\/www.eldiariodetucuman.com\/web\/wp-content\/uploads\/2020\/11\/hombre-desaparecido-yb.jpg","contentUrl":"https:\/\/www.eldiariodetucuman.com\/web\/wp-content\/uploads\/2020\/11\/hombre-desaparecido-yb.jpg","width":640,"height":344},{"@type":"BreadcrumbList","@id":"https:\/\/www.eldiariodetucuman.com\/web\/buscan-en-el-pais-al-vecino-de-yerba-buena-que-desaparecio-el-10-de-septiembre\/#breadcrumb","itemListElement":[{"@type":"ListItem","position":1,"name":"Portada","item":"https:\/\/www.eldiariodetucuman.com\/web\/"},{"@type":"ListItem","position":2,"name":"Buscan en el pa\u00eds al vecino de Yerba Buena que desapareci\u00f3 el 10 de septiembre"}]},{"@type":"WebSite","@id":"https:\/\/www.eldiariodetucuman.com\/web\/#website","url":"https:\/\/www.eldiariodetucuman.com\/web\/","name":"El Diario de Tucuman","description":"Diario Tucuman - Informaci\u00f3n y noticias","publisher":{"@id":"https:\/\/www.eldiariodetucuman.com\/web\/#organization"},"potentialAction":[{"@type":"SearchAction","target":{"@type":"EntryPoint","urlTemplate":"https:\/\/www.eldiariodetucuman.com\/web\/?s={search_term_string}"},"query-input":{"@type":"PropertyValueSpecification","valueRequired":true,"valueName":"search_term_string"}}],"inLanguage":"es"},{"@type":"Organization","@id":"https:\/\/www.eldiariodetucuman.com\/web\/#organization","name":"El Diario de Tucuman","url":"https:\/\/www.eldiariodetucuman.com\/web\/","logo":{"@type":"ImageObject","inLanguage":"es","@id":"https:\/\/www.eldiariodetucuman.com\/web\/#\/schema\/logo\/image\/","url":"http:\/\/www.eldiariodetucuman.com\/web\/wp-content\/uploads\/2017\/12\/el-diario-de-tucuman.jpg","contentUrl":"http:\/\/www.eldiariodetucuman.com\/web\/wp-content\/uploads\/2017\/12\/el-diario-de-tucuman.jpg","width":272,"height":92,"caption":"El Diario de Tucuman"},"image":{"@id":"https:\/\/www.eldiariodetucuman.com\/web\/#\/schema\/logo\/image\/"}},{"@type":"Person","@id":"https:\/\/www.eldiariodetucuman.com\/web\/#\/schema\/person\/7e6644a46e60888f6b868594407e08dd","name":"Redactor Uno","image":{"@type":"ImageObject","inLanguage":"es","@id":"https:\/\/secure.gravatar.com\/avatar\/0049b1bdf1bd548385c9ea6b9356431717930913089febd2ba904f0187d7d074?s=96&d=mm&r=g","url":"https:\/\/secure.gravatar.com\/avatar\/0049b1bdf1bd548385c9ea6b9356431717930913089febd2ba904f0187d7d074?s=96&d=mm&r=g","contentUrl":"https:\/\/secure.gravatar.com\/avatar\/0049b1bdf1bd548385c9ea6b9356431717930913089febd2ba904f0187d7d074?s=96&d=mm&r=g","caption":"Redactor Uno"},"url":"https:\/\/www.eldiariodetucuman.com\/web\/author\/mramasco\/"}]}},"_links":{"self":[{"href":"https:\/\/www.eldiariodetucuman.com\/web\/wp-json\/wp\/v2\/posts\/29656","targetHints":{"allow":["GET"]}}],"collection":[{"href":"https:\/\/www.eldiariodetucuman.com\/web\/wp-json\/wp\/v2\/posts"}],"about":[{"href":"https:\/\/www.eldiariodetucuman.com\/web\/wp-json\/wp\/v2\/types\/post"}],"author":[{"embeddable":true,"href":"https:\/\/www.eldiariodetucuman.com\/web\/wp-json\/wp\/v2\/users\/5"}],"replies":[{"embeddable":true,"href":"https:\/\/www.eldiariodetucuman.com\/web\/wp-json\/wp\/v2\/comments?post=29656"}],"version-history":[{"count":2,"href":"https:\/\/www.eldiariodetucuman.com\/web\/wp-json\/wp\/v2\/posts\/29656\/revisions"}],"predecessor-version":[{"id":29659,"href":"https:\/\/www.eldiariodetucuman.com\/web\/wp-json\/wp\/v2\/posts\/29656\/revisions\/29659"}],"wp:featuredmedia":[{"embeddable":true,"href":"https:\/\/www.eldiariodetucuman.com\/web\/wp-json\/wp\/v2\/media\/29657"}],"wp:attachment":[{"href":"https:\/\/www.eldiariodetucuman.com\/web\/wp-json\/wp\/v2\/media?parent=29656"}],"wp:term":[{"taxonomy":"category","embeddable":true,"href":"https:\/\/www.eldiariodetucuman.com\/web\/wp-json\/wp\/v2\/categories?post=29656"},{"taxonomy":"post_tag","embeddable":true,"href":"https:\/\/www.eldiariodetucuman.com\/web\/wp-json\/wp\/v2\/tags?post=29656"}],"curies":[{"name":"wp","href":"https:\/\/api.w.org\/{rel}","templated":true}]}}