{"id":29282,"date":"2020-10-06T09:56:28","date_gmt":"2020-10-06T12:56:28","guid":{"rendered":"http:\/\/www.eldiariodetucuman.com\/web\/?p=29282"},"modified":"2020-10-06T09:56:28","modified_gmt":"2020-10-06T12:56:28","slug":"quieren-volver-a-poner-en-funcionamiento-la-biblioteca-alberdi","status":"publish","type":"post","link":"https:\/\/www.eldiariodetucuman.com\/web\/quieren-volver-a-poner-en-funcionamiento-la-biblioteca-alberdi\/","title":{"rendered":"Quieren volver a poner en funcionamiento la Biblioteca Alberdi"},"content":{"rendered":"<header class=\"entry-header\"><\/header>\n<div class=\"entry-content herald-entry-content\">\n<div class=\"addtoany_share_save_container addtoany_content addtoany_content_top\">\n<div class=\"a2a_kit a2a_kit_size_32 addtoany_list\" data-a2a-url=\"http:\/\/www.losprimeros.tv\/nota\/185080\/impulsan-la-rehabilitacion-de-la-biblioteca-alberdi.html\" data-a2a-title=\"Impulsan la rehabilitaci\u00f3n de la Biblioteca Alberdi\">El concejal de San Miguel de Tucum\u00e1n, Jos\u00e9 \u201cLucho\u201dArga\u00f1araz, colabora en la reapertura de la Biblioteca Alberdi, afectada por un incendio en noviembre pasado, y en la puesta a punto de la valiosa bibliograf\u00eda con la que cuenta este espacio cultural que tiene 117 a\u00f1os de vida.<\/div>\n<\/div>\n<\/div>\n<p><!--more--><\/p>\n<div class=\"entry-content herald-entry-content\">\n<p>\u201cAc\u00e1 tenemos documentos muy valiosos para la cultura tucumana, hay manuscritos de Juan Bautista Alberdi, el padre de a Constituci\u00f3n Nacional, y venimos colaborando con la biblioteca para alcanzar su recuperaci\u00f3n. Hay mucha gente dispuesta a limpiar y clasificar los libros para alcanzar su reapertura\u201d, dijo el concejal capitalino.<\/p>\n<p>Adem\u00e1s, adelant\u00f3 que inici\u00f3 gestiones ante la Municipalidad de San Miguel de Tucum\u00e1n para que se haga cargo del mantenimiento de este espacio cultural y que realmente sea considerado como un patrimonio hist\u00f3rico de los tucumanos.<\/p>\n<p><strong>Fuente:<\/strong> <a href=\"http:\/\/www.losprimeros.tv\/nota\/185080\/impulsan-la-rehabilitacion-de-la-biblioteca-alberdi.html\">http:\/\/www.losprimeros.tv\/nota\/185080\/impulsan-la-rehabilitacion-de-la-biblioteca-alberdi.html<\/a><\/p>\n<\/div>\n","protected":false},"excerpt":{"rendered":"<p>El concejal de San Miguel de Tucum\u00e1n, Jos\u00e9 \u201cLucho\u201dArga\u00f1araz, colabora en la reapertura de la Biblioteca Alberdi, afectada por un incendio en noviembre pasado, y en la puesta a punto de la valiosa bibliograf\u00eda con la que cuenta este espacio cultural que tiene 117 a\u00f1os de vida.<\/p>\n","protected":false},"author":5,"featured_media":29283,"comment_status":"closed","ping_status":"open","sticky":false,"template":"","format":"standard","meta":{"footnotes":""},"categories":[5],"tags":[3466,3467,61],"class_list":{"0":"post-29282","1":"post","2":"type-post","3":"status-publish","4":"format-standard","5":"has-post-thumbnail","7":"category-cultura","8":"tag-biblioteca-aberdi","9":"tag-espacio-cultural","10":"tag-tucuman"},"yoast_head":"<!-- This site is optimized with the Yoast SEO plugin v27.4 - https:\/\/yoast.com\/product\/yoast-seo-wordpress\/ -->\n<title>Quieren volver a poner en funcionamiento la Biblioteca Alberdi - El Diario de Tucuman<\/title>\n<meta name=\"robots\" content=\"index, follow, max-snippet:-1, max-image-preview:large, max-video-preview:-1\" \/>\n<link rel=\"canonical\" href=\"https:\/\/www.eldiariodetucuman.com\/web\/quieren-volver-a-poner-en-funcionamiento-la-biblioteca-alberdi\/\" \/>\n<meta property=\"og:locale\" content=\"es_ES\" \/>\n<meta property=\"og:type\" content=\"article\" \/>\n<meta property=\"og:title\" content=\"Quieren volver a poner en funcionamiento la Biblioteca Alberdi - El Diario de Tucuman\" \/>\n<meta property=\"og:description\" content=\"El concejal de San Miguel de Tucum\u00e1n, Jos\u00e9 \u201cLucho\u201dArga\u00f1araz, colabora en la reapertura de la Biblioteca Alberdi, afectada por un incendio en noviembre pasado, y en la puesta a punto de la valiosa bibliograf\u00eda con la que cuenta este espacio cultural que tiene 117 a\u00f1os de vida.\" \/>\n<meta property=\"og:url\" content=\"https:\/\/www.eldiariodetucuman.com\/web\/quieren-volver-a-poner-en-funcionamiento-la-biblioteca-alberdi\/\" \/>\n<meta property=\"og:site_name\" content=\"El Diario de Tucuman\" \/>\n<meta property=\"article:published_time\" content=\"2020-10-06T12:56:28+00:00\" \/>\n<meta property=\"og:image\" content=\"https:\/\/www.eldiariodetucuman.com\/web\/wp-content\/uploads\/2020\/10\/biblioteca-alberdi.jpg\" \/>\n\t<meta property=\"og:image:width\" content=\"750\" \/>\n\t<meta property=\"og:image:height\" content=\"416\" \/>\n\t<meta property=\"og:image:type\" content=\"image\/jpeg\" \/>\n<meta name=\"author\" content=\"Redactor Uno\" \/>\n<meta name=\"twitter:card\" content=\"summary_large_image\" \/>\n<meta name=\"twitter:label1\" content=\"Escrito por\" \/>\n\t<meta name=\"twitter:data1\" content=\"Redactor Uno\" \/>\n\t<meta name=\"twitter:label2\" content=\"Tiempo de lectura\" \/>\n\t<meta name=\"twitter:data2\" content=\"1 minuto\" \/>\n<script type=\"application\/ld+json\" class=\"yoast-schema-graph\">{\"@context\":\"https:\\\/\\\/schema.org\",\"@graph\":[{\"@type\":\"Article\",\"@id\":\"https:\\\/\\\/www.eldiariodetucuman.com\\\/web\\\/quieren-volver-a-poner-en-funcionamiento-la-biblioteca-alberdi\\\/#article\",\"isPartOf\":{\"@id\":\"https:\\\/\\\/www.eldiariodetucuman.com\\\/web\\\/quieren-volver-a-poner-en-funcionamiento-la-biblioteca-alberdi\\\/\"},\"author\":{\"name\":\"Redactor Uno\",\"@id\":\"https:\\\/\\\/www.eldiariodetucuman.com\\\/web\\\/#\\\/schema\\\/person\\\/7e6644a46e60888f6b868594407e08dd\"},\"headline\":\"Quieren volver a poner en funcionamiento la Biblioteca Alberdi\",\"datePublished\":\"2020-10-06T12:56:28+00:00\",\"mainEntityOfPage\":{\"@id\":\"https:\\\/\\\/www.eldiariodetucuman.com\\\/web\\\/quieren-volver-a-poner-en-funcionamiento-la-biblioteca-alberdi\\\/\"},\"wordCount\":158,\"publisher\":{\"@id\":\"https:\\\/\\\/www.eldiariodetucuman.com\\\/web\\\/#organization\"},\"image\":{\"@id\":\"https:\\\/\\\/www.eldiariodetucuman.com\\\/web\\\/quieren-volver-a-poner-en-funcionamiento-la-biblioteca-alberdi\\\/#primaryimage\"},\"thumbnailUrl\":\"https:\\\/\\\/www.eldiariodetucuman.com\\\/web\\\/wp-content\\\/uploads\\\/2020\\\/10\\\/biblioteca-alberdi.jpg\",\"keywords\":[\"Biblioteca Aberdi\",\"espacio cultural\",\"Tucuman\"],\"articleSection\":[\"Cultura\"],\"inLanguage\":\"es\"},{\"@type\":\"WebPage\",\"@id\":\"https:\\\/\\\/www.eldiariodetucuman.com\\\/web\\\/quieren-volver-a-poner-en-funcionamiento-la-biblioteca-alberdi\\\/\",\"url\":\"https:\\\/\\\/www.eldiariodetucuman.com\\\/web\\\/quieren-volver-a-poner-en-funcionamiento-la-biblioteca-alberdi\\\/\",\"name\":\"Quieren volver a poner en funcionamiento la Biblioteca Alberdi - El Diario de Tucuman\",\"isPartOf\":{\"@id\":\"https:\\\/\\\/www.eldiariodetucuman.com\\\/web\\\/#website\"},\"primaryImageOfPage\":{\"@id\":\"https:\\\/\\\/www.eldiariodetucuman.com\\\/web\\\/quieren-volver-a-poner-en-funcionamiento-la-biblioteca-alberdi\\\/#primaryimage\"},\"image\":{\"@id\":\"https:\\\/\\\/www.eldiariodetucuman.com\\\/web\\\/quieren-volver-a-poner-en-funcionamiento-la-biblioteca-alberdi\\\/#primaryimage\"},\"thumbnailUrl\":\"https:\\\/\\\/www.eldiariodetucuman.com\\\/web\\\/wp-content\\\/uploads\\\/2020\\\/10\\\/biblioteca-alberdi.jpg\",\"datePublished\":\"2020-10-06T12:56:28+00:00\",\"breadcrumb\":{\"@id\":\"https:\\\/\\\/www.eldiariodetucuman.com\\\/web\\\/quieren-volver-a-poner-en-funcionamiento-la-biblioteca-alberdi\\\/#breadcrumb\"},\"inLanguage\":\"es\",\"potentialAction\":[{\"@type\":\"ReadAction\",\"target\":[\"https:\\\/\\\/www.eldiariodetucuman.com\\\/web\\\/quieren-volver-a-poner-en-funcionamiento-la-biblioteca-alberdi\\\/\"]}]},{\"@type\":\"ImageObject\",\"inLanguage\":\"es\",\"@id\":\"https:\\\/\\\/www.eldiariodetucuman.com\\\/web\\\/quieren-volver-a-poner-en-funcionamiento-la-biblioteca-alberdi\\\/#primaryimage\",\"url\":\"https:\\\/\\\/www.eldiariodetucuman.com\\\/web\\\/wp-content\\\/uploads\\\/2020\\\/10\\\/biblioteca-alberdi.jpg\",\"contentUrl\":\"https:\\\/\\\/www.eldiariodetucuman.com\\\/web\\\/wp-content\\\/uploads\\\/2020\\\/10\\\/biblioteca-alberdi.jpg\",\"width\":750,\"height\":416},{\"@type\":\"BreadcrumbList\",\"@id\":\"https:\\\/\\\/www.eldiariodetucuman.com\\\/web\\\/quieren-volver-a-poner-en-funcionamiento-la-biblioteca-alberdi\\\/#breadcrumb\",\"itemListElement\":[{\"@type\":\"ListItem\",\"position\":1,\"name\":\"Portada\",\"item\":\"https:\\\/\\\/www.eldiariodetucuman.com\\\/web\\\/\"},{\"@type\":\"ListItem\",\"position\":2,\"name\":\"Quieren volver a poner en funcionamiento la Biblioteca Alberdi\"}]},{\"@type\":\"WebSite\",\"@id\":\"https:\\\/\\\/www.eldiariodetucuman.com\\\/web\\\/#website\",\"url\":\"https:\\\/\\\/www.eldiariodetucuman.com\\\/web\\\/\",\"name\":\"El Diario de Tucuman\",\"description\":\"Diario Tucuman - Informaci\u00f3n y noticias\",\"publisher\":{\"@id\":\"https:\\\/\\\/www.eldiariodetucuman.com\\\/web\\\/#organization\"},\"potentialAction\":[{\"@type\":\"SearchAction\",\"target\":{\"@type\":\"EntryPoint\",\"urlTemplate\":\"https:\\\/\\\/www.eldiariodetucuman.com\\\/web\\\/?s={search_term_string}\"},\"query-input\":{\"@type\":\"PropertyValueSpecification\",\"valueRequired\":true,\"valueName\":\"search_term_string\"}}],\"inLanguage\":\"es\"},{\"@type\":\"Organization\",\"@id\":\"https:\\\/\\\/www.eldiariodetucuman.com\\\/web\\\/#organization\",\"name\":\"El Diario de Tucuman\",\"url\":\"https:\\\/\\\/www.eldiariodetucuman.com\\\/web\\\/\",\"logo\":{\"@type\":\"ImageObject\",\"inLanguage\":\"es\",\"@id\":\"https:\\\/\\\/www.eldiariodetucuman.com\\\/web\\\/#\\\/schema\\\/logo\\\/image\\\/\",\"url\":\"http:\\\/\\\/www.eldiariodetucuman.com\\\/web\\\/wp-content\\\/uploads\\\/2017\\\/12\\\/el-diario-de-tucuman.jpg\",\"contentUrl\":\"http:\\\/\\\/www.eldiariodetucuman.com\\\/web\\\/wp-content\\\/uploads\\\/2017\\\/12\\\/el-diario-de-tucuman.jpg\",\"width\":272,\"height\":92,\"caption\":\"El Diario de Tucuman\"},\"image\":{\"@id\":\"https:\\\/\\\/www.eldiariodetucuman.com\\\/web\\\/#\\\/schema\\\/logo\\\/image\\\/\"}},{\"@type\":\"Person\",\"@id\":\"https:\\\/\\\/www.eldiariodetucuman.com\\\/web\\\/#\\\/schema\\\/person\\\/7e6644a46e60888f6b868594407e08dd\",\"name\":\"Redactor Uno\",\"image\":{\"@type\":\"ImageObject\",\"inLanguage\":\"es\",\"@id\":\"https:\\\/\\\/secure.gravatar.com\\\/avatar\\\/0049b1bdf1bd548385c9ea6b9356431717930913089febd2ba904f0187d7d074?s=96&d=mm&r=g\",\"url\":\"https:\\\/\\\/secure.gravatar.com\\\/avatar\\\/0049b1bdf1bd548385c9ea6b9356431717930913089febd2ba904f0187d7d074?s=96&d=mm&r=g\",\"contentUrl\":\"https:\\\/\\\/secure.gravatar.com\\\/avatar\\\/0049b1bdf1bd548385c9ea6b9356431717930913089febd2ba904f0187d7d074?s=96&d=mm&r=g\",\"caption\":\"Redactor Uno\"},\"url\":\"https:\\\/\\\/www.eldiariodetucuman.com\\\/web\\\/author\\\/mramasco\\\/\"}]}<\/script>\n<!-- \/ Yoast SEO plugin. -->","yoast_head_json":{"title":"Quieren volver a poner en funcionamiento la Biblioteca Alberdi - El Diario de Tucuman","robots":{"index":"index","follow":"follow","max-snippet":"max-snippet:-1","max-image-preview":"max-image-preview:large","max-video-preview":"max-video-preview:-1"},"canonical":"https:\/\/www.eldiariodetucuman.com\/web\/quieren-volver-a-poner-en-funcionamiento-la-biblioteca-alberdi\/","og_locale":"es_ES","og_type":"article","og_title":"Quieren volver a poner en funcionamiento la Biblioteca Alberdi - El Diario de Tucuman","og_description":"El concejal de San Miguel de Tucum\u00e1n, Jos\u00e9 \u201cLucho\u201dArga\u00f1araz, colabora en la reapertura de la Biblioteca Alberdi, afectada por un incendio en noviembre pasado, y en la puesta a punto de la valiosa bibliograf\u00eda con la que cuenta este espacio cultural que tiene 117 a\u00f1os de vida.","og_url":"https:\/\/www.eldiariodetucuman.com\/web\/quieren-volver-a-poner-en-funcionamiento-la-biblioteca-alberdi\/","og_site_name":"El Diario de Tucuman","article_published_time":"2020-10-06T12:56:28+00:00","og_image":[{"width":750,"height":416,"url":"https:\/\/www.eldiariodetucuman.com\/web\/wp-content\/uploads\/2020\/10\/biblioteca-alberdi.jpg","type":"image\/jpeg"}],"author":"Redactor Uno","twitter_card":"summary_large_image","twitter_misc":{"Escrito por":"Redactor Uno","Tiempo de lectura":"1 minuto"},"schema":{"@context":"https:\/\/schema.org","@graph":[{"@type":"Article","@id":"https:\/\/www.eldiariodetucuman.com\/web\/quieren-volver-a-poner-en-funcionamiento-la-biblioteca-alberdi\/#article","isPartOf":{"@id":"https:\/\/www.eldiariodetucuman.com\/web\/quieren-volver-a-poner-en-funcionamiento-la-biblioteca-alberdi\/"},"author":{"name":"Redactor Uno","@id":"https:\/\/www.eldiariodetucuman.com\/web\/#\/schema\/person\/7e6644a46e60888f6b868594407e08dd"},"headline":"Quieren volver a poner en funcionamiento la Biblioteca Alberdi","datePublished":"2020-10-06T12:56:28+00:00","mainEntityOfPage":{"@id":"https:\/\/www.eldiariodetucuman.com\/web\/quieren-volver-a-poner-en-funcionamiento-la-biblioteca-alberdi\/"},"wordCount":158,"publisher":{"@id":"https:\/\/www.eldiariodetucuman.com\/web\/#organization"},"image":{"@id":"https:\/\/www.eldiariodetucuman.com\/web\/quieren-volver-a-poner-en-funcionamiento-la-biblioteca-alberdi\/#primaryimage"},"thumbnailUrl":"https:\/\/www.eldiariodetucuman.com\/web\/wp-content\/uploads\/2020\/10\/biblioteca-alberdi.jpg","keywords":["Biblioteca Aberdi","espacio cultural","Tucuman"],"articleSection":["Cultura"],"inLanguage":"es"},{"@type":"WebPage","@id":"https:\/\/www.eldiariodetucuman.com\/web\/quieren-volver-a-poner-en-funcionamiento-la-biblioteca-alberdi\/","url":"https:\/\/www.eldiariodetucuman.com\/web\/quieren-volver-a-poner-en-funcionamiento-la-biblioteca-alberdi\/","name":"Quieren volver a poner en funcionamiento la Biblioteca Alberdi - El Diario de Tucuman","isPartOf":{"@id":"https:\/\/www.eldiariodetucuman.com\/web\/#website"},"primaryImageOfPage":{"@id":"https:\/\/www.eldiariodetucuman.com\/web\/quieren-volver-a-poner-en-funcionamiento-la-biblioteca-alberdi\/#primaryimage"},"image":{"@id":"https:\/\/www.eldiariodetucuman.com\/web\/quieren-volver-a-poner-en-funcionamiento-la-biblioteca-alberdi\/#primaryimage"},"thumbnailUrl":"https:\/\/www.eldiariodetucuman.com\/web\/wp-content\/uploads\/2020\/10\/biblioteca-alberdi.jpg","datePublished":"2020-10-06T12:56:28+00:00","breadcrumb":{"@id":"https:\/\/www.eldiariodetucuman.com\/web\/quieren-volver-a-poner-en-funcionamiento-la-biblioteca-alberdi\/#breadcrumb"},"inLanguage":"es","potentialAction":[{"@type":"ReadAction","target":["https:\/\/www.eldiariodetucuman.com\/web\/quieren-volver-a-poner-en-funcionamiento-la-biblioteca-alberdi\/"]}]},{"@type":"ImageObject","inLanguage":"es","@id":"https:\/\/www.eldiariodetucuman.com\/web\/quieren-volver-a-poner-en-funcionamiento-la-biblioteca-alberdi\/#primaryimage","url":"https:\/\/www.eldiariodetucuman.com\/web\/wp-content\/uploads\/2020\/10\/biblioteca-alberdi.jpg","contentUrl":"https:\/\/www.eldiariodetucuman.com\/web\/wp-content\/uploads\/2020\/10\/biblioteca-alberdi.jpg","width":750,"height":416},{"@type":"BreadcrumbList","@id":"https:\/\/www.eldiariodetucuman.com\/web\/quieren-volver-a-poner-en-funcionamiento-la-biblioteca-alberdi\/#breadcrumb","itemListElement":[{"@type":"ListItem","position":1,"name":"Portada","item":"https:\/\/www.eldiariodetucuman.com\/web\/"},{"@type":"ListItem","position":2,"name":"Quieren volver a poner en funcionamiento la Biblioteca Alberdi"}]},{"@type":"WebSite","@id":"https:\/\/www.eldiariodetucuman.com\/web\/#website","url":"https:\/\/www.eldiariodetucuman.com\/web\/","name":"El Diario de Tucuman","description":"Diario Tucuman - Informaci\u00f3n y noticias","publisher":{"@id":"https:\/\/www.eldiariodetucuman.com\/web\/#organization"},"potentialAction":[{"@type":"SearchAction","target":{"@type":"EntryPoint","urlTemplate":"https:\/\/www.eldiariodetucuman.com\/web\/?s={search_term_string}"},"query-input":{"@type":"PropertyValueSpecification","valueRequired":true,"valueName":"search_term_string"}}],"inLanguage":"es"},{"@type":"Organization","@id":"https:\/\/www.eldiariodetucuman.com\/web\/#organization","name":"El Diario de Tucuman","url":"https:\/\/www.eldiariodetucuman.com\/web\/","logo":{"@type":"ImageObject","inLanguage":"es","@id":"https:\/\/www.eldiariodetucuman.com\/web\/#\/schema\/logo\/image\/","url":"http:\/\/www.eldiariodetucuman.com\/web\/wp-content\/uploads\/2017\/12\/el-diario-de-tucuman.jpg","contentUrl":"http:\/\/www.eldiariodetucuman.com\/web\/wp-content\/uploads\/2017\/12\/el-diario-de-tucuman.jpg","width":272,"height":92,"caption":"El Diario de Tucuman"},"image":{"@id":"https:\/\/www.eldiariodetucuman.com\/web\/#\/schema\/logo\/image\/"}},{"@type":"Person","@id":"https:\/\/www.eldiariodetucuman.com\/web\/#\/schema\/person\/7e6644a46e60888f6b868594407e08dd","name":"Redactor Uno","image":{"@type":"ImageObject","inLanguage":"es","@id":"https:\/\/secure.gravatar.com\/avatar\/0049b1bdf1bd548385c9ea6b9356431717930913089febd2ba904f0187d7d074?s=96&d=mm&r=g","url":"https:\/\/secure.gravatar.com\/avatar\/0049b1bdf1bd548385c9ea6b9356431717930913089febd2ba904f0187d7d074?s=96&d=mm&r=g","contentUrl":"https:\/\/secure.gravatar.com\/avatar\/0049b1bdf1bd548385c9ea6b9356431717930913089febd2ba904f0187d7d074?s=96&d=mm&r=g","caption":"Redactor Uno"},"url":"https:\/\/www.eldiariodetucuman.com\/web\/author\/mramasco\/"}]}},"_links":{"self":[{"href":"https:\/\/www.eldiariodetucuman.com\/web\/wp-json\/wp\/v2\/posts\/29282","targetHints":{"allow":["GET"]}}],"collection":[{"href":"https:\/\/www.eldiariodetucuman.com\/web\/wp-json\/wp\/v2\/posts"}],"about":[{"href":"https:\/\/www.eldiariodetucuman.com\/web\/wp-json\/wp\/v2\/types\/post"}],"author":[{"embeddable":true,"href":"https:\/\/www.eldiariodetucuman.com\/web\/wp-json\/wp\/v2\/users\/5"}],"replies":[{"embeddable":true,"href":"https:\/\/www.eldiariodetucuman.com\/web\/wp-json\/wp\/v2\/comments?post=29282"}],"version-history":[{"count":1,"href":"https:\/\/www.eldiariodetucuman.com\/web\/wp-json\/wp\/v2\/posts\/29282\/revisions"}],"predecessor-version":[{"id":29284,"href":"https:\/\/www.eldiariodetucuman.com\/web\/wp-json\/wp\/v2\/posts\/29282\/revisions\/29284"}],"wp:featuredmedia":[{"embeddable":true,"href":"https:\/\/www.eldiariodetucuman.com\/web\/wp-json\/wp\/v2\/media\/29283"}],"wp:attachment":[{"href":"https:\/\/www.eldiariodetucuman.com\/web\/wp-json\/wp\/v2\/media?parent=29282"}],"wp:term":[{"taxonomy":"category","embeddable":true,"href":"https:\/\/www.eldiariodetucuman.com\/web\/wp-json\/wp\/v2\/categories?post=29282"},{"taxonomy":"post_tag","embeddable":true,"href":"https:\/\/www.eldiariodetucuman.com\/web\/wp-json\/wp\/v2\/tags?post=29282"}],"curies":[{"name":"wp","href":"https:\/\/api.w.org\/{rel}","templated":true}]}}