{"id":29220,"date":"2020-09-30T17:44:39","date_gmt":"2020-09-30T20:44:39","guid":{"rendered":"http:\/\/www.eldiariodetucuman.com\/web\/?p=29220"},"modified":"2020-09-30T17:46:03","modified_gmt":"2020-09-30T20:46:03","slug":"jaldo-y-una-firme-postura-desde-la-legislatura-hacen-retroceder-a-manzur-con-la-suba-en-los-servicios","status":"publish","type":"post","link":"https:\/\/www.eldiariodetucuman.com\/web\/jaldo-y-una-firme-postura-desde-la-legislatura-hacen-retroceder-a-manzur-con-la-suba-en-los-servicios\/","title":{"rendered":"Jaldo y una firme postura desde la Legislatura hacen retroceder a Manzur con la suba en los servicios"},"content":{"rendered":"<p>Uno de los temas m\u00e1s importantes en la provincia se dio a partir de la decisi\u00f3n por parte del Ejecutivo provincial de liberar el incremento en las tarifas de luz y agua, algo que cayo muy mal en toda la sociedad. Ante esta situaci\u00f3n, distintos legisladores de diferentes espacios, encabezados por la palabra del vicegobernador <strong>Osvaldo Jaldo<\/strong>, pusieron un freno a esta medida que impactaba de lleno en los bolsillos de los tucumanos en plena pandemia. El Ejecutivo vislumbro la poco acertada maniobra en estos tiempos, donde se esta buscando desde los distintos espacios pol\u00edticos nacionales, provinciales y municipales, resguardar la situaci\u00f3n econ\u00f3mica de la gente.<br \/>\nAhora la pregunta es, \u00bfque hubiera pasado si el tema llegaba al recinto? \u00bfhubiera sido una derrota visualizada para el hoy titular del Ejecutivo provincial <strong>Juan Manzur<\/strong> en manos del presidente de la legislatura, Osvaldo Jaldo? \u00bfcomo hubiera repercutido eso en la escena pol\u00edtica de Tucum\u00e1n?<br \/>\nLo cierto es que prim\u00f3 la l\u00f3gica en tiempos de crisis y desde la legislatura se logro evitar esta situaci\u00f3n perjudicial para el bolsillo de la dama y el caballero.<\/p>\n","protected":false},"excerpt":{"rendered":"<p>Uno de los temas m\u00e1s importantes en la provincia se dio a partir de la decisi\u00f3n por parte del Ejecutivo provincial de liberar el incremento en las tarifas de luz y agua, algo que cayo muy mal en toda la sociedad. Ante esta situaci\u00f3n, distintos legisladores de diferentes espacios, encabezados por la palabra del vicegobernador [&hellip;]<\/p>\n","protected":false},"author":3,"featured_media":29218,"comment_status":"closed","ping_status":"open","sticky":false,"template":"","format":"standard","meta":{"footnotes":""},"categories":[3],"tags":[1544,331,216,1314,217,1148],"class_list":{"0":"post-29220","1":"post","2":"type-post","3":"status-publish","4":"format-standard","5":"has-post-thumbnail","7":"category-politica","8":"tag-agua","9":"tag-gas","10":"tag-juan-manzur","11":"tag-luz","12":"tag-osvaldo-jaldo","13":"tag-servicios"},"yoast_head":"<!-- This site is optimized with the Yoast SEO plugin v27.4 - https:\/\/yoast.com\/product\/yoast-seo-wordpress\/ -->\n<title>Jaldo y una firme postura desde la Legislatura hacen retroceder a Manzur con la suba en los servicios - El Diario de Tucuman<\/title>\n<meta name=\"robots\" content=\"index, follow, max-snippet:-1, max-image-preview:large, max-video-preview:-1\" \/>\n<link rel=\"canonical\" href=\"https:\/\/www.eldiariodetucuman.com\/web\/jaldo-y-una-firme-postura-desde-la-legislatura-hacen-retroceder-a-manzur-con-la-suba-en-los-servicios\/\" \/>\n<meta property=\"og:locale\" content=\"es_ES\" \/>\n<meta property=\"og:type\" content=\"article\" \/>\n<meta property=\"og:title\" content=\"Jaldo y una firme postura desde la Legislatura hacen retroceder a Manzur con la suba en los servicios - El Diario de Tucuman\" \/>\n<meta property=\"og:description\" content=\"Uno de los temas m\u00e1s importantes en la provincia se dio a partir de la decisi\u00f3n por parte del Ejecutivo provincial de liberar el incremento en las tarifas de luz y agua, algo que cayo muy mal en toda la sociedad. Ante esta situaci\u00f3n, distintos legisladores de diferentes espacios, encabezados por la palabra del vicegobernador [&hellip;]\" \/>\n<meta property=\"og:url\" content=\"https:\/\/www.eldiariodetucuman.com\/web\/jaldo-y-una-firme-postura-desde-la-legislatura-hacen-retroceder-a-manzur-con-la-suba-en-los-servicios\/\" \/>\n<meta property=\"og:site_name\" content=\"El Diario de Tucuman\" \/>\n<meta property=\"article:published_time\" content=\"2020-09-30T20:44:39+00:00\" \/>\n<meta property=\"article:modified_time\" content=\"2020-09-30T20:46:03+00:00\" \/>\n<meta property=\"og:image\" content=\"https:\/\/www.eldiariodetucuman.com\/web\/wp-content\/uploads\/2020\/09\/IMG-20200930-WA0021.jpg\" \/>\n\t<meta property=\"og:image:width\" content=\"1280\" \/>\n\t<meta property=\"og:image:height\" content=\"798\" \/>\n\t<meta property=\"og:image:type\" content=\"image\/jpeg\" \/>\n<meta name=\"author\" content=\"El diario de Tucuman\" \/>\n<meta name=\"twitter:card\" content=\"summary_large_image\" \/>\n<meta name=\"twitter:label1\" content=\"Escrito por\" \/>\n\t<meta name=\"twitter:data1\" content=\"El diario de Tucuman\" \/>\n\t<meta name=\"twitter:label2\" content=\"Tiempo de lectura\" \/>\n\t<meta name=\"twitter:data2\" content=\"1 minuto\" \/>\n<script type=\"application\/ld+json\" class=\"yoast-schema-graph\">{\"@context\":\"https:\\\/\\\/schema.org\",\"@graph\":[{\"@type\":\"Article\",\"@id\":\"https:\\\/\\\/www.eldiariodetucuman.com\\\/web\\\/jaldo-y-una-firme-postura-desde-la-legislatura-hacen-retroceder-a-manzur-con-la-suba-en-los-servicios\\\/#article\",\"isPartOf\":{\"@id\":\"https:\\\/\\\/www.eldiariodetucuman.com\\\/web\\\/jaldo-y-una-firme-postura-desde-la-legislatura-hacen-retroceder-a-manzur-con-la-suba-en-los-servicios\\\/\"},\"author\":{\"name\":\"El diario de Tucuman\",\"@id\":\"https:\\\/\\\/www.eldiariodetucuman.com\\\/web\\\/#\\\/schema\\\/person\\\/3adbe300ecd6242af93c97dab1dc3ba1\"},\"headline\":\"Jaldo y una firme postura desde la Legislatura hacen retroceder a Manzur con la suba en los servicios\",\"datePublished\":\"2020-09-30T20:44:39+00:00\",\"dateModified\":\"2020-09-30T20:46:03+00:00\",\"mainEntityOfPage\":{\"@id\":\"https:\\\/\\\/www.eldiariodetucuman.com\\\/web\\\/jaldo-y-una-firme-postura-desde-la-legislatura-hacen-retroceder-a-manzur-con-la-suba-en-los-servicios\\\/\"},\"wordCount\":210,\"publisher\":{\"@id\":\"https:\\\/\\\/www.eldiariodetucuman.com\\\/web\\\/#organization\"},\"image\":{\"@id\":\"https:\\\/\\\/www.eldiariodetucuman.com\\\/web\\\/jaldo-y-una-firme-postura-desde-la-legislatura-hacen-retroceder-a-manzur-con-la-suba-en-los-servicios\\\/#primaryimage\"},\"thumbnailUrl\":\"https:\\\/\\\/www.eldiariodetucuman.com\\\/web\\\/wp-content\\\/uploads\\\/2020\\\/09\\\/IMG-20200930-WA0021.jpg\",\"keywords\":[\"agua\",\"gas\",\"juan manzur\",\"luz\",\"Osvaldo Jaldo\",\"servicios\"],\"articleSection\":[\"Politica\"],\"inLanguage\":\"es\"},{\"@type\":\"WebPage\",\"@id\":\"https:\\\/\\\/www.eldiariodetucuman.com\\\/web\\\/jaldo-y-una-firme-postura-desde-la-legislatura-hacen-retroceder-a-manzur-con-la-suba-en-los-servicios\\\/\",\"url\":\"https:\\\/\\\/www.eldiariodetucuman.com\\\/web\\\/jaldo-y-una-firme-postura-desde-la-legislatura-hacen-retroceder-a-manzur-con-la-suba-en-los-servicios\\\/\",\"name\":\"Jaldo y una firme postura desde la Legislatura hacen retroceder a Manzur con la suba en los servicios - El Diario de Tucuman\",\"isPartOf\":{\"@id\":\"https:\\\/\\\/www.eldiariodetucuman.com\\\/web\\\/#website\"},\"primaryImageOfPage\":{\"@id\":\"https:\\\/\\\/www.eldiariodetucuman.com\\\/web\\\/jaldo-y-una-firme-postura-desde-la-legislatura-hacen-retroceder-a-manzur-con-la-suba-en-los-servicios\\\/#primaryimage\"},\"image\":{\"@id\":\"https:\\\/\\\/www.eldiariodetucuman.com\\\/web\\\/jaldo-y-una-firme-postura-desde-la-legislatura-hacen-retroceder-a-manzur-con-la-suba-en-los-servicios\\\/#primaryimage\"},\"thumbnailUrl\":\"https:\\\/\\\/www.eldiariodetucuman.com\\\/web\\\/wp-content\\\/uploads\\\/2020\\\/09\\\/IMG-20200930-WA0021.jpg\",\"datePublished\":\"2020-09-30T20:44:39+00:00\",\"dateModified\":\"2020-09-30T20:46:03+00:00\",\"breadcrumb\":{\"@id\":\"https:\\\/\\\/www.eldiariodetucuman.com\\\/web\\\/jaldo-y-una-firme-postura-desde-la-legislatura-hacen-retroceder-a-manzur-con-la-suba-en-los-servicios\\\/#breadcrumb\"},\"inLanguage\":\"es\",\"potentialAction\":[{\"@type\":\"ReadAction\",\"target\":[\"https:\\\/\\\/www.eldiariodetucuman.com\\\/web\\\/jaldo-y-una-firme-postura-desde-la-legislatura-hacen-retroceder-a-manzur-con-la-suba-en-los-servicios\\\/\"]}]},{\"@type\":\"ImageObject\",\"inLanguage\":\"es\",\"@id\":\"https:\\\/\\\/www.eldiariodetucuman.com\\\/web\\\/jaldo-y-una-firme-postura-desde-la-legislatura-hacen-retroceder-a-manzur-con-la-suba-en-los-servicios\\\/#primaryimage\",\"url\":\"https:\\\/\\\/www.eldiariodetucuman.com\\\/web\\\/wp-content\\\/uploads\\\/2020\\\/09\\\/IMG-20200930-WA0021.jpg\",\"contentUrl\":\"https:\\\/\\\/www.eldiariodetucuman.com\\\/web\\\/wp-content\\\/uploads\\\/2020\\\/09\\\/IMG-20200930-WA0021.jpg\",\"width\":1280,\"height\":798},{\"@type\":\"BreadcrumbList\",\"@id\":\"https:\\\/\\\/www.eldiariodetucuman.com\\\/web\\\/jaldo-y-una-firme-postura-desde-la-legislatura-hacen-retroceder-a-manzur-con-la-suba-en-los-servicios\\\/#breadcrumb\",\"itemListElement\":[{\"@type\":\"ListItem\",\"position\":1,\"name\":\"Portada\",\"item\":\"https:\\\/\\\/www.eldiariodetucuman.com\\\/web\\\/\"},{\"@type\":\"ListItem\",\"position\":2,\"name\":\"Jaldo y una firme postura desde la Legislatura hacen retroceder a Manzur con la suba en los servicios\"}]},{\"@type\":\"WebSite\",\"@id\":\"https:\\\/\\\/www.eldiariodetucuman.com\\\/web\\\/#website\",\"url\":\"https:\\\/\\\/www.eldiariodetucuman.com\\\/web\\\/\",\"name\":\"El Diario de Tucuman\",\"description\":\"Diario Tucuman - Informaci\u00f3n y noticias\",\"publisher\":{\"@id\":\"https:\\\/\\\/www.eldiariodetucuman.com\\\/web\\\/#organization\"},\"potentialAction\":[{\"@type\":\"SearchAction\",\"target\":{\"@type\":\"EntryPoint\",\"urlTemplate\":\"https:\\\/\\\/www.eldiariodetucuman.com\\\/web\\\/?s={search_term_string}\"},\"query-input\":{\"@type\":\"PropertyValueSpecification\",\"valueRequired\":true,\"valueName\":\"search_term_string\"}}],\"inLanguage\":\"es\"},{\"@type\":\"Organization\",\"@id\":\"https:\\\/\\\/www.eldiariodetucuman.com\\\/web\\\/#organization\",\"name\":\"El Diario de Tucuman\",\"url\":\"https:\\\/\\\/www.eldiariodetucuman.com\\\/web\\\/\",\"logo\":{\"@type\":\"ImageObject\",\"inLanguage\":\"es\",\"@id\":\"https:\\\/\\\/www.eldiariodetucuman.com\\\/web\\\/#\\\/schema\\\/logo\\\/image\\\/\",\"url\":\"http:\\\/\\\/www.eldiariodetucuman.com\\\/web\\\/wp-content\\\/uploads\\\/2017\\\/12\\\/el-diario-de-tucuman.jpg\",\"contentUrl\":\"http:\\\/\\\/www.eldiariodetucuman.com\\\/web\\\/wp-content\\\/uploads\\\/2017\\\/12\\\/el-diario-de-tucuman.jpg\",\"width\":272,\"height\":92,\"caption\":\"El Diario de Tucuman\"},\"image\":{\"@id\":\"https:\\\/\\\/www.eldiariodetucuman.com\\\/web\\\/#\\\/schema\\\/logo\\\/image\\\/\"}},{\"@type\":\"Person\",\"@id\":\"https:\\\/\\\/www.eldiariodetucuman.com\\\/web\\\/#\\\/schema\\\/person\\\/3adbe300ecd6242af93c97dab1dc3ba1\",\"name\":\"El diario de Tucuman\",\"image\":{\"@type\":\"ImageObject\",\"inLanguage\":\"es\",\"@id\":\"https:\\\/\\\/secure.gravatar.com\\\/avatar\\\/b7214de193b24d0bd708ac5516aa13d0f20c6560795bfbee06857d5c8ac2f0b2?s=96&d=mm&r=g\",\"url\":\"https:\\\/\\\/secure.gravatar.com\\\/avatar\\\/b7214de193b24d0bd708ac5516aa13d0f20c6560795bfbee06857d5c8ac2f0b2?s=96&d=mm&r=g\",\"contentUrl\":\"https:\\\/\\\/secure.gravatar.com\\\/avatar\\\/b7214de193b24d0bd708ac5516aa13d0f20c6560795bfbee06857d5c8ac2f0b2?s=96&d=mm&r=g\",\"caption\":\"El diario de Tucuman\"},\"url\":\"https:\\\/\\\/www.eldiariodetucuman.com\\\/web\\\/author\\\/mgiobellina\\\/\"}]}<\/script>\n<!-- \/ Yoast SEO plugin. -->","yoast_head_json":{"title":"Jaldo y una firme postura desde la Legislatura hacen retroceder a Manzur con la suba en los servicios - El Diario de Tucuman","robots":{"index":"index","follow":"follow","max-snippet":"max-snippet:-1","max-image-preview":"max-image-preview:large","max-video-preview":"max-video-preview:-1"},"canonical":"https:\/\/www.eldiariodetucuman.com\/web\/jaldo-y-una-firme-postura-desde-la-legislatura-hacen-retroceder-a-manzur-con-la-suba-en-los-servicios\/","og_locale":"es_ES","og_type":"article","og_title":"Jaldo y una firme postura desde la Legislatura hacen retroceder a Manzur con la suba en los servicios - El Diario de Tucuman","og_description":"Uno de los temas m\u00e1s importantes en la provincia se dio a partir de la decisi\u00f3n por parte del Ejecutivo provincial de liberar el incremento en las tarifas de luz y agua, algo que cayo muy mal en toda la sociedad. Ante esta situaci\u00f3n, distintos legisladores de diferentes espacios, encabezados por la palabra del vicegobernador [&hellip;]","og_url":"https:\/\/www.eldiariodetucuman.com\/web\/jaldo-y-una-firme-postura-desde-la-legislatura-hacen-retroceder-a-manzur-con-la-suba-en-los-servicios\/","og_site_name":"El Diario de Tucuman","article_published_time":"2020-09-30T20:44:39+00:00","article_modified_time":"2020-09-30T20:46:03+00:00","og_image":[{"width":1280,"height":798,"url":"https:\/\/www.eldiariodetucuman.com\/web\/wp-content\/uploads\/2020\/09\/IMG-20200930-WA0021.jpg","type":"image\/jpeg"}],"author":"El diario de Tucuman","twitter_card":"summary_large_image","twitter_misc":{"Escrito por":"El diario de Tucuman","Tiempo de lectura":"1 minuto"},"schema":{"@context":"https:\/\/schema.org","@graph":[{"@type":"Article","@id":"https:\/\/www.eldiariodetucuman.com\/web\/jaldo-y-una-firme-postura-desde-la-legislatura-hacen-retroceder-a-manzur-con-la-suba-en-los-servicios\/#article","isPartOf":{"@id":"https:\/\/www.eldiariodetucuman.com\/web\/jaldo-y-una-firme-postura-desde-la-legislatura-hacen-retroceder-a-manzur-con-la-suba-en-los-servicios\/"},"author":{"name":"El diario de Tucuman","@id":"https:\/\/www.eldiariodetucuman.com\/web\/#\/schema\/person\/3adbe300ecd6242af93c97dab1dc3ba1"},"headline":"Jaldo y una firme postura desde la Legislatura hacen retroceder a Manzur con la suba en los servicios","datePublished":"2020-09-30T20:44:39+00:00","dateModified":"2020-09-30T20:46:03+00:00","mainEntityOfPage":{"@id":"https:\/\/www.eldiariodetucuman.com\/web\/jaldo-y-una-firme-postura-desde-la-legislatura-hacen-retroceder-a-manzur-con-la-suba-en-los-servicios\/"},"wordCount":210,"publisher":{"@id":"https:\/\/www.eldiariodetucuman.com\/web\/#organization"},"image":{"@id":"https:\/\/www.eldiariodetucuman.com\/web\/jaldo-y-una-firme-postura-desde-la-legislatura-hacen-retroceder-a-manzur-con-la-suba-en-los-servicios\/#primaryimage"},"thumbnailUrl":"https:\/\/www.eldiariodetucuman.com\/web\/wp-content\/uploads\/2020\/09\/IMG-20200930-WA0021.jpg","keywords":["agua","gas","juan manzur","luz","Osvaldo Jaldo","servicios"],"articleSection":["Politica"],"inLanguage":"es"},{"@type":"WebPage","@id":"https:\/\/www.eldiariodetucuman.com\/web\/jaldo-y-una-firme-postura-desde-la-legislatura-hacen-retroceder-a-manzur-con-la-suba-en-los-servicios\/","url":"https:\/\/www.eldiariodetucuman.com\/web\/jaldo-y-una-firme-postura-desde-la-legislatura-hacen-retroceder-a-manzur-con-la-suba-en-los-servicios\/","name":"Jaldo y una firme postura desde la Legislatura hacen retroceder a Manzur con la suba en los servicios - El Diario de Tucuman","isPartOf":{"@id":"https:\/\/www.eldiariodetucuman.com\/web\/#website"},"primaryImageOfPage":{"@id":"https:\/\/www.eldiariodetucuman.com\/web\/jaldo-y-una-firme-postura-desde-la-legislatura-hacen-retroceder-a-manzur-con-la-suba-en-los-servicios\/#primaryimage"},"image":{"@id":"https:\/\/www.eldiariodetucuman.com\/web\/jaldo-y-una-firme-postura-desde-la-legislatura-hacen-retroceder-a-manzur-con-la-suba-en-los-servicios\/#primaryimage"},"thumbnailUrl":"https:\/\/www.eldiariodetucuman.com\/web\/wp-content\/uploads\/2020\/09\/IMG-20200930-WA0021.jpg","datePublished":"2020-09-30T20:44:39+00:00","dateModified":"2020-09-30T20:46:03+00:00","breadcrumb":{"@id":"https:\/\/www.eldiariodetucuman.com\/web\/jaldo-y-una-firme-postura-desde-la-legislatura-hacen-retroceder-a-manzur-con-la-suba-en-los-servicios\/#breadcrumb"},"inLanguage":"es","potentialAction":[{"@type":"ReadAction","target":["https:\/\/www.eldiariodetucuman.com\/web\/jaldo-y-una-firme-postura-desde-la-legislatura-hacen-retroceder-a-manzur-con-la-suba-en-los-servicios\/"]}]},{"@type":"ImageObject","inLanguage":"es","@id":"https:\/\/www.eldiariodetucuman.com\/web\/jaldo-y-una-firme-postura-desde-la-legislatura-hacen-retroceder-a-manzur-con-la-suba-en-los-servicios\/#primaryimage","url":"https:\/\/www.eldiariodetucuman.com\/web\/wp-content\/uploads\/2020\/09\/IMG-20200930-WA0021.jpg","contentUrl":"https:\/\/www.eldiariodetucuman.com\/web\/wp-content\/uploads\/2020\/09\/IMG-20200930-WA0021.jpg","width":1280,"height":798},{"@type":"BreadcrumbList","@id":"https:\/\/www.eldiariodetucuman.com\/web\/jaldo-y-una-firme-postura-desde-la-legislatura-hacen-retroceder-a-manzur-con-la-suba-en-los-servicios\/#breadcrumb","itemListElement":[{"@type":"ListItem","position":1,"name":"Portada","item":"https:\/\/www.eldiariodetucuman.com\/web\/"},{"@type":"ListItem","position":2,"name":"Jaldo y una firme postura desde la Legislatura hacen retroceder a Manzur con la suba en los servicios"}]},{"@type":"WebSite","@id":"https:\/\/www.eldiariodetucuman.com\/web\/#website","url":"https:\/\/www.eldiariodetucuman.com\/web\/","name":"El Diario de Tucuman","description":"Diario Tucuman - Informaci\u00f3n y noticias","publisher":{"@id":"https:\/\/www.eldiariodetucuman.com\/web\/#organization"},"potentialAction":[{"@type":"SearchAction","target":{"@type":"EntryPoint","urlTemplate":"https:\/\/www.eldiariodetucuman.com\/web\/?s={search_term_string}"},"query-input":{"@type":"PropertyValueSpecification","valueRequired":true,"valueName":"search_term_string"}}],"inLanguage":"es"},{"@type":"Organization","@id":"https:\/\/www.eldiariodetucuman.com\/web\/#organization","name":"El Diario de Tucuman","url":"https:\/\/www.eldiariodetucuman.com\/web\/","logo":{"@type":"ImageObject","inLanguage":"es","@id":"https:\/\/www.eldiariodetucuman.com\/web\/#\/schema\/logo\/image\/","url":"http:\/\/www.eldiariodetucuman.com\/web\/wp-content\/uploads\/2017\/12\/el-diario-de-tucuman.jpg","contentUrl":"http:\/\/www.eldiariodetucuman.com\/web\/wp-content\/uploads\/2017\/12\/el-diario-de-tucuman.jpg","width":272,"height":92,"caption":"El Diario de Tucuman"},"image":{"@id":"https:\/\/www.eldiariodetucuman.com\/web\/#\/schema\/logo\/image\/"}},{"@type":"Person","@id":"https:\/\/www.eldiariodetucuman.com\/web\/#\/schema\/person\/3adbe300ecd6242af93c97dab1dc3ba1","name":"El diario de Tucuman","image":{"@type":"ImageObject","inLanguage":"es","@id":"https:\/\/secure.gravatar.com\/avatar\/b7214de193b24d0bd708ac5516aa13d0f20c6560795bfbee06857d5c8ac2f0b2?s=96&d=mm&r=g","url":"https:\/\/secure.gravatar.com\/avatar\/b7214de193b24d0bd708ac5516aa13d0f20c6560795bfbee06857d5c8ac2f0b2?s=96&d=mm&r=g","contentUrl":"https:\/\/secure.gravatar.com\/avatar\/b7214de193b24d0bd708ac5516aa13d0f20c6560795bfbee06857d5c8ac2f0b2?s=96&d=mm&r=g","caption":"El diario de Tucuman"},"url":"https:\/\/www.eldiariodetucuman.com\/web\/author\/mgiobellina\/"}]}},"_links":{"self":[{"href":"https:\/\/www.eldiariodetucuman.com\/web\/wp-json\/wp\/v2\/posts\/29220","targetHints":{"allow":["GET"]}}],"collection":[{"href":"https:\/\/www.eldiariodetucuman.com\/web\/wp-json\/wp\/v2\/posts"}],"about":[{"href":"https:\/\/www.eldiariodetucuman.com\/web\/wp-json\/wp\/v2\/types\/post"}],"author":[{"embeddable":true,"href":"https:\/\/www.eldiariodetucuman.com\/web\/wp-json\/wp\/v2\/users\/3"}],"replies":[{"embeddable":true,"href":"https:\/\/www.eldiariodetucuman.com\/web\/wp-json\/wp\/v2\/comments?post=29220"}],"version-history":[{"count":2,"href":"https:\/\/www.eldiariodetucuman.com\/web\/wp-json\/wp\/v2\/posts\/29220\/revisions"}],"predecessor-version":[{"id":29223,"href":"https:\/\/www.eldiariodetucuman.com\/web\/wp-json\/wp\/v2\/posts\/29220\/revisions\/29223"}],"wp:featuredmedia":[{"embeddable":true,"href":"https:\/\/www.eldiariodetucuman.com\/web\/wp-json\/wp\/v2\/media\/29218"}],"wp:attachment":[{"href":"https:\/\/www.eldiariodetucuman.com\/web\/wp-json\/wp\/v2\/media?parent=29220"}],"wp:term":[{"taxonomy":"category","embeddable":true,"href":"https:\/\/www.eldiariodetucuman.com\/web\/wp-json\/wp\/v2\/categories?post=29220"},{"taxonomy":"post_tag","embeddable":true,"href":"https:\/\/www.eldiariodetucuman.com\/web\/wp-json\/wp\/v2\/tags?post=29220"}],"curies":[{"name":"wp","href":"https:\/\/api.w.org\/{rel}","templated":true}]}}