{"id":2892,"date":"2017-07-19T18:36:28","date_gmt":"2017-07-19T18:36:28","guid":{"rendered":"http:\/\/www.eldiariodetucuman.com\/web\/?p=2892"},"modified":"2017-07-19T18:36:28","modified_gmt":"2017-07-19T18:36:28","slug":"cambiemos-vuelve-con-los-argumentos-de-la-campana-del-miedo","status":"publish","type":"post","link":"https:\/\/www.eldiariodetucuman.com\/web\/cambiemos-vuelve-con-los-argumentos-de-la-campana-del-miedo\/","title":{"rendered":"Cambiemos vuelve con los argumentos de la \u00abcampa\u00f1a del miedo\u00bb"},"content":{"rendered":"<p>No contentos con haberle mentido a sus votantes, <strong>Cambiemos<\/strong> no descansa en sus declaraciones del mundo en contra de su posibilidad de gobernar. Esta vez se vitimizaron frente a las elecciones que se vienen, argumentando que no habr\u00e1 ajustes sean cuales sean los resultados.<!--more--><\/p>\n<p>\u00abEs la misma campa\u00f1a del miedo de 2015. Esa campa\u00f1a no las podes usar en todas las elecciones porque pierde fuerza. Pero es l\u00f3gico que la use la oposici\u00f3n, ellos tienen mucho en com\u00fan. Han sido todos parte del gobierno kirchnerista\u00bb, dijo el funcionario en referencia a <strong>Cristina Kirchner , Sergio Massa y Florencio Randazzo<\/strong>.<\/p>\n<p>\u00abLo que se viene despu\u00e9s de las elecciones es seguir en este camino gradual hacia el equilibro de las cuentas p\u00fablicas, una Argentina que va a crecer m\u00e1s y generar m\u00e1s puestos de trabajo. Lo que se viene es la expansi\u00f3n de la econom\u00eda, no el ajuste\u00bb, agreg\u00f3.<\/p>\n<p><strong>Frigerio<\/strong>, que participa esta ma\u00f1ana de un acto junto a <strong>Mauricio Macri<\/strong> en el conurbano bonaerense, se mostr\u00f3 optimista sobre el futuro econ\u00f3mico y resalt\u00f3 que el Gobierno no cambiar\u00e1 su rumbo. \u00abCuando te corren por izquierda y por derecha lo m\u00e1s probable es que algo est\u00e9s haciendo bien\u00bb, apunt\u00f3. Una genialidad.<\/p>\n<p>\u00abNo vamos a cambiar el camino gradual para mejorar la calidad de vida de los argentinos. Les estamos pidiendo a las provincias y municipios que gradualmente vayan equilibrando las cuentas p\u00fablicas\u00bb, a\u00f1adi\u00f3.<\/p>\n<p>Ayer, el precandidato a diputado nacional por el frente 1 Pa\u00eds en la Capital, <strong>Mat\u00edas Tombolini<\/strong>, consider\u00f3 ayer que \u00absi el Gobierno ampl\u00eda su representaci\u00f3n en el Congreso va a aumentar las medidas de ajuste\u00bb. \u00abLa decisi\u00f3n del gobierno es que vivamos un pa\u00eds que discuten d\u00f3lar o lebac y no el desarrollo productivo y de nuevas oportunidades para las pymes\u00bb, cuestion\u00f3.<\/p>\n","protected":false},"excerpt":{"rendered":"<p>No contentos con haberle mentido a sus votantes, Cambiemos no descansa en sus declaraciones del mundo en contra de su posibilidad de gobernar. Esta vez se vitimizaron frente a las elecciones que se vienen, argumentando que no habr\u00e1 ajustes sean cuales sean los resultados.<\/p>\n","protected":false},"author":1,"featured_media":2893,"comment_status":"closed","ping_status":"open","sticky":false,"template":"","format":"standard","meta":{"footnotes":""},"categories":[3],"tags":[],"class_list":{"0":"post-2892","1":"post","2":"type-post","3":"status-publish","4":"format-standard","5":"has-post-thumbnail","7":"category-politica"},"yoast_head":"<!-- This site is optimized with the Yoast SEO plugin v27.5 - https:\/\/yoast.com\/product\/yoast-seo-wordpress\/ -->\n<title>Cambiemos vuelve con los argumentos de la &quot;campa\u00f1a del miedo&quot; - El Diario de Tucuman<\/title>\n<meta name=\"robots\" content=\"index, follow, max-snippet:-1, max-image-preview:large, max-video-preview:-1\" \/>\n<link rel=\"canonical\" href=\"https:\/\/www.eldiariodetucuman.com\/web\/cambiemos-vuelve-con-los-argumentos-de-la-campana-del-miedo\/\" \/>\n<meta property=\"og:locale\" content=\"es_ES\" \/>\n<meta property=\"og:type\" content=\"article\" \/>\n<meta property=\"og:title\" content=\"Cambiemos vuelve con los argumentos de la &quot;campa\u00f1a del miedo&quot; - El Diario de Tucuman\" \/>\n<meta property=\"og:description\" content=\"No contentos con haberle mentido a sus votantes, Cambiemos no descansa en sus declaraciones del mundo en contra de su posibilidad de gobernar. Esta vez se vitimizaron frente a las elecciones que se vienen, argumentando que no habr\u00e1 ajustes sean cuales sean los resultados.\" \/>\n<meta property=\"og:url\" content=\"https:\/\/www.eldiariodetucuman.com\/web\/cambiemos-vuelve-con-los-argumentos-de-la-campana-del-miedo\/\" \/>\n<meta property=\"og:site_name\" content=\"El Diario de Tucuman\" \/>\n<meta property=\"article:published_time\" content=\"2017-07-19T18:36:28+00:00\" \/>\n<meta property=\"og:image\" content=\"https:\/\/www.eldiariodetucuman.com\/web\/wp-content\/uploads\/2017\/07\/rogelio-frigerio-tucuman.jpg\" \/>\n\t<meta property=\"og:image:width\" content=\"750\" \/>\n\t<meta property=\"og:image:height\" content=\"380\" \/>\n\t<meta property=\"og:image:type\" content=\"image\/jpeg\" \/>\n<meta name=\"author\" content=\"admin\" \/>\n<meta name=\"twitter:card\" content=\"summary_large_image\" \/>\n<meta name=\"twitter:label1\" content=\"Escrito por\" \/>\n\t<meta name=\"twitter:data1\" content=\"admin\" \/>\n\t<meta name=\"twitter:label2\" content=\"Tiempo de lectura\" \/>\n\t<meta name=\"twitter:data2\" content=\"2 minutos\" \/>\n<script type=\"application\/ld+json\" class=\"yoast-schema-graph\">{\"@context\":\"https:\\\/\\\/schema.org\",\"@graph\":[{\"@type\":\"Article\",\"@id\":\"https:\\\/\\\/www.eldiariodetucuman.com\\\/web\\\/cambiemos-vuelve-con-los-argumentos-de-la-campana-del-miedo\\\/#article\",\"isPartOf\":{\"@id\":\"https:\\\/\\\/www.eldiariodetucuman.com\\\/web\\\/cambiemos-vuelve-con-los-argumentos-de-la-campana-del-miedo\\\/\"},\"author\":{\"name\":\"admin\",\"@id\":\"https:\\\/\\\/www.eldiariodetucuman.com\\\/web\\\/#\\\/schema\\\/person\\\/9250197d75ab5483412e19678b121caa\"},\"headline\":\"Cambiemos vuelve con los argumentos de la \u00abcampa\u00f1a del miedo\u00bb\",\"datePublished\":\"2017-07-19T18:36:28+00:00\",\"mainEntityOfPage\":{\"@id\":\"https:\\\/\\\/www.eldiariodetucuman.com\\\/web\\\/cambiemos-vuelve-con-los-argumentos-de-la-campana-del-miedo\\\/\"},\"wordCount\":325,\"publisher\":{\"@id\":\"https:\\\/\\\/www.eldiariodetucuman.com\\\/web\\\/#organization\"},\"image\":{\"@id\":\"https:\\\/\\\/www.eldiariodetucuman.com\\\/web\\\/cambiemos-vuelve-con-los-argumentos-de-la-campana-del-miedo\\\/#primaryimage\"},\"thumbnailUrl\":\"https:\\\/\\\/www.eldiariodetucuman.com\\\/web\\\/wp-content\\\/uploads\\\/2017\\\/07\\\/rogelio-frigerio-tucuman.jpg\",\"articleSection\":[\"Politica\"],\"inLanguage\":\"es\"},{\"@type\":\"WebPage\",\"@id\":\"https:\\\/\\\/www.eldiariodetucuman.com\\\/web\\\/cambiemos-vuelve-con-los-argumentos-de-la-campana-del-miedo\\\/\",\"url\":\"https:\\\/\\\/www.eldiariodetucuman.com\\\/web\\\/cambiemos-vuelve-con-los-argumentos-de-la-campana-del-miedo\\\/\",\"name\":\"Cambiemos vuelve con los argumentos de la \\\"campa\u00f1a del miedo\\\" - El Diario de Tucuman\",\"isPartOf\":{\"@id\":\"https:\\\/\\\/www.eldiariodetucuman.com\\\/web\\\/#website\"},\"primaryImageOfPage\":{\"@id\":\"https:\\\/\\\/www.eldiariodetucuman.com\\\/web\\\/cambiemos-vuelve-con-los-argumentos-de-la-campana-del-miedo\\\/#primaryimage\"},\"image\":{\"@id\":\"https:\\\/\\\/www.eldiariodetucuman.com\\\/web\\\/cambiemos-vuelve-con-los-argumentos-de-la-campana-del-miedo\\\/#primaryimage\"},\"thumbnailUrl\":\"https:\\\/\\\/www.eldiariodetucuman.com\\\/web\\\/wp-content\\\/uploads\\\/2017\\\/07\\\/rogelio-frigerio-tucuman.jpg\",\"datePublished\":\"2017-07-19T18:36:28+00:00\",\"breadcrumb\":{\"@id\":\"https:\\\/\\\/www.eldiariodetucuman.com\\\/web\\\/cambiemos-vuelve-con-los-argumentos-de-la-campana-del-miedo\\\/#breadcrumb\"},\"inLanguage\":\"es\",\"potentialAction\":[{\"@type\":\"ReadAction\",\"target\":[\"https:\\\/\\\/www.eldiariodetucuman.com\\\/web\\\/cambiemos-vuelve-con-los-argumentos-de-la-campana-del-miedo\\\/\"]}]},{\"@type\":\"ImageObject\",\"inLanguage\":\"es\",\"@id\":\"https:\\\/\\\/www.eldiariodetucuman.com\\\/web\\\/cambiemos-vuelve-con-los-argumentos-de-la-campana-del-miedo\\\/#primaryimage\",\"url\":\"https:\\\/\\\/www.eldiariodetucuman.com\\\/web\\\/wp-content\\\/uploads\\\/2017\\\/07\\\/rogelio-frigerio-tucuman.jpg\",\"contentUrl\":\"https:\\\/\\\/www.eldiariodetucuman.com\\\/web\\\/wp-content\\\/uploads\\\/2017\\\/07\\\/rogelio-frigerio-tucuman.jpg\",\"width\":750,\"height\":380},{\"@type\":\"BreadcrumbList\",\"@id\":\"https:\\\/\\\/www.eldiariodetucuman.com\\\/web\\\/cambiemos-vuelve-con-los-argumentos-de-la-campana-del-miedo\\\/#breadcrumb\",\"itemListElement\":[{\"@type\":\"ListItem\",\"position\":1,\"name\":\"Portada\",\"item\":\"https:\\\/\\\/www.eldiariodetucuman.com\\\/web\\\/\"},{\"@type\":\"ListItem\",\"position\":2,\"name\":\"Cambiemos vuelve con los argumentos de la \u00abcampa\u00f1a del miedo\u00bb\"}]},{\"@type\":\"WebSite\",\"@id\":\"https:\\\/\\\/www.eldiariodetucuman.com\\\/web\\\/#website\",\"url\":\"https:\\\/\\\/www.eldiariodetucuman.com\\\/web\\\/\",\"name\":\"El Diario de Tucuman\",\"description\":\"Diario Tucuman - Informaci\u00f3n y noticias\",\"publisher\":{\"@id\":\"https:\\\/\\\/www.eldiariodetucuman.com\\\/web\\\/#organization\"},\"potentialAction\":[{\"@type\":\"SearchAction\",\"target\":{\"@type\":\"EntryPoint\",\"urlTemplate\":\"https:\\\/\\\/www.eldiariodetucuman.com\\\/web\\\/?s={search_term_string}\"},\"query-input\":{\"@type\":\"PropertyValueSpecification\",\"valueRequired\":true,\"valueName\":\"search_term_string\"}}],\"inLanguage\":\"es\"},{\"@type\":\"Organization\",\"@id\":\"https:\\\/\\\/www.eldiariodetucuman.com\\\/web\\\/#organization\",\"name\":\"El Diario de Tucuman\",\"url\":\"https:\\\/\\\/www.eldiariodetucuman.com\\\/web\\\/\",\"logo\":{\"@type\":\"ImageObject\",\"inLanguage\":\"es\",\"@id\":\"https:\\\/\\\/www.eldiariodetucuman.com\\\/web\\\/#\\\/schema\\\/logo\\\/image\\\/\",\"url\":\"http:\\\/\\\/www.eldiariodetucuman.com\\\/web\\\/wp-content\\\/uploads\\\/2017\\\/12\\\/el-diario-de-tucuman.jpg\",\"contentUrl\":\"http:\\\/\\\/www.eldiariodetucuman.com\\\/web\\\/wp-content\\\/uploads\\\/2017\\\/12\\\/el-diario-de-tucuman.jpg\",\"width\":272,\"height\":92,\"caption\":\"El Diario de Tucuman\"},\"image\":{\"@id\":\"https:\\\/\\\/www.eldiariodetucuman.com\\\/web\\\/#\\\/schema\\\/logo\\\/image\\\/\"}},{\"@type\":\"Person\",\"@id\":\"https:\\\/\\\/www.eldiariodetucuman.com\\\/web\\\/#\\\/schema\\\/person\\\/9250197d75ab5483412e19678b121caa\",\"name\":\"admin\",\"image\":{\"@type\":\"ImageObject\",\"inLanguage\":\"es\",\"@id\":\"https:\\\/\\\/secure.gravatar.com\\\/avatar\\\/c44d117c2be811212c22cb481f6b8384b6873de103fbc49e7a03cc58d7dea4ac?s=96&d=mm&r=g\",\"url\":\"https:\\\/\\\/secure.gravatar.com\\\/avatar\\\/c44d117c2be811212c22cb481f6b8384b6873de103fbc49e7a03cc58d7dea4ac?s=96&d=mm&r=g\",\"contentUrl\":\"https:\\\/\\\/secure.gravatar.com\\\/avatar\\\/c44d117c2be811212c22cb481f6b8384b6873de103fbc49e7a03cc58d7dea4ac?s=96&d=mm&r=g\",\"caption\":\"admin\"},\"url\":\"https:\\\/\\\/www.eldiariodetucuman.com\\\/web\\\/author\\\/admin\\\/\"}]}<\/script>\n<!-- \/ Yoast SEO plugin. -->","yoast_head_json":{"title":"Cambiemos vuelve con los argumentos de la \"campa\u00f1a del miedo\" - El Diario de Tucuman","robots":{"index":"index","follow":"follow","max-snippet":"max-snippet:-1","max-image-preview":"max-image-preview:large","max-video-preview":"max-video-preview:-1"},"canonical":"https:\/\/www.eldiariodetucuman.com\/web\/cambiemos-vuelve-con-los-argumentos-de-la-campana-del-miedo\/","og_locale":"es_ES","og_type":"article","og_title":"Cambiemos vuelve con los argumentos de la \"campa\u00f1a del miedo\" - El Diario de Tucuman","og_description":"No contentos con haberle mentido a sus votantes, Cambiemos no descansa en sus declaraciones del mundo en contra de su posibilidad de gobernar. Esta vez se vitimizaron frente a las elecciones que se vienen, argumentando que no habr\u00e1 ajustes sean cuales sean los resultados.","og_url":"https:\/\/www.eldiariodetucuman.com\/web\/cambiemos-vuelve-con-los-argumentos-de-la-campana-del-miedo\/","og_site_name":"El Diario de Tucuman","article_published_time":"2017-07-19T18:36:28+00:00","og_image":[{"width":750,"height":380,"url":"https:\/\/www.eldiariodetucuman.com\/web\/wp-content\/uploads\/2017\/07\/rogelio-frigerio-tucuman.jpg","type":"image\/jpeg"}],"author":"admin","twitter_card":"summary_large_image","twitter_misc":{"Escrito por":"admin","Tiempo de lectura":"2 minutos"},"schema":{"@context":"https:\/\/schema.org","@graph":[{"@type":"Article","@id":"https:\/\/www.eldiariodetucuman.com\/web\/cambiemos-vuelve-con-los-argumentos-de-la-campana-del-miedo\/#article","isPartOf":{"@id":"https:\/\/www.eldiariodetucuman.com\/web\/cambiemos-vuelve-con-los-argumentos-de-la-campana-del-miedo\/"},"author":{"name":"admin","@id":"https:\/\/www.eldiariodetucuman.com\/web\/#\/schema\/person\/9250197d75ab5483412e19678b121caa"},"headline":"Cambiemos vuelve con los argumentos de la \u00abcampa\u00f1a del miedo\u00bb","datePublished":"2017-07-19T18:36:28+00:00","mainEntityOfPage":{"@id":"https:\/\/www.eldiariodetucuman.com\/web\/cambiemos-vuelve-con-los-argumentos-de-la-campana-del-miedo\/"},"wordCount":325,"publisher":{"@id":"https:\/\/www.eldiariodetucuman.com\/web\/#organization"},"image":{"@id":"https:\/\/www.eldiariodetucuman.com\/web\/cambiemos-vuelve-con-los-argumentos-de-la-campana-del-miedo\/#primaryimage"},"thumbnailUrl":"https:\/\/www.eldiariodetucuman.com\/web\/wp-content\/uploads\/2017\/07\/rogelio-frigerio-tucuman.jpg","articleSection":["Politica"],"inLanguage":"es"},{"@type":"WebPage","@id":"https:\/\/www.eldiariodetucuman.com\/web\/cambiemos-vuelve-con-los-argumentos-de-la-campana-del-miedo\/","url":"https:\/\/www.eldiariodetucuman.com\/web\/cambiemos-vuelve-con-los-argumentos-de-la-campana-del-miedo\/","name":"Cambiemos vuelve con los argumentos de la \"campa\u00f1a del miedo\" - El Diario de Tucuman","isPartOf":{"@id":"https:\/\/www.eldiariodetucuman.com\/web\/#website"},"primaryImageOfPage":{"@id":"https:\/\/www.eldiariodetucuman.com\/web\/cambiemos-vuelve-con-los-argumentos-de-la-campana-del-miedo\/#primaryimage"},"image":{"@id":"https:\/\/www.eldiariodetucuman.com\/web\/cambiemos-vuelve-con-los-argumentos-de-la-campana-del-miedo\/#primaryimage"},"thumbnailUrl":"https:\/\/www.eldiariodetucuman.com\/web\/wp-content\/uploads\/2017\/07\/rogelio-frigerio-tucuman.jpg","datePublished":"2017-07-19T18:36:28+00:00","breadcrumb":{"@id":"https:\/\/www.eldiariodetucuman.com\/web\/cambiemos-vuelve-con-los-argumentos-de-la-campana-del-miedo\/#breadcrumb"},"inLanguage":"es","potentialAction":[{"@type":"ReadAction","target":["https:\/\/www.eldiariodetucuman.com\/web\/cambiemos-vuelve-con-los-argumentos-de-la-campana-del-miedo\/"]}]},{"@type":"ImageObject","inLanguage":"es","@id":"https:\/\/www.eldiariodetucuman.com\/web\/cambiemos-vuelve-con-los-argumentos-de-la-campana-del-miedo\/#primaryimage","url":"https:\/\/www.eldiariodetucuman.com\/web\/wp-content\/uploads\/2017\/07\/rogelio-frigerio-tucuman.jpg","contentUrl":"https:\/\/www.eldiariodetucuman.com\/web\/wp-content\/uploads\/2017\/07\/rogelio-frigerio-tucuman.jpg","width":750,"height":380},{"@type":"BreadcrumbList","@id":"https:\/\/www.eldiariodetucuman.com\/web\/cambiemos-vuelve-con-los-argumentos-de-la-campana-del-miedo\/#breadcrumb","itemListElement":[{"@type":"ListItem","position":1,"name":"Portada","item":"https:\/\/www.eldiariodetucuman.com\/web\/"},{"@type":"ListItem","position":2,"name":"Cambiemos vuelve con los argumentos de la \u00abcampa\u00f1a del miedo\u00bb"}]},{"@type":"WebSite","@id":"https:\/\/www.eldiariodetucuman.com\/web\/#website","url":"https:\/\/www.eldiariodetucuman.com\/web\/","name":"El Diario de Tucuman","description":"Diario Tucuman - Informaci\u00f3n y noticias","publisher":{"@id":"https:\/\/www.eldiariodetucuman.com\/web\/#organization"},"potentialAction":[{"@type":"SearchAction","target":{"@type":"EntryPoint","urlTemplate":"https:\/\/www.eldiariodetucuman.com\/web\/?s={search_term_string}"},"query-input":{"@type":"PropertyValueSpecification","valueRequired":true,"valueName":"search_term_string"}}],"inLanguage":"es"},{"@type":"Organization","@id":"https:\/\/www.eldiariodetucuman.com\/web\/#organization","name":"El Diario de Tucuman","url":"https:\/\/www.eldiariodetucuman.com\/web\/","logo":{"@type":"ImageObject","inLanguage":"es","@id":"https:\/\/www.eldiariodetucuman.com\/web\/#\/schema\/logo\/image\/","url":"http:\/\/www.eldiariodetucuman.com\/web\/wp-content\/uploads\/2017\/12\/el-diario-de-tucuman.jpg","contentUrl":"http:\/\/www.eldiariodetucuman.com\/web\/wp-content\/uploads\/2017\/12\/el-diario-de-tucuman.jpg","width":272,"height":92,"caption":"El Diario de Tucuman"},"image":{"@id":"https:\/\/www.eldiariodetucuman.com\/web\/#\/schema\/logo\/image\/"}},{"@type":"Person","@id":"https:\/\/www.eldiariodetucuman.com\/web\/#\/schema\/person\/9250197d75ab5483412e19678b121caa","name":"admin","image":{"@type":"ImageObject","inLanguage":"es","@id":"https:\/\/secure.gravatar.com\/avatar\/c44d117c2be811212c22cb481f6b8384b6873de103fbc49e7a03cc58d7dea4ac?s=96&d=mm&r=g","url":"https:\/\/secure.gravatar.com\/avatar\/c44d117c2be811212c22cb481f6b8384b6873de103fbc49e7a03cc58d7dea4ac?s=96&d=mm&r=g","contentUrl":"https:\/\/secure.gravatar.com\/avatar\/c44d117c2be811212c22cb481f6b8384b6873de103fbc49e7a03cc58d7dea4ac?s=96&d=mm&r=g","caption":"admin"},"url":"https:\/\/www.eldiariodetucuman.com\/web\/author\/admin\/"}]}},"_links":{"self":[{"href":"https:\/\/www.eldiariodetucuman.com\/web\/wp-json\/wp\/v2\/posts\/2892","targetHints":{"allow":["GET"]}}],"collection":[{"href":"https:\/\/www.eldiariodetucuman.com\/web\/wp-json\/wp\/v2\/posts"}],"about":[{"href":"https:\/\/www.eldiariodetucuman.com\/web\/wp-json\/wp\/v2\/types\/post"}],"author":[{"embeddable":true,"href":"https:\/\/www.eldiariodetucuman.com\/web\/wp-json\/wp\/v2\/users\/1"}],"replies":[{"embeddable":true,"href":"https:\/\/www.eldiariodetucuman.com\/web\/wp-json\/wp\/v2\/comments?post=2892"}],"version-history":[{"count":1,"href":"https:\/\/www.eldiariodetucuman.com\/web\/wp-json\/wp\/v2\/posts\/2892\/revisions"}],"predecessor-version":[{"id":2894,"href":"https:\/\/www.eldiariodetucuman.com\/web\/wp-json\/wp\/v2\/posts\/2892\/revisions\/2894"}],"wp:featuredmedia":[{"embeddable":true,"href":"https:\/\/www.eldiariodetucuman.com\/web\/wp-json\/wp\/v2\/media\/2893"}],"wp:attachment":[{"href":"https:\/\/www.eldiariodetucuman.com\/web\/wp-json\/wp\/v2\/media?parent=2892"}],"wp:term":[{"taxonomy":"category","embeddable":true,"href":"https:\/\/www.eldiariodetucuman.com\/web\/wp-json\/wp\/v2\/categories?post=2892"},{"taxonomy":"post_tag","embeddable":true,"href":"https:\/\/www.eldiariodetucuman.com\/web\/wp-json\/wp\/v2\/tags?post=2892"}],"curies":[{"name":"wp","href":"https:\/\/api.w.org\/{rel}","templated":true}]}}