{"id":28896,"date":"2020-09-07T10:48:43","date_gmt":"2020-09-07T13:48:43","guid":{"rendered":"http:\/\/www.eldiariodetucuman.com\/web\/?p=28896"},"modified":"2020-09-07T11:19:38","modified_gmt":"2020-09-07T14:19:38","slug":"hallazgo-macabro-encontraron-asesinada-a-una-adolescente-desaparecida","status":"publish","type":"post","link":"https:\/\/www.eldiariodetucuman.com\/web\/hallazgo-macabro-encontraron-asesinada-a-una-adolescente-desaparecida\/","title":{"rendered":"Se incrementan los casos de Covid 19 y ya son 50 los fallecimientos"},"content":{"rendered":"<p><span id=\"copete\">La provincia de Tucum\u00e1n registr\u00f3 en la jornada de ayer 334 nuevos casos de coronavirus desde el inicio de la pandemia. Por otra parte ayer se registr\u00f3 el fallecimiento de una persona, la que se transform\u00f3 en el paciente 50 que fallece desde que se report\u00f3 el primer fallecimiento en la provincia.<\/span><\/p>\n<p><!--more--><\/p>\n<div>\n<p class=\"stBubble\">El Ministerio de Salud P\u00fablica inform\u00f3 en su parte matutino que se suman 225 nuevos casos de COVID-19 en Tucum\u00e1n. Ya por la tarde los n\u00fameros de infectados ascendienron a 109 nuevos casos, totalizando para las \u00faltimas 24 horas a 334, totalizando un total de 4254 desde el inicio de la pandemia.<\/p>\n<p class=\"stBubble\">Los casos registrados ayer corresponden a los siguientes departamentos:<\/p>\n<p class=\"stBubble\">* Capital 198 casos<\/p>\n<p class=\"stBubble\">* Cruz Alta 44 casos<\/p>\n<p class=\"stBubble\">* Yerba Buena 21 casos<\/p>\n<p class=\"stBubble\">* Taf\u00ed Viejo 17 casos<\/p>\n<p class=\"stBubble\">* Lules 15 casos<\/p>\n<p class=\"stBubble\">* Monteros 9 casos<\/p>\n<p class=\"stBubble\">* Chicligasta 7 casos<\/p>\n<p class=\"stBubble\">* R\u00edo Chico 6 casos<\/p>\n<p class=\"stBubble\">* Leales 5 casos<\/p>\n<p class=\"stBubble\">* Taf\u00ed del Valle 5 casos<\/p>\n<p class=\"stBubble\">* Trancas 3 casos<\/p>\n<p class=\"stBubble\">* Burruyac\u00fa 2 casos<\/p>\n<p class=\"stBubble\">* Simoca 2 casos<\/p>\n<p class=\"stBubble\">As\u00ed mismo se informa el fallecimiento de una mujer de 85 a\u00f1os con antecedentes de hipertensi\u00f3n arterial y arritmia card\u00edaca. Estaba internada en terapia intensiva de un sanatorio privado cursando un cuadro de neumon\u00eda.<\/p>\n<p class=\"stBubble\">As\u00ed esta mujer se transform\u00f3 en la paciente n\u00famero 50 que fallece desde el inicio de la pandemia en Tucum\u00e1n.<\/p>\n<\/div>\n<p><strong>Fuente:<\/strong> <a href=\"http:\/\/www.tucumanoticias.com.ar\/noticia\/actualidad\/se-incrementa-el-numero-de-casos-de-covid-19-y-alcanzo-los-50-fallecimientos-212328.html\">http:\/\/www.tucumanoticias.com.ar\/noticia\/actualidad\/se-incrementa-el-numero-de-casos-de-covid-19-y-alcanzo-los-50-fallecimientos-212328.html<\/a><\/p>\n","protected":false},"excerpt":{"rendered":"<p>La provincia de Tucum\u00e1n registr\u00f3 en la jornada de ayer 334 nuevos casos de coronavirus desde el inicio de la pandemia. Por otra parte ayer se registr\u00f3 el fallecimiento de una persona, la que se transform\u00f3 en el paciente 50 que fallece desde que se report\u00f3 el primer fallecimiento en la provincia.<\/p>\n","protected":false},"author":5,"featured_media":28899,"comment_status":"closed","ping_status":"open","sticky":false,"template":"","format":"standard","meta":{"footnotes":""},"categories":[2],"tags":[3057,3153,79,61],"class_list":{"0":"post-28896","1":"post","2":"type-post","3":"status-publish","4":"format-standard","5":"has-post-thumbnail","7":"category-actualidad","8":"tag-coronavirus","9":"tag-covid","10":"tag-salud","11":"tag-tucuman"},"yoast_head":"<!-- This site is optimized with the Yoast SEO plugin v27.4 - https:\/\/yoast.com\/product\/yoast-seo-wordpress\/ -->\n<title>Se incrementan los casos de Covid 19 y ya son 50 los fallecimientos - El Diario de Tucuman<\/title>\n<meta name=\"robots\" content=\"index, follow, max-snippet:-1, max-image-preview:large, max-video-preview:-1\" \/>\n<link rel=\"canonical\" href=\"https:\/\/www.eldiariodetucuman.com\/web\/hallazgo-macabro-encontraron-asesinada-a-una-adolescente-desaparecida\/\" \/>\n<meta property=\"og:locale\" content=\"es_ES\" \/>\n<meta property=\"og:type\" content=\"article\" \/>\n<meta property=\"og:title\" content=\"Se incrementan los casos de Covid 19 y ya son 50 los fallecimientos - El Diario de Tucuman\" \/>\n<meta property=\"og:description\" content=\"La provincia de Tucum\u00e1n registr\u00f3 en la jornada de ayer 334 nuevos casos de coronavirus desde el inicio de la pandemia. Por otra parte ayer se registr\u00f3 el fallecimiento de una persona, la que se transform\u00f3 en el paciente 50 que fallece desde que se report\u00f3 el primer fallecimiento en la provincia.\" \/>\n<meta property=\"og:url\" content=\"https:\/\/www.eldiariodetucuman.com\/web\/hallazgo-macabro-encontraron-asesinada-a-una-adolescente-desaparecida\/\" \/>\n<meta property=\"og:site_name\" content=\"El Diario de Tucuman\" \/>\n<meta property=\"article:published_time\" content=\"2020-09-07T13:48:43+00:00\" \/>\n<meta property=\"article:modified_time\" content=\"2020-09-07T14:19:38+00:00\" \/>\n<meta property=\"og:image\" content=\"https:\/\/www.eldiariodetucuman.com\/web\/wp-content\/uploads\/2020\/09\/corona-casos.jpg\" \/>\n\t<meta property=\"og:image:width\" content=\"1032\" \/>\n\t<meta property=\"og:image:height\" content=\"656\" \/>\n\t<meta property=\"og:image:type\" content=\"image\/jpeg\" \/>\n<meta name=\"author\" content=\"Redactor Uno\" \/>\n<meta name=\"twitter:card\" content=\"summary_large_image\" \/>\n<meta name=\"twitter:label1\" content=\"Escrito por\" \/>\n\t<meta name=\"twitter:data1\" content=\"Redactor Uno\" \/>\n\t<meta name=\"twitter:label2\" content=\"Tiempo de lectura\" \/>\n\t<meta name=\"twitter:data2\" content=\"1 minuto\" \/>\n<script type=\"application\/ld+json\" class=\"yoast-schema-graph\">{\"@context\":\"https:\\\/\\\/schema.org\",\"@graph\":[{\"@type\":\"Article\",\"@id\":\"https:\\\/\\\/www.eldiariodetucuman.com\\\/web\\\/hallazgo-macabro-encontraron-asesinada-a-una-adolescente-desaparecida\\\/#article\",\"isPartOf\":{\"@id\":\"https:\\\/\\\/www.eldiariodetucuman.com\\\/web\\\/hallazgo-macabro-encontraron-asesinada-a-una-adolescente-desaparecida\\\/\"},\"author\":{\"name\":\"Redactor Uno\",\"@id\":\"https:\\\/\\\/www.eldiariodetucuman.com\\\/web\\\/#\\\/schema\\\/person\\\/7e6644a46e60888f6b868594407e08dd\"},\"headline\":\"Se incrementan los casos de Covid 19 y ya son 50 los fallecimientos\",\"datePublished\":\"2020-09-07T13:48:43+00:00\",\"dateModified\":\"2020-09-07T14:19:38+00:00\",\"mainEntityOfPage\":{\"@id\":\"https:\\\/\\\/www.eldiariodetucuman.com\\\/web\\\/hallazgo-macabro-encontraron-asesinada-a-una-adolescente-desaparecida\\\/\"},\"wordCount\":224,\"publisher\":{\"@id\":\"https:\\\/\\\/www.eldiariodetucuman.com\\\/web\\\/#organization\"},\"image\":{\"@id\":\"https:\\\/\\\/www.eldiariodetucuman.com\\\/web\\\/hallazgo-macabro-encontraron-asesinada-a-una-adolescente-desaparecida\\\/#primaryimage\"},\"thumbnailUrl\":\"https:\\\/\\\/www.eldiariodetucuman.com\\\/web\\\/wp-content\\\/uploads\\\/2020\\\/09\\\/corona-casos.jpg\",\"keywords\":[\"coronavirus\",\"covid\",\"salud\",\"Tucuman\"],\"articleSection\":[\"Actualidad\"],\"inLanguage\":\"es\"},{\"@type\":\"WebPage\",\"@id\":\"https:\\\/\\\/www.eldiariodetucuman.com\\\/web\\\/hallazgo-macabro-encontraron-asesinada-a-una-adolescente-desaparecida\\\/\",\"url\":\"https:\\\/\\\/www.eldiariodetucuman.com\\\/web\\\/hallazgo-macabro-encontraron-asesinada-a-una-adolescente-desaparecida\\\/\",\"name\":\"Se incrementan los casos de Covid 19 y ya son 50 los fallecimientos - El Diario de Tucuman\",\"isPartOf\":{\"@id\":\"https:\\\/\\\/www.eldiariodetucuman.com\\\/web\\\/#website\"},\"primaryImageOfPage\":{\"@id\":\"https:\\\/\\\/www.eldiariodetucuman.com\\\/web\\\/hallazgo-macabro-encontraron-asesinada-a-una-adolescente-desaparecida\\\/#primaryimage\"},\"image\":{\"@id\":\"https:\\\/\\\/www.eldiariodetucuman.com\\\/web\\\/hallazgo-macabro-encontraron-asesinada-a-una-adolescente-desaparecida\\\/#primaryimage\"},\"thumbnailUrl\":\"https:\\\/\\\/www.eldiariodetucuman.com\\\/web\\\/wp-content\\\/uploads\\\/2020\\\/09\\\/corona-casos.jpg\",\"datePublished\":\"2020-09-07T13:48:43+00:00\",\"dateModified\":\"2020-09-07T14:19:38+00:00\",\"breadcrumb\":{\"@id\":\"https:\\\/\\\/www.eldiariodetucuman.com\\\/web\\\/hallazgo-macabro-encontraron-asesinada-a-una-adolescente-desaparecida\\\/#breadcrumb\"},\"inLanguage\":\"es\",\"potentialAction\":[{\"@type\":\"ReadAction\",\"target\":[\"https:\\\/\\\/www.eldiariodetucuman.com\\\/web\\\/hallazgo-macabro-encontraron-asesinada-a-una-adolescente-desaparecida\\\/\"]}]},{\"@type\":\"ImageObject\",\"inLanguage\":\"es\",\"@id\":\"https:\\\/\\\/www.eldiariodetucuman.com\\\/web\\\/hallazgo-macabro-encontraron-asesinada-a-una-adolescente-desaparecida\\\/#primaryimage\",\"url\":\"https:\\\/\\\/www.eldiariodetucuman.com\\\/web\\\/wp-content\\\/uploads\\\/2020\\\/09\\\/corona-casos.jpg\",\"contentUrl\":\"https:\\\/\\\/www.eldiariodetucuman.com\\\/web\\\/wp-content\\\/uploads\\\/2020\\\/09\\\/corona-casos.jpg\",\"width\":1032,\"height\":656},{\"@type\":\"BreadcrumbList\",\"@id\":\"https:\\\/\\\/www.eldiariodetucuman.com\\\/web\\\/hallazgo-macabro-encontraron-asesinada-a-una-adolescente-desaparecida\\\/#breadcrumb\",\"itemListElement\":[{\"@type\":\"ListItem\",\"position\":1,\"name\":\"Portada\",\"item\":\"https:\\\/\\\/www.eldiariodetucuman.com\\\/web\\\/\"},{\"@type\":\"ListItem\",\"position\":2,\"name\":\"Se incrementan los casos de Covid 19 y ya son 50 los fallecimientos\"}]},{\"@type\":\"WebSite\",\"@id\":\"https:\\\/\\\/www.eldiariodetucuman.com\\\/web\\\/#website\",\"url\":\"https:\\\/\\\/www.eldiariodetucuman.com\\\/web\\\/\",\"name\":\"El Diario de Tucuman\",\"description\":\"Diario Tucuman - Informaci\u00f3n y noticias\",\"publisher\":{\"@id\":\"https:\\\/\\\/www.eldiariodetucuman.com\\\/web\\\/#organization\"},\"potentialAction\":[{\"@type\":\"SearchAction\",\"target\":{\"@type\":\"EntryPoint\",\"urlTemplate\":\"https:\\\/\\\/www.eldiariodetucuman.com\\\/web\\\/?s={search_term_string}\"},\"query-input\":{\"@type\":\"PropertyValueSpecification\",\"valueRequired\":true,\"valueName\":\"search_term_string\"}}],\"inLanguage\":\"es\"},{\"@type\":\"Organization\",\"@id\":\"https:\\\/\\\/www.eldiariodetucuman.com\\\/web\\\/#organization\",\"name\":\"El Diario de Tucuman\",\"url\":\"https:\\\/\\\/www.eldiariodetucuman.com\\\/web\\\/\",\"logo\":{\"@type\":\"ImageObject\",\"inLanguage\":\"es\",\"@id\":\"https:\\\/\\\/www.eldiariodetucuman.com\\\/web\\\/#\\\/schema\\\/logo\\\/image\\\/\",\"url\":\"http:\\\/\\\/www.eldiariodetucuman.com\\\/web\\\/wp-content\\\/uploads\\\/2017\\\/12\\\/el-diario-de-tucuman.jpg\",\"contentUrl\":\"http:\\\/\\\/www.eldiariodetucuman.com\\\/web\\\/wp-content\\\/uploads\\\/2017\\\/12\\\/el-diario-de-tucuman.jpg\",\"width\":272,\"height\":92,\"caption\":\"El Diario de Tucuman\"},\"image\":{\"@id\":\"https:\\\/\\\/www.eldiariodetucuman.com\\\/web\\\/#\\\/schema\\\/logo\\\/image\\\/\"}},{\"@type\":\"Person\",\"@id\":\"https:\\\/\\\/www.eldiariodetucuman.com\\\/web\\\/#\\\/schema\\\/person\\\/7e6644a46e60888f6b868594407e08dd\",\"name\":\"Redactor Uno\",\"image\":{\"@type\":\"ImageObject\",\"inLanguage\":\"es\",\"@id\":\"https:\\\/\\\/secure.gravatar.com\\\/avatar\\\/0049b1bdf1bd548385c9ea6b9356431717930913089febd2ba904f0187d7d074?s=96&d=mm&r=g\",\"url\":\"https:\\\/\\\/secure.gravatar.com\\\/avatar\\\/0049b1bdf1bd548385c9ea6b9356431717930913089febd2ba904f0187d7d074?s=96&d=mm&r=g\",\"contentUrl\":\"https:\\\/\\\/secure.gravatar.com\\\/avatar\\\/0049b1bdf1bd548385c9ea6b9356431717930913089febd2ba904f0187d7d074?s=96&d=mm&r=g\",\"caption\":\"Redactor Uno\"},\"url\":\"https:\\\/\\\/www.eldiariodetucuman.com\\\/web\\\/author\\\/mramasco\\\/\"}]}<\/script>\n<!-- \/ Yoast SEO plugin. -->","yoast_head_json":{"title":"Se incrementan los casos de Covid 19 y ya son 50 los fallecimientos - El Diario de Tucuman","robots":{"index":"index","follow":"follow","max-snippet":"max-snippet:-1","max-image-preview":"max-image-preview:large","max-video-preview":"max-video-preview:-1"},"canonical":"https:\/\/www.eldiariodetucuman.com\/web\/hallazgo-macabro-encontraron-asesinada-a-una-adolescente-desaparecida\/","og_locale":"es_ES","og_type":"article","og_title":"Se incrementan los casos de Covid 19 y ya son 50 los fallecimientos - El Diario de Tucuman","og_description":"La provincia de Tucum\u00e1n registr\u00f3 en la jornada de ayer 334 nuevos casos de coronavirus desde el inicio de la pandemia. Por otra parte ayer se registr\u00f3 el fallecimiento de una persona, la que se transform\u00f3 en el paciente 50 que fallece desde que se report\u00f3 el primer fallecimiento en la provincia.","og_url":"https:\/\/www.eldiariodetucuman.com\/web\/hallazgo-macabro-encontraron-asesinada-a-una-adolescente-desaparecida\/","og_site_name":"El Diario de Tucuman","article_published_time":"2020-09-07T13:48:43+00:00","article_modified_time":"2020-09-07T14:19:38+00:00","og_image":[{"width":1032,"height":656,"url":"https:\/\/www.eldiariodetucuman.com\/web\/wp-content\/uploads\/2020\/09\/corona-casos.jpg","type":"image\/jpeg"}],"author":"Redactor Uno","twitter_card":"summary_large_image","twitter_misc":{"Escrito por":"Redactor Uno","Tiempo de lectura":"1 minuto"},"schema":{"@context":"https:\/\/schema.org","@graph":[{"@type":"Article","@id":"https:\/\/www.eldiariodetucuman.com\/web\/hallazgo-macabro-encontraron-asesinada-a-una-adolescente-desaparecida\/#article","isPartOf":{"@id":"https:\/\/www.eldiariodetucuman.com\/web\/hallazgo-macabro-encontraron-asesinada-a-una-adolescente-desaparecida\/"},"author":{"name":"Redactor Uno","@id":"https:\/\/www.eldiariodetucuman.com\/web\/#\/schema\/person\/7e6644a46e60888f6b868594407e08dd"},"headline":"Se incrementan los casos de Covid 19 y ya son 50 los fallecimientos","datePublished":"2020-09-07T13:48:43+00:00","dateModified":"2020-09-07T14:19:38+00:00","mainEntityOfPage":{"@id":"https:\/\/www.eldiariodetucuman.com\/web\/hallazgo-macabro-encontraron-asesinada-a-una-adolescente-desaparecida\/"},"wordCount":224,"publisher":{"@id":"https:\/\/www.eldiariodetucuman.com\/web\/#organization"},"image":{"@id":"https:\/\/www.eldiariodetucuman.com\/web\/hallazgo-macabro-encontraron-asesinada-a-una-adolescente-desaparecida\/#primaryimage"},"thumbnailUrl":"https:\/\/www.eldiariodetucuman.com\/web\/wp-content\/uploads\/2020\/09\/corona-casos.jpg","keywords":["coronavirus","covid","salud","Tucuman"],"articleSection":["Actualidad"],"inLanguage":"es"},{"@type":"WebPage","@id":"https:\/\/www.eldiariodetucuman.com\/web\/hallazgo-macabro-encontraron-asesinada-a-una-adolescente-desaparecida\/","url":"https:\/\/www.eldiariodetucuman.com\/web\/hallazgo-macabro-encontraron-asesinada-a-una-adolescente-desaparecida\/","name":"Se incrementan los casos de Covid 19 y ya son 50 los fallecimientos - El Diario de Tucuman","isPartOf":{"@id":"https:\/\/www.eldiariodetucuman.com\/web\/#website"},"primaryImageOfPage":{"@id":"https:\/\/www.eldiariodetucuman.com\/web\/hallazgo-macabro-encontraron-asesinada-a-una-adolescente-desaparecida\/#primaryimage"},"image":{"@id":"https:\/\/www.eldiariodetucuman.com\/web\/hallazgo-macabro-encontraron-asesinada-a-una-adolescente-desaparecida\/#primaryimage"},"thumbnailUrl":"https:\/\/www.eldiariodetucuman.com\/web\/wp-content\/uploads\/2020\/09\/corona-casos.jpg","datePublished":"2020-09-07T13:48:43+00:00","dateModified":"2020-09-07T14:19:38+00:00","breadcrumb":{"@id":"https:\/\/www.eldiariodetucuman.com\/web\/hallazgo-macabro-encontraron-asesinada-a-una-adolescente-desaparecida\/#breadcrumb"},"inLanguage":"es","potentialAction":[{"@type":"ReadAction","target":["https:\/\/www.eldiariodetucuman.com\/web\/hallazgo-macabro-encontraron-asesinada-a-una-adolescente-desaparecida\/"]}]},{"@type":"ImageObject","inLanguage":"es","@id":"https:\/\/www.eldiariodetucuman.com\/web\/hallazgo-macabro-encontraron-asesinada-a-una-adolescente-desaparecida\/#primaryimage","url":"https:\/\/www.eldiariodetucuman.com\/web\/wp-content\/uploads\/2020\/09\/corona-casos.jpg","contentUrl":"https:\/\/www.eldiariodetucuman.com\/web\/wp-content\/uploads\/2020\/09\/corona-casos.jpg","width":1032,"height":656},{"@type":"BreadcrumbList","@id":"https:\/\/www.eldiariodetucuman.com\/web\/hallazgo-macabro-encontraron-asesinada-a-una-adolescente-desaparecida\/#breadcrumb","itemListElement":[{"@type":"ListItem","position":1,"name":"Portada","item":"https:\/\/www.eldiariodetucuman.com\/web\/"},{"@type":"ListItem","position":2,"name":"Se incrementan los casos de Covid 19 y ya son 50 los fallecimientos"}]},{"@type":"WebSite","@id":"https:\/\/www.eldiariodetucuman.com\/web\/#website","url":"https:\/\/www.eldiariodetucuman.com\/web\/","name":"El Diario de Tucuman","description":"Diario Tucuman - Informaci\u00f3n y noticias","publisher":{"@id":"https:\/\/www.eldiariodetucuman.com\/web\/#organization"},"potentialAction":[{"@type":"SearchAction","target":{"@type":"EntryPoint","urlTemplate":"https:\/\/www.eldiariodetucuman.com\/web\/?s={search_term_string}"},"query-input":{"@type":"PropertyValueSpecification","valueRequired":true,"valueName":"search_term_string"}}],"inLanguage":"es"},{"@type":"Organization","@id":"https:\/\/www.eldiariodetucuman.com\/web\/#organization","name":"El Diario de Tucuman","url":"https:\/\/www.eldiariodetucuman.com\/web\/","logo":{"@type":"ImageObject","inLanguage":"es","@id":"https:\/\/www.eldiariodetucuman.com\/web\/#\/schema\/logo\/image\/","url":"http:\/\/www.eldiariodetucuman.com\/web\/wp-content\/uploads\/2017\/12\/el-diario-de-tucuman.jpg","contentUrl":"http:\/\/www.eldiariodetucuman.com\/web\/wp-content\/uploads\/2017\/12\/el-diario-de-tucuman.jpg","width":272,"height":92,"caption":"El Diario de Tucuman"},"image":{"@id":"https:\/\/www.eldiariodetucuman.com\/web\/#\/schema\/logo\/image\/"}},{"@type":"Person","@id":"https:\/\/www.eldiariodetucuman.com\/web\/#\/schema\/person\/7e6644a46e60888f6b868594407e08dd","name":"Redactor Uno","image":{"@type":"ImageObject","inLanguage":"es","@id":"https:\/\/secure.gravatar.com\/avatar\/0049b1bdf1bd548385c9ea6b9356431717930913089febd2ba904f0187d7d074?s=96&d=mm&r=g","url":"https:\/\/secure.gravatar.com\/avatar\/0049b1bdf1bd548385c9ea6b9356431717930913089febd2ba904f0187d7d074?s=96&d=mm&r=g","contentUrl":"https:\/\/secure.gravatar.com\/avatar\/0049b1bdf1bd548385c9ea6b9356431717930913089febd2ba904f0187d7d074?s=96&d=mm&r=g","caption":"Redactor Uno"},"url":"https:\/\/www.eldiariodetucuman.com\/web\/author\/mramasco\/"}]}},"_links":{"self":[{"href":"https:\/\/www.eldiariodetucuman.com\/web\/wp-json\/wp\/v2\/posts\/28896","targetHints":{"allow":["GET"]}}],"collection":[{"href":"https:\/\/www.eldiariodetucuman.com\/web\/wp-json\/wp\/v2\/posts"}],"about":[{"href":"https:\/\/www.eldiariodetucuman.com\/web\/wp-json\/wp\/v2\/types\/post"}],"author":[{"embeddable":true,"href":"https:\/\/www.eldiariodetucuman.com\/web\/wp-json\/wp\/v2\/users\/5"}],"replies":[{"embeddable":true,"href":"https:\/\/www.eldiariodetucuman.com\/web\/wp-json\/wp\/v2\/comments?post=28896"}],"version-history":[{"count":4,"href":"https:\/\/www.eldiariodetucuman.com\/web\/wp-json\/wp\/v2\/posts\/28896\/revisions"}],"predecessor-version":[{"id":28901,"href":"https:\/\/www.eldiariodetucuman.com\/web\/wp-json\/wp\/v2\/posts\/28896\/revisions\/28901"}],"wp:featuredmedia":[{"embeddable":true,"href":"https:\/\/www.eldiariodetucuman.com\/web\/wp-json\/wp\/v2\/media\/28899"}],"wp:attachment":[{"href":"https:\/\/www.eldiariodetucuman.com\/web\/wp-json\/wp\/v2\/media?parent=28896"}],"wp:term":[{"taxonomy":"category","embeddable":true,"href":"https:\/\/www.eldiariodetucuman.com\/web\/wp-json\/wp\/v2\/categories?post=28896"},{"taxonomy":"post_tag","embeddable":true,"href":"https:\/\/www.eldiariodetucuman.com\/web\/wp-json\/wp\/v2\/tags?post=28896"}],"curies":[{"name":"wp","href":"https:\/\/api.w.org\/{rel}","templated":true}]}}