{"id":2889,"date":"2017-07-19T18:33:08","date_gmt":"2017-07-19T18:33:08","guid":{"rendered":"http:\/\/www.eldiariodetucuman.com\/web\/?p=2889"},"modified":"2017-07-19T18:33:08","modified_gmt":"2017-07-19T18:33:08","slug":"polemica-en-tafi-viejo-por-la-entrega-de-mercaderia-con-camiones-de-la-capital","status":"publish","type":"post","link":"https:\/\/www.eldiariodetucuman.com\/web\/polemica-en-tafi-viejo-por-la-entrega-de-mercaderia-con-camiones-de-la-capital\/","title":{"rendered":"Pol\u00e9mica en Taf\u00ed Viejo por la entrega de mercader\u00eda con camiones de la Capital"},"content":{"rendered":"<p>Un extra\u00f1o episodio fue registrado en el parque Miguel Lillo de Lomas de Taf\u00ed. Seg\u00fan denunci\u00f3 el intendente de Taf\u00ed Viejo, <strong>Javier Noguera<\/strong>, el martes por la tarde se detect\u00f3 un movimiento sospechoso con camiones de la Municipalidad de San Miguel de Tucum\u00e1n. El tafice\u00f1o adelant\u00f3 que pedir\u00e1 explicaciones a <strong>Germ\u00e1n Alfaro<\/strong>.<!--more--><\/p>\n<p>Seg\u00fan el relato del intendente tafice\u00f1o, un grupo de personas traspasaron mercader\u00eda y electrodom\u00e9sticos a dos camiones oficiales y a otras camionetas particulares. Cuando se indag\u00f3 a las personas que realizaban las cargas y descargas, un grupo huy\u00f3.<\/p>\n<p>\u201cSe verific\u00f3 que dos camiones con acoplados traspasaban mercader\u00eda y electrodom\u00e9sticos a camionetas particulares y a dos camiones de la Municipalidad de Capital\u00bb, indic\u00f3 Noguera, que asegur\u00f3 que \u201cla carta de porte era adulterada. No ten\u00edan ninguna documentaci\u00f3n que justifique el trasbordo\u00bb.<\/p>\n<p>Para el funcionario tafice\u00f1o, \u00abclaramente es un hecho irregular desde el punto de vista pol\u00edtico e institucional\u00bb. \u00abAl momento de llegar (los agentes de tr\u00e1nsito de Taf\u00ed Viejo que advirtieron la irregularidad), las camionetas particulares y camiones de la Municipalidad de Capital se dieron a la fuga\u00bb, relat\u00f3.<\/p>\n<p>\u00abLos dos camiones (que permanecieron en el lugar) dieron versiones que eran de Buenos Aires, que estaban hace una semana en Tucum\u00e1n. Dec\u00edan que tra\u00edan suministros del Ministerio de Desarrollo Social de la Naci\u00f3n. Despu\u00e9s dijeron que eran de ac\u00e1\u00bb, expres\u00f3 el funcionario municipal.<\/p>\n<p>Noguera, adem\u00e1s, indic\u00f3 que \u00e9l sospecha que el episodio tiene que ver con las elecciones y se mostr\u00f3 indignado. \u00ab\u00bfPor qu\u00e9 no estaban esas cosas cuando ocurrieron las inundaciones, cuando pedimos ayuda para los necesitados de nuestro municipio? Y ahora aparecen de manera vergonzosa y escandalosa un mes antes de las elecciones\u00bb, cuestion\u00f3. Adem\u00e1s, remarc\u00f3 que le va a pedir explicaciones a <strong>Germ\u00e1n Alfaro<\/strong>, a cargo de la Municipalidad de Capital, por el confuso episodio. (El Tucumano)<\/p>\n","protected":false},"excerpt":{"rendered":"<p>Un extra\u00f1o episodio fue registrado en el parque Miguel Lillo de Lomas de Taf\u00ed. Seg\u00fan denunci\u00f3 el intendente de Taf\u00ed Viejo, Javier Noguera, el martes por la tarde se detect\u00f3 un movimiento sospechoso con camiones de la Municipalidad de San Miguel de Tucum\u00e1n. El tafice\u00f1o adelant\u00f3 que pedir\u00e1 explicaciones a Germ\u00e1n Alfaro.<\/p>\n","protected":false},"author":1,"featured_media":2890,"comment_status":"closed","ping_status":"open","sticky":false,"template":"","format":"standard","meta":{"footnotes":""},"categories":[3],"tags":[],"class_list":{"0":"post-2889","1":"post","2":"type-post","3":"status-publish","4":"format-standard","5":"has-post-thumbnail","7":"category-politica"},"yoast_head":"<!-- This site is optimized with the Yoast SEO plugin v27.5 - https:\/\/yoast.com\/product\/yoast-seo-wordpress\/ -->\n<title>Pol\u00e9mica en Taf\u00ed Viejo por la entrega de mercader\u00eda con camiones de la Capital - El Diario de Tucuman<\/title>\n<meta name=\"robots\" content=\"index, follow, max-snippet:-1, max-image-preview:large, max-video-preview:-1\" \/>\n<link rel=\"canonical\" href=\"https:\/\/www.eldiariodetucuman.com\/web\/polemica-en-tafi-viejo-por-la-entrega-de-mercaderia-con-camiones-de-la-capital\/\" \/>\n<meta property=\"og:locale\" content=\"es_ES\" \/>\n<meta property=\"og:type\" content=\"article\" \/>\n<meta property=\"og:title\" content=\"Pol\u00e9mica en Taf\u00ed Viejo por la entrega de mercader\u00eda con camiones de la Capital - El Diario de Tucuman\" \/>\n<meta property=\"og:description\" content=\"Un extra\u00f1o episodio fue registrado en el parque Miguel Lillo de Lomas de Taf\u00ed. Seg\u00fan denunci\u00f3 el intendente de Taf\u00ed Viejo, Javier Noguera, el martes por la tarde se detect\u00f3 un movimiento sospechoso con camiones de la Municipalidad de San Miguel de Tucum\u00e1n. El tafice\u00f1o adelant\u00f3 que pedir\u00e1 explicaciones a Germ\u00e1n Alfaro.\" \/>\n<meta property=\"og:url\" content=\"https:\/\/www.eldiariodetucuman.com\/web\/polemica-en-tafi-viejo-por-la-entrega-de-mercaderia-con-camiones-de-la-capital\/\" \/>\n<meta property=\"og:site_name\" content=\"El Diario de Tucuman\" \/>\n<meta property=\"article:published_time\" content=\"2017-07-19T18:33:08+00:00\" \/>\n<meta property=\"og:image\" content=\"https:\/\/www.eldiariodetucuman.com\/web\/wp-content\/uploads\/2017\/07\/german-alfaro-tucuman.jpg\" \/>\n\t<meta property=\"og:image:width\" content=\"750\" \/>\n\t<meta property=\"og:image:height\" content=\"380\" \/>\n\t<meta property=\"og:image:type\" content=\"image\/jpeg\" \/>\n<meta name=\"author\" content=\"admin\" \/>\n<meta name=\"twitter:card\" content=\"summary_large_image\" \/>\n<meta name=\"twitter:label1\" content=\"Escrito por\" \/>\n\t<meta name=\"twitter:data1\" content=\"admin\" \/>\n\t<meta name=\"twitter:label2\" content=\"Tiempo de lectura\" \/>\n\t<meta name=\"twitter:data2\" content=\"2 minutos\" \/>\n<script type=\"application\/ld+json\" class=\"yoast-schema-graph\">{\"@context\":\"https:\\\/\\\/schema.org\",\"@graph\":[{\"@type\":\"Article\",\"@id\":\"https:\\\/\\\/www.eldiariodetucuman.com\\\/web\\\/polemica-en-tafi-viejo-por-la-entrega-de-mercaderia-con-camiones-de-la-capital\\\/#article\",\"isPartOf\":{\"@id\":\"https:\\\/\\\/www.eldiariodetucuman.com\\\/web\\\/polemica-en-tafi-viejo-por-la-entrega-de-mercaderia-con-camiones-de-la-capital\\\/\"},\"author\":{\"name\":\"admin\",\"@id\":\"https:\\\/\\\/www.eldiariodetucuman.com\\\/web\\\/#\\\/schema\\\/person\\\/9250197d75ab5483412e19678b121caa\"},\"headline\":\"Pol\u00e9mica en Taf\u00ed Viejo por la entrega de mercader\u00eda con camiones de la Capital\",\"datePublished\":\"2017-07-19T18:33:08+00:00\",\"mainEntityOfPage\":{\"@id\":\"https:\\\/\\\/www.eldiariodetucuman.com\\\/web\\\/polemica-en-tafi-viejo-por-la-entrega-de-mercaderia-con-camiones-de-la-capital\\\/\"},\"wordCount\":341,\"publisher\":{\"@id\":\"https:\\\/\\\/www.eldiariodetucuman.com\\\/web\\\/#organization\"},\"image\":{\"@id\":\"https:\\\/\\\/www.eldiariodetucuman.com\\\/web\\\/polemica-en-tafi-viejo-por-la-entrega-de-mercaderia-con-camiones-de-la-capital\\\/#primaryimage\"},\"thumbnailUrl\":\"https:\\\/\\\/www.eldiariodetucuman.com\\\/web\\\/wp-content\\\/uploads\\\/2017\\\/07\\\/german-alfaro-tucuman.jpg\",\"articleSection\":[\"Politica\"],\"inLanguage\":\"es\"},{\"@type\":\"WebPage\",\"@id\":\"https:\\\/\\\/www.eldiariodetucuman.com\\\/web\\\/polemica-en-tafi-viejo-por-la-entrega-de-mercaderia-con-camiones-de-la-capital\\\/\",\"url\":\"https:\\\/\\\/www.eldiariodetucuman.com\\\/web\\\/polemica-en-tafi-viejo-por-la-entrega-de-mercaderia-con-camiones-de-la-capital\\\/\",\"name\":\"Pol\u00e9mica en Taf\u00ed Viejo por la entrega de mercader\u00eda con camiones de la Capital - El Diario de Tucuman\",\"isPartOf\":{\"@id\":\"https:\\\/\\\/www.eldiariodetucuman.com\\\/web\\\/#website\"},\"primaryImageOfPage\":{\"@id\":\"https:\\\/\\\/www.eldiariodetucuman.com\\\/web\\\/polemica-en-tafi-viejo-por-la-entrega-de-mercaderia-con-camiones-de-la-capital\\\/#primaryimage\"},\"image\":{\"@id\":\"https:\\\/\\\/www.eldiariodetucuman.com\\\/web\\\/polemica-en-tafi-viejo-por-la-entrega-de-mercaderia-con-camiones-de-la-capital\\\/#primaryimage\"},\"thumbnailUrl\":\"https:\\\/\\\/www.eldiariodetucuman.com\\\/web\\\/wp-content\\\/uploads\\\/2017\\\/07\\\/german-alfaro-tucuman.jpg\",\"datePublished\":\"2017-07-19T18:33:08+00:00\",\"breadcrumb\":{\"@id\":\"https:\\\/\\\/www.eldiariodetucuman.com\\\/web\\\/polemica-en-tafi-viejo-por-la-entrega-de-mercaderia-con-camiones-de-la-capital\\\/#breadcrumb\"},\"inLanguage\":\"es\",\"potentialAction\":[{\"@type\":\"ReadAction\",\"target\":[\"https:\\\/\\\/www.eldiariodetucuman.com\\\/web\\\/polemica-en-tafi-viejo-por-la-entrega-de-mercaderia-con-camiones-de-la-capital\\\/\"]}]},{\"@type\":\"ImageObject\",\"inLanguage\":\"es\",\"@id\":\"https:\\\/\\\/www.eldiariodetucuman.com\\\/web\\\/polemica-en-tafi-viejo-por-la-entrega-de-mercaderia-con-camiones-de-la-capital\\\/#primaryimage\",\"url\":\"https:\\\/\\\/www.eldiariodetucuman.com\\\/web\\\/wp-content\\\/uploads\\\/2017\\\/07\\\/german-alfaro-tucuman.jpg\",\"contentUrl\":\"https:\\\/\\\/www.eldiariodetucuman.com\\\/web\\\/wp-content\\\/uploads\\\/2017\\\/07\\\/german-alfaro-tucuman.jpg\",\"width\":750,\"height\":380},{\"@type\":\"BreadcrumbList\",\"@id\":\"https:\\\/\\\/www.eldiariodetucuman.com\\\/web\\\/polemica-en-tafi-viejo-por-la-entrega-de-mercaderia-con-camiones-de-la-capital\\\/#breadcrumb\",\"itemListElement\":[{\"@type\":\"ListItem\",\"position\":1,\"name\":\"Portada\",\"item\":\"https:\\\/\\\/www.eldiariodetucuman.com\\\/web\\\/\"},{\"@type\":\"ListItem\",\"position\":2,\"name\":\"Pol\u00e9mica en Taf\u00ed Viejo por la entrega de mercader\u00eda con camiones de la Capital\"}]},{\"@type\":\"WebSite\",\"@id\":\"https:\\\/\\\/www.eldiariodetucuman.com\\\/web\\\/#website\",\"url\":\"https:\\\/\\\/www.eldiariodetucuman.com\\\/web\\\/\",\"name\":\"El Diario de Tucuman\",\"description\":\"Diario Tucuman - Informaci\u00f3n y noticias\",\"publisher\":{\"@id\":\"https:\\\/\\\/www.eldiariodetucuman.com\\\/web\\\/#organization\"},\"potentialAction\":[{\"@type\":\"SearchAction\",\"target\":{\"@type\":\"EntryPoint\",\"urlTemplate\":\"https:\\\/\\\/www.eldiariodetucuman.com\\\/web\\\/?s={search_term_string}\"},\"query-input\":{\"@type\":\"PropertyValueSpecification\",\"valueRequired\":true,\"valueName\":\"search_term_string\"}}],\"inLanguage\":\"es\"},{\"@type\":\"Organization\",\"@id\":\"https:\\\/\\\/www.eldiariodetucuman.com\\\/web\\\/#organization\",\"name\":\"El Diario de Tucuman\",\"url\":\"https:\\\/\\\/www.eldiariodetucuman.com\\\/web\\\/\",\"logo\":{\"@type\":\"ImageObject\",\"inLanguage\":\"es\",\"@id\":\"https:\\\/\\\/www.eldiariodetucuman.com\\\/web\\\/#\\\/schema\\\/logo\\\/image\\\/\",\"url\":\"http:\\\/\\\/www.eldiariodetucuman.com\\\/web\\\/wp-content\\\/uploads\\\/2017\\\/12\\\/el-diario-de-tucuman.jpg\",\"contentUrl\":\"http:\\\/\\\/www.eldiariodetucuman.com\\\/web\\\/wp-content\\\/uploads\\\/2017\\\/12\\\/el-diario-de-tucuman.jpg\",\"width\":272,\"height\":92,\"caption\":\"El Diario de Tucuman\"},\"image\":{\"@id\":\"https:\\\/\\\/www.eldiariodetucuman.com\\\/web\\\/#\\\/schema\\\/logo\\\/image\\\/\"}},{\"@type\":\"Person\",\"@id\":\"https:\\\/\\\/www.eldiariodetucuman.com\\\/web\\\/#\\\/schema\\\/person\\\/9250197d75ab5483412e19678b121caa\",\"name\":\"admin\",\"image\":{\"@type\":\"ImageObject\",\"inLanguage\":\"es\",\"@id\":\"https:\\\/\\\/secure.gravatar.com\\\/avatar\\\/c44d117c2be811212c22cb481f6b8384b6873de103fbc49e7a03cc58d7dea4ac?s=96&d=mm&r=g\",\"url\":\"https:\\\/\\\/secure.gravatar.com\\\/avatar\\\/c44d117c2be811212c22cb481f6b8384b6873de103fbc49e7a03cc58d7dea4ac?s=96&d=mm&r=g\",\"contentUrl\":\"https:\\\/\\\/secure.gravatar.com\\\/avatar\\\/c44d117c2be811212c22cb481f6b8384b6873de103fbc49e7a03cc58d7dea4ac?s=96&d=mm&r=g\",\"caption\":\"admin\"},\"url\":\"https:\\\/\\\/www.eldiariodetucuman.com\\\/web\\\/author\\\/admin\\\/\"}]}<\/script>\n<!-- \/ Yoast SEO plugin. -->","yoast_head_json":{"title":"Pol\u00e9mica en Taf\u00ed Viejo por la entrega de mercader\u00eda con camiones de la Capital - El Diario de Tucuman","robots":{"index":"index","follow":"follow","max-snippet":"max-snippet:-1","max-image-preview":"max-image-preview:large","max-video-preview":"max-video-preview:-1"},"canonical":"https:\/\/www.eldiariodetucuman.com\/web\/polemica-en-tafi-viejo-por-la-entrega-de-mercaderia-con-camiones-de-la-capital\/","og_locale":"es_ES","og_type":"article","og_title":"Pol\u00e9mica en Taf\u00ed Viejo por la entrega de mercader\u00eda con camiones de la Capital - El Diario de Tucuman","og_description":"Un extra\u00f1o episodio fue registrado en el parque Miguel Lillo de Lomas de Taf\u00ed. Seg\u00fan denunci\u00f3 el intendente de Taf\u00ed Viejo, Javier Noguera, el martes por la tarde se detect\u00f3 un movimiento sospechoso con camiones de la Municipalidad de San Miguel de Tucum\u00e1n. El tafice\u00f1o adelant\u00f3 que pedir\u00e1 explicaciones a Germ\u00e1n Alfaro.","og_url":"https:\/\/www.eldiariodetucuman.com\/web\/polemica-en-tafi-viejo-por-la-entrega-de-mercaderia-con-camiones-de-la-capital\/","og_site_name":"El Diario de Tucuman","article_published_time":"2017-07-19T18:33:08+00:00","og_image":[{"width":750,"height":380,"url":"https:\/\/www.eldiariodetucuman.com\/web\/wp-content\/uploads\/2017\/07\/german-alfaro-tucuman.jpg","type":"image\/jpeg"}],"author":"admin","twitter_card":"summary_large_image","twitter_misc":{"Escrito por":"admin","Tiempo de lectura":"2 minutos"},"schema":{"@context":"https:\/\/schema.org","@graph":[{"@type":"Article","@id":"https:\/\/www.eldiariodetucuman.com\/web\/polemica-en-tafi-viejo-por-la-entrega-de-mercaderia-con-camiones-de-la-capital\/#article","isPartOf":{"@id":"https:\/\/www.eldiariodetucuman.com\/web\/polemica-en-tafi-viejo-por-la-entrega-de-mercaderia-con-camiones-de-la-capital\/"},"author":{"name":"admin","@id":"https:\/\/www.eldiariodetucuman.com\/web\/#\/schema\/person\/9250197d75ab5483412e19678b121caa"},"headline":"Pol\u00e9mica en Taf\u00ed Viejo por la entrega de mercader\u00eda con camiones de la Capital","datePublished":"2017-07-19T18:33:08+00:00","mainEntityOfPage":{"@id":"https:\/\/www.eldiariodetucuman.com\/web\/polemica-en-tafi-viejo-por-la-entrega-de-mercaderia-con-camiones-de-la-capital\/"},"wordCount":341,"publisher":{"@id":"https:\/\/www.eldiariodetucuman.com\/web\/#organization"},"image":{"@id":"https:\/\/www.eldiariodetucuman.com\/web\/polemica-en-tafi-viejo-por-la-entrega-de-mercaderia-con-camiones-de-la-capital\/#primaryimage"},"thumbnailUrl":"https:\/\/www.eldiariodetucuman.com\/web\/wp-content\/uploads\/2017\/07\/german-alfaro-tucuman.jpg","articleSection":["Politica"],"inLanguage":"es"},{"@type":"WebPage","@id":"https:\/\/www.eldiariodetucuman.com\/web\/polemica-en-tafi-viejo-por-la-entrega-de-mercaderia-con-camiones-de-la-capital\/","url":"https:\/\/www.eldiariodetucuman.com\/web\/polemica-en-tafi-viejo-por-la-entrega-de-mercaderia-con-camiones-de-la-capital\/","name":"Pol\u00e9mica en Taf\u00ed Viejo por la entrega de mercader\u00eda con camiones de la Capital - El Diario de Tucuman","isPartOf":{"@id":"https:\/\/www.eldiariodetucuman.com\/web\/#website"},"primaryImageOfPage":{"@id":"https:\/\/www.eldiariodetucuman.com\/web\/polemica-en-tafi-viejo-por-la-entrega-de-mercaderia-con-camiones-de-la-capital\/#primaryimage"},"image":{"@id":"https:\/\/www.eldiariodetucuman.com\/web\/polemica-en-tafi-viejo-por-la-entrega-de-mercaderia-con-camiones-de-la-capital\/#primaryimage"},"thumbnailUrl":"https:\/\/www.eldiariodetucuman.com\/web\/wp-content\/uploads\/2017\/07\/german-alfaro-tucuman.jpg","datePublished":"2017-07-19T18:33:08+00:00","breadcrumb":{"@id":"https:\/\/www.eldiariodetucuman.com\/web\/polemica-en-tafi-viejo-por-la-entrega-de-mercaderia-con-camiones-de-la-capital\/#breadcrumb"},"inLanguage":"es","potentialAction":[{"@type":"ReadAction","target":["https:\/\/www.eldiariodetucuman.com\/web\/polemica-en-tafi-viejo-por-la-entrega-de-mercaderia-con-camiones-de-la-capital\/"]}]},{"@type":"ImageObject","inLanguage":"es","@id":"https:\/\/www.eldiariodetucuman.com\/web\/polemica-en-tafi-viejo-por-la-entrega-de-mercaderia-con-camiones-de-la-capital\/#primaryimage","url":"https:\/\/www.eldiariodetucuman.com\/web\/wp-content\/uploads\/2017\/07\/german-alfaro-tucuman.jpg","contentUrl":"https:\/\/www.eldiariodetucuman.com\/web\/wp-content\/uploads\/2017\/07\/german-alfaro-tucuman.jpg","width":750,"height":380},{"@type":"BreadcrumbList","@id":"https:\/\/www.eldiariodetucuman.com\/web\/polemica-en-tafi-viejo-por-la-entrega-de-mercaderia-con-camiones-de-la-capital\/#breadcrumb","itemListElement":[{"@type":"ListItem","position":1,"name":"Portada","item":"https:\/\/www.eldiariodetucuman.com\/web\/"},{"@type":"ListItem","position":2,"name":"Pol\u00e9mica en Taf\u00ed Viejo por la entrega de mercader\u00eda con camiones de la Capital"}]},{"@type":"WebSite","@id":"https:\/\/www.eldiariodetucuman.com\/web\/#website","url":"https:\/\/www.eldiariodetucuman.com\/web\/","name":"El Diario de Tucuman","description":"Diario Tucuman - Informaci\u00f3n y noticias","publisher":{"@id":"https:\/\/www.eldiariodetucuman.com\/web\/#organization"},"potentialAction":[{"@type":"SearchAction","target":{"@type":"EntryPoint","urlTemplate":"https:\/\/www.eldiariodetucuman.com\/web\/?s={search_term_string}"},"query-input":{"@type":"PropertyValueSpecification","valueRequired":true,"valueName":"search_term_string"}}],"inLanguage":"es"},{"@type":"Organization","@id":"https:\/\/www.eldiariodetucuman.com\/web\/#organization","name":"El Diario de Tucuman","url":"https:\/\/www.eldiariodetucuman.com\/web\/","logo":{"@type":"ImageObject","inLanguage":"es","@id":"https:\/\/www.eldiariodetucuman.com\/web\/#\/schema\/logo\/image\/","url":"http:\/\/www.eldiariodetucuman.com\/web\/wp-content\/uploads\/2017\/12\/el-diario-de-tucuman.jpg","contentUrl":"http:\/\/www.eldiariodetucuman.com\/web\/wp-content\/uploads\/2017\/12\/el-diario-de-tucuman.jpg","width":272,"height":92,"caption":"El Diario de Tucuman"},"image":{"@id":"https:\/\/www.eldiariodetucuman.com\/web\/#\/schema\/logo\/image\/"}},{"@type":"Person","@id":"https:\/\/www.eldiariodetucuman.com\/web\/#\/schema\/person\/9250197d75ab5483412e19678b121caa","name":"admin","image":{"@type":"ImageObject","inLanguage":"es","@id":"https:\/\/secure.gravatar.com\/avatar\/c44d117c2be811212c22cb481f6b8384b6873de103fbc49e7a03cc58d7dea4ac?s=96&d=mm&r=g","url":"https:\/\/secure.gravatar.com\/avatar\/c44d117c2be811212c22cb481f6b8384b6873de103fbc49e7a03cc58d7dea4ac?s=96&d=mm&r=g","contentUrl":"https:\/\/secure.gravatar.com\/avatar\/c44d117c2be811212c22cb481f6b8384b6873de103fbc49e7a03cc58d7dea4ac?s=96&d=mm&r=g","caption":"admin"},"url":"https:\/\/www.eldiariodetucuman.com\/web\/author\/admin\/"}]}},"_links":{"self":[{"href":"https:\/\/www.eldiariodetucuman.com\/web\/wp-json\/wp\/v2\/posts\/2889","targetHints":{"allow":["GET"]}}],"collection":[{"href":"https:\/\/www.eldiariodetucuman.com\/web\/wp-json\/wp\/v2\/posts"}],"about":[{"href":"https:\/\/www.eldiariodetucuman.com\/web\/wp-json\/wp\/v2\/types\/post"}],"author":[{"embeddable":true,"href":"https:\/\/www.eldiariodetucuman.com\/web\/wp-json\/wp\/v2\/users\/1"}],"replies":[{"embeddable":true,"href":"https:\/\/www.eldiariodetucuman.com\/web\/wp-json\/wp\/v2\/comments?post=2889"}],"version-history":[{"count":1,"href":"https:\/\/www.eldiariodetucuman.com\/web\/wp-json\/wp\/v2\/posts\/2889\/revisions"}],"predecessor-version":[{"id":2891,"href":"https:\/\/www.eldiariodetucuman.com\/web\/wp-json\/wp\/v2\/posts\/2889\/revisions\/2891"}],"wp:featuredmedia":[{"embeddable":true,"href":"https:\/\/www.eldiariodetucuman.com\/web\/wp-json\/wp\/v2\/media\/2890"}],"wp:attachment":[{"href":"https:\/\/www.eldiariodetucuman.com\/web\/wp-json\/wp\/v2\/media?parent=2889"}],"wp:term":[{"taxonomy":"category","embeddable":true,"href":"https:\/\/www.eldiariodetucuman.com\/web\/wp-json\/wp\/v2\/categories?post=2889"},{"taxonomy":"post_tag","embeddable":true,"href":"https:\/\/www.eldiariodetucuman.com\/web\/wp-json\/wp\/v2\/tags?post=2889"}],"curies":[{"name":"wp","href":"https:\/\/api.w.org\/{rel}","templated":true}]}}