{"id":28816,"date":"2020-09-01T10:43:32","date_gmt":"2020-09-01T13:43:32","guid":{"rendered":"http:\/\/www.eldiariodetucuman.com\/web\/?p=28816"},"modified":"2020-09-01T10:43:32","modified_gmt":"2020-09-01T13:43:32","slug":"el-septiembre-musical-se-vivira-desde-casa","status":"publish","type":"post","link":"https:\/\/www.eldiariodetucuman.com\/web\/el-septiembre-musical-se-vivira-desde-casa\/","title":{"rendered":"El Septiembre Musical se vivir\u00e1 desde casa"},"content":{"rendered":"<div class=\"entry-content\">\n<p class=\"selectionShareable\">La 60\u00ba edici\u00f3n del<strong>\u00a0Septiembre Musical<\/strong>\u00a0se realizar\u00e1 a trav\u00e9s de la televisi\u00f3n y en formato online para Tucum\u00e1n, el pa\u00eds y el mundo.<\/p>\n<\/div>\n<p><!--more--><\/p>\n<div class=\"entry-content\">\n<p class=\"selectionShareable\">\u201cEs un gran desaf\u00edo, teniendo en cuenta, que hoy m\u00e1s que nunca la cultura debe estar en el hogar de los tucumanos como una herramienta que nos ayudar\u00e1 a transitar este dif\u00edcil momento\u201d, expres\u00f3 el presidente del Ente Cultural de Tucum\u00e1n<strong>, Mart\u00edn Ruiz Torres.<\/strong><\/p>\n<p class=\"selectionShareable\">Por este motivo, \u201cel Septiembre Musical este a\u00f1o tendr\u00e1 un car\u00e1cter solidario, y si bien todo el contenido podr\u00e1 disfrutarse de forma gratuita, uno de los principales objetivos es generar fuentes de trabajo a artistas y desarrolladores del campo audiovisual de la provincia\u201d, expres\u00f3 el funcionario y a\u00f1adi\u00f3: \u201c<strong>Contratamos a m\u00e1s de 400 artistas tucumanos<\/strong>\u00a0y a la C\u00e1mara de Industria Audiovisual, quienes son los encargados de grabar cada espect\u00e1culo\u201d.<\/p>\n<p class=\"selectionShareable\">Asimismo, contar\u00e1 se con la posibilidad de realizar donaciones, de forma directa, a organizaciones sin fines de lucro dedicadas a la beneficencia, ellas son: C\u00c1RITAS TUCUM\u00c1N, FAI (Fundaci\u00f3n de Albergues Infantiles), FANN (Fundaci\u00f3n Ayuda al Ni\u00f1o Necesitado), Fundaci\u00f3n Banco de Alimentos Tucum\u00e1n, Peque\u00f1o Cottolengo Don Orione y Fundaci\u00f3n Hospital Avellaneda. Los interesados podr\u00e1n contribuir a trav\u00e9s del sitio oficial septiembremusical.gob.ar<\/p>\n<p class=\"selectionShareable\">El evento iniciar\u00e1 el viernes 4 de septiembre y se podr\u00e1 ver a trav\u00e9s de\u00a0<strong>Canal 10<\/strong>\u00a0(viernes de 21 a 22, s\u00e1bados de 19.30 a 21.30 y domingos de 20 a 22.); y\u00a0<strong>La Gaceta Play<\/strong>\u00a0(Canal 11\u00a0<strong>CCC<\/strong>, con entrevistas los d\u00edas jueves, de 21 a 22). Adem\u00e1s, la transmisi\u00f3n podr\u00e1 seguirse por streaming a trav\u00e9s de las plataformas propias del Ente Cultural de Tucum\u00e1n: el canal de\u00a0<strong>YouTube<\/strong>, el sitio web y las redes oficiales, y en septiembremusical.gob.ar.<\/p>\n<p class=\"selectionShareable\">Ru\u00edz Torres dijo que \u201chabr\u00e1 un escenario especial, llamado \u201cConsejo Provincial de Cultura\u201d donde se congregan todos los representantes de cultura de comunas y municipios. Est\u00e1n divididos en siete zonas culturales, cada una tendr\u00e1 una producci\u00f3n audiovisual\u201d.<\/p>\n<p class=\"selectionShareable\"><strong>Estreno de una \u00f3pera<\/strong><\/p>\n<p class=\"selectionShareable\">Para el viernes 25 se reserva una de las propuestas m\u00e1s esperadas de esta particular edici\u00f3n: el estreno de la \u00d3pera Rita, de Gaetano Donizetti y Gustave Va\u00ebz (Canal 10). Se trata de una producci\u00f3n integral del Ente Cultural, que ser\u00e1 presentada en un original formato cinematogr\u00e1fico, con escenas filmadas en distintas locaciones de la provincia. El Museo Casa Padilla, el Museo Hist\u00f3rico \u201cPte. Nicol\u00e1s Avellaneda\u201d y tambi\u00e9n en la localidad de Taf\u00ed Viejo son los escenarios principales. El elenco est\u00e1 integrado por Josefina Viejobueno (Rita), Facundo Villagr\u00e1n (Beppe), Marcelo Oppedisano (Gaspar) y Luc\u00eda Flores (Carmencita).La direcci\u00f3n musical estar\u00e1 a cargo del pianista Oscar Buriek, mientras que Oscar Zamora ser\u00e1 el regisseur y encargado de adaptar el gui\u00f3n original. El libro y direcci\u00f3n de video corren por cuenta de Carlos Vilar\u00f3 Nadal y Melina Dulci, y la direcci\u00f3n general es de Marco Mat\u00edas Safarsi.<\/p>\n<p class=\"selectionShareable\">En este sentido, el intendente de Taf\u00ed Viejo,<strong>\u00a0Javier Noguera<\/strong>\u00a0coment\u00f3, por Twitter que \u201ces la primera vez que se realiza en Tucum\u00e1n una \u00d3pera Film, en este caso la \u00d3pera Rita. Se usaron como escenarios la estaci\u00f3n de trenes, la vieja casona de la familia Rodriguez\/Juarez y el marco imponente de las Yungas tafice\u00f1as\u201d.<\/p>\n<p><strong>Fuente:<\/strong> <a href=\"http:\/\/comunicaciontucuman.gob.ar\/2020\/08\/el-septiembre-musical-se-vivira-desde-la-casa-de-cada-tucumano\/\">http:\/\/comunicaciontucuman.gob.ar\/2020\/08\/el-septiembre-musical-se-vivira-desde-la-casa-de-cada-tucumano\/<\/a><\/p>\n<\/div>\n","protected":false},"excerpt":{"rendered":"<p>La 60\u00ba edici\u00f3n del\u00a0Septiembre Musical\u00a0se realizar\u00e1 a trav\u00e9s de la televisi\u00f3n y en formato online para Tucum\u00e1n, el pa\u00eds y el mundo.<\/p>\n","protected":false},"author":5,"featured_media":28817,"comment_status":"closed","ping_status":"open","sticky":false,"template":"","format":"standard","meta":{"footnotes":""},"categories":[5],"tags":[304,350,61],"class_list":{"0":"post-28816","1":"post","2":"type-post","3":"status-publish","4":"format-standard","5":"has-post-thumbnail","7":"category-cultura","8":"tag-cultura","9":"tag-septiembre-musical","10":"tag-tucuman"},"yoast_head":"<!-- This site is optimized with the Yoast SEO plugin v27.4 - https:\/\/yoast.com\/product\/yoast-seo-wordpress\/ -->\n<title>El Septiembre Musical se vivir\u00e1 desde casa - El Diario de Tucuman<\/title>\n<meta name=\"robots\" content=\"index, follow, max-snippet:-1, max-image-preview:large, max-video-preview:-1\" \/>\n<link rel=\"canonical\" href=\"https:\/\/www.eldiariodetucuman.com\/web\/el-septiembre-musical-se-vivira-desde-casa\/\" \/>\n<meta property=\"og:locale\" content=\"es_ES\" \/>\n<meta property=\"og:type\" content=\"article\" \/>\n<meta property=\"og:title\" content=\"El Septiembre Musical se vivir\u00e1 desde casa - El Diario de Tucuman\" \/>\n<meta property=\"og:description\" content=\"La 60\u00ba edici\u00f3n del\u00a0Septiembre Musical\u00a0se realizar\u00e1 a trav\u00e9s de la televisi\u00f3n y en formato online para Tucum\u00e1n, el pa\u00eds y el mundo.\" \/>\n<meta property=\"og:url\" content=\"https:\/\/www.eldiariodetucuman.com\/web\/el-septiembre-musical-se-vivira-desde-casa\/\" \/>\n<meta property=\"og:site_name\" content=\"El Diario de Tucuman\" \/>\n<meta property=\"article:published_time\" content=\"2020-09-01T13:43:32+00:00\" \/>\n<meta property=\"og:image\" content=\"https:\/\/www.eldiariodetucuman.com\/web\/wp-content\/uploads\/2020\/09\/septiembre-musical.jpg\" \/>\n\t<meta property=\"og:image:width\" content=\"818\" \/>\n\t<meta property=\"og:image:height\" content=\"460\" \/>\n\t<meta property=\"og:image:type\" content=\"image\/jpeg\" \/>\n<meta name=\"author\" content=\"Redactor Uno\" \/>\n<meta name=\"twitter:card\" content=\"summary_large_image\" \/>\n<meta name=\"twitter:label1\" content=\"Escrito por\" \/>\n\t<meta name=\"twitter:data1\" content=\"Redactor Uno\" \/>\n\t<meta name=\"twitter:label2\" content=\"Tiempo de lectura\" \/>\n\t<meta name=\"twitter:data2\" content=\"3 minutos\" \/>\n<script type=\"application\/ld+json\" class=\"yoast-schema-graph\">{\"@context\":\"https:\\\/\\\/schema.org\",\"@graph\":[{\"@type\":\"Article\",\"@id\":\"https:\\\/\\\/www.eldiariodetucuman.com\\\/web\\\/el-septiembre-musical-se-vivira-desde-casa\\\/#article\",\"isPartOf\":{\"@id\":\"https:\\\/\\\/www.eldiariodetucuman.com\\\/web\\\/el-septiembre-musical-se-vivira-desde-casa\\\/\"},\"author\":{\"name\":\"Redactor Uno\",\"@id\":\"https:\\\/\\\/www.eldiariodetucuman.com\\\/web\\\/#\\\/schema\\\/person\\\/7e6644a46e60888f6b868594407e08dd\"},\"headline\":\"El Septiembre Musical se vivir\u00e1 desde casa\",\"datePublished\":\"2020-09-01T13:43:32+00:00\",\"mainEntityOfPage\":{\"@id\":\"https:\\\/\\\/www.eldiariodetucuman.com\\\/web\\\/el-septiembre-musical-se-vivira-desde-casa\\\/\"},\"wordCount\":578,\"publisher\":{\"@id\":\"https:\\\/\\\/www.eldiariodetucuman.com\\\/web\\\/#organization\"},\"image\":{\"@id\":\"https:\\\/\\\/www.eldiariodetucuman.com\\\/web\\\/el-septiembre-musical-se-vivira-desde-casa\\\/#primaryimage\"},\"thumbnailUrl\":\"https:\\\/\\\/www.eldiariodetucuman.com\\\/web\\\/wp-content\\\/uploads\\\/2020\\\/09\\\/septiembre-musical.jpg\",\"keywords\":[\"cultura\",\"septiembre musical\",\"Tucuman\"],\"articleSection\":[\"Cultura\"],\"inLanguage\":\"es\"},{\"@type\":\"WebPage\",\"@id\":\"https:\\\/\\\/www.eldiariodetucuman.com\\\/web\\\/el-septiembre-musical-se-vivira-desde-casa\\\/\",\"url\":\"https:\\\/\\\/www.eldiariodetucuman.com\\\/web\\\/el-septiembre-musical-se-vivira-desde-casa\\\/\",\"name\":\"El Septiembre Musical se vivir\u00e1 desde casa - El Diario de Tucuman\",\"isPartOf\":{\"@id\":\"https:\\\/\\\/www.eldiariodetucuman.com\\\/web\\\/#website\"},\"primaryImageOfPage\":{\"@id\":\"https:\\\/\\\/www.eldiariodetucuman.com\\\/web\\\/el-septiembre-musical-se-vivira-desde-casa\\\/#primaryimage\"},\"image\":{\"@id\":\"https:\\\/\\\/www.eldiariodetucuman.com\\\/web\\\/el-septiembre-musical-se-vivira-desde-casa\\\/#primaryimage\"},\"thumbnailUrl\":\"https:\\\/\\\/www.eldiariodetucuman.com\\\/web\\\/wp-content\\\/uploads\\\/2020\\\/09\\\/septiembre-musical.jpg\",\"datePublished\":\"2020-09-01T13:43:32+00:00\",\"breadcrumb\":{\"@id\":\"https:\\\/\\\/www.eldiariodetucuman.com\\\/web\\\/el-septiembre-musical-se-vivira-desde-casa\\\/#breadcrumb\"},\"inLanguage\":\"es\",\"potentialAction\":[{\"@type\":\"ReadAction\",\"target\":[\"https:\\\/\\\/www.eldiariodetucuman.com\\\/web\\\/el-septiembre-musical-se-vivira-desde-casa\\\/\"]}]},{\"@type\":\"ImageObject\",\"inLanguage\":\"es\",\"@id\":\"https:\\\/\\\/www.eldiariodetucuman.com\\\/web\\\/el-septiembre-musical-se-vivira-desde-casa\\\/#primaryimage\",\"url\":\"https:\\\/\\\/www.eldiariodetucuman.com\\\/web\\\/wp-content\\\/uploads\\\/2020\\\/09\\\/septiembre-musical.jpg\",\"contentUrl\":\"https:\\\/\\\/www.eldiariodetucuman.com\\\/web\\\/wp-content\\\/uploads\\\/2020\\\/09\\\/septiembre-musical.jpg\",\"width\":818,\"height\":460},{\"@type\":\"BreadcrumbList\",\"@id\":\"https:\\\/\\\/www.eldiariodetucuman.com\\\/web\\\/el-septiembre-musical-se-vivira-desde-casa\\\/#breadcrumb\",\"itemListElement\":[{\"@type\":\"ListItem\",\"position\":1,\"name\":\"Portada\",\"item\":\"https:\\\/\\\/www.eldiariodetucuman.com\\\/web\\\/\"},{\"@type\":\"ListItem\",\"position\":2,\"name\":\"El Septiembre Musical se vivir\u00e1 desde casa\"}]},{\"@type\":\"WebSite\",\"@id\":\"https:\\\/\\\/www.eldiariodetucuman.com\\\/web\\\/#website\",\"url\":\"https:\\\/\\\/www.eldiariodetucuman.com\\\/web\\\/\",\"name\":\"El Diario de Tucuman\",\"description\":\"Diario Tucuman - Informaci\u00f3n y noticias\",\"publisher\":{\"@id\":\"https:\\\/\\\/www.eldiariodetucuman.com\\\/web\\\/#organization\"},\"potentialAction\":[{\"@type\":\"SearchAction\",\"target\":{\"@type\":\"EntryPoint\",\"urlTemplate\":\"https:\\\/\\\/www.eldiariodetucuman.com\\\/web\\\/?s={search_term_string}\"},\"query-input\":{\"@type\":\"PropertyValueSpecification\",\"valueRequired\":true,\"valueName\":\"search_term_string\"}}],\"inLanguage\":\"es\"},{\"@type\":\"Organization\",\"@id\":\"https:\\\/\\\/www.eldiariodetucuman.com\\\/web\\\/#organization\",\"name\":\"El Diario de Tucuman\",\"url\":\"https:\\\/\\\/www.eldiariodetucuman.com\\\/web\\\/\",\"logo\":{\"@type\":\"ImageObject\",\"inLanguage\":\"es\",\"@id\":\"https:\\\/\\\/www.eldiariodetucuman.com\\\/web\\\/#\\\/schema\\\/logo\\\/image\\\/\",\"url\":\"http:\\\/\\\/www.eldiariodetucuman.com\\\/web\\\/wp-content\\\/uploads\\\/2017\\\/12\\\/el-diario-de-tucuman.jpg\",\"contentUrl\":\"http:\\\/\\\/www.eldiariodetucuman.com\\\/web\\\/wp-content\\\/uploads\\\/2017\\\/12\\\/el-diario-de-tucuman.jpg\",\"width\":272,\"height\":92,\"caption\":\"El Diario de Tucuman\"},\"image\":{\"@id\":\"https:\\\/\\\/www.eldiariodetucuman.com\\\/web\\\/#\\\/schema\\\/logo\\\/image\\\/\"}},{\"@type\":\"Person\",\"@id\":\"https:\\\/\\\/www.eldiariodetucuman.com\\\/web\\\/#\\\/schema\\\/person\\\/7e6644a46e60888f6b868594407e08dd\",\"name\":\"Redactor Uno\",\"image\":{\"@type\":\"ImageObject\",\"inLanguage\":\"es\",\"@id\":\"https:\\\/\\\/secure.gravatar.com\\\/avatar\\\/0049b1bdf1bd548385c9ea6b9356431717930913089febd2ba904f0187d7d074?s=96&d=mm&r=g\",\"url\":\"https:\\\/\\\/secure.gravatar.com\\\/avatar\\\/0049b1bdf1bd548385c9ea6b9356431717930913089febd2ba904f0187d7d074?s=96&d=mm&r=g\",\"contentUrl\":\"https:\\\/\\\/secure.gravatar.com\\\/avatar\\\/0049b1bdf1bd548385c9ea6b9356431717930913089febd2ba904f0187d7d074?s=96&d=mm&r=g\",\"caption\":\"Redactor Uno\"},\"url\":\"https:\\\/\\\/www.eldiariodetucuman.com\\\/web\\\/author\\\/mramasco\\\/\"}]}<\/script>\n<!-- \/ Yoast SEO plugin. -->","yoast_head_json":{"title":"El Septiembre Musical se vivir\u00e1 desde casa - El Diario de Tucuman","robots":{"index":"index","follow":"follow","max-snippet":"max-snippet:-1","max-image-preview":"max-image-preview:large","max-video-preview":"max-video-preview:-1"},"canonical":"https:\/\/www.eldiariodetucuman.com\/web\/el-septiembre-musical-se-vivira-desde-casa\/","og_locale":"es_ES","og_type":"article","og_title":"El Septiembre Musical se vivir\u00e1 desde casa - El Diario de Tucuman","og_description":"La 60\u00ba edici\u00f3n del\u00a0Septiembre Musical\u00a0se realizar\u00e1 a trav\u00e9s de la televisi\u00f3n y en formato online para Tucum\u00e1n, el pa\u00eds y el mundo.","og_url":"https:\/\/www.eldiariodetucuman.com\/web\/el-septiembre-musical-se-vivira-desde-casa\/","og_site_name":"El Diario de Tucuman","article_published_time":"2020-09-01T13:43:32+00:00","og_image":[{"width":818,"height":460,"url":"https:\/\/www.eldiariodetucuman.com\/web\/wp-content\/uploads\/2020\/09\/septiembre-musical.jpg","type":"image\/jpeg"}],"author":"Redactor Uno","twitter_card":"summary_large_image","twitter_misc":{"Escrito por":"Redactor Uno","Tiempo de lectura":"3 minutos"},"schema":{"@context":"https:\/\/schema.org","@graph":[{"@type":"Article","@id":"https:\/\/www.eldiariodetucuman.com\/web\/el-septiembre-musical-se-vivira-desde-casa\/#article","isPartOf":{"@id":"https:\/\/www.eldiariodetucuman.com\/web\/el-septiembre-musical-se-vivira-desde-casa\/"},"author":{"name":"Redactor Uno","@id":"https:\/\/www.eldiariodetucuman.com\/web\/#\/schema\/person\/7e6644a46e60888f6b868594407e08dd"},"headline":"El Septiembre Musical se vivir\u00e1 desde casa","datePublished":"2020-09-01T13:43:32+00:00","mainEntityOfPage":{"@id":"https:\/\/www.eldiariodetucuman.com\/web\/el-septiembre-musical-se-vivira-desde-casa\/"},"wordCount":578,"publisher":{"@id":"https:\/\/www.eldiariodetucuman.com\/web\/#organization"},"image":{"@id":"https:\/\/www.eldiariodetucuman.com\/web\/el-septiembre-musical-se-vivira-desde-casa\/#primaryimage"},"thumbnailUrl":"https:\/\/www.eldiariodetucuman.com\/web\/wp-content\/uploads\/2020\/09\/septiembre-musical.jpg","keywords":["cultura","septiembre musical","Tucuman"],"articleSection":["Cultura"],"inLanguage":"es"},{"@type":"WebPage","@id":"https:\/\/www.eldiariodetucuman.com\/web\/el-septiembre-musical-se-vivira-desde-casa\/","url":"https:\/\/www.eldiariodetucuman.com\/web\/el-septiembre-musical-se-vivira-desde-casa\/","name":"El Septiembre Musical se vivir\u00e1 desde casa - El Diario de Tucuman","isPartOf":{"@id":"https:\/\/www.eldiariodetucuman.com\/web\/#website"},"primaryImageOfPage":{"@id":"https:\/\/www.eldiariodetucuman.com\/web\/el-septiembre-musical-se-vivira-desde-casa\/#primaryimage"},"image":{"@id":"https:\/\/www.eldiariodetucuman.com\/web\/el-septiembre-musical-se-vivira-desde-casa\/#primaryimage"},"thumbnailUrl":"https:\/\/www.eldiariodetucuman.com\/web\/wp-content\/uploads\/2020\/09\/septiembre-musical.jpg","datePublished":"2020-09-01T13:43:32+00:00","breadcrumb":{"@id":"https:\/\/www.eldiariodetucuman.com\/web\/el-septiembre-musical-se-vivira-desde-casa\/#breadcrumb"},"inLanguage":"es","potentialAction":[{"@type":"ReadAction","target":["https:\/\/www.eldiariodetucuman.com\/web\/el-septiembre-musical-se-vivira-desde-casa\/"]}]},{"@type":"ImageObject","inLanguage":"es","@id":"https:\/\/www.eldiariodetucuman.com\/web\/el-septiembre-musical-se-vivira-desde-casa\/#primaryimage","url":"https:\/\/www.eldiariodetucuman.com\/web\/wp-content\/uploads\/2020\/09\/septiembre-musical.jpg","contentUrl":"https:\/\/www.eldiariodetucuman.com\/web\/wp-content\/uploads\/2020\/09\/septiembre-musical.jpg","width":818,"height":460},{"@type":"BreadcrumbList","@id":"https:\/\/www.eldiariodetucuman.com\/web\/el-septiembre-musical-se-vivira-desde-casa\/#breadcrumb","itemListElement":[{"@type":"ListItem","position":1,"name":"Portada","item":"https:\/\/www.eldiariodetucuman.com\/web\/"},{"@type":"ListItem","position":2,"name":"El Septiembre Musical se vivir\u00e1 desde casa"}]},{"@type":"WebSite","@id":"https:\/\/www.eldiariodetucuman.com\/web\/#website","url":"https:\/\/www.eldiariodetucuman.com\/web\/","name":"El Diario de Tucuman","description":"Diario Tucuman - Informaci\u00f3n y noticias","publisher":{"@id":"https:\/\/www.eldiariodetucuman.com\/web\/#organization"},"potentialAction":[{"@type":"SearchAction","target":{"@type":"EntryPoint","urlTemplate":"https:\/\/www.eldiariodetucuman.com\/web\/?s={search_term_string}"},"query-input":{"@type":"PropertyValueSpecification","valueRequired":true,"valueName":"search_term_string"}}],"inLanguage":"es"},{"@type":"Organization","@id":"https:\/\/www.eldiariodetucuman.com\/web\/#organization","name":"El Diario de Tucuman","url":"https:\/\/www.eldiariodetucuman.com\/web\/","logo":{"@type":"ImageObject","inLanguage":"es","@id":"https:\/\/www.eldiariodetucuman.com\/web\/#\/schema\/logo\/image\/","url":"http:\/\/www.eldiariodetucuman.com\/web\/wp-content\/uploads\/2017\/12\/el-diario-de-tucuman.jpg","contentUrl":"http:\/\/www.eldiariodetucuman.com\/web\/wp-content\/uploads\/2017\/12\/el-diario-de-tucuman.jpg","width":272,"height":92,"caption":"El Diario de Tucuman"},"image":{"@id":"https:\/\/www.eldiariodetucuman.com\/web\/#\/schema\/logo\/image\/"}},{"@type":"Person","@id":"https:\/\/www.eldiariodetucuman.com\/web\/#\/schema\/person\/7e6644a46e60888f6b868594407e08dd","name":"Redactor Uno","image":{"@type":"ImageObject","inLanguage":"es","@id":"https:\/\/secure.gravatar.com\/avatar\/0049b1bdf1bd548385c9ea6b9356431717930913089febd2ba904f0187d7d074?s=96&d=mm&r=g","url":"https:\/\/secure.gravatar.com\/avatar\/0049b1bdf1bd548385c9ea6b9356431717930913089febd2ba904f0187d7d074?s=96&d=mm&r=g","contentUrl":"https:\/\/secure.gravatar.com\/avatar\/0049b1bdf1bd548385c9ea6b9356431717930913089febd2ba904f0187d7d074?s=96&d=mm&r=g","caption":"Redactor Uno"},"url":"https:\/\/www.eldiariodetucuman.com\/web\/author\/mramasco\/"}]}},"_links":{"self":[{"href":"https:\/\/www.eldiariodetucuman.com\/web\/wp-json\/wp\/v2\/posts\/28816","targetHints":{"allow":["GET"]}}],"collection":[{"href":"https:\/\/www.eldiariodetucuman.com\/web\/wp-json\/wp\/v2\/posts"}],"about":[{"href":"https:\/\/www.eldiariodetucuman.com\/web\/wp-json\/wp\/v2\/types\/post"}],"author":[{"embeddable":true,"href":"https:\/\/www.eldiariodetucuman.com\/web\/wp-json\/wp\/v2\/users\/5"}],"replies":[{"embeddable":true,"href":"https:\/\/www.eldiariodetucuman.com\/web\/wp-json\/wp\/v2\/comments?post=28816"}],"version-history":[{"count":2,"href":"https:\/\/www.eldiariodetucuman.com\/web\/wp-json\/wp\/v2\/posts\/28816\/revisions"}],"predecessor-version":[{"id":28819,"href":"https:\/\/www.eldiariodetucuman.com\/web\/wp-json\/wp\/v2\/posts\/28816\/revisions\/28819"}],"wp:featuredmedia":[{"embeddable":true,"href":"https:\/\/www.eldiariodetucuman.com\/web\/wp-json\/wp\/v2\/media\/28817"}],"wp:attachment":[{"href":"https:\/\/www.eldiariodetucuman.com\/web\/wp-json\/wp\/v2\/media?parent=28816"}],"wp:term":[{"taxonomy":"category","embeddable":true,"href":"https:\/\/www.eldiariodetucuman.com\/web\/wp-json\/wp\/v2\/categories?post=28816"},{"taxonomy":"post_tag","embeddable":true,"href":"https:\/\/www.eldiariodetucuman.com\/web\/wp-json\/wp\/v2\/tags?post=28816"}],"curies":[{"name":"wp","href":"https:\/\/api.w.org\/{rel}","templated":true}]}}