{"id":28813,"date":"2020-08-31T12:38:59","date_gmt":"2020-08-31T15:38:59","guid":{"rendered":"http:\/\/www.eldiariodetucuman.com\/web\/?p=28813"},"modified":"2020-08-31T12:38:59","modified_gmt":"2020-08-31T15:38:59","slug":"centro-de-salud-al-menos-16-trabajadores-se-encuentran-infectados-con-covid-19","status":"publish","type":"post","link":"https:\/\/www.eldiariodetucuman.com\/web\/centro-de-salud-al-menos-16-trabajadores-se-encuentran-infectados-con-covid-19\/","title":{"rendered":"Centro de Salud: Al menos 16 trabajadores se encuentran infectados con Covid-19"},"content":{"rendered":"<hgroup class=\"zona-titulo\"><\/hgroup>\n<p>C\u00f3mo es el protocolo que se aplica en cada positivo confirmado en ese nosocomio.<\/p>\n<p><!--more--><\/p>\n<p>En la ma\u00f1ana de este lunes, el director del <strong>Hospital Centro de Salud,<\/strong> Marcelo Ferraro, manifest\u00f3 que ya son cerca de 16 los trabajadores de ese establecimiento que dieron positivo en Covid-19.<\/p>\n<p>En declaraciones a LG Play, el m\u00e9dico tambi\u00e9n se\u00f1al\u00f3 que en las \u00faltimas semanas creci\u00f3 las consultas en los consutorios febriles, a la vez que aumentaron las derivaciones por el incremento de casos.<\/p>\n<p>\u00abEs preocupante que los compa\u00f1eros de la salud adquieran la infecci\u00f3n aunque obviamente, nadie est\u00e1 exento de contraerla\u00bb, afirm\u00f3 el profesional quien explic\u00f3 que \u00abcuando hay un colega que sale positivo, se hace un bloque de los contactos y se cierran algunos sectores y por supuesto se suplen esos sectores con otros compa\u00f1eros sanitarios\u00bb.<\/p>\n<p>Por \u00faltimo indic\u00f3 que ante el aumento de la demanda en consultorios febriles y los contagios en los profesionales, no se resinti\u00f3 la atenci\u00f3n. \u00abLo que puede ocurrir es demora en la asistencia, ya que se debe cumplir con el protocolo\u00bb.<\/p>\n<div class=\"row\">\n<div class=\"col-md-11\">\n<div id=\"cuerpo-nota\" class=\"cuerpo-nota\">\n<p><strong>Fuente:<\/strong> <a href=\"https:\/\/www.tucumanalas7.com.ar\/local\/2020\/8\/31\/al-menos-16-trabajadores-del-centro-de-salud-se-encuentran-infectados-con-covid-19-196653.html\">https:\/\/www.tucumanalas7.com.ar\/local\/2020\/8\/31\/al-menos-16-trabajadores-del-centro-de-salud-se-encuentran-infectados-con-covid-19-196653.html<\/a><\/p>\n<\/div>\n<\/div>\n<\/div>\n","protected":false},"excerpt":{"rendered":"<p>C\u00f3mo es el protocolo que se aplica en cada positivo confirmado en ese nosocomio.<\/p>\n","protected":false},"author":5,"featured_media":28814,"comment_status":"closed","ping_status":"open","sticky":false,"template":"","format":"standard","meta":{"footnotes":""},"categories":[2],"tags":[854,3153,79,61],"class_list":{"0":"post-28813","1":"post","2":"type-post","3":"status-publish","4":"format-standard","5":"has-post-thumbnail","7":"category-actualidad","8":"tag-centro-de-salud","9":"tag-covid","10":"tag-salud","11":"tag-tucuman"},"yoast_head":"<!-- This site is optimized with the Yoast SEO plugin v27.4 - https:\/\/yoast.com\/product\/yoast-seo-wordpress\/ -->\n<title>Centro de Salud: Al menos 16 trabajadores se encuentran infectados con Covid-19 - El Diario de Tucuman<\/title>\n<meta name=\"robots\" content=\"index, follow, max-snippet:-1, max-image-preview:large, max-video-preview:-1\" \/>\n<link rel=\"canonical\" href=\"https:\/\/www.eldiariodetucuman.com\/web\/centro-de-salud-al-menos-16-trabajadores-se-encuentran-infectados-con-covid-19\/\" \/>\n<meta property=\"og:locale\" content=\"es_ES\" \/>\n<meta property=\"og:type\" content=\"article\" \/>\n<meta property=\"og:title\" content=\"Centro de Salud: Al menos 16 trabajadores se encuentran infectados con Covid-19 - El Diario de Tucuman\" \/>\n<meta property=\"og:description\" content=\"C\u00f3mo es el protocolo que se aplica en cada positivo confirmado en ese nosocomio.\" \/>\n<meta property=\"og:url\" content=\"https:\/\/www.eldiariodetucuman.com\/web\/centro-de-salud-al-menos-16-trabajadores-se-encuentran-infectados-con-covid-19\/\" \/>\n<meta property=\"og:site_name\" content=\"El Diario de Tucuman\" \/>\n<meta property=\"article:published_time\" content=\"2020-08-31T15:38:59+00:00\" \/>\n<meta property=\"og:image\" content=\"https:\/\/www.eldiariodetucuman.com\/web\/wp-content\/uploads\/2020\/08\/centro-de-salud-16-infectados.jpg\" \/>\n\t<meta property=\"og:image:width\" content=\"756\" \/>\n\t<meta property=\"og:image:height\" content=\"451\" \/>\n\t<meta property=\"og:image:type\" content=\"image\/jpeg\" \/>\n<meta name=\"author\" content=\"Redactor Uno\" \/>\n<meta name=\"twitter:card\" content=\"summary_large_image\" \/>\n<meta name=\"twitter:label1\" content=\"Escrito por\" \/>\n\t<meta name=\"twitter:data1\" content=\"Redactor Uno\" \/>\n\t<meta name=\"twitter:label2\" content=\"Tiempo de lectura\" \/>\n\t<meta name=\"twitter:data2\" content=\"1 minuto\" \/>\n<script type=\"application\/ld+json\" class=\"yoast-schema-graph\">{\"@context\":\"https:\\\/\\\/schema.org\",\"@graph\":[{\"@type\":\"Article\",\"@id\":\"https:\\\/\\\/www.eldiariodetucuman.com\\\/web\\\/centro-de-salud-al-menos-16-trabajadores-se-encuentran-infectados-con-covid-19\\\/#article\",\"isPartOf\":{\"@id\":\"https:\\\/\\\/www.eldiariodetucuman.com\\\/web\\\/centro-de-salud-al-menos-16-trabajadores-se-encuentran-infectados-con-covid-19\\\/\"},\"author\":{\"name\":\"Redactor Uno\",\"@id\":\"https:\\\/\\\/www.eldiariodetucuman.com\\\/web\\\/#\\\/schema\\\/person\\\/7e6644a46e60888f6b868594407e08dd\"},\"headline\":\"Centro de Salud: Al menos 16 trabajadores se encuentran infectados con Covid-19\",\"datePublished\":\"2020-08-31T15:38:59+00:00\",\"mainEntityOfPage\":{\"@id\":\"https:\\\/\\\/www.eldiariodetucuman.com\\\/web\\\/centro-de-salud-al-menos-16-trabajadores-se-encuentran-infectados-con-covid-19\\\/\"},\"wordCount\":204,\"publisher\":{\"@id\":\"https:\\\/\\\/www.eldiariodetucuman.com\\\/web\\\/#organization\"},\"image\":{\"@id\":\"https:\\\/\\\/www.eldiariodetucuman.com\\\/web\\\/centro-de-salud-al-menos-16-trabajadores-se-encuentran-infectados-con-covid-19\\\/#primaryimage\"},\"thumbnailUrl\":\"https:\\\/\\\/www.eldiariodetucuman.com\\\/web\\\/wp-content\\\/uploads\\\/2020\\\/08\\\/centro-de-salud-16-infectados.jpg\",\"keywords\":[\"centro de salud\",\"covid\",\"salud\",\"Tucuman\"],\"articleSection\":[\"Actualidad\"],\"inLanguage\":\"es\"},{\"@type\":\"WebPage\",\"@id\":\"https:\\\/\\\/www.eldiariodetucuman.com\\\/web\\\/centro-de-salud-al-menos-16-trabajadores-se-encuentran-infectados-con-covid-19\\\/\",\"url\":\"https:\\\/\\\/www.eldiariodetucuman.com\\\/web\\\/centro-de-salud-al-menos-16-trabajadores-se-encuentran-infectados-con-covid-19\\\/\",\"name\":\"Centro de Salud: Al menos 16 trabajadores se encuentran infectados con Covid-19 - El Diario de Tucuman\",\"isPartOf\":{\"@id\":\"https:\\\/\\\/www.eldiariodetucuman.com\\\/web\\\/#website\"},\"primaryImageOfPage\":{\"@id\":\"https:\\\/\\\/www.eldiariodetucuman.com\\\/web\\\/centro-de-salud-al-menos-16-trabajadores-se-encuentran-infectados-con-covid-19\\\/#primaryimage\"},\"image\":{\"@id\":\"https:\\\/\\\/www.eldiariodetucuman.com\\\/web\\\/centro-de-salud-al-menos-16-trabajadores-se-encuentran-infectados-con-covid-19\\\/#primaryimage\"},\"thumbnailUrl\":\"https:\\\/\\\/www.eldiariodetucuman.com\\\/web\\\/wp-content\\\/uploads\\\/2020\\\/08\\\/centro-de-salud-16-infectados.jpg\",\"datePublished\":\"2020-08-31T15:38:59+00:00\",\"breadcrumb\":{\"@id\":\"https:\\\/\\\/www.eldiariodetucuman.com\\\/web\\\/centro-de-salud-al-menos-16-trabajadores-se-encuentran-infectados-con-covid-19\\\/#breadcrumb\"},\"inLanguage\":\"es\",\"potentialAction\":[{\"@type\":\"ReadAction\",\"target\":[\"https:\\\/\\\/www.eldiariodetucuman.com\\\/web\\\/centro-de-salud-al-menos-16-trabajadores-se-encuentran-infectados-con-covid-19\\\/\"]}]},{\"@type\":\"ImageObject\",\"inLanguage\":\"es\",\"@id\":\"https:\\\/\\\/www.eldiariodetucuman.com\\\/web\\\/centro-de-salud-al-menos-16-trabajadores-se-encuentran-infectados-con-covid-19\\\/#primaryimage\",\"url\":\"https:\\\/\\\/www.eldiariodetucuman.com\\\/web\\\/wp-content\\\/uploads\\\/2020\\\/08\\\/centro-de-salud-16-infectados.jpg\",\"contentUrl\":\"https:\\\/\\\/www.eldiariodetucuman.com\\\/web\\\/wp-content\\\/uploads\\\/2020\\\/08\\\/centro-de-salud-16-infectados.jpg\",\"width\":756,\"height\":451},{\"@type\":\"BreadcrumbList\",\"@id\":\"https:\\\/\\\/www.eldiariodetucuman.com\\\/web\\\/centro-de-salud-al-menos-16-trabajadores-se-encuentran-infectados-con-covid-19\\\/#breadcrumb\",\"itemListElement\":[{\"@type\":\"ListItem\",\"position\":1,\"name\":\"Portada\",\"item\":\"https:\\\/\\\/www.eldiariodetucuman.com\\\/web\\\/\"},{\"@type\":\"ListItem\",\"position\":2,\"name\":\"Centro de Salud: Al menos 16 trabajadores se encuentran infectados con Covid-19\"}]},{\"@type\":\"WebSite\",\"@id\":\"https:\\\/\\\/www.eldiariodetucuman.com\\\/web\\\/#website\",\"url\":\"https:\\\/\\\/www.eldiariodetucuman.com\\\/web\\\/\",\"name\":\"El Diario de Tucuman\",\"description\":\"Diario Tucuman - Informaci\u00f3n y noticias\",\"publisher\":{\"@id\":\"https:\\\/\\\/www.eldiariodetucuman.com\\\/web\\\/#organization\"},\"potentialAction\":[{\"@type\":\"SearchAction\",\"target\":{\"@type\":\"EntryPoint\",\"urlTemplate\":\"https:\\\/\\\/www.eldiariodetucuman.com\\\/web\\\/?s={search_term_string}\"},\"query-input\":{\"@type\":\"PropertyValueSpecification\",\"valueRequired\":true,\"valueName\":\"search_term_string\"}}],\"inLanguage\":\"es\"},{\"@type\":\"Organization\",\"@id\":\"https:\\\/\\\/www.eldiariodetucuman.com\\\/web\\\/#organization\",\"name\":\"El Diario de Tucuman\",\"url\":\"https:\\\/\\\/www.eldiariodetucuman.com\\\/web\\\/\",\"logo\":{\"@type\":\"ImageObject\",\"inLanguage\":\"es\",\"@id\":\"https:\\\/\\\/www.eldiariodetucuman.com\\\/web\\\/#\\\/schema\\\/logo\\\/image\\\/\",\"url\":\"http:\\\/\\\/www.eldiariodetucuman.com\\\/web\\\/wp-content\\\/uploads\\\/2017\\\/12\\\/el-diario-de-tucuman.jpg\",\"contentUrl\":\"http:\\\/\\\/www.eldiariodetucuman.com\\\/web\\\/wp-content\\\/uploads\\\/2017\\\/12\\\/el-diario-de-tucuman.jpg\",\"width\":272,\"height\":92,\"caption\":\"El Diario de Tucuman\"},\"image\":{\"@id\":\"https:\\\/\\\/www.eldiariodetucuman.com\\\/web\\\/#\\\/schema\\\/logo\\\/image\\\/\"}},{\"@type\":\"Person\",\"@id\":\"https:\\\/\\\/www.eldiariodetucuman.com\\\/web\\\/#\\\/schema\\\/person\\\/7e6644a46e60888f6b868594407e08dd\",\"name\":\"Redactor Uno\",\"image\":{\"@type\":\"ImageObject\",\"inLanguage\":\"es\",\"@id\":\"https:\\\/\\\/secure.gravatar.com\\\/avatar\\\/0049b1bdf1bd548385c9ea6b9356431717930913089febd2ba904f0187d7d074?s=96&d=mm&r=g\",\"url\":\"https:\\\/\\\/secure.gravatar.com\\\/avatar\\\/0049b1bdf1bd548385c9ea6b9356431717930913089febd2ba904f0187d7d074?s=96&d=mm&r=g\",\"contentUrl\":\"https:\\\/\\\/secure.gravatar.com\\\/avatar\\\/0049b1bdf1bd548385c9ea6b9356431717930913089febd2ba904f0187d7d074?s=96&d=mm&r=g\",\"caption\":\"Redactor Uno\"},\"url\":\"https:\\\/\\\/www.eldiariodetucuman.com\\\/web\\\/author\\\/mramasco\\\/\"}]}<\/script>\n<!-- \/ Yoast SEO plugin. -->","yoast_head_json":{"title":"Centro de Salud: Al menos 16 trabajadores se encuentran infectados con Covid-19 - El Diario de Tucuman","robots":{"index":"index","follow":"follow","max-snippet":"max-snippet:-1","max-image-preview":"max-image-preview:large","max-video-preview":"max-video-preview:-1"},"canonical":"https:\/\/www.eldiariodetucuman.com\/web\/centro-de-salud-al-menos-16-trabajadores-se-encuentran-infectados-con-covid-19\/","og_locale":"es_ES","og_type":"article","og_title":"Centro de Salud: Al menos 16 trabajadores se encuentran infectados con Covid-19 - El Diario de Tucuman","og_description":"C\u00f3mo es el protocolo que se aplica en cada positivo confirmado en ese nosocomio.","og_url":"https:\/\/www.eldiariodetucuman.com\/web\/centro-de-salud-al-menos-16-trabajadores-se-encuentran-infectados-con-covid-19\/","og_site_name":"El Diario de Tucuman","article_published_time":"2020-08-31T15:38:59+00:00","og_image":[{"width":756,"height":451,"url":"https:\/\/www.eldiariodetucuman.com\/web\/wp-content\/uploads\/2020\/08\/centro-de-salud-16-infectados.jpg","type":"image\/jpeg"}],"author":"Redactor Uno","twitter_card":"summary_large_image","twitter_misc":{"Escrito por":"Redactor Uno","Tiempo de lectura":"1 minuto"},"schema":{"@context":"https:\/\/schema.org","@graph":[{"@type":"Article","@id":"https:\/\/www.eldiariodetucuman.com\/web\/centro-de-salud-al-menos-16-trabajadores-se-encuentran-infectados-con-covid-19\/#article","isPartOf":{"@id":"https:\/\/www.eldiariodetucuman.com\/web\/centro-de-salud-al-menos-16-trabajadores-se-encuentran-infectados-con-covid-19\/"},"author":{"name":"Redactor Uno","@id":"https:\/\/www.eldiariodetucuman.com\/web\/#\/schema\/person\/7e6644a46e60888f6b868594407e08dd"},"headline":"Centro de Salud: Al menos 16 trabajadores se encuentran infectados con Covid-19","datePublished":"2020-08-31T15:38:59+00:00","mainEntityOfPage":{"@id":"https:\/\/www.eldiariodetucuman.com\/web\/centro-de-salud-al-menos-16-trabajadores-se-encuentran-infectados-con-covid-19\/"},"wordCount":204,"publisher":{"@id":"https:\/\/www.eldiariodetucuman.com\/web\/#organization"},"image":{"@id":"https:\/\/www.eldiariodetucuman.com\/web\/centro-de-salud-al-menos-16-trabajadores-se-encuentran-infectados-con-covid-19\/#primaryimage"},"thumbnailUrl":"https:\/\/www.eldiariodetucuman.com\/web\/wp-content\/uploads\/2020\/08\/centro-de-salud-16-infectados.jpg","keywords":["centro de salud","covid","salud","Tucuman"],"articleSection":["Actualidad"],"inLanguage":"es"},{"@type":"WebPage","@id":"https:\/\/www.eldiariodetucuman.com\/web\/centro-de-salud-al-menos-16-trabajadores-se-encuentran-infectados-con-covid-19\/","url":"https:\/\/www.eldiariodetucuman.com\/web\/centro-de-salud-al-menos-16-trabajadores-se-encuentran-infectados-con-covid-19\/","name":"Centro de Salud: Al menos 16 trabajadores se encuentran infectados con Covid-19 - El Diario de Tucuman","isPartOf":{"@id":"https:\/\/www.eldiariodetucuman.com\/web\/#website"},"primaryImageOfPage":{"@id":"https:\/\/www.eldiariodetucuman.com\/web\/centro-de-salud-al-menos-16-trabajadores-se-encuentran-infectados-con-covid-19\/#primaryimage"},"image":{"@id":"https:\/\/www.eldiariodetucuman.com\/web\/centro-de-salud-al-menos-16-trabajadores-se-encuentran-infectados-con-covid-19\/#primaryimage"},"thumbnailUrl":"https:\/\/www.eldiariodetucuman.com\/web\/wp-content\/uploads\/2020\/08\/centro-de-salud-16-infectados.jpg","datePublished":"2020-08-31T15:38:59+00:00","breadcrumb":{"@id":"https:\/\/www.eldiariodetucuman.com\/web\/centro-de-salud-al-menos-16-trabajadores-se-encuentran-infectados-con-covid-19\/#breadcrumb"},"inLanguage":"es","potentialAction":[{"@type":"ReadAction","target":["https:\/\/www.eldiariodetucuman.com\/web\/centro-de-salud-al-menos-16-trabajadores-se-encuentran-infectados-con-covid-19\/"]}]},{"@type":"ImageObject","inLanguage":"es","@id":"https:\/\/www.eldiariodetucuman.com\/web\/centro-de-salud-al-menos-16-trabajadores-se-encuentran-infectados-con-covid-19\/#primaryimage","url":"https:\/\/www.eldiariodetucuman.com\/web\/wp-content\/uploads\/2020\/08\/centro-de-salud-16-infectados.jpg","contentUrl":"https:\/\/www.eldiariodetucuman.com\/web\/wp-content\/uploads\/2020\/08\/centro-de-salud-16-infectados.jpg","width":756,"height":451},{"@type":"BreadcrumbList","@id":"https:\/\/www.eldiariodetucuman.com\/web\/centro-de-salud-al-menos-16-trabajadores-se-encuentran-infectados-con-covid-19\/#breadcrumb","itemListElement":[{"@type":"ListItem","position":1,"name":"Portada","item":"https:\/\/www.eldiariodetucuman.com\/web\/"},{"@type":"ListItem","position":2,"name":"Centro de Salud: Al menos 16 trabajadores se encuentran infectados con Covid-19"}]},{"@type":"WebSite","@id":"https:\/\/www.eldiariodetucuman.com\/web\/#website","url":"https:\/\/www.eldiariodetucuman.com\/web\/","name":"El Diario de Tucuman","description":"Diario Tucuman - Informaci\u00f3n y noticias","publisher":{"@id":"https:\/\/www.eldiariodetucuman.com\/web\/#organization"},"potentialAction":[{"@type":"SearchAction","target":{"@type":"EntryPoint","urlTemplate":"https:\/\/www.eldiariodetucuman.com\/web\/?s={search_term_string}"},"query-input":{"@type":"PropertyValueSpecification","valueRequired":true,"valueName":"search_term_string"}}],"inLanguage":"es"},{"@type":"Organization","@id":"https:\/\/www.eldiariodetucuman.com\/web\/#organization","name":"El Diario de Tucuman","url":"https:\/\/www.eldiariodetucuman.com\/web\/","logo":{"@type":"ImageObject","inLanguage":"es","@id":"https:\/\/www.eldiariodetucuman.com\/web\/#\/schema\/logo\/image\/","url":"http:\/\/www.eldiariodetucuman.com\/web\/wp-content\/uploads\/2017\/12\/el-diario-de-tucuman.jpg","contentUrl":"http:\/\/www.eldiariodetucuman.com\/web\/wp-content\/uploads\/2017\/12\/el-diario-de-tucuman.jpg","width":272,"height":92,"caption":"El Diario de Tucuman"},"image":{"@id":"https:\/\/www.eldiariodetucuman.com\/web\/#\/schema\/logo\/image\/"}},{"@type":"Person","@id":"https:\/\/www.eldiariodetucuman.com\/web\/#\/schema\/person\/7e6644a46e60888f6b868594407e08dd","name":"Redactor Uno","image":{"@type":"ImageObject","inLanguage":"es","@id":"https:\/\/secure.gravatar.com\/avatar\/0049b1bdf1bd548385c9ea6b9356431717930913089febd2ba904f0187d7d074?s=96&d=mm&r=g","url":"https:\/\/secure.gravatar.com\/avatar\/0049b1bdf1bd548385c9ea6b9356431717930913089febd2ba904f0187d7d074?s=96&d=mm&r=g","contentUrl":"https:\/\/secure.gravatar.com\/avatar\/0049b1bdf1bd548385c9ea6b9356431717930913089febd2ba904f0187d7d074?s=96&d=mm&r=g","caption":"Redactor Uno"},"url":"https:\/\/www.eldiariodetucuman.com\/web\/author\/mramasco\/"}]}},"_links":{"self":[{"href":"https:\/\/www.eldiariodetucuman.com\/web\/wp-json\/wp\/v2\/posts\/28813","targetHints":{"allow":["GET"]}}],"collection":[{"href":"https:\/\/www.eldiariodetucuman.com\/web\/wp-json\/wp\/v2\/posts"}],"about":[{"href":"https:\/\/www.eldiariodetucuman.com\/web\/wp-json\/wp\/v2\/types\/post"}],"author":[{"embeddable":true,"href":"https:\/\/www.eldiariodetucuman.com\/web\/wp-json\/wp\/v2\/users\/5"}],"replies":[{"embeddable":true,"href":"https:\/\/www.eldiariodetucuman.com\/web\/wp-json\/wp\/v2\/comments?post=28813"}],"version-history":[{"count":1,"href":"https:\/\/www.eldiariodetucuman.com\/web\/wp-json\/wp\/v2\/posts\/28813\/revisions"}],"predecessor-version":[{"id":28815,"href":"https:\/\/www.eldiariodetucuman.com\/web\/wp-json\/wp\/v2\/posts\/28813\/revisions\/28815"}],"wp:featuredmedia":[{"embeddable":true,"href":"https:\/\/www.eldiariodetucuman.com\/web\/wp-json\/wp\/v2\/media\/28814"}],"wp:attachment":[{"href":"https:\/\/www.eldiariodetucuman.com\/web\/wp-json\/wp\/v2\/media?parent=28813"}],"wp:term":[{"taxonomy":"category","embeddable":true,"href":"https:\/\/www.eldiariodetucuman.com\/web\/wp-json\/wp\/v2\/categories?post=28813"},{"taxonomy":"post_tag","embeddable":true,"href":"https:\/\/www.eldiariodetucuman.com\/web\/wp-json\/wp\/v2\/tags?post=28813"}],"curies":[{"name":"wp","href":"https:\/\/api.w.org\/{rel}","templated":true}]}}