{"id":28520,"date":"2020-08-05T11:07:39","date_gmt":"2020-08-05T14:07:39","guid":{"rendered":"http:\/\/www.eldiariodetucuman.com\/web\/?p=28520"},"modified":"2020-08-05T11:07:39","modified_gmt":"2020-08-05T14:07:39","slug":"yerba-buena-buscan-a-una-banda-que-abre-vehiculos-con-inhibidores-de-alarmas","status":"publish","type":"post","link":"https:\/\/www.eldiariodetucuman.com\/web\/yerba-buena-buscan-a-una-banda-que-abre-vehiculos-con-inhibidores-de-alarmas\/","title":{"rendered":"Yerba Buena: buscan a una banda que abre veh\u00edculos con inhibidores de alarmas"},"content":{"rendered":"<div class=\"small-12 xlarge-8 xlarge-offset-2 large-8 large-offset-2 columns\">\n<div class=\"e-post-subtitle\">La banda llevar\u00eda varios robos en la zona de la Presidente Per\u00f3n que quedaron registrados en las c\u00e1maras de seguridad de los locales del complejo comercial.<\/div>\n<\/div>\n<p><!--more--><\/p>\n<div class=\"small-12 xlarge-8 xlarge-offset-2 large-8 large-offset-2 columns\">\n<p class=\"e-post-subtitle\">Ya son dos los casos de robo que se dieron a conocer en la zona del centro comercial Open Plaza ubicado en la avenida Presidente Per\u00f3n. A bordo de un Ford Focus gris y con inhibidores de alarmas se dedican a bloquear el cierre de los veh\u00edculos y una vez que el propietario se aleja del rodado aprovechan para ingresar y sustraer las pertenencias.<\/p>\n<p class=\"e-post-subtitle\">En la jornada de ayer se viraliz\u00f3 un video en el que refleja el momento justo en el que los sujetos llevaban adelante su modus operandi cuando el propietario de una camioneta se percat\u00f3 de lo que estaba ocurriendo y decidi\u00f3 increpar a los ladrones que huyeron r\u00e1pidamente en el Ford Focus gris.<\/p>\n<p class=\"e-post-subtitle\">Otro hecho ocurri\u00f3 el viernes en horas de la ma\u00f1ana y tambi\u00e9n qued\u00f3 registrado por las c\u00e1maras. El propietario de un Renault Captur gris estacion\u00f3 sobre el cord\u00f3n del complejo comercial, se baj\u00f3 del veh\u00edculo, e inmediatamente estacion\u00f3 el Ford Focus gris. Se observa claramente cuando se baja uno de los ladrones y se dirige en la misma direcci\u00f3n al propietario de la Captur para hacer de \u201ccampana\u201d. Mientras que, el otro ocupante del Ford Focus ingresa al veh\u00edculo de la v\u00edctima. En este caso los ladrones se llevaron 30 mil pesos.<\/p>\n<p class=\"e-post-subtitle\">Desde la comisar\u00eda de Yerba Buena comenzaron con la investigaci\u00f3n a cargo del comisario principal L\u00eddoro Vizcarra e inici\u00f3 la investigaci\u00f3n. La banda delictiva estar\u00eda identificada y ser\u00eda del barrio Victoria. Tras las primeras averiguaciones encontraron el Ford Focus gris en un taller ubicado en la calle Matheu y pasaje O\u00b4Higgins. Seg\u00fan el due\u00f1o del local lo habr\u00edan dejado para un arreglo.<\/p>\n<p class=\"e-post-subtitle\">Inmediatamente fiscal\u00eda de Robos y Hurtos II\u00b0 dispuso el secuestro del veh\u00edculo junto a toda la documentaci\u00f3n en su interior.<\/p>\n<\/div>\n<div class=\"small-12 medium-12 large-6 columns \">\n<div class=\"e-post-text\">\n<p><iframe loading=\"lazy\" title=\"Lo sorprendieron robando con un inhibidor de alarmas en Yerba Buena\" width=\"696\" height=\"392\" src=\"https:\/\/www.youtube.com\/embed\/nJEAj01mXFM?feature=oembed\" frameborder=\"0\" allow=\"accelerometer; autoplay; clipboard-write; encrypted-media; gyroscope; picture-in-picture; web-share\" allowfullscreen><\/iframe><\/p>\n<p><strong>Fuente:<\/strong> <a href=\"https:\/\/tucuman.telefe.com\/policiales\/yerba-buena-buscan-a-los-integrantes-de-una-banda-que-abre-vehiculos-con-inhibidores-de-alarmas\/\">https:\/\/tucuman.telefe.com\/policiales\/yerba-buena-buscan-a-los-integrantes-de-una-banda-que-abre-vehiculos-con-inhibidores-de-alarmas\/<\/a><\/p>\n<\/div>\n<\/div>\n","protected":false},"excerpt":{"rendered":"<p>La banda llevar\u00eda varios robos en la zona de la Presidente Per\u00f3n que quedaron registrados en las c\u00e1maras de seguridad de los locales del complejo comercial.<\/p>\n","protected":false},"author":5,"featured_media":28521,"comment_status":"closed","ping_status":"open","sticky":false,"template":"","format":"standard","meta":{"footnotes":""},"categories":[2],"tags":[3354,1402,61,1154],"class_list":{"0":"post-28520","1":"post","2":"type-post","3":"status-publish","4":"format-standard","5":"has-post-thumbnail","7":"category-actualidad","8":"tag-hurtos","9":"tag-policiales","10":"tag-tucuman","11":"tag-yerba-buena"},"yoast_head":"<!-- This site is optimized with the Yoast SEO plugin v27.4 - https:\/\/yoast.com\/product\/yoast-seo-wordpress\/ -->\n<title>Yerba Buena: buscan a una banda que abre veh\u00edculos con inhibidores de alarmas - El Diario de Tucuman<\/title>\n<meta name=\"robots\" content=\"index, follow, max-snippet:-1, max-image-preview:large, max-video-preview:-1\" \/>\n<link rel=\"canonical\" href=\"https:\/\/www.eldiariodetucuman.com\/web\/yerba-buena-buscan-a-una-banda-que-abre-vehiculos-con-inhibidores-de-alarmas\/\" \/>\n<meta property=\"og:locale\" content=\"es_ES\" \/>\n<meta property=\"og:type\" content=\"article\" \/>\n<meta property=\"og:title\" content=\"Yerba Buena: buscan a una banda que abre veh\u00edculos con inhibidores de alarmas - El Diario de Tucuman\" \/>\n<meta property=\"og:description\" content=\"La banda llevar\u00eda varios robos en la zona de la Presidente Per\u00f3n que quedaron registrados en las c\u00e1maras de seguridad de los locales del complejo comercial.\" \/>\n<meta property=\"og:url\" content=\"https:\/\/www.eldiariodetucuman.com\/web\/yerba-buena-buscan-a-una-banda-que-abre-vehiculos-con-inhibidores-de-alarmas\/\" \/>\n<meta property=\"og:site_name\" content=\"El Diario de Tucuman\" \/>\n<meta property=\"article:published_time\" content=\"2020-08-05T14:07:39+00:00\" \/>\n<meta property=\"og:image\" content=\"https:\/\/www.eldiariodetucuman.com\/web\/wp-content\/uploads\/2020\/08\/banda-inhibidores.jpg\" \/>\n\t<meta property=\"og:image:width\" content=\"929\" \/>\n\t<meta property=\"og:image:height\" content=\"523\" \/>\n\t<meta property=\"og:image:type\" content=\"image\/jpeg\" \/>\n<meta name=\"author\" content=\"Redactor Uno\" \/>\n<meta name=\"twitter:card\" content=\"summary_large_image\" \/>\n<meta name=\"twitter:label1\" content=\"Escrito por\" \/>\n\t<meta name=\"twitter:data1\" content=\"Redactor Uno\" \/>\n\t<meta name=\"twitter:label2\" content=\"Tiempo de lectura\" \/>\n\t<meta name=\"twitter:data2\" content=\"2 minutos\" \/>\n<script type=\"application\/ld+json\" class=\"yoast-schema-graph\">{\"@context\":\"https:\\\/\\\/schema.org\",\"@graph\":[{\"@type\":\"Article\",\"@id\":\"https:\\\/\\\/www.eldiariodetucuman.com\\\/web\\\/yerba-buena-buscan-a-una-banda-que-abre-vehiculos-con-inhibidores-de-alarmas\\\/#article\",\"isPartOf\":{\"@id\":\"https:\\\/\\\/www.eldiariodetucuman.com\\\/web\\\/yerba-buena-buscan-a-una-banda-que-abre-vehiculos-con-inhibidores-de-alarmas\\\/\"},\"author\":{\"name\":\"Redactor Uno\",\"@id\":\"https:\\\/\\\/www.eldiariodetucuman.com\\\/web\\\/#\\\/schema\\\/person\\\/7e6644a46e60888f6b868594407e08dd\"},\"headline\":\"Yerba Buena: buscan a una banda que abre veh\u00edculos con inhibidores de alarmas\",\"datePublished\":\"2020-08-05T14:07:39+00:00\",\"mainEntityOfPage\":{\"@id\":\"https:\\\/\\\/www.eldiariodetucuman.com\\\/web\\\/yerba-buena-buscan-a-una-banda-que-abre-vehiculos-con-inhibidores-de-alarmas\\\/\"},\"wordCount\":371,\"publisher\":{\"@id\":\"https:\\\/\\\/www.eldiariodetucuman.com\\\/web\\\/#organization\"},\"image\":{\"@id\":\"https:\\\/\\\/www.eldiariodetucuman.com\\\/web\\\/yerba-buena-buscan-a-una-banda-que-abre-vehiculos-con-inhibidores-de-alarmas\\\/#primaryimage\"},\"thumbnailUrl\":\"https:\\\/\\\/www.eldiariodetucuman.com\\\/web\\\/wp-content\\\/uploads\\\/2020\\\/08\\\/banda-inhibidores.jpg\",\"keywords\":[\"hurtos\",\"Policiales\",\"Tucuman\",\"Yerba Buena\"],\"articleSection\":[\"Actualidad\"],\"inLanguage\":\"es\"},{\"@type\":\"WebPage\",\"@id\":\"https:\\\/\\\/www.eldiariodetucuman.com\\\/web\\\/yerba-buena-buscan-a-una-banda-que-abre-vehiculos-con-inhibidores-de-alarmas\\\/\",\"url\":\"https:\\\/\\\/www.eldiariodetucuman.com\\\/web\\\/yerba-buena-buscan-a-una-banda-que-abre-vehiculos-con-inhibidores-de-alarmas\\\/\",\"name\":\"Yerba Buena: buscan a una banda que abre veh\u00edculos con inhibidores de alarmas - El Diario de Tucuman\",\"isPartOf\":{\"@id\":\"https:\\\/\\\/www.eldiariodetucuman.com\\\/web\\\/#website\"},\"primaryImageOfPage\":{\"@id\":\"https:\\\/\\\/www.eldiariodetucuman.com\\\/web\\\/yerba-buena-buscan-a-una-banda-que-abre-vehiculos-con-inhibidores-de-alarmas\\\/#primaryimage\"},\"image\":{\"@id\":\"https:\\\/\\\/www.eldiariodetucuman.com\\\/web\\\/yerba-buena-buscan-a-una-banda-que-abre-vehiculos-con-inhibidores-de-alarmas\\\/#primaryimage\"},\"thumbnailUrl\":\"https:\\\/\\\/www.eldiariodetucuman.com\\\/web\\\/wp-content\\\/uploads\\\/2020\\\/08\\\/banda-inhibidores.jpg\",\"datePublished\":\"2020-08-05T14:07:39+00:00\",\"breadcrumb\":{\"@id\":\"https:\\\/\\\/www.eldiariodetucuman.com\\\/web\\\/yerba-buena-buscan-a-una-banda-que-abre-vehiculos-con-inhibidores-de-alarmas\\\/#breadcrumb\"},\"inLanguage\":\"es\",\"potentialAction\":[{\"@type\":\"ReadAction\",\"target\":[\"https:\\\/\\\/www.eldiariodetucuman.com\\\/web\\\/yerba-buena-buscan-a-una-banda-que-abre-vehiculos-con-inhibidores-de-alarmas\\\/\"]}]},{\"@type\":\"ImageObject\",\"inLanguage\":\"es\",\"@id\":\"https:\\\/\\\/www.eldiariodetucuman.com\\\/web\\\/yerba-buena-buscan-a-una-banda-que-abre-vehiculos-con-inhibidores-de-alarmas\\\/#primaryimage\",\"url\":\"https:\\\/\\\/www.eldiariodetucuman.com\\\/web\\\/wp-content\\\/uploads\\\/2020\\\/08\\\/banda-inhibidores.jpg\",\"contentUrl\":\"https:\\\/\\\/www.eldiariodetucuman.com\\\/web\\\/wp-content\\\/uploads\\\/2020\\\/08\\\/banda-inhibidores.jpg\",\"width\":929,\"height\":523},{\"@type\":\"BreadcrumbList\",\"@id\":\"https:\\\/\\\/www.eldiariodetucuman.com\\\/web\\\/yerba-buena-buscan-a-una-banda-que-abre-vehiculos-con-inhibidores-de-alarmas\\\/#breadcrumb\",\"itemListElement\":[{\"@type\":\"ListItem\",\"position\":1,\"name\":\"Portada\",\"item\":\"https:\\\/\\\/www.eldiariodetucuman.com\\\/web\\\/\"},{\"@type\":\"ListItem\",\"position\":2,\"name\":\"Yerba Buena: buscan a una banda que abre veh\u00edculos con inhibidores de alarmas\"}]},{\"@type\":\"WebSite\",\"@id\":\"https:\\\/\\\/www.eldiariodetucuman.com\\\/web\\\/#website\",\"url\":\"https:\\\/\\\/www.eldiariodetucuman.com\\\/web\\\/\",\"name\":\"El Diario de Tucuman\",\"description\":\"Diario Tucuman - Informaci\u00f3n y noticias\",\"publisher\":{\"@id\":\"https:\\\/\\\/www.eldiariodetucuman.com\\\/web\\\/#organization\"},\"potentialAction\":[{\"@type\":\"SearchAction\",\"target\":{\"@type\":\"EntryPoint\",\"urlTemplate\":\"https:\\\/\\\/www.eldiariodetucuman.com\\\/web\\\/?s={search_term_string}\"},\"query-input\":{\"@type\":\"PropertyValueSpecification\",\"valueRequired\":true,\"valueName\":\"search_term_string\"}}],\"inLanguage\":\"es\"},{\"@type\":\"Organization\",\"@id\":\"https:\\\/\\\/www.eldiariodetucuman.com\\\/web\\\/#organization\",\"name\":\"El Diario de Tucuman\",\"url\":\"https:\\\/\\\/www.eldiariodetucuman.com\\\/web\\\/\",\"logo\":{\"@type\":\"ImageObject\",\"inLanguage\":\"es\",\"@id\":\"https:\\\/\\\/www.eldiariodetucuman.com\\\/web\\\/#\\\/schema\\\/logo\\\/image\\\/\",\"url\":\"http:\\\/\\\/www.eldiariodetucuman.com\\\/web\\\/wp-content\\\/uploads\\\/2017\\\/12\\\/el-diario-de-tucuman.jpg\",\"contentUrl\":\"http:\\\/\\\/www.eldiariodetucuman.com\\\/web\\\/wp-content\\\/uploads\\\/2017\\\/12\\\/el-diario-de-tucuman.jpg\",\"width\":272,\"height\":92,\"caption\":\"El Diario de Tucuman\"},\"image\":{\"@id\":\"https:\\\/\\\/www.eldiariodetucuman.com\\\/web\\\/#\\\/schema\\\/logo\\\/image\\\/\"}},{\"@type\":\"Person\",\"@id\":\"https:\\\/\\\/www.eldiariodetucuman.com\\\/web\\\/#\\\/schema\\\/person\\\/7e6644a46e60888f6b868594407e08dd\",\"name\":\"Redactor Uno\",\"image\":{\"@type\":\"ImageObject\",\"inLanguage\":\"es\",\"@id\":\"https:\\\/\\\/secure.gravatar.com\\\/avatar\\\/0049b1bdf1bd548385c9ea6b9356431717930913089febd2ba904f0187d7d074?s=96&d=mm&r=g\",\"url\":\"https:\\\/\\\/secure.gravatar.com\\\/avatar\\\/0049b1bdf1bd548385c9ea6b9356431717930913089febd2ba904f0187d7d074?s=96&d=mm&r=g\",\"contentUrl\":\"https:\\\/\\\/secure.gravatar.com\\\/avatar\\\/0049b1bdf1bd548385c9ea6b9356431717930913089febd2ba904f0187d7d074?s=96&d=mm&r=g\",\"caption\":\"Redactor Uno\"},\"url\":\"https:\\\/\\\/www.eldiariodetucuman.com\\\/web\\\/author\\\/mramasco\\\/\"}]}<\/script>\n<!-- \/ Yoast SEO plugin. -->","yoast_head_json":{"title":"Yerba Buena: buscan a una banda que abre veh\u00edculos con inhibidores de alarmas - El Diario de Tucuman","robots":{"index":"index","follow":"follow","max-snippet":"max-snippet:-1","max-image-preview":"max-image-preview:large","max-video-preview":"max-video-preview:-1"},"canonical":"https:\/\/www.eldiariodetucuman.com\/web\/yerba-buena-buscan-a-una-banda-que-abre-vehiculos-con-inhibidores-de-alarmas\/","og_locale":"es_ES","og_type":"article","og_title":"Yerba Buena: buscan a una banda que abre veh\u00edculos con inhibidores de alarmas - El Diario de Tucuman","og_description":"La banda llevar\u00eda varios robos en la zona de la Presidente Per\u00f3n que quedaron registrados en las c\u00e1maras de seguridad de los locales del complejo comercial.","og_url":"https:\/\/www.eldiariodetucuman.com\/web\/yerba-buena-buscan-a-una-banda-que-abre-vehiculos-con-inhibidores-de-alarmas\/","og_site_name":"El Diario de Tucuman","article_published_time":"2020-08-05T14:07:39+00:00","og_image":[{"width":929,"height":523,"url":"https:\/\/www.eldiariodetucuman.com\/web\/wp-content\/uploads\/2020\/08\/banda-inhibidores.jpg","type":"image\/jpeg"}],"author":"Redactor Uno","twitter_card":"summary_large_image","twitter_misc":{"Escrito por":"Redactor Uno","Tiempo de lectura":"2 minutos"},"schema":{"@context":"https:\/\/schema.org","@graph":[{"@type":"Article","@id":"https:\/\/www.eldiariodetucuman.com\/web\/yerba-buena-buscan-a-una-banda-que-abre-vehiculos-con-inhibidores-de-alarmas\/#article","isPartOf":{"@id":"https:\/\/www.eldiariodetucuman.com\/web\/yerba-buena-buscan-a-una-banda-que-abre-vehiculos-con-inhibidores-de-alarmas\/"},"author":{"name":"Redactor Uno","@id":"https:\/\/www.eldiariodetucuman.com\/web\/#\/schema\/person\/7e6644a46e60888f6b868594407e08dd"},"headline":"Yerba Buena: buscan a una banda que abre veh\u00edculos con inhibidores de alarmas","datePublished":"2020-08-05T14:07:39+00:00","mainEntityOfPage":{"@id":"https:\/\/www.eldiariodetucuman.com\/web\/yerba-buena-buscan-a-una-banda-que-abre-vehiculos-con-inhibidores-de-alarmas\/"},"wordCount":371,"publisher":{"@id":"https:\/\/www.eldiariodetucuman.com\/web\/#organization"},"image":{"@id":"https:\/\/www.eldiariodetucuman.com\/web\/yerba-buena-buscan-a-una-banda-que-abre-vehiculos-con-inhibidores-de-alarmas\/#primaryimage"},"thumbnailUrl":"https:\/\/www.eldiariodetucuman.com\/web\/wp-content\/uploads\/2020\/08\/banda-inhibidores.jpg","keywords":["hurtos","Policiales","Tucuman","Yerba Buena"],"articleSection":["Actualidad"],"inLanguage":"es"},{"@type":"WebPage","@id":"https:\/\/www.eldiariodetucuman.com\/web\/yerba-buena-buscan-a-una-banda-que-abre-vehiculos-con-inhibidores-de-alarmas\/","url":"https:\/\/www.eldiariodetucuman.com\/web\/yerba-buena-buscan-a-una-banda-que-abre-vehiculos-con-inhibidores-de-alarmas\/","name":"Yerba Buena: buscan a una banda que abre veh\u00edculos con inhibidores de alarmas - El Diario de Tucuman","isPartOf":{"@id":"https:\/\/www.eldiariodetucuman.com\/web\/#website"},"primaryImageOfPage":{"@id":"https:\/\/www.eldiariodetucuman.com\/web\/yerba-buena-buscan-a-una-banda-que-abre-vehiculos-con-inhibidores-de-alarmas\/#primaryimage"},"image":{"@id":"https:\/\/www.eldiariodetucuman.com\/web\/yerba-buena-buscan-a-una-banda-que-abre-vehiculos-con-inhibidores-de-alarmas\/#primaryimage"},"thumbnailUrl":"https:\/\/www.eldiariodetucuman.com\/web\/wp-content\/uploads\/2020\/08\/banda-inhibidores.jpg","datePublished":"2020-08-05T14:07:39+00:00","breadcrumb":{"@id":"https:\/\/www.eldiariodetucuman.com\/web\/yerba-buena-buscan-a-una-banda-que-abre-vehiculos-con-inhibidores-de-alarmas\/#breadcrumb"},"inLanguage":"es","potentialAction":[{"@type":"ReadAction","target":["https:\/\/www.eldiariodetucuman.com\/web\/yerba-buena-buscan-a-una-banda-que-abre-vehiculos-con-inhibidores-de-alarmas\/"]}]},{"@type":"ImageObject","inLanguage":"es","@id":"https:\/\/www.eldiariodetucuman.com\/web\/yerba-buena-buscan-a-una-banda-que-abre-vehiculos-con-inhibidores-de-alarmas\/#primaryimage","url":"https:\/\/www.eldiariodetucuman.com\/web\/wp-content\/uploads\/2020\/08\/banda-inhibidores.jpg","contentUrl":"https:\/\/www.eldiariodetucuman.com\/web\/wp-content\/uploads\/2020\/08\/banda-inhibidores.jpg","width":929,"height":523},{"@type":"BreadcrumbList","@id":"https:\/\/www.eldiariodetucuman.com\/web\/yerba-buena-buscan-a-una-banda-que-abre-vehiculos-con-inhibidores-de-alarmas\/#breadcrumb","itemListElement":[{"@type":"ListItem","position":1,"name":"Portada","item":"https:\/\/www.eldiariodetucuman.com\/web\/"},{"@type":"ListItem","position":2,"name":"Yerba Buena: buscan a una banda que abre veh\u00edculos con inhibidores de alarmas"}]},{"@type":"WebSite","@id":"https:\/\/www.eldiariodetucuman.com\/web\/#website","url":"https:\/\/www.eldiariodetucuman.com\/web\/","name":"El Diario de Tucuman","description":"Diario Tucuman - Informaci\u00f3n y noticias","publisher":{"@id":"https:\/\/www.eldiariodetucuman.com\/web\/#organization"},"potentialAction":[{"@type":"SearchAction","target":{"@type":"EntryPoint","urlTemplate":"https:\/\/www.eldiariodetucuman.com\/web\/?s={search_term_string}"},"query-input":{"@type":"PropertyValueSpecification","valueRequired":true,"valueName":"search_term_string"}}],"inLanguage":"es"},{"@type":"Organization","@id":"https:\/\/www.eldiariodetucuman.com\/web\/#organization","name":"El Diario de Tucuman","url":"https:\/\/www.eldiariodetucuman.com\/web\/","logo":{"@type":"ImageObject","inLanguage":"es","@id":"https:\/\/www.eldiariodetucuman.com\/web\/#\/schema\/logo\/image\/","url":"http:\/\/www.eldiariodetucuman.com\/web\/wp-content\/uploads\/2017\/12\/el-diario-de-tucuman.jpg","contentUrl":"http:\/\/www.eldiariodetucuman.com\/web\/wp-content\/uploads\/2017\/12\/el-diario-de-tucuman.jpg","width":272,"height":92,"caption":"El Diario de Tucuman"},"image":{"@id":"https:\/\/www.eldiariodetucuman.com\/web\/#\/schema\/logo\/image\/"}},{"@type":"Person","@id":"https:\/\/www.eldiariodetucuman.com\/web\/#\/schema\/person\/7e6644a46e60888f6b868594407e08dd","name":"Redactor Uno","image":{"@type":"ImageObject","inLanguage":"es","@id":"https:\/\/secure.gravatar.com\/avatar\/0049b1bdf1bd548385c9ea6b9356431717930913089febd2ba904f0187d7d074?s=96&d=mm&r=g","url":"https:\/\/secure.gravatar.com\/avatar\/0049b1bdf1bd548385c9ea6b9356431717930913089febd2ba904f0187d7d074?s=96&d=mm&r=g","contentUrl":"https:\/\/secure.gravatar.com\/avatar\/0049b1bdf1bd548385c9ea6b9356431717930913089febd2ba904f0187d7d074?s=96&d=mm&r=g","caption":"Redactor Uno"},"url":"https:\/\/www.eldiariodetucuman.com\/web\/author\/mramasco\/"}]}},"_links":{"self":[{"href":"https:\/\/www.eldiariodetucuman.com\/web\/wp-json\/wp\/v2\/posts\/28520","targetHints":{"allow":["GET"]}}],"collection":[{"href":"https:\/\/www.eldiariodetucuman.com\/web\/wp-json\/wp\/v2\/posts"}],"about":[{"href":"https:\/\/www.eldiariodetucuman.com\/web\/wp-json\/wp\/v2\/types\/post"}],"author":[{"embeddable":true,"href":"https:\/\/www.eldiariodetucuman.com\/web\/wp-json\/wp\/v2\/users\/5"}],"replies":[{"embeddable":true,"href":"https:\/\/www.eldiariodetucuman.com\/web\/wp-json\/wp\/v2\/comments?post=28520"}],"version-history":[{"count":1,"href":"https:\/\/www.eldiariodetucuman.com\/web\/wp-json\/wp\/v2\/posts\/28520\/revisions"}],"predecessor-version":[{"id":28522,"href":"https:\/\/www.eldiariodetucuman.com\/web\/wp-json\/wp\/v2\/posts\/28520\/revisions\/28522"}],"wp:featuredmedia":[{"embeddable":true,"href":"https:\/\/www.eldiariodetucuman.com\/web\/wp-json\/wp\/v2\/media\/28521"}],"wp:attachment":[{"href":"https:\/\/www.eldiariodetucuman.com\/web\/wp-json\/wp\/v2\/media?parent=28520"}],"wp:term":[{"taxonomy":"category","embeddable":true,"href":"https:\/\/www.eldiariodetucuman.com\/web\/wp-json\/wp\/v2\/categories?post=28520"},{"taxonomy":"post_tag","embeddable":true,"href":"https:\/\/www.eldiariodetucuman.com\/web\/wp-json\/wp\/v2\/tags?post=28520"}],"curies":[{"name":"wp","href":"https:\/\/api.w.org\/{rel}","templated":true}]}}