{"id":2851,"date":"2017-07-07T22:54:35","date_gmt":"2017-07-07T22:54:35","guid":{"rendered":"http:\/\/www.eldiariodetucuman.com\/web\/?p=2851"},"modified":"2017-07-07T22:54:35","modified_gmt":"2017-07-07T22:54:35","slug":"reunion-multitudinaria-con-dirigentes-y-militantes-de-la-capital","status":"publish","type":"post","link":"https:\/\/www.eldiariodetucuman.com\/web\/reunion-multitudinaria-con-dirigentes-y-militantes-de-la-capital\/","title":{"rendered":"Reuni\u00f3n multitudinaria con dirigentes y militantes de la Capital"},"content":{"rendered":"<p>El vicegobernador <strong>Osvaldo Jaldo<\/strong> en uso de licencia participo junto al gobernador <strong>Juan Manzur<\/strong> de una reuni\u00f3n con militantes y dirigentes \u00a0en el Sindicato de <strong>SUTERH. <\/strong><!--more--><\/p>\n<p>La misma fue organizada por el espacio pol\u00edtico que dirige el legislador Guillermo Gassenbauer y conto con la presencia del Senador <strong>Jos\u00e9 Alperovich<\/strong>, el Secretario General de la Gobernaci\u00f3n<strong> Pablo Yedlin<\/strong> y la legisladora <strong>Gladys Medina<\/strong>, ambos en uso de licencia, el Ministro de Gobierno Justicia y Seguridad, <strong>Regino Amado<\/strong>, Legisladores, <strong>Marcelo Caponio, Silvia de Temkin, Marcelo Ditinis<\/strong>, entre otros.<\/p>\n<p><strong>Manzur<\/strong> dijo; esta es una reuni\u00f3n con parte de los dirigentes de la capital, con el legislador <strong>Guillermo Gassenbauer<\/strong> con mucho de sus colaboradores en el cual con el vicegobernador <strong>Osvaldo Jaldo<\/strong> tuvimos la posibilidad que nos acompa\u00f1e el Senador <strong>Jos\u00e9 Alperovich<\/strong>, para hablar de futuro de proyectos, viendo de qu\u00e9 manera estamos a la par de la gente que m\u00e1s lo necesita, expreso <strong>Manzur<\/strong>.<\/p>\n<p>Por otro lado <strong>Jaldo<\/strong> hizo referencia al motivo de la convocatoria; nosotros venimos tomando contacto en la ciudad de San Miguel de Tucum\u00e1n con todos los vecino desde el centro hacia las periferias, venimos trabajando, escuchando a la gente, porque no nos cansamos de repetir que en estos momentos es cuando m\u00e1s tenemos que estar a la par de todos los Tucumanos, pero especialmente con los m\u00e1s fr\u00e1giles, con los que menos tienen y por eso en esta reuni\u00f3n les vinimos a traer palabras de esperanzas y optimismo expreso <strong>Jaldo<\/strong>.<\/p>\n<p>Fuente: <a href=\"http:\/\/www.osvaldojaldo.com.ar\/reunion-multitudinaria-dirigentes-militantes-la-capital\/\" target=\"_blank\" rel=\"noopener\">http:\/\/www.osvaldojaldo.com.ar\/reunion-multitudinaria-dirigentes-militantes-la-capital\/<\/a><\/p>\n","protected":false},"excerpt":{"rendered":"<p>El vicegobernador Osvaldo Jaldo en uso de licencia participo junto al gobernador Juan Manzur de una reuni\u00f3n con militantes y dirigentes \u00a0en el Sindicato de SUTERH.<\/p>\n","protected":false},"author":1,"featured_media":2852,"comment_status":"closed","ping_status":"open","sticky":false,"template":"","format":"standard","meta":{"footnotes":""},"categories":[1],"tags":[],"class_list":{"0":"post-2851","1":"post","2":"type-post","3":"status-publish","4":"format-standard","5":"has-post-thumbnail","7":"category-portada"},"yoast_head":"<!-- This site is optimized with the Yoast SEO plugin v27.5 - https:\/\/yoast.com\/product\/yoast-seo-wordpress\/ -->\n<title>Reuni\u00f3n multitudinaria con dirigentes y militantes de la Capital - El Diario de Tucuman<\/title>\n<meta name=\"robots\" content=\"index, follow, max-snippet:-1, max-image-preview:large, max-video-preview:-1\" \/>\n<link rel=\"canonical\" href=\"https:\/\/www.eldiariodetucuman.com\/web\/reunion-multitudinaria-con-dirigentes-y-militantes-de-la-capital\/\" \/>\n<meta property=\"og:locale\" content=\"es_ES\" \/>\n<meta property=\"og:type\" content=\"article\" \/>\n<meta property=\"og:title\" content=\"Reuni\u00f3n multitudinaria con dirigentes y militantes de la Capital - El Diario de Tucuman\" \/>\n<meta property=\"og:description\" content=\"El vicegobernador Osvaldo Jaldo en uso de licencia participo junto al gobernador Juan Manzur de una reuni\u00f3n con militantes y dirigentes \u00a0en el Sindicato de SUTERH.\" \/>\n<meta property=\"og:url\" content=\"https:\/\/www.eldiariodetucuman.com\/web\/reunion-multitudinaria-con-dirigentes-y-militantes-de-la-capital\/\" \/>\n<meta property=\"og:site_name\" content=\"El Diario de Tucuman\" \/>\n<meta property=\"article:published_time\" content=\"2017-07-07T22:54:35+00:00\" \/>\n<meta property=\"og:image\" content=\"https:\/\/www.eldiariodetucuman.com\/web\/wp-content\/uploads\/2017\/07\/SUTERH-osvaldo-jaldo-07.jpg\" \/>\n\t<meta property=\"og:image:width\" content=\"1529\" \/>\n\t<meta property=\"og:image:height\" content=\"763\" \/>\n\t<meta property=\"og:image:type\" content=\"image\/jpeg\" \/>\n<meta name=\"author\" content=\"admin\" \/>\n<meta name=\"twitter:card\" content=\"summary_large_image\" \/>\n<meta name=\"twitter:label1\" content=\"Escrito por\" \/>\n\t<meta name=\"twitter:data1\" content=\"admin\" \/>\n\t<meta name=\"twitter:label2\" content=\"Tiempo de lectura\" \/>\n\t<meta name=\"twitter:data2\" content=\"1 minuto\" \/>\n<script type=\"application\/ld+json\" class=\"yoast-schema-graph\">{\"@context\":\"https:\\\/\\\/schema.org\",\"@graph\":[{\"@type\":\"Article\",\"@id\":\"https:\\\/\\\/www.eldiariodetucuman.com\\\/web\\\/reunion-multitudinaria-con-dirigentes-y-militantes-de-la-capital\\\/#article\",\"isPartOf\":{\"@id\":\"https:\\\/\\\/www.eldiariodetucuman.com\\\/web\\\/reunion-multitudinaria-con-dirigentes-y-militantes-de-la-capital\\\/\"},\"author\":{\"name\":\"admin\",\"@id\":\"https:\\\/\\\/www.eldiariodetucuman.com\\\/web\\\/#\\\/schema\\\/person\\\/9250197d75ab5483412e19678b121caa\"},\"headline\":\"Reuni\u00f3n multitudinaria con dirigentes y militantes de la Capital\",\"datePublished\":\"2017-07-07T22:54:35+00:00\",\"mainEntityOfPage\":{\"@id\":\"https:\\\/\\\/www.eldiariodetucuman.com\\\/web\\\/reunion-multitudinaria-con-dirigentes-y-militantes-de-la-capital\\\/\"},\"wordCount\":269,\"publisher\":{\"@id\":\"https:\\\/\\\/www.eldiariodetucuman.com\\\/web\\\/#organization\"},\"image\":{\"@id\":\"https:\\\/\\\/www.eldiariodetucuman.com\\\/web\\\/reunion-multitudinaria-con-dirigentes-y-militantes-de-la-capital\\\/#primaryimage\"},\"thumbnailUrl\":\"https:\\\/\\\/www.eldiariodetucuman.com\\\/web\\\/wp-content\\\/uploads\\\/2017\\\/07\\\/SUTERH-osvaldo-jaldo-07.jpg\",\"articleSection\":[\"Portada\"],\"inLanguage\":\"es\"},{\"@type\":\"WebPage\",\"@id\":\"https:\\\/\\\/www.eldiariodetucuman.com\\\/web\\\/reunion-multitudinaria-con-dirigentes-y-militantes-de-la-capital\\\/\",\"url\":\"https:\\\/\\\/www.eldiariodetucuman.com\\\/web\\\/reunion-multitudinaria-con-dirigentes-y-militantes-de-la-capital\\\/\",\"name\":\"Reuni\u00f3n multitudinaria con dirigentes y militantes de la Capital - El Diario de Tucuman\",\"isPartOf\":{\"@id\":\"https:\\\/\\\/www.eldiariodetucuman.com\\\/web\\\/#website\"},\"primaryImageOfPage\":{\"@id\":\"https:\\\/\\\/www.eldiariodetucuman.com\\\/web\\\/reunion-multitudinaria-con-dirigentes-y-militantes-de-la-capital\\\/#primaryimage\"},\"image\":{\"@id\":\"https:\\\/\\\/www.eldiariodetucuman.com\\\/web\\\/reunion-multitudinaria-con-dirigentes-y-militantes-de-la-capital\\\/#primaryimage\"},\"thumbnailUrl\":\"https:\\\/\\\/www.eldiariodetucuman.com\\\/web\\\/wp-content\\\/uploads\\\/2017\\\/07\\\/SUTERH-osvaldo-jaldo-07.jpg\",\"datePublished\":\"2017-07-07T22:54:35+00:00\",\"breadcrumb\":{\"@id\":\"https:\\\/\\\/www.eldiariodetucuman.com\\\/web\\\/reunion-multitudinaria-con-dirigentes-y-militantes-de-la-capital\\\/#breadcrumb\"},\"inLanguage\":\"es\",\"potentialAction\":[{\"@type\":\"ReadAction\",\"target\":[\"https:\\\/\\\/www.eldiariodetucuman.com\\\/web\\\/reunion-multitudinaria-con-dirigentes-y-militantes-de-la-capital\\\/\"]}]},{\"@type\":\"ImageObject\",\"inLanguage\":\"es\",\"@id\":\"https:\\\/\\\/www.eldiariodetucuman.com\\\/web\\\/reunion-multitudinaria-con-dirigentes-y-militantes-de-la-capital\\\/#primaryimage\",\"url\":\"https:\\\/\\\/www.eldiariodetucuman.com\\\/web\\\/wp-content\\\/uploads\\\/2017\\\/07\\\/SUTERH-osvaldo-jaldo-07.jpg\",\"contentUrl\":\"https:\\\/\\\/www.eldiariodetucuman.com\\\/web\\\/wp-content\\\/uploads\\\/2017\\\/07\\\/SUTERH-osvaldo-jaldo-07.jpg\",\"width\":1529,\"height\":763},{\"@type\":\"BreadcrumbList\",\"@id\":\"https:\\\/\\\/www.eldiariodetucuman.com\\\/web\\\/reunion-multitudinaria-con-dirigentes-y-militantes-de-la-capital\\\/#breadcrumb\",\"itemListElement\":[{\"@type\":\"ListItem\",\"position\":1,\"name\":\"Portada\",\"item\":\"https:\\\/\\\/www.eldiariodetucuman.com\\\/web\\\/\"},{\"@type\":\"ListItem\",\"position\":2,\"name\":\"Reuni\u00f3n multitudinaria con dirigentes y militantes de la Capital\"}]},{\"@type\":\"WebSite\",\"@id\":\"https:\\\/\\\/www.eldiariodetucuman.com\\\/web\\\/#website\",\"url\":\"https:\\\/\\\/www.eldiariodetucuman.com\\\/web\\\/\",\"name\":\"El Diario de Tucuman\",\"description\":\"Diario Tucuman - Informaci\u00f3n y noticias\",\"publisher\":{\"@id\":\"https:\\\/\\\/www.eldiariodetucuman.com\\\/web\\\/#organization\"},\"potentialAction\":[{\"@type\":\"SearchAction\",\"target\":{\"@type\":\"EntryPoint\",\"urlTemplate\":\"https:\\\/\\\/www.eldiariodetucuman.com\\\/web\\\/?s={search_term_string}\"},\"query-input\":{\"@type\":\"PropertyValueSpecification\",\"valueRequired\":true,\"valueName\":\"search_term_string\"}}],\"inLanguage\":\"es\"},{\"@type\":\"Organization\",\"@id\":\"https:\\\/\\\/www.eldiariodetucuman.com\\\/web\\\/#organization\",\"name\":\"El Diario de Tucuman\",\"url\":\"https:\\\/\\\/www.eldiariodetucuman.com\\\/web\\\/\",\"logo\":{\"@type\":\"ImageObject\",\"inLanguage\":\"es\",\"@id\":\"https:\\\/\\\/www.eldiariodetucuman.com\\\/web\\\/#\\\/schema\\\/logo\\\/image\\\/\",\"url\":\"http:\\\/\\\/www.eldiariodetucuman.com\\\/web\\\/wp-content\\\/uploads\\\/2017\\\/12\\\/el-diario-de-tucuman.jpg\",\"contentUrl\":\"http:\\\/\\\/www.eldiariodetucuman.com\\\/web\\\/wp-content\\\/uploads\\\/2017\\\/12\\\/el-diario-de-tucuman.jpg\",\"width\":272,\"height\":92,\"caption\":\"El Diario de Tucuman\"},\"image\":{\"@id\":\"https:\\\/\\\/www.eldiariodetucuman.com\\\/web\\\/#\\\/schema\\\/logo\\\/image\\\/\"}},{\"@type\":\"Person\",\"@id\":\"https:\\\/\\\/www.eldiariodetucuman.com\\\/web\\\/#\\\/schema\\\/person\\\/9250197d75ab5483412e19678b121caa\",\"name\":\"admin\",\"image\":{\"@type\":\"ImageObject\",\"inLanguage\":\"es\",\"@id\":\"https:\\\/\\\/secure.gravatar.com\\\/avatar\\\/c44d117c2be811212c22cb481f6b8384b6873de103fbc49e7a03cc58d7dea4ac?s=96&d=mm&r=g\",\"url\":\"https:\\\/\\\/secure.gravatar.com\\\/avatar\\\/c44d117c2be811212c22cb481f6b8384b6873de103fbc49e7a03cc58d7dea4ac?s=96&d=mm&r=g\",\"contentUrl\":\"https:\\\/\\\/secure.gravatar.com\\\/avatar\\\/c44d117c2be811212c22cb481f6b8384b6873de103fbc49e7a03cc58d7dea4ac?s=96&d=mm&r=g\",\"caption\":\"admin\"},\"url\":\"https:\\\/\\\/www.eldiariodetucuman.com\\\/web\\\/author\\\/admin\\\/\"}]}<\/script>\n<!-- \/ Yoast SEO plugin. -->","yoast_head_json":{"title":"Reuni\u00f3n multitudinaria con dirigentes y militantes de la Capital - El Diario de Tucuman","robots":{"index":"index","follow":"follow","max-snippet":"max-snippet:-1","max-image-preview":"max-image-preview:large","max-video-preview":"max-video-preview:-1"},"canonical":"https:\/\/www.eldiariodetucuman.com\/web\/reunion-multitudinaria-con-dirigentes-y-militantes-de-la-capital\/","og_locale":"es_ES","og_type":"article","og_title":"Reuni\u00f3n multitudinaria con dirigentes y militantes de la Capital - El Diario de Tucuman","og_description":"El vicegobernador Osvaldo Jaldo en uso de licencia participo junto al gobernador Juan Manzur de una reuni\u00f3n con militantes y dirigentes \u00a0en el Sindicato de SUTERH.","og_url":"https:\/\/www.eldiariodetucuman.com\/web\/reunion-multitudinaria-con-dirigentes-y-militantes-de-la-capital\/","og_site_name":"El Diario de Tucuman","article_published_time":"2017-07-07T22:54:35+00:00","og_image":[{"width":1529,"height":763,"url":"https:\/\/www.eldiariodetucuman.com\/web\/wp-content\/uploads\/2017\/07\/SUTERH-osvaldo-jaldo-07.jpg","type":"image\/jpeg"}],"author":"admin","twitter_card":"summary_large_image","twitter_misc":{"Escrito por":"admin","Tiempo de lectura":"1 minuto"},"schema":{"@context":"https:\/\/schema.org","@graph":[{"@type":"Article","@id":"https:\/\/www.eldiariodetucuman.com\/web\/reunion-multitudinaria-con-dirigentes-y-militantes-de-la-capital\/#article","isPartOf":{"@id":"https:\/\/www.eldiariodetucuman.com\/web\/reunion-multitudinaria-con-dirigentes-y-militantes-de-la-capital\/"},"author":{"name":"admin","@id":"https:\/\/www.eldiariodetucuman.com\/web\/#\/schema\/person\/9250197d75ab5483412e19678b121caa"},"headline":"Reuni\u00f3n multitudinaria con dirigentes y militantes de la Capital","datePublished":"2017-07-07T22:54:35+00:00","mainEntityOfPage":{"@id":"https:\/\/www.eldiariodetucuman.com\/web\/reunion-multitudinaria-con-dirigentes-y-militantes-de-la-capital\/"},"wordCount":269,"publisher":{"@id":"https:\/\/www.eldiariodetucuman.com\/web\/#organization"},"image":{"@id":"https:\/\/www.eldiariodetucuman.com\/web\/reunion-multitudinaria-con-dirigentes-y-militantes-de-la-capital\/#primaryimage"},"thumbnailUrl":"https:\/\/www.eldiariodetucuman.com\/web\/wp-content\/uploads\/2017\/07\/SUTERH-osvaldo-jaldo-07.jpg","articleSection":["Portada"],"inLanguage":"es"},{"@type":"WebPage","@id":"https:\/\/www.eldiariodetucuman.com\/web\/reunion-multitudinaria-con-dirigentes-y-militantes-de-la-capital\/","url":"https:\/\/www.eldiariodetucuman.com\/web\/reunion-multitudinaria-con-dirigentes-y-militantes-de-la-capital\/","name":"Reuni\u00f3n multitudinaria con dirigentes y militantes de la Capital - El Diario de Tucuman","isPartOf":{"@id":"https:\/\/www.eldiariodetucuman.com\/web\/#website"},"primaryImageOfPage":{"@id":"https:\/\/www.eldiariodetucuman.com\/web\/reunion-multitudinaria-con-dirigentes-y-militantes-de-la-capital\/#primaryimage"},"image":{"@id":"https:\/\/www.eldiariodetucuman.com\/web\/reunion-multitudinaria-con-dirigentes-y-militantes-de-la-capital\/#primaryimage"},"thumbnailUrl":"https:\/\/www.eldiariodetucuman.com\/web\/wp-content\/uploads\/2017\/07\/SUTERH-osvaldo-jaldo-07.jpg","datePublished":"2017-07-07T22:54:35+00:00","breadcrumb":{"@id":"https:\/\/www.eldiariodetucuman.com\/web\/reunion-multitudinaria-con-dirigentes-y-militantes-de-la-capital\/#breadcrumb"},"inLanguage":"es","potentialAction":[{"@type":"ReadAction","target":["https:\/\/www.eldiariodetucuman.com\/web\/reunion-multitudinaria-con-dirigentes-y-militantes-de-la-capital\/"]}]},{"@type":"ImageObject","inLanguage":"es","@id":"https:\/\/www.eldiariodetucuman.com\/web\/reunion-multitudinaria-con-dirigentes-y-militantes-de-la-capital\/#primaryimage","url":"https:\/\/www.eldiariodetucuman.com\/web\/wp-content\/uploads\/2017\/07\/SUTERH-osvaldo-jaldo-07.jpg","contentUrl":"https:\/\/www.eldiariodetucuman.com\/web\/wp-content\/uploads\/2017\/07\/SUTERH-osvaldo-jaldo-07.jpg","width":1529,"height":763},{"@type":"BreadcrumbList","@id":"https:\/\/www.eldiariodetucuman.com\/web\/reunion-multitudinaria-con-dirigentes-y-militantes-de-la-capital\/#breadcrumb","itemListElement":[{"@type":"ListItem","position":1,"name":"Portada","item":"https:\/\/www.eldiariodetucuman.com\/web\/"},{"@type":"ListItem","position":2,"name":"Reuni\u00f3n multitudinaria con dirigentes y militantes de la Capital"}]},{"@type":"WebSite","@id":"https:\/\/www.eldiariodetucuman.com\/web\/#website","url":"https:\/\/www.eldiariodetucuman.com\/web\/","name":"El Diario de Tucuman","description":"Diario Tucuman - Informaci\u00f3n y noticias","publisher":{"@id":"https:\/\/www.eldiariodetucuman.com\/web\/#organization"},"potentialAction":[{"@type":"SearchAction","target":{"@type":"EntryPoint","urlTemplate":"https:\/\/www.eldiariodetucuman.com\/web\/?s={search_term_string}"},"query-input":{"@type":"PropertyValueSpecification","valueRequired":true,"valueName":"search_term_string"}}],"inLanguage":"es"},{"@type":"Organization","@id":"https:\/\/www.eldiariodetucuman.com\/web\/#organization","name":"El Diario de Tucuman","url":"https:\/\/www.eldiariodetucuman.com\/web\/","logo":{"@type":"ImageObject","inLanguage":"es","@id":"https:\/\/www.eldiariodetucuman.com\/web\/#\/schema\/logo\/image\/","url":"http:\/\/www.eldiariodetucuman.com\/web\/wp-content\/uploads\/2017\/12\/el-diario-de-tucuman.jpg","contentUrl":"http:\/\/www.eldiariodetucuman.com\/web\/wp-content\/uploads\/2017\/12\/el-diario-de-tucuman.jpg","width":272,"height":92,"caption":"El Diario de Tucuman"},"image":{"@id":"https:\/\/www.eldiariodetucuman.com\/web\/#\/schema\/logo\/image\/"}},{"@type":"Person","@id":"https:\/\/www.eldiariodetucuman.com\/web\/#\/schema\/person\/9250197d75ab5483412e19678b121caa","name":"admin","image":{"@type":"ImageObject","inLanguage":"es","@id":"https:\/\/secure.gravatar.com\/avatar\/c44d117c2be811212c22cb481f6b8384b6873de103fbc49e7a03cc58d7dea4ac?s=96&d=mm&r=g","url":"https:\/\/secure.gravatar.com\/avatar\/c44d117c2be811212c22cb481f6b8384b6873de103fbc49e7a03cc58d7dea4ac?s=96&d=mm&r=g","contentUrl":"https:\/\/secure.gravatar.com\/avatar\/c44d117c2be811212c22cb481f6b8384b6873de103fbc49e7a03cc58d7dea4ac?s=96&d=mm&r=g","caption":"admin"},"url":"https:\/\/www.eldiariodetucuman.com\/web\/author\/admin\/"}]}},"_links":{"self":[{"href":"https:\/\/www.eldiariodetucuman.com\/web\/wp-json\/wp\/v2\/posts\/2851","targetHints":{"allow":["GET"]}}],"collection":[{"href":"https:\/\/www.eldiariodetucuman.com\/web\/wp-json\/wp\/v2\/posts"}],"about":[{"href":"https:\/\/www.eldiariodetucuman.com\/web\/wp-json\/wp\/v2\/types\/post"}],"author":[{"embeddable":true,"href":"https:\/\/www.eldiariodetucuman.com\/web\/wp-json\/wp\/v2\/users\/1"}],"replies":[{"embeddable":true,"href":"https:\/\/www.eldiariodetucuman.com\/web\/wp-json\/wp\/v2\/comments?post=2851"}],"version-history":[{"count":1,"href":"https:\/\/www.eldiariodetucuman.com\/web\/wp-json\/wp\/v2\/posts\/2851\/revisions"}],"predecessor-version":[{"id":2853,"href":"https:\/\/www.eldiariodetucuman.com\/web\/wp-json\/wp\/v2\/posts\/2851\/revisions\/2853"}],"wp:featuredmedia":[{"embeddable":true,"href":"https:\/\/www.eldiariodetucuman.com\/web\/wp-json\/wp\/v2\/media\/2852"}],"wp:attachment":[{"href":"https:\/\/www.eldiariodetucuman.com\/web\/wp-json\/wp\/v2\/media?parent=2851"}],"wp:term":[{"taxonomy":"category","embeddable":true,"href":"https:\/\/www.eldiariodetucuman.com\/web\/wp-json\/wp\/v2\/categories?post=2851"},{"taxonomy":"post_tag","embeddable":true,"href":"https:\/\/www.eldiariodetucuman.com\/web\/wp-json\/wp\/v2\/tags?post=2851"}],"curies":[{"name":"wp","href":"https:\/\/api.w.org\/{rel}","templated":true}]}}