{"id":28430,"date":"2020-07-29T11:15:11","date_gmt":"2020-07-29T14:15:11","guid":{"rendered":"http:\/\/www.eldiariodetucuman.com\/web\/?p=28430"},"modified":"2020-07-29T11:15:11","modified_gmt":"2020-07-29T14:15:11","slug":"la-importancia-y-el-rol-de-la-cultura-en-tiempos-de-pandemia","status":"publish","type":"post","link":"https:\/\/www.eldiariodetucuman.com\/web\/la-importancia-y-el-rol-de-la-cultura-en-tiempos-de-pandemia\/","title":{"rendered":"La importancia y el rol de la cultura en tiempos de pandemia"},"content":{"rendered":"<article>\n<div id=\"detail-header\" class=\"article-header\">\n<div class=\"row\">\n<div class=\"col-12\">\n<div class=\"article-sub-title \">\n<p>En una entrevista de LV12, Mart\u00edn Ruiz Torres coment\u00f3 las actividades que realiza el Ente Cultural durante la cuarentena.<\/p>\n<\/div>\n<\/div>\n<\/div>\n<\/div>\n<\/article>\n<p><!--more--><\/p>\n<div class=\"row\">\n<div class=\"col col-8\">\n<article class=\"article-body first\">\n<p class=\"article-author\">El 29 de julio<strong>\u00a0de 1957 fallec\u00eda Ricardo Rojas<\/strong>, poeta, dramaturgo, orador, pol\u00edtico e historiador argentino. En homenaje a su relevancia y legado dentro de nuestro pa\u00eds, desde 1982 se elige esta fecha para conmemorar el\u00a0<strong>D\u00eda\u00a0de la\u00a0Cultura\u00a0Nacional<\/strong>. Rojas\u00a0<strong>fue el creador de la primera c\u00e1tedra de Literatura Argentina en la Universidad de Buenos Aires<\/strong>\u00a0(UBA), y fue uno de los cr\u00edticos acad\u00e9micos que intervino en la recuperaci\u00f3n del\u00a0<em>Mart\u00edn Fierro<\/em>, un libro considerado de baja categor\u00eda para su \u00e9poca.<\/p>\n<p class=\"article-author\">Como intelectual multifac\u00e9tico, Rojas marc\u00f3 el agotamiento del modelo cultural de su generaci\u00f3n e<strong>\u00a0impuls\u00f3 una profunda renovaci\u00f3n a nivel nacional<\/strong>. Esto lo motiv\u00f3 a remarcar la cultura en las provincias del pa\u00eds como requisito de la identidad de la Naci\u00f3n. Dedic\u00f3 su vida a\u00a0<strong>enaltecer el teatro y la literatura nacional<\/strong> argentina.<\/p>\n<p class=\"article-author\">El dramaturgo tucumano, en su obra<em>\u00a0La Historia de la Literatura Argentina<\/em>, certera definici\u00f3n: \u00abla argentinidad est\u00e1 constituida por un territorio, por un pueblo, por un estado, por un idioma, por un ideal que tiende cada d\u00eda a definirse mejor. Ahora mismo, con estas breves p\u00e1ginas, estamos tratando de definirlo\u00bb.<\/p>\n<p class=\"article-author\">En este d\u00eda tan importante, Mart\u00edn Ruiz Torres, presidente del <strong>Ente Cultural<\/strong>, dijo en LV12 que \u00aba pesar de los d\u00edas complejos y de mucha incertidumbre debido a la pandemia del coronavirus, no paramos nunca. Desde el Ente Cultural seguimos trabajando y difundiendo cultura\u00bb. \u00abNo suspendimos ninguna actividad\u00bb<\/p>\n<\/article>\n<article class=\"article-body\">\n<div class=\"article-content selectionShareable\">\n<div class=\"cuerpo\" data-twitter-link=\"\">\n<p class=\"saysCMSEmphasis\">\u00abDesde el segundo d\u00eda de cuarentena, las vestuaristas y modistas de los teatros empezaron a trabajar en la fabricaci\u00f3n de barbijos. Y ahora estamos trabajando en lo que ser\u00e1 el D\u00eda del Ni\u00f1o con los utileros del Teatro San Mart\u00edn para que los chicos puedan tener su regalo\u00bb.<\/p>\n<p class=\"saysCMSEmphasis\">Para finalizar, hizo referencia al\u00a0<strong>Septiembre Musical<\/strong>: \u00abdecidimos que sea totalmente virtual a trav\u00e9s de Canal 10, los viernes, s\u00e1bados y domingos de septiembre. Estamos tratando de contratar la mayor cantidad de artistas tucumanos, queremos que sea totalmente solidario. Asociamos fundaciones de caridad para habilitar cuentas y las personas que vean el programa puedan donar\u00bb.<\/p>\n<\/div>\n<\/div>\n<\/article>\n<div class=\"banner-libre\"><strong>Fuente:<\/strong> <a href=\"https:\/\/www.lv12.com.ar\/cultura\/el-valor-la-cultura-tiempos-pandemia-n76241\">https:\/\/www.lv12.com.ar\/cultura\/el-valor-la-cultura-tiempos-pandemia-n76241<\/a><\/div>\n<\/div>\n<\/div>\n","protected":false},"excerpt":{"rendered":"<p>En una entrevista de LV12, Mart\u00edn Ruiz Torres coment\u00f3 las actividades que realiza el Ente Cultural durante la cuarentena.<\/p>\n","protected":false},"author":5,"featured_media":28431,"comment_status":"closed","ping_status":"open","sticky":false,"template":"","format":"standard","meta":{"footnotes":""},"categories":[5],"tags":[304,3341,61],"class_list":{"0":"post-28430","1":"post","2":"type-post","3":"status-publish","4":"format-standard","5":"has-post-thumbnail","7":"category-cultura","8":"tag-cultura","9":"tag-lv12","10":"tag-tucuman"},"yoast_head":"<!-- This site is optimized with the Yoast SEO plugin v27.4 - https:\/\/yoast.com\/product\/yoast-seo-wordpress\/ -->\n<title>La importancia y el rol de la cultura en tiempos de pandemia - El Diario de Tucuman<\/title>\n<meta name=\"robots\" content=\"index, follow, max-snippet:-1, max-image-preview:large, max-video-preview:-1\" \/>\n<link rel=\"canonical\" href=\"https:\/\/www.eldiariodetucuman.com\/web\/la-importancia-y-el-rol-de-la-cultura-en-tiempos-de-pandemia\/\" \/>\n<meta property=\"og:locale\" content=\"es_ES\" \/>\n<meta property=\"og:type\" content=\"article\" \/>\n<meta property=\"og:title\" content=\"La importancia y el rol de la cultura en tiempos de pandemia - El Diario de Tucuman\" \/>\n<meta property=\"og:description\" content=\"En una entrevista de LV12, Mart\u00edn Ruiz Torres coment\u00f3 las actividades que realiza el Ente Cultural durante la cuarentena.\" \/>\n<meta property=\"og:url\" content=\"https:\/\/www.eldiariodetucuman.com\/web\/la-importancia-y-el-rol-de-la-cultura-en-tiempos-de-pandemia\/\" \/>\n<meta property=\"og:site_name\" content=\"El Diario de Tucuman\" \/>\n<meta property=\"article:published_time\" content=\"2020-07-29T14:15:11+00:00\" \/>\n<meta property=\"og:image\" content=\"https:\/\/www.eldiariodetucuman.com\/web\/wp-content\/uploads\/2020\/07\/cultura-tucuman.jpg\" \/>\n\t<meta property=\"og:image:width\" content=\"800\" \/>\n\t<meta property=\"og:image:height\" content=\"450\" \/>\n\t<meta property=\"og:image:type\" content=\"image\/jpeg\" \/>\n<meta name=\"author\" content=\"Redactor Uno\" \/>\n<meta name=\"twitter:card\" content=\"summary_large_image\" \/>\n<meta name=\"twitter:label1\" content=\"Escrito por\" \/>\n\t<meta name=\"twitter:data1\" content=\"Redactor Uno\" \/>\n\t<meta name=\"twitter:label2\" content=\"Tiempo de lectura\" \/>\n\t<meta name=\"twitter:data2\" content=\"2 minutos\" \/>\n<script type=\"application\/ld+json\" class=\"yoast-schema-graph\">{\"@context\":\"https:\\\/\\\/schema.org\",\"@graph\":[{\"@type\":\"Article\",\"@id\":\"https:\\\/\\\/www.eldiariodetucuman.com\\\/web\\\/la-importancia-y-el-rol-de-la-cultura-en-tiempos-de-pandemia\\\/#article\",\"isPartOf\":{\"@id\":\"https:\\\/\\\/www.eldiariodetucuman.com\\\/web\\\/la-importancia-y-el-rol-de-la-cultura-en-tiempos-de-pandemia\\\/\"},\"author\":{\"name\":\"Redactor Uno\",\"@id\":\"https:\\\/\\\/www.eldiariodetucuman.com\\\/web\\\/#\\\/schema\\\/person\\\/7e6644a46e60888f6b868594407e08dd\"},\"headline\":\"La importancia y el rol de la cultura en tiempos de pandemia\",\"datePublished\":\"2020-07-29T14:15:11+00:00\",\"mainEntityOfPage\":{\"@id\":\"https:\\\/\\\/www.eldiariodetucuman.com\\\/web\\\/la-importancia-y-el-rol-de-la-cultura-en-tiempos-de-pandemia\\\/\"},\"wordCount\":401,\"publisher\":{\"@id\":\"https:\\\/\\\/www.eldiariodetucuman.com\\\/web\\\/#organization\"},\"image\":{\"@id\":\"https:\\\/\\\/www.eldiariodetucuman.com\\\/web\\\/la-importancia-y-el-rol-de-la-cultura-en-tiempos-de-pandemia\\\/#primaryimage\"},\"thumbnailUrl\":\"https:\\\/\\\/www.eldiariodetucuman.com\\\/web\\\/wp-content\\\/uploads\\\/2020\\\/07\\\/cultura-tucuman.jpg\",\"keywords\":[\"cultura\",\"lv12\",\"Tucuman\"],\"articleSection\":[\"Cultura\"],\"inLanguage\":\"es\"},{\"@type\":\"WebPage\",\"@id\":\"https:\\\/\\\/www.eldiariodetucuman.com\\\/web\\\/la-importancia-y-el-rol-de-la-cultura-en-tiempos-de-pandemia\\\/\",\"url\":\"https:\\\/\\\/www.eldiariodetucuman.com\\\/web\\\/la-importancia-y-el-rol-de-la-cultura-en-tiempos-de-pandemia\\\/\",\"name\":\"La importancia y el rol de la cultura en tiempos de pandemia - El Diario de Tucuman\",\"isPartOf\":{\"@id\":\"https:\\\/\\\/www.eldiariodetucuman.com\\\/web\\\/#website\"},\"primaryImageOfPage\":{\"@id\":\"https:\\\/\\\/www.eldiariodetucuman.com\\\/web\\\/la-importancia-y-el-rol-de-la-cultura-en-tiempos-de-pandemia\\\/#primaryimage\"},\"image\":{\"@id\":\"https:\\\/\\\/www.eldiariodetucuman.com\\\/web\\\/la-importancia-y-el-rol-de-la-cultura-en-tiempos-de-pandemia\\\/#primaryimage\"},\"thumbnailUrl\":\"https:\\\/\\\/www.eldiariodetucuman.com\\\/web\\\/wp-content\\\/uploads\\\/2020\\\/07\\\/cultura-tucuman.jpg\",\"datePublished\":\"2020-07-29T14:15:11+00:00\",\"breadcrumb\":{\"@id\":\"https:\\\/\\\/www.eldiariodetucuman.com\\\/web\\\/la-importancia-y-el-rol-de-la-cultura-en-tiempos-de-pandemia\\\/#breadcrumb\"},\"inLanguage\":\"es\",\"potentialAction\":[{\"@type\":\"ReadAction\",\"target\":[\"https:\\\/\\\/www.eldiariodetucuman.com\\\/web\\\/la-importancia-y-el-rol-de-la-cultura-en-tiempos-de-pandemia\\\/\"]}]},{\"@type\":\"ImageObject\",\"inLanguage\":\"es\",\"@id\":\"https:\\\/\\\/www.eldiariodetucuman.com\\\/web\\\/la-importancia-y-el-rol-de-la-cultura-en-tiempos-de-pandemia\\\/#primaryimage\",\"url\":\"https:\\\/\\\/www.eldiariodetucuman.com\\\/web\\\/wp-content\\\/uploads\\\/2020\\\/07\\\/cultura-tucuman.jpg\",\"contentUrl\":\"https:\\\/\\\/www.eldiariodetucuman.com\\\/web\\\/wp-content\\\/uploads\\\/2020\\\/07\\\/cultura-tucuman.jpg\",\"width\":800,\"height\":450},{\"@type\":\"BreadcrumbList\",\"@id\":\"https:\\\/\\\/www.eldiariodetucuman.com\\\/web\\\/la-importancia-y-el-rol-de-la-cultura-en-tiempos-de-pandemia\\\/#breadcrumb\",\"itemListElement\":[{\"@type\":\"ListItem\",\"position\":1,\"name\":\"Portada\",\"item\":\"https:\\\/\\\/www.eldiariodetucuman.com\\\/web\\\/\"},{\"@type\":\"ListItem\",\"position\":2,\"name\":\"La importancia y el rol de la cultura en tiempos de pandemia\"}]},{\"@type\":\"WebSite\",\"@id\":\"https:\\\/\\\/www.eldiariodetucuman.com\\\/web\\\/#website\",\"url\":\"https:\\\/\\\/www.eldiariodetucuman.com\\\/web\\\/\",\"name\":\"El Diario de Tucuman\",\"description\":\"Diario Tucuman - Informaci\u00f3n y noticias\",\"publisher\":{\"@id\":\"https:\\\/\\\/www.eldiariodetucuman.com\\\/web\\\/#organization\"},\"potentialAction\":[{\"@type\":\"SearchAction\",\"target\":{\"@type\":\"EntryPoint\",\"urlTemplate\":\"https:\\\/\\\/www.eldiariodetucuman.com\\\/web\\\/?s={search_term_string}\"},\"query-input\":{\"@type\":\"PropertyValueSpecification\",\"valueRequired\":true,\"valueName\":\"search_term_string\"}}],\"inLanguage\":\"es\"},{\"@type\":\"Organization\",\"@id\":\"https:\\\/\\\/www.eldiariodetucuman.com\\\/web\\\/#organization\",\"name\":\"El Diario de Tucuman\",\"url\":\"https:\\\/\\\/www.eldiariodetucuman.com\\\/web\\\/\",\"logo\":{\"@type\":\"ImageObject\",\"inLanguage\":\"es\",\"@id\":\"https:\\\/\\\/www.eldiariodetucuman.com\\\/web\\\/#\\\/schema\\\/logo\\\/image\\\/\",\"url\":\"http:\\\/\\\/www.eldiariodetucuman.com\\\/web\\\/wp-content\\\/uploads\\\/2017\\\/12\\\/el-diario-de-tucuman.jpg\",\"contentUrl\":\"http:\\\/\\\/www.eldiariodetucuman.com\\\/web\\\/wp-content\\\/uploads\\\/2017\\\/12\\\/el-diario-de-tucuman.jpg\",\"width\":272,\"height\":92,\"caption\":\"El Diario de Tucuman\"},\"image\":{\"@id\":\"https:\\\/\\\/www.eldiariodetucuman.com\\\/web\\\/#\\\/schema\\\/logo\\\/image\\\/\"}},{\"@type\":\"Person\",\"@id\":\"https:\\\/\\\/www.eldiariodetucuman.com\\\/web\\\/#\\\/schema\\\/person\\\/7e6644a46e60888f6b868594407e08dd\",\"name\":\"Redactor Uno\",\"image\":{\"@type\":\"ImageObject\",\"inLanguage\":\"es\",\"@id\":\"https:\\\/\\\/secure.gravatar.com\\\/avatar\\\/0049b1bdf1bd548385c9ea6b9356431717930913089febd2ba904f0187d7d074?s=96&d=mm&r=g\",\"url\":\"https:\\\/\\\/secure.gravatar.com\\\/avatar\\\/0049b1bdf1bd548385c9ea6b9356431717930913089febd2ba904f0187d7d074?s=96&d=mm&r=g\",\"contentUrl\":\"https:\\\/\\\/secure.gravatar.com\\\/avatar\\\/0049b1bdf1bd548385c9ea6b9356431717930913089febd2ba904f0187d7d074?s=96&d=mm&r=g\",\"caption\":\"Redactor Uno\"},\"url\":\"https:\\\/\\\/www.eldiariodetucuman.com\\\/web\\\/author\\\/mramasco\\\/\"}]}<\/script>\n<!-- \/ Yoast SEO plugin. -->","yoast_head_json":{"title":"La importancia y el rol de la cultura en tiempos de pandemia - El Diario de Tucuman","robots":{"index":"index","follow":"follow","max-snippet":"max-snippet:-1","max-image-preview":"max-image-preview:large","max-video-preview":"max-video-preview:-1"},"canonical":"https:\/\/www.eldiariodetucuman.com\/web\/la-importancia-y-el-rol-de-la-cultura-en-tiempos-de-pandemia\/","og_locale":"es_ES","og_type":"article","og_title":"La importancia y el rol de la cultura en tiempos de pandemia - El Diario de Tucuman","og_description":"En una entrevista de LV12, Mart\u00edn Ruiz Torres coment\u00f3 las actividades que realiza el Ente Cultural durante la cuarentena.","og_url":"https:\/\/www.eldiariodetucuman.com\/web\/la-importancia-y-el-rol-de-la-cultura-en-tiempos-de-pandemia\/","og_site_name":"El Diario de Tucuman","article_published_time":"2020-07-29T14:15:11+00:00","og_image":[{"width":800,"height":450,"url":"https:\/\/www.eldiariodetucuman.com\/web\/wp-content\/uploads\/2020\/07\/cultura-tucuman.jpg","type":"image\/jpeg"}],"author":"Redactor Uno","twitter_card":"summary_large_image","twitter_misc":{"Escrito por":"Redactor Uno","Tiempo de lectura":"2 minutos"},"schema":{"@context":"https:\/\/schema.org","@graph":[{"@type":"Article","@id":"https:\/\/www.eldiariodetucuman.com\/web\/la-importancia-y-el-rol-de-la-cultura-en-tiempos-de-pandemia\/#article","isPartOf":{"@id":"https:\/\/www.eldiariodetucuman.com\/web\/la-importancia-y-el-rol-de-la-cultura-en-tiempos-de-pandemia\/"},"author":{"name":"Redactor Uno","@id":"https:\/\/www.eldiariodetucuman.com\/web\/#\/schema\/person\/7e6644a46e60888f6b868594407e08dd"},"headline":"La importancia y el rol de la cultura en tiempos de pandemia","datePublished":"2020-07-29T14:15:11+00:00","mainEntityOfPage":{"@id":"https:\/\/www.eldiariodetucuman.com\/web\/la-importancia-y-el-rol-de-la-cultura-en-tiempos-de-pandemia\/"},"wordCount":401,"publisher":{"@id":"https:\/\/www.eldiariodetucuman.com\/web\/#organization"},"image":{"@id":"https:\/\/www.eldiariodetucuman.com\/web\/la-importancia-y-el-rol-de-la-cultura-en-tiempos-de-pandemia\/#primaryimage"},"thumbnailUrl":"https:\/\/www.eldiariodetucuman.com\/web\/wp-content\/uploads\/2020\/07\/cultura-tucuman.jpg","keywords":["cultura","lv12","Tucuman"],"articleSection":["Cultura"],"inLanguage":"es"},{"@type":"WebPage","@id":"https:\/\/www.eldiariodetucuman.com\/web\/la-importancia-y-el-rol-de-la-cultura-en-tiempos-de-pandemia\/","url":"https:\/\/www.eldiariodetucuman.com\/web\/la-importancia-y-el-rol-de-la-cultura-en-tiempos-de-pandemia\/","name":"La importancia y el rol de la cultura en tiempos de pandemia - El Diario de Tucuman","isPartOf":{"@id":"https:\/\/www.eldiariodetucuman.com\/web\/#website"},"primaryImageOfPage":{"@id":"https:\/\/www.eldiariodetucuman.com\/web\/la-importancia-y-el-rol-de-la-cultura-en-tiempos-de-pandemia\/#primaryimage"},"image":{"@id":"https:\/\/www.eldiariodetucuman.com\/web\/la-importancia-y-el-rol-de-la-cultura-en-tiempos-de-pandemia\/#primaryimage"},"thumbnailUrl":"https:\/\/www.eldiariodetucuman.com\/web\/wp-content\/uploads\/2020\/07\/cultura-tucuman.jpg","datePublished":"2020-07-29T14:15:11+00:00","breadcrumb":{"@id":"https:\/\/www.eldiariodetucuman.com\/web\/la-importancia-y-el-rol-de-la-cultura-en-tiempos-de-pandemia\/#breadcrumb"},"inLanguage":"es","potentialAction":[{"@type":"ReadAction","target":["https:\/\/www.eldiariodetucuman.com\/web\/la-importancia-y-el-rol-de-la-cultura-en-tiempos-de-pandemia\/"]}]},{"@type":"ImageObject","inLanguage":"es","@id":"https:\/\/www.eldiariodetucuman.com\/web\/la-importancia-y-el-rol-de-la-cultura-en-tiempos-de-pandemia\/#primaryimage","url":"https:\/\/www.eldiariodetucuman.com\/web\/wp-content\/uploads\/2020\/07\/cultura-tucuman.jpg","contentUrl":"https:\/\/www.eldiariodetucuman.com\/web\/wp-content\/uploads\/2020\/07\/cultura-tucuman.jpg","width":800,"height":450},{"@type":"BreadcrumbList","@id":"https:\/\/www.eldiariodetucuman.com\/web\/la-importancia-y-el-rol-de-la-cultura-en-tiempos-de-pandemia\/#breadcrumb","itemListElement":[{"@type":"ListItem","position":1,"name":"Portada","item":"https:\/\/www.eldiariodetucuman.com\/web\/"},{"@type":"ListItem","position":2,"name":"La importancia y el rol de la cultura en tiempos de pandemia"}]},{"@type":"WebSite","@id":"https:\/\/www.eldiariodetucuman.com\/web\/#website","url":"https:\/\/www.eldiariodetucuman.com\/web\/","name":"El Diario de Tucuman","description":"Diario Tucuman - Informaci\u00f3n y noticias","publisher":{"@id":"https:\/\/www.eldiariodetucuman.com\/web\/#organization"},"potentialAction":[{"@type":"SearchAction","target":{"@type":"EntryPoint","urlTemplate":"https:\/\/www.eldiariodetucuman.com\/web\/?s={search_term_string}"},"query-input":{"@type":"PropertyValueSpecification","valueRequired":true,"valueName":"search_term_string"}}],"inLanguage":"es"},{"@type":"Organization","@id":"https:\/\/www.eldiariodetucuman.com\/web\/#organization","name":"El Diario de Tucuman","url":"https:\/\/www.eldiariodetucuman.com\/web\/","logo":{"@type":"ImageObject","inLanguage":"es","@id":"https:\/\/www.eldiariodetucuman.com\/web\/#\/schema\/logo\/image\/","url":"http:\/\/www.eldiariodetucuman.com\/web\/wp-content\/uploads\/2017\/12\/el-diario-de-tucuman.jpg","contentUrl":"http:\/\/www.eldiariodetucuman.com\/web\/wp-content\/uploads\/2017\/12\/el-diario-de-tucuman.jpg","width":272,"height":92,"caption":"El Diario de Tucuman"},"image":{"@id":"https:\/\/www.eldiariodetucuman.com\/web\/#\/schema\/logo\/image\/"}},{"@type":"Person","@id":"https:\/\/www.eldiariodetucuman.com\/web\/#\/schema\/person\/7e6644a46e60888f6b868594407e08dd","name":"Redactor Uno","image":{"@type":"ImageObject","inLanguage":"es","@id":"https:\/\/secure.gravatar.com\/avatar\/0049b1bdf1bd548385c9ea6b9356431717930913089febd2ba904f0187d7d074?s=96&d=mm&r=g","url":"https:\/\/secure.gravatar.com\/avatar\/0049b1bdf1bd548385c9ea6b9356431717930913089febd2ba904f0187d7d074?s=96&d=mm&r=g","contentUrl":"https:\/\/secure.gravatar.com\/avatar\/0049b1bdf1bd548385c9ea6b9356431717930913089febd2ba904f0187d7d074?s=96&d=mm&r=g","caption":"Redactor Uno"},"url":"https:\/\/www.eldiariodetucuman.com\/web\/author\/mramasco\/"}]}},"_links":{"self":[{"href":"https:\/\/www.eldiariodetucuman.com\/web\/wp-json\/wp\/v2\/posts\/28430","targetHints":{"allow":["GET"]}}],"collection":[{"href":"https:\/\/www.eldiariodetucuman.com\/web\/wp-json\/wp\/v2\/posts"}],"about":[{"href":"https:\/\/www.eldiariodetucuman.com\/web\/wp-json\/wp\/v2\/types\/post"}],"author":[{"embeddable":true,"href":"https:\/\/www.eldiariodetucuman.com\/web\/wp-json\/wp\/v2\/users\/5"}],"replies":[{"embeddable":true,"href":"https:\/\/www.eldiariodetucuman.com\/web\/wp-json\/wp\/v2\/comments?post=28430"}],"version-history":[{"count":1,"href":"https:\/\/www.eldiariodetucuman.com\/web\/wp-json\/wp\/v2\/posts\/28430\/revisions"}],"predecessor-version":[{"id":28432,"href":"https:\/\/www.eldiariodetucuman.com\/web\/wp-json\/wp\/v2\/posts\/28430\/revisions\/28432"}],"wp:featuredmedia":[{"embeddable":true,"href":"https:\/\/www.eldiariodetucuman.com\/web\/wp-json\/wp\/v2\/media\/28431"}],"wp:attachment":[{"href":"https:\/\/www.eldiariodetucuman.com\/web\/wp-json\/wp\/v2\/media?parent=28430"}],"wp:term":[{"taxonomy":"category","embeddable":true,"href":"https:\/\/www.eldiariodetucuman.com\/web\/wp-json\/wp\/v2\/categories?post=28430"},{"taxonomy":"post_tag","embeddable":true,"href":"https:\/\/www.eldiariodetucuman.com\/web\/wp-json\/wp\/v2\/tags?post=28430"}],"curies":[{"name":"wp","href":"https:\/\/api.w.org\/{rel}","templated":true}]}}