{"id":28426,"date":"2020-07-29T11:10:39","date_gmt":"2020-07-29T14:10:39","guid":{"rendered":"http:\/\/www.eldiariodetucuman.com\/web\/?p=28426"},"modified":"2020-07-29T11:10:39","modified_gmt":"2020-07-29T14:10:39","slug":"tucuman-da-la-nota-en-esta-edicion-del-hot-sale","status":"publish","type":"post","link":"https:\/\/www.eldiariodetucuman.com\/web\/tucuman-da-la-nota-en-esta-edicion-del-hot-sale\/","title":{"rendered":"Tucum\u00e1n da la nota en esta edici\u00f3n del Hot Sale"},"content":{"rendered":"<div class=\"content\">\n<div class=\"description\">\n<p>Desde la\u00a0<strong>CACE\u00a0<\/strong>remarcaron que los consumidores de la regi\u00f3n conf\u00edan cada vez m\u00e1s en el canal online.<\/p>\n<\/div>\n<\/div>\n<p><!--more--><\/p>\n<div class=\"content\">\n<div class=\"description\">\n<p>El pasado lunes comenz\u00f3 una nueva edici\u00f3n del Hot Sale, el gran evento de ventas online organizado por la <strong>C\u00e1mara Argentina de Comercio Electr\u00f3nico (CACE)<\/strong>. El mismo se lleva a cabo hasta hoy y, a nivel nacional, fueron m\u00e1s de dos millones de usuarios quienes navegaron el\u00a0<a href=\"http:\/\/www.hotsale.com.ar\/\" target=\"_blank\" rel=\"noopener noreferrer\">sitio oficial<\/a>.<\/p>\n<p>En este sentido, tal como ocurre en cada edici\u00f3n, los consumidores tucumanos dan la nota siendo los que m\u00e1s navegaron por el sitio. Un informe de la CACE destac\u00f3 que, hasta el segundo d\u00eda, m\u00e1s de 140 mil usuarios del norte del pa\u00eds ingresaron al sitio y casi el 40% de ellos pertenece a nuestra provincia. Salta fue la segunda provincia con mayor cantidad de navegantes, seguida por Jujuy, Catamarca, Santiago del Estero y La Rioja.<\/p>\n<\/div>\n<\/div>\n<div class=\"row\">\n<div class=\"col-sm-8\">\n<section class=\"body\">\u201cCada a\u00f1o, desde la\u00a0<strong>CACE\u00a0<\/strong>observamos un importante crecimiento en el desarrollo del comercio electr\u00f3nico en la regi\u00f3n norte de nuestro pa\u00eds. En esta edici\u00f3n del Hot Sale contamos con mayor participaci\u00f3n por parte de las empresas locales que eventos anteriores y, adem\u00e1s, nos encontramos con usuarios de la regi\u00f3n que cada vez conf\u00edan m\u00e1s en el canal online y est\u00e1n navegando en www.hotsale.com.ar en b\u00fasqueda de ofertas y productos en todas las categor\u00edas\u201d, resume\u00a0<strong>Mauricio Gramajo<\/strong>, director Regi\u00f3n Norte de\u00a0<strong>CACE<\/strong>.<\/p>\n<p>En cuanto a los perfiles de los buscadores de ofertas, se indic\u00f3 que las b\u00fasquedas son lideradas por las mujeres con el 67,6% de participaci\u00f3n (hombres el 32,4%). El segmento etario que se dedic\u00f3 a buscar ofertas son en su mayor\u00eda internautas de 25-34 a\u00f1os, con el 28,7%. Le sigue la generaci\u00f3n de 35-44 a\u00f1os, con el 25,1%.<\/p>\n<p>Asimismo, se precis\u00f3 que los consumidores del norte eligen los dispositivos m\u00f3viles para navegar las ofertas con el 74,7%, mientras que las desktops registran el 24,6% de las b\u00fasquedas y el restante (0,7%) tablets. Las categor\u00edas m\u00e1s buscadas son: Notebooks, Smart TV, Zapatillas, Heladera y Aire Acondicionado.<\/p>\n<p><strong>Fuente:<\/strong> <a href=\"https:\/\/intucuman.info\/enfoque\/mas-participacion-de-empresas-y-sorprendente-cantidad-de-usuarios-tucuman-da-la-nota-en-esta-edicion-del-hot-sale\">https:\/\/intucuman.info\/enfoque\/mas-participacion-de-empresas-y-sorprendente-cantidad-de-usuarios-tucuman-da-la-nota-en-esta-edicion-del-hot-sale<\/a><\/p>\n<p><ins class=\"adsbygoogle\" data-ad-layout=\"in-article\" data-ad-format=\"fluid\" data-ad-client=\"ca-pub-4388467989112317\" data-ad-slot=\"2408801682\" data-adsbygoogle-status=\"done\"><ins id=\"aswift_1_expand\"><ins id=\"aswift_1_anchor\"><\/ins><\/ins><\/ins><ins class=\"adsbygoogle\" data-ad-layout=\"in-article\" data-ad-format=\"fluid\" data-ad-client=\"ca-pub-4388467989112317\" data-ad-slot=\"7865323673\" data-adsbygoogle-status=\"done\"><ins id=\"aswift_2_expand\"><ins id=\"aswift_2_anchor\"><\/ins><\/ins><\/ins><\/section>\n<\/div>\n<\/div>\n","protected":false},"excerpt":{"rendered":"<p>Desde la\u00a0CACE\u00a0remarcaron que los consumidores de la regi\u00f3n conf\u00edan cada vez m\u00e1s en el canal online.<\/p>\n","protected":false},"author":5,"featured_media":28427,"comment_status":"closed","ping_status":"open","sticky":false,"template":"","format":"standard","meta":{"footnotes":""},"categories":[2],"tags":[847,3335,61],"class_list":{"0":"post-28426","1":"post","2":"type-post","3":"status-publish","4":"format-standard","5":"has-post-thumbnail","7":"category-actualidad","8":"tag-economia","9":"tag-hot-sale","10":"tag-tucuman"},"yoast_head":"<!-- This site is optimized with the Yoast SEO plugin v27.4 - https:\/\/yoast.com\/product\/yoast-seo-wordpress\/ -->\n<title>Tucum\u00e1n da la nota en esta edici\u00f3n del Hot Sale - El Diario de Tucuman<\/title>\n<meta name=\"robots\" content=\"index, follow, max-snippet:-1, max-image-preview:large, max-video-preview:-1\" \/>\n<link rel=\"canonical\" href=\"https:\/\/www.eldiariodetucuman.com\/web\/tucuman-da-la-nota-en-esta-edicion-del-hot-sale\/\" \/>\n<meta property=\"og:locale\" content=\"es_ES\" \/>\n<meta property=\"og:type\" content=\"article\" \/>\n<meta property=\"og:title\" content=\"Tucum\u00e1n da la nota en esta edici\u00f3n del Hot Sale - El Diario de Tucuman\" \/>\n<meta property=\"og:description\" content=\"Desde la\u00a0CACE\u00a0remarcaron que los consumidores de la regi\u00f3n conf\u00edan cada vez m\u00e1s en el canal online.\" \/>\n<meta property=\"og:url\" content=\"https:\/\/www.eldiariodetucuman.com\/web\/tucuman-da-la-nota-en-esta-edicion-del-hot-sale\/\" \/>\n<meta property=\"og:site_name\" content=\"El Diario de Tucuman\" \/>\n<meta property=\"article:published_time\" content=\"2020-07-29T14:10:39+00:00\" \/>\n<meta property=\"og:image\" content=\"https:\/\/www.eldiariodetucuman.com\/web\/wp-content\/uploads\/2020\/07\/hot-sal-tucuman.jpg\" \/>\n\t<meta property=\"og:image:width\" content=\"641\" \/>\n\t<meta property=\"og:image:height\" content=\"360\" \/>\n\t<meta property=\"og:image:type\" content=\"image\/jpeg\" \/>\n<meta name=\"author\" content=\"Redactor Uno\" \/>\n<meta name=\"twitter:card\" content=\"summary_large_image\" \/>\n<meta name=\"twitter:label1\" content=\"Escrito por\" \/>\n\t<meta name=\"twitter:data1\" content=\"Redactor Uno\" \/>\n\t<meta name=\"twitter:label2\" content=\"Tiempo de lectura\" \/>\n\t<meta name=\"twitter:data2\" content=\"2 minutos\" \/>\n<script type=\"application\/ld+json\" class=\"yoast-schema-graph\">{\"@context\":\"https:\\\/\\\/schema.org\",\"@graph\":[{\"@type\":\"Article\",\"@id\":\"https:\\\/\\\/www.eldiariodetucuman.com\\\/web\\\/tucuman-da-la-nota-en-esta-edicion-del-hot-sale\\\/#article\",\"isPartOf\":{\"@id\":\"https:\\\/\\\/www.eldiariodetucuman.com\\\/web\\\/tucuman-da-la-nota-en-esta-edicion-del-hot-sale\\\/\"},\"author\":{\"name\":\"Redactor Uno\",\"@id\":\"https:\\\/\\\/www.eldiariodetucuman.com\\\/web\\\/#\\\/schema\\\/person\\\/7e6644a46e60888f6b868594407e08dd\"},\"headline\":\"Tucum\u00e1n da la nota en esta edici\u00f3n del Hot Sale\",\"datePublished\":\"2020-07-29T14:10:39+00:00\",\"mainEntityOfPage\":{\"@id\":\"https:\\\/\\\/www.eldiariodetucuman.com\\\/web\\\/tucuman-da-la-nota-en-esta-edicion-del-hot-sale\\\/\"},\"wordCount\":378,\"publisher\":{\"@id\":\"https:\\\/\\\/www.eldiariodetucuman.com\\\/web\\\/#organization\"},\"image\":{\"@id\":\"https:\\\/\\\/www.eldiariodetucuman.com\\\/web\\\/tucuman-da-la-nota-en-esta-edicion-del-hot-sale\\\/#primaryimage\"},\"thumbnailUrl\":\"https:\\\/\\\/www.eldiariodetucuman.com\\\/web\\\/wp-content\\\/uploads\\\/2020\\\/07\\\/hot-sal-tucuman.jpg\",\"keywords\":[\"economia\",\"hot sale\",\"Tucuman\"],\"articleSection\":[\"Actualidad\"],\"inLanguage\":\"es\"},{\"@type\":\"WebPage\",\"@id\":\"https:\\\/\\\/www.eldiariodetucuman.com\\\/web\\\/tucuman-da-la-nota-en-esta-edicion-del-hot-sale\\\/\",\"url\":\"https:\\\/\\\/www.eldiariodetucuman.com\\\/web\\\/tucuman-da-la-nota-en-esta-edicion-del-hot-sale\\\/\",\"name\":\"Tucum\u00e1n da la nota en esta edici\u00f3n del Hot Sale - El Diario de Tucuman\",\"isPartOf\":{\"@id\":\"https:\\\/\\\/www.eldiariodetucuman.com\\\/web\\\/#website\"},\"primaryImageOfPage\":{\"@id\":\"https:\\\/\\\/www.eldiariodetucuman.com\\\/web\\\/tucuman-da-la-nota-en-esta-edicion-del-hot-sale\\\/#primaryimage\"},\"image\":{\"@id\":\"https:\\\/\\\/www.eldiariodetucuman.com\\\/web\\\/tucuman-da-la-nota-en-esta-edicion-del-hot-sale\\\/#primaryimage\"},\"thumbnailUrl\":\"https:\\\/\\\/www.eldiariodetucuman.com\\\/web\\\/wp-content\\\/uploads\\\/2020\\\/07\\\/hot-sal-tucuman.jpg\",\"datePublished\":\"2020-07-29T14:10:39+00:00\",\"breadcrumb\":{\"@id\":\"https:\\\/\\\/www.eldiariodetucuman.com\\\/web\\\/tucuman-da-la-nota-en-esta-edicion-del-hot-sale\\\/#breadcrumb\"},\"inLanguage\":\"es\",\"potentialAction\":[{\"@type\":\"ReadAction\",\"target\":[\"https:\\\/\\\/www.eldiariodetucuman.com\\\/web\\\/tucuman-da-la-nota-en-esta-edicion-del-hot-sale\\\/\"]}]},{\"@type\":\"ImageObject\",\"inLanguage\":\"es\",\"@id\":\"https:\\\/\\\/www.eldiariodetucuman.com\\\/web\\\/tucuman-da-la-nota-en-esta-edicion-del-hot-sale\\\/#primaryimage\",\"url\":\"https:\\\/\\\/www.eldiariodetucuman.com\\\/web\\\/wp-content\\\/uploads\\\/2020\\\/07\\\/hot-sal-tucuman.jpg\",\"contentUrl\":\"https:\\\/\\\/www.eldiariodetucuman.com\\\/web\\\/wp-content\\\/uploads\\\/2020\\\/07\\\/hot-sal-tucuman.jpg\",\"width\":641,\"height\":360},{\"@type\":\"BreadcrumbList\",\"@id\":\"https:\\\/\\\/www.eldiariodetucuman.com\\\/web\\\/tucuman-da-la-nota-en-esta-edicion-del-hot-sale\\\/#breadcrumb\",\"itemListElement\":[{\"@type\":\"ListItem\",\"position\":1,\"name\":\"Portada\",\"item\":\"https:\\\/\\\/www.eldiariodetucuman.com\\\/web\\\/\"},{\"@type\":\"ListItem\",\"position\":2,\"name\":\"Tucum\u00e1n da la nota en esta edici\u00f3n del Hot Sale\"}]},{\"@type\":\"WebSite\",\"@id\":\"https:\\\/\\\/www.eldiariodetucuman.com\\\/web\\\/#website\",\"url\":\"https:\\\/\\\/www.eldiariodetucuman.com\\\/web\\\/\",\"name\":\"El Diario de Tucuman\",\"description\":\"Diario Tucuman - Informaci\u00f3n y noticias\",\"publisher\":{\"@id\":\"https:\\\/\\\/www.eldiariodetucuman.com\\\/web\\\/#organization\"},\"potentialAction\":[{\"@type\":\"SearchAction\",\"target\":{\"@type\":\"EntryPoint\",\"urlTemplate\":\"https:\\\/\\\/www.eldiariodetucuman.com\\\/web\\\/?s={search_term_string}\"},\"query-input\":{\"@type\":\"PropertyValueSpecification\",\"valueRequired\":true,\"valueName\":\"search_term_string\"}}],\"inLanguage\":\"es\"},{\"@type\":\"Organization\",\"@id\":\"https:\\\/\\\/www.eldiariodetucuman.com\\\/web\\\/#organization\",\"name\":\"El Diario de Tucuman\",\"url\":\"https:\\\/\\\/www.eldiariodetucuman.com\\\/web\\\/\",\"logo\":{\"@type\":\"ImageObject\",\"inLanguage\":\"es\",\"@id\":\"https:\\\/\\\/www.eldiariodetucuman.com\\\/web\\\/#\\\/schema\\\/logo\\\/image\\\/\",\"url\":\"http:\\\/\\\/www.eldiariodetucuman.com\\\/web\\\/wp-content\\\/uploads\\\/2017\\\/12\\\/el-diario-de-tucuman.jpg\",\"contentUrl\":\"http:\\\/\\\/www.eldiariodetucuman.com\\\/web\\\/wp-content\\\/uploads\\\/2017\\\/12\\\/el-diario-de-tucuman.jpg\",\"width\":272,\"height\":92,\"caption\":\"El Diario de Tucuman\"},\"image\":{\"@id\":\"https:\\\/\\\/www.eldiariodetucuman.com\\\/web\\\/#\\\/schema\\\/logo\\\/image\\\/\"}},{\"@type\":\"Person\",\"@id\":\"https:\\\/\\\/www.eldiariodetucuman.com\\\/web\\\/#\\\/schema\\\/person\\\/7e6644a46e60888f6b868594407e08dd\",\"name\":\"Redactor Uno\",\"image\":{\"@type\":\"ImageObject\",\"inLanguage\":\"es\",\"@id\":\"https:\\\/\\\/secure.gravatar.com\\\/avatar\\\/0049b1bdf1bd548385c9ea6b9356431717930913089febd2ba904f0187d7d074?s=96&d=mm&r=g\",\"url\":\"https:\\\/\\\/secure.gravatar.com\\\/avatar\\\/0049b1bdf1bd548385c9ea6b9356431717930913089febd2ba904f0187d7d074?s=96&d=mm&r=g\",\"contentUrl\":\"https:\\\/\\\/secure.gravatar.com\\\/avatar\\\/0049b1bdf1bd548385c9ea6b9356431717930913089febd2ba904f0187d7d074?s=96&d=mm&r=g\",\"caption\":\"Redactor Uno\"},\"url\":\"https:\\\/\\\/www.eldiariodetucuman.com\\\/web\\\/author\\\/mramasco\\\/\"}]}<\/script>\n<!-- \/ Yoast SEO plugin. -->","yoast_head_json":{"title":"Tucum\u00e1n da la nota en esta edici\u00f3n del Hot Sale - El Diario de Tucuman","robots":{"index":"index","follow":"follow","max-snippet":"max-snippet:-1","max-image-preview":"max-image-preview:large","max-video-preview":"max-video-preview:-1"},"canonical":"https:\/\/www.eldiariodetucuman.com\/web\/tucuman-da-la-nota-en-esta-edicion-del-hot-sale\/","og_locale":"es_ES","og_type":"article","og_title":"Tucum\u00e1n da la nota en esta edici\u00f3n del Hot Sale - El Diario de Tucuman","og_description":"Desde la\u00a0CACE\u00a0remarcaron que los consumidores de la regi\u00f3n conf\u00edan cada vez m\u00e1s en el canal online.","og_url":"https:\/\/www.eldiariodetucuman.com\/web\/tucuman-da-la-nota-en-esta-edicion-del-hot-sale\/","og_site_name":"El Diario de Tucuman","article_published_time":"2020-07-29T14:10:39+00:00","og_image":[{"width":641,"height":360,"url":"https:\/\/www.eldiariodetucuman.com\/web\/wp-content\/uploads\/2020\/07\/hot-sal-tucuman.jpg","type":"image\/jpeg"}],"author":"Redactor Uno","twitter_card":"summary_large_image","twitter_misc":{"Escrito por":"Redactor Uno","Tiempo de lectura":"2 minutos"},"schema":{"@context":"https:\/\/schema.org","@graph":[{"@type":"Article","@id":"https:\/\/www.eldiariodetucuman.com\/web\/tucuman-da-la-nota-en-esta-edicion-del-hot-sale\/#article","isPartOf":{"@id":"https:\/\/www.eldiariodetucuman.com\/web\/tucuman-da-la-nota-en-esta-edicion-del-hot-sale\/"},"author":{"name":"Redactor Uno","@id":"https:\/\/www.eldiariodetucuman.com\/web\/#\/schema\/person\/7e6644a46e60888f6b868594407e08dd"},"headline":"Tucum\u00e1n da la nota en esta edici\u00f3n del Hot Sale","datePublished":"2020-07-29T14:10:39+00:00","mainEntityOfPage":{"@id":"https:\/\/www.eldiariodetucuman.com\/web\/tucuman-da-la-nota-en-esta-edicion-del-hot-sale\/"},"wordCount":378,"publisher":{"@id":"https:\/\/www.eldiariodetucuman.com\/web\/#organization"},"image":{"@id":"https:\/\/www.eldiariodetucuman.com\/web\/tucuman-da-la-nota-en-esta-edicion-del-hot-sale\/#primaryimage"},"thumbnailUrl":"https:\/\/www.eldiariodetucuman.com\/web\/wp-content\/uploads\/2020\/07\/hot-sal-tucuman.jpg","keywords":["economia","hot sale","Tucuman"],"articleSection":["Actualidad"],"inLanguage":"es"},{"@type":"WebPage","@id":"https:\/\/www.eldiariodetucuman.com\/web\/tucuman-da-la-nota-en-esta-edicion-del-hot-sale\/","url":"https:\/\/www.eldiariodetucuman.com\/web\/tucuman-da-la-nota-en-esta-edicion-del-hot-sale\/","name":"Tucum\u00e1n da la nota en esta edici\u00f3n del Hot Sale - El Diario de Tucuman","isPartOf":{"@id":"https:\/\/www.eldiariodetucuman.com\/web\/#website"},"primaryImageOfPage":{"@id":"https:\/\/www.eldiariodetucuman.com\/web\/tucuman-da-la-nota-en-esta-edicion-del-hot-sale\/#primaryimage"},"image":{"@id":"https:\/\/www.eldiariodetucuman.com\/web\/tucuman-da-la-nota-en-esta-edicion-del-hot-sale\/#primaryimage"},"thumbnailUrl":"https:\/\/www.eldiariodetucuman.com\/web\/wp-content\/uploads\/2020\/07\/hot-sal-tucuman.jpg","datePublished":"2020-07-29T14:10:39+00:00","breadcrumb":{"@id":"https:\/\/www.eldiariodetucuman.com\/web\/tucuman-da-la-nota-en-esta-edicion-del-hot-sale\/#breadcrumb"},"inLanguage":"es","potentialAction":[{"@type":"ReadAction","target":["https:\/\/www.eldiariodetucuman.com\/web\/tucuman-da-la-nota-en-esta-edicion-del-hot-sale\/"]}]},{"@type":"ImageObject","inLanguage":"es","@id":"https:\/\/www.eldiariodetucuman.com\/web\/tucuman-da-la-nota-en-esta-edicion-del-hot-sale\/#primaryimage","url":"https:\/\/www.eldiariodetucuman.com\/web\/wp-content\/uploads\/2020\/07\/hot-sal-tucuman.jpg","contentUrl":"https:\/\/www.eldiariodetucuman.com\/web\/wp-content\/uploads\/2020\/07\/hot-sal-tucuman.jpg","width":641,"height":360},{"@type":"BreadcrumbList","@id":"https:\/\/www.eldiariodetucuman.com\/web\/tucuman-da-la-nota-en-esta-edicion-del-hot-sale\/#breadcrumb","itemListElement":[{"@type":"ListItem","position":1,"name":"Portada","item":"https:\/\/www.eldiariodetucuman.com\/web\/"},{"@type":"ListItem","position":2,"name":"Tucum\u00e1n da la nota en esta edici\u00f3n del Hot Sale"}]},{"@type":"WebSite","@id":"https:\/\/www.eldiariodetucuman.com\/web\/#website","url":"https:\/\/www.eldiariodetucuman.com\/web\/","name":"El Diario de Tucuman","description":"Diario Tucuman - Informaci\u00f3n y noticias","publisher":{"@id":"https:\/\/www.eldiariodetucuman.com\/web\/#organization"},"potentialAction":[{"@type":"SearchAction","target":{"@type":"EntryPoint","urlTemplate":"https:\/\/www.eldiariodetucuman.com\/web\/?s={search_term_string}"},"query-input":{"@type":"PropertyValueSpecification","valueRequired":true,"valueName":"search_term_string"}}],"inLanguage":"es"},{"@type":"Organization","@id":"https:\/\/www.eldiariodetucuman.com\/web\/#organization","name":"El Diario de Tucuman","url":"https:\/\/www.eldiariodetucuman.com\/web\/","logo":{"@type":"ImageObject","inLanguage":"es","@id":"https:\/\/www.eldiariodetucuman.com\/web\/#\/schema\/logo\/image\/","url":"http:\/\/www.eldiariodetucuman.com\/web\/wp-content\/uploads\/2017\/12\/el-diario-de-tucuman.jpg","contentUrl":"http:\/\/www.eldiariodetucuman.com\/web\/wp-content\/uploads\/2017\/12\/el-diario-de-tucuman.jpg","width":272,"height":92,"caption":"El Diario de Tucuman"},"image":{"@id":"https:\/\/www.eldiariodetucuman.com\/web\/#\/schema\/logo\/image\/"}},{"@type":"Person","@id":"https:\/\/www.eldiariodetucuman.com\/web\/#\/schema\/person\/7e6644a46e60888f6b868594407e08dd","name":"Redactor Uno","image":{"@type":"ImageObject","inLanguage":"es","@id":"https:\/\/secure.gravatar.com\/avatar\/0049b1bdf1bd548385c9ea6b9356431717930913089febd2ba904f0187d7d074?s=96&d=mm&r=g","url":"https:\/\/secure.gravatar.com\/avatar\/0049b1bdf1bd548385c9ea6b9356431717930913089febd2ba904f0187d7d074?s=96&d=mm&r=g","contentUrl":"https:\/\/secure.gravatar.com\/avatar\/0049b1bdf1bd548385c9ea6b9356431717930913089febd2ba904f0187d7d074?s=96&d=mm&r=g","caption":"Redactor Uno"},"url":"https:\/\/www.eldiariodetucuman.com\/web\/author\/mramasco\/"}]}},"_links":{"self":[{"href":"https:\/\/www.eldiariodetucuman.com\/web\/wp-json\/wp\/v2\/posts\/28426","targetHints":{"allow":["GET"]}}],"collection":[{"href":"https:\/\/www.eldiariodetucuman.com\/web\/wp-json\/wp\/v2\/posts"}],"about":[{"href":"https:\/\/www.eldiariodetucuman.com\/web\/wp-json\/wp\/v2\/types\/post"}],"author":[{"embeddable":true,"href":"https:\/\/www.eldiariodetucuman.com\/web\/wp-json\/wp\/v2\/users\/5"}],"replies":[{"embeddable":true,"href":"https:\/\/www.eldiariodetucuman.com\/web\/wp-json\/wp\/v2\/comments?post=28426"}],"version-history":[{"count":2,"href":"https:\/\/www.eldiariodetucuman.com\/web\/wp-json\/wp\/v2\/posts\/28426\/revisions"}],"predecessor-version":[{"id":28429,"href":"https:\/\/www.eldiariodetucuman.com\/web\/wp-json\/wp\/v2\/posts\/28426\/revisions\/28429"}],"wp:featuredmedia":[{"embeddable":true,"href":"https:\/\/www.eldiariodetucuman.com\/web\/wp-json\/wp\/v2\/media\/28427"}],"wp:attachment":[{"href":"https:\/\/www.eldiariodetucuman.com\/web\/wp-json\/wp\/v2\/media?parent=28426"}],"wp:term":[{"taxonomy":"category","embeddable":true,"href":"https:\/\/www.eldiariodetucuman.com\/web\/wp-json\/wp\/v2\/categories?post=28426"},{"taxonomy":"post_tag","embeddable":true,"href":"https:\/\/www.eldiariodetucuman.com\/web\/wp-json\/wp\/v2\/tags?post=28426"}],"curies":[{"name":"wp","href":"https:\/\/api.w.org\/{rel}","templated":true}]}}