{"id":28293,"date":"2020-07-21T12:33:34","date_gmt":"2020-07-21T15:33:34","guid":{"rendered":"http:\/\/www.eldiariodetucuman.com\/web\/?p=28293"},"modified":"2020-07-21T12:33:34","modified_gmt":"2020-07-21T15:33:34","slug":"por-una-supuesta-usurpacion-matan-a-una-mujer","status":"publish","type":"post","link":"https:\/\/www.eldiariodetucuman.com\/web\/por-una-supuesta-usurpacion-matan-a-una-mujer\/","title":{"rendered":"Por una supuesta usurpaci\u00f3n, matan a una mujer"},"content":{"rendered":"<header class=\"entry-header\"><\/header>\n<div class=\"entry-content herald-entry-content\">\n<p>El Ministerio Fiscal inform\u00f3 que en las \u00faltimas horas del lunes la Fiscal\u00eda en Homicidios II, a cargo de Adriana Giannoni, tom\u00f3 intervenci\u00f3n en un hecho de sangre en el que una\u00a0<strong>mujer falleci\u00f3 como consecuencia de los impacto de arma de fuego que sufri\u00f3 en diferentes partes de su cuerpo por parte de dos sujetos que se desplazaban en una motocicleta y que le dispararon a la v\u00edctima mientras se encontraba en un domicilio ubicado en un asentamiento de la zona norte de la capital.<\/strong><\/p>\n<\/div>\n<p><!--more--><\/p>\n<div class=\"entry-content herald-entry-content\">\n<p>La Fiscal dispuso que el prosecretario Alejandro L\u00f3pez Isla supervise en persona la pesquisa judicial y policial. Paralelamente, se solicit\u00f3 la intervenci\u00f3n del Equipo Cient\u00edfico de Investigaciones Fiscales (ECIF), a cargo de Eugenio Ag\u00fcero Gamboa. Por parte de la Polic\u00eda actu\u00f3 la Divisi\u00f3n Homicidios, a cargo del comisario Diego Bernachi.<\/p>\n<p><strong>Tareas<\/strong><br \/>\nTras recibir la comunicaci\u00f3n del mortal suceso, desde la Fiscal\u00eda se pidi\u00f3 la intervenci\u00f3n del ECIF con sus divisiones Qu\u00edmica Legal, Criminal\u00edstica y Documentaci\u00f3n para el abordaje integral del lugar donde se registr\u00f3 el mortal suceso.<\/p>\n<p>En esas labores fueron llevadas adelante por los investigadores del MPF Hugo Cabeza, Gustavo Luna, Pablo Montilla y Constanza Barcia Gerez, del ECIF.<\/p>\n<p>Durante toda la madrugada, los pesquisas judiciales llevaron a cabo numerosas tareas investigativas y de levantamiento de muestras biol\u00f3gicas y secuestro de elementos de valor para la causa. Los informes de esas acciones ser\u00e1n remitidos a la Fiscal\u00eda interviniente.<\/p>\n<p>Voceros del caso indicaron que como saldo de esas tareas realizadas por el ECIF, la Divisi\u00f3n Criminal\u00edstica de esa unidad especial procedi\u00f3 al levantamiento de 5 vainas calibre 9 mil\u00edmetros y de dos \u00a0proyectiles. Mientras, personal de Quimica Legal procedieron al levantamiento mediante hisopado de manchas pardo rojiza encontrada en el lugar.<\/p>\n<p><strong>El ataque<\/strong><br \/>\nCerca de las 21:30 horas, la v\u00edctima fue mortalmente mientras se encontraba en una vivienda ubicada en el asentamiento \u201cEl \u00c1ngel\u201d (detr\u00e1s del cementerio Jard\u00edn del \u00c1ngel), donde de acuerdo a testimonios recabados, pasaron dos sujetos a bordo de una motocicleta y realizaron varios disparos, impactando dos de los mismos en la ciudadana\u00a0Johana Bianca Salado (29), quien fue herida en la espalda y en uno de los brazos.<\/p>\n<p>La mujer fue trasladada al Hospital Centro de Salud, donde ingres\u00f3 sin vida. Las fuentes judiciales indicaron que los supuestos autores del asesinato ya fueron individualizados de acuerdo a los testimonios recolectados.<\/p>\n<p>La v\u00edctima se encontraba de visita en esa propiedad. Seg\u00fan testigos, el hecho sucedi\u00f3 \u00a0partir de una disputa que los ocupantes de ese terreno habr\u00edan mantenido previamente con los presuntos asesinos en el marco de una disputa por ese terreno. En el contexto de esos incidentes, estos sujetos habr\u00edan amenazado con regresar y atacarlos con armas de fuego.<\/p>\n<p>Dos hombres son los principales sospechosos en acabar con la vida de Johana Bianca Salado, de 29 a\u00f1os, cuando\u00a0estaba en su casa este lunes pasadas las 21.30. El lamentable hecho ocurri\u00f3 en la zona este de la ciudad, en el asentamiento El Angel, detr\u00e1s del cementerio Jard\u00edn del Angel.<\/p>\n<p>La mujer fue alcanzada por una r\u00e1faga de disparos que efectu\u00f3 uno de los hombres que llegaron al lugar a bordo de una motocicleta. Una vecina del lugar reconoci\u00f3 a\u201cPelusa\u201dy\u00a0\u201cChuqui\u201dcomo los autores del brutal ataque.<\/p>\n<p>Al parecer, ambos habr\u00edan participado el domingo de una fuerte discusi\u00f3n con el marido de la mujer baleada, originado en una denuncia por usurpaci\u00f3n.<\/p>\n<div><strong>Fuente:<\/strong> <a href=\"http:\/\/www.losprimeros.tv\/nota\/167380\/matan-una-mujer-una-supuesta-usurpacion.html\">http:\/\/www.losprimeros.tv\/nota\/167380\/matan-una-mujer-una-supuesta-usurpacion.html<\/a><\/div>\n<\/div>\n","protected":false},"excerpt":{"rendered":"<p>El Ministerio Fiscal inform\u00f3 que en las \u00faltimas horas del lunes la Fiscal\u00eda en Homicidios II, a cargo de Adriana Giannoni, tom\u00f3 intervenci\u00f3n en un hecho de sangre en el que una\u00a0mujer falleci\u00f3 como consecuencia de los impacto de arma de fuego que sufri\u00f3 en diferentes partes de su cuerpo por parte de dos sujetos [&hellip;]<\/p>\n","protected":false},"author":5,"featured_media":28295,"comment_status":"closed","ping_status":"open","sticky":false,"template":"","format":"standard","meta":{"footnotes":""},"categories":[2],"tags":[1402,61,3321],"class_list":{"0":"post-28293","1":"post","2":"type-post","3":"status-publish","4":"format-standard","5":"has-post-thumbnail","7":"category-actualidad","8":"tag-policiales","9":"tag-tucuman","10":"tag-usurpacion"},"yoast_head":"<!-- This site is optimized with the Yoast SEO plugin v27.4 - https:\/\/yoast.com\/product\/yoast-seo-wordpress\/ -->\n<title>Por una supuesta usurpaci\u00f3n, matan a una mujer - El Diario de Tucuman<\/title>\n<meta name=\"robots\" content=\"index, follow, max-snippet:-1, max-image-preview:large, max-video-preview:-1\" \/>\n<link rel=\"canonical\" href=\"https:\/\/www.eldiariodetucuman.com\/web\/por-una-supuesta-usurpacion-matan-a-una-mujer\/\" \/>\n<meta property=\"og:locale\" content=\"es_ES\" \/>\n<meta property=\"og:type\" content=\"article\" \/>\n<meta property=\"og:title\" content=\"Por una supuesta usurpaci\u00f3n, matan a una mujer - El Diario de Tucuman\" \/>\n<meta property=\"og:description\" content=\"El Ministerio Fiscal inform\u00f3 que en las \u00faltimas horas del lunes la Fiscal\u00eda en Homicidios II, a cargo de Adriana Giannoni, tom\u00f3 intervenci\u00f3n en un hecho de sangre en el que una\u00a0mujer falleci\u00f3 como consecuencia de los impacto de arma de fuego que sufri\u00f3 en diferentes partes de su cuerpo por parte de dos sujetos [&hellip;]\" \/>\n<meta property=\"og:url\" content=\"https:\/\/www.eldiariodetucuman.com\/web\/por-una-supuesta-usurpacion-matan-a-una-mujer\/\" \/>\n<meta property=\"og:site_name\" content=\"El Diario de Tucuman\" \/>\n<meta property=\"article:published_time\" content=\"2020-07-21T15:33:34+00:00\" \/>\n<meta property=\"og:image\" content=\"https:\/\/www.eldiariodetucuman.com\/web\/wp-content\/uploads\/2020\/07\/usurpacion-1.jpg\" \/>\n\t<meta property=\"og:image:width\" content=\"1280\" \/>\n\t<meta property=\"og:image:height\" content=\"720\" \/>\n\t<meta property=\"og:image:type\" content=\"image\/jpeg\" \/>\n<meta name=\"author\" content=\"Redactor Uno\" \/>\n<meta name=\"twitter:card\" content=\"summary_large_image\" \/>\n<meta name=\"twitter:label1\" content=\"Escrito por\" \/>\n\t<meta name=\"twitter:data1\" content=\"Redactor Uno\" \/>\n\t<meta name=\"twitter:label2\" content=\"Tiempo de lectura\" \/>\n\t<meta name=\"twitter:data2\" content=\"3 minutos\" \/>\n<script type=\"application\/ld+json\" class=\"yoast-schema-graph\">{\"@context\":\"https:\\\/\\\/schema.org\",\"@graph\":[{\"@type\":\"Article\",\"@id\":\"https:\\\/\\\/www.eldiariodetucuman.com\\\/web\\\/por-una-supuesta-usurpacion-matan-a-una-mujer\\\/#article\",\"isPartOf\":{\"@id\":\"https:\\\/\\\/www.eldiariodetucuman.com\\\/web\\\/por-una-supuesta-usurpacion-matan-a-una-mujer\\\/\"},\"author\":{\"name\":\"Redactor Uno\",\"@id\":\"https:\\\/\\\/www.eldiariodetucuman.com\\\/web\\\/#\\\/schema\\\/person\\\/7e6644a46e60888f6b868594407e08dd\"},\"headline\":\"Por una supuesta usurpaci\u00f3n, matan a una mujer\",\"datePublished\":\"2020-07-21T15:33:34+00:00\",\"mainEntityOfPage\":{\"@id\":\"https:\\\/\\\/www.eldiariodetucuman.com\\\/web\\\/por-una-supuesta-usurpacion-matan-a-una-mujer\\\/\"},\"wordCount\":607,\"publisher\":{\"@id\":\"https:\\\/\\\/www.eldiariodetucuman.com\\\/web\\\/#organization\"},\"image\":{\"@id\":\"https:\\\/\\\/www.eldiariodetucuman.com\\\/web\\\/por-una-supuesta-usurpacion-matan-a-una-mujer\\\/#primaryimage\"},\"thumbnailUrl\":\"https:\\\/\\\/www.eldiariodetucuman.com\\\/web\\\/wp-content\\\/uploads\\\/2020\\\/07\\\/usurpacion-1.jpg\",\"keywords\":[\"Policiales\",\"Tucuman\",\"usurpaci\u00f3n\"],\"articleSection\":[\"Actualidad\"],\"inLanguage\":\"es\"},{\"@type\":\"WebPage\",\"@id\":\"https:\\\/\\\/www.eldiariodetucuman.com\\\/web\\\/por-una-supuesta-usurpacion-matan-a-una-mujer\\\/\",\"url\":\"https:\\\/\\\/www.eldiariodetucuman.com\\\/web\\\/por-una-supuesta-usurpacion-matan-a-una-mujer\\\/\",\"name\":\"Por una supuesta usurpaci\u00f3n, matan a una mujer - El Diario de Tucuman\",\"isPartOf\":{\"@id\":\"https:\\\/\\\/www.eldiariodetucuman.com\\\/web\\\/#website\"},\"primaryImageOfPage\":{\"@id\":\"https:\\\/\\\/www.eldiariodetucuman.com\\\/web\\\/por-una-supuesta-usurpacion-matan-a-una-mujer\\\/#primaryimage\"},\"image\":{\"@id\":\"https:\\\/\\\/www.eldiariodetucuman.com\\\/web\\\/por-una-supuesta-usurpacion-matan-a-una-mujer\\\/#primaryimage\"},\"thumbnailUrl\":\"https:\\\/\\\/www.eldiariodetucuman.com\\\/web\\\/wp-content\\\/uploads\\\/2020\\\/07\\\/usurpacion-1.jpg\",\"datePublished\":\"2020-07-21T15:33:34+00:00\",\"breadcrumb\":{\"@id\":\"https:\\\/\\\/www.eldiariodetucuman.com\\\/web\\\/por-una-supuesta-usurpacion-matan-a-una-mujer\\\/#breadcrumb\"},\"inLanguage\":\"es\",\"potentialAction\":[{\"@type\":\"ReadAction\",\"target\":[\"https:\\\/\\\/www.eldiariodetucuman.com\\\/web\\\/por-una-supuesta-usurpacion-matan-a-una-mujer\\\/\"]}]},{\"@type\":\"ImageObject\",\"inLanguage\":\"es\",\"@id\":\"https:\\\/\\\/www.eldiariodetucuman.com\\\/web\\\/por-una-supuesta-usurpacion-matan-a-una-mujer\\\/#primaryimage\",\"url\":\"https:\\\/\\\/www.eldiariodetucuman.com\\\/web\\\/wp-content\\\/uploads\\\/2020\\\/07\\\/usurpacion-1.jpg\",\"contentUrl\":\"https:\\\/\\\/www.eldiariodetucuman.com\\\/web\\\/wp-content\\\/uploads\\\/2020\\\/07\\\/usurpacion-1.jpg\",\"width\":1280,\"height\":720},{\"@type\":\"BreadcrumbList\",\"@id\":\"https:\\\/\\\/www.eldiariodetucuman.com\\\/web\\\/por-una-supuesta-usurpacion-matan-a-una-mujer\\\/#breadcrumb\",\"itemListElement\":[{\"@type\":\"ListItem\",\"position\":1,\"name\":\"Portada\",\"item\":\"https:\\\/\\\/www.eldiariodetucuman.com\\\/web\\\/\"},{\"@type\":\"ListItem\",\"position\":2,\"name\":\"Por una supuesta usurpaci\u00f3n, matan a una mujer\"}]},{\"@type\":\"WebSite\",\"@id\":\"https:\\\/\\\/www.eldiariodetucuman.com\\\/web\\\/#website\",\"url\":\"https:\\\/\\\/www.eldiariodetucuman.com\\\/web\\\/\",\"name\":\"El Diario de Tucuman\",\"description\":\"Diario Tucuman - Informaci\u00f3n y noticias\",\"publisher\":{\"@id\":\"https:\\\/\\\/www.eldiariodetucuman.com\\\/web\\\/#organization\"},\"potentialAction\":[{\"@type\":\"SearchAction\",\"target\":{\"@type\":\"EntryPoint\",\"urlTemplate\":\"https:\\\/\\\/www.eldiariodetucuman.com\\\/web\\\/?s={search_term_string}\"},\"query-input\":{\"@type\":\"PropertyValueSpecification\",\"valueRequired\":true,\"valueName\":\"search_term_string\"}}],\"inLanguage\":\"es\"},{\"@type\":\"Organization\",\"@id\":\"https:\\\/\\\/www.eldiariodetucuman.com\\\/web\\\/#organization\",\"name\":\"El Diario de Tucuman\",\"url\":\"https:\\\/\\\/www.eldiariodetucuman.com\\\/web\\\/\",\"logo\":{\"@type\":\"ImageObject\",\"inLanguage\":\"es\",\"@id\":\"https:\\\/\\\/www.eldiariodetucuman.com\\\/web\\\/#\\\/schema\\\/logo\\\/image\\\/\",\"url\":\"http:\\\/\\\/www.eldiariodetucuman.com\\\/web\\\/wp-content\\\/uploads\\\/2017\\\/12\\\/el-diario-de-tucuman.jpg\",\"contentUrl\":\"http:\\\/\\\/www.eldiariodetucuman.com\\\/web\\\/wp-content\\\/uploads\\\/2017\\\/12\\\/el-diario-de-tucuman.jpg\",\"width\":272,\"height\":92,\"caption\":\"El Diario de Tucuman\"},\"image\":{\"@id\":\"https:\\\/\\\/www.eldiariodetucuman.com\\\/web\\\/#\\\/schema\\\/logo\\\/image\\\/\"}},{\"@type\":\"Person\",\"@id\":\"https:\\\/\\\/www.eldiariodetucuman.com\\\/web\\\/#\\\/schema\\\/person\\\/7e6644a46e60888f6b868594407e08dd\",\"name\":\"Redactor Uno\",\"image\":{\"@type\":\"ImageObject\",\"inLanguage\":\"es\",\"@id\":\"https:\\\/\\\/secure.gravatar.com\\\/avatar\\\/0049b1bdf1bd548385c9ea6b9356431717930913089febd2ba904f0187d7d074?s=96&d=mm&r=g\",\"url\":\"https:\\\/\\\/secure.gravatar.com\\\/avatar\\\/0049b1bdf1bd548385c9ea6b9356431717930913089febd2ba904f0187d7d074?s=96&d=mm&r=g\",\"contentUrl\":\"https:\\\/\\\/secure.gravatar.com\\\/avatar\\\/0049b1bdf1bd548385c9ea6b9356431717930913089febd2ba904f0187d7d074?s=96&d=mm&r=g\",\"caption\":\"Redactor Uno\"},\"url\":\"https:\\\/\\\/www.eldiariodetucuman.com\\\/web\\\/author\\\/mramasco\\\/\"}]}<\/script>\n<!-- \/ Yoast SEO plugin. -->","yoast_head_json":{"title":"Por una supuesta usurpaci\u00f3n, matan a una mujer - El Diario de Tucuman","robots":{"index":"index","follow":"follow","max-snippet":"max-snippet:-1","max-image-preview":"max-image-preview:large","max-video-preview":"max-video-preview:-1"},"canonical":"https:\/\/www.eldiariodetucuman.com\/web\/por-una-supuesta-usurpacion-matan-a-una-mujer\/","og_locale":"es_ES","og_type":"article","og_title":"Por una supuesta usurpaci\u00f3n, matan a una mujer - El Diario de Tucuman","og_description":"El Ministerio Fiscal inform\u00f3 que en las \u00faltimas horas del lunes la Fiscal\u00eda en Homicidios II, a cargo de Adriana Giannoni, tom\u00f3 intervenci\u00f3n en un hecho de sangre en el que una\u00a0mujer falleci\u00f3 como consecuencia de los impacto de arma de fuego que sufri\u00f3 en diferentes partes de su cuerpo por parte de dos sujetos [&hellip;]","og_url":"https:\/\/www.eldiariodetucuman.com\/web\/por-una-supuesta-usurpacion-matan-a-una-mujer\/","og_site_name":"El Diario de Tucuman","article_published_time":"2020-07-21T15:33:34+00:00","og_image":[{"width":1280,"height":720,"url":"https:\/\/www.eldiariodetucuman.com\/web\/wp-content\/uploads\/2020\/07\/usurpacion-1.jpg","type":"image\/jpeg"}],"author":"Redactor Uno","twitter_card":"summary_large_image","twitter_misc":{"Escrito por":"Redactor Uno","Tiempo de lectura":"3 minutos"},"schema":{"@context":"https:\/\/schema.org","@graph":[{"@type":"Article","@id":"https:\/\/www.eldiariodetucuman.com\/web\/por-una-supuesta-usurpacion-matan-a-una-mujer\/#article","isPartOf":{"@id":"https:\/\/www.eldiariodetucuman.com\/web\/por-una-supuesta-usurpacion-matan-a-una-mujer\/"},"author":{"name":"Redactor Uno","@id":"https:\/\/www.eldiariodetucuman.com\/web\/#\/schema\/person\/7e6644a46e60888f6b868594407e08dd"},"headline":"Por una supuesta usurpaci\u00f3n, matan a una mujer","datePublished":"2020-07-21T15:33:34+00:00","mainEntityOfPage":{"@id":"https:\/\/www.eldiariodetucuman.com\/web\/por-una-supuesta-usurpacion-matan-a-una-mujer\/"},"wordCount":607,"publisher":{"@id":"https:\/\/www.eldiariodetucuman.com\/web\/#organization"},"image":{"@id":"https:\/\/www.eldiariodetucuman.com\/web\/por-una-supuesta-usurpacion-matan-a-una-mujer\/#primaryimage"},"thumbnailUrl":"https:\/\/www.eldiariodetucuman.com\/web\/wp-content\/uploads\/2020\/07\/usurpacion-1.jpg","keywords":["Policiales","Tucuman","usurpaci\u00f3n"],"articleSection":["Actualidad"],"inLanguage":"es"},{"@type":"WebPage","@id":"https:\/\/www.eldiariodetucuman.com\/web\/por-una-supuesta-usurpacion-matan-a-una-mujer\/","url":"https:\/\/www.eldiariodetucuman.com\/web\/por-una-supuesta-usurpacion-matan-a-una-mujer\/","name":"Por una supuesta usurpaci\u00f3n, matan a una mujer - El Diario de Tucuman","isPartOf":{"@id":"https:\/\/www.eldiariodetucuman.com\/web\/#website"},"primaryImageOfPage":{"@id":"https:\/\/www.eldiariodetucuman.com\/web\/por-una-supuesta-usurpacion-matan-a-una-mujer\/#primaryimage"},"image":{"@id":"https:\/\/www.eldiariodetucuman.com\/web\/por-una-supuesta-usurpacion-matan-a-una-mujer\/#primaryimage"},"thumbnailUrl":"https:\/\/www.eldiariodetucuman.com\/web\/wp-content\/uploads\/2020\/07\/usurpacion-1.jpg","datePublished":"2020-07-21T15:33:34+00:00","breadcrumb":{"@id":"https:\/\/www.eldiariodetucuman.com\/web\/por-una-supuesta-usurpacion-matan-a-una-mujer\/#breadcrumb"},"inLanguage":"es","potentialAction":[{"@type":"ReadAction","target":["https:\/\/www.eldiariodetucuman.com\/web\/por-una-supuesta-usurpacion-matan-a-una-mujer\/"]}]},{"@type":"ImageObject","inLanguage":"es","@id":"https:\/\/www.eldiariodetucuman.com\/web\/por-una-supuesta-usurpacion-matan-a-una-mujer\/#primaryimage","url":"https:\/\/www.eldiariodetucuman.com\/web\/wp-content\/uploads\/2020\/07\/usurpacion-1.jpg","contentUrl":"https:\/\/www.eldiariodetucuman.com\/web\/wp-content\/uploads\/2020\/07\/usurpacion-1.jpg","width":1280,"height":720},{"@type":"BreadcrumbList","@id":"https:\/\/www.eldiariodetucuman.com\/web\/por-una-supuesta-usurpacion-matan-a-una-mujer\/#breadcrumb","itemListElement":[{"@type":"ListItem","position":1,"name":"Portada","item":"https:\/\/www.eldiariodetucuman.com\/web\/"},{"@type":"ListItem","position":2,"name":"Por una supuesta usurpaci\u00f3n, matan a una mujer"}]},{"@type":"WebSite","@id":"https:\/\/www.eldiariodetucuman.com\/web\/#website","url":"https:\/\/www.eldiariodetucuman.com\/web\/","name":"El Diario de Tucuman","description":"Diario Tucuman - Informaci\u00f3n y noticias","publisher":{"@id":"https:\/\/www.eldiariodetucuman.com\/web\/#organization"},"potentialAction":[{"@type":"SearchAction","target":{"@type":"EntryPoint","urlTemplate":"https:\/\/www.eldiariodetucuman.com\/web\/?s={search_term_string}"},"query-input":{"@type":"PropertyValueSpecification","valueRequired":true,"valueName":"search_term_string"}}],"inLanguage":"es"},{"@type":"Organization","@id":"https:\/\/www.eldiariodetucuman.com\/web\/#organization","name":"El Diario de Tucuman","url":"https:\/\/www.eldiariodetucuman.com\/web\/","logo":{"@type":"ImageObject","inLanguage":"es","@id":"https:\/\/www.eldiariodetucuman.com\/web\/#\/schema\/logo\/image\/","url":"http:\/\/www.eldiariodetucuman.com\/web\/wp-content\/uploads\/2017\/12\/el-diario-de-tucuman.jpg","contentUrl":"http:\/\/www.eldiariodetucuman.com\/web\/wp-content\/uploads\/2017\/12\/el-diario-de-tucuman.jpg","width":272,"height":92,"caption":"El Diario de Tucuman"},"image":{"@id":"https:\/\/www.eldiariodetucuman.com\/web\/#\/schema\/logo\/image\/"}},{"@type":"Person","@id":"https:\/\/www.eldiariodetucuman.com\/web\/#\/schema\/person\/7e6644a46e60888f6b868594407e08dd","name":"Redactor Uno","image":{"@type":"ImageObject","inLanguage":"es","@id":"https:\/\/secure.gravatar.com\/avatar\/0049b1bdf1bd548385c9ea6b9356431717930913089febd2ba904f0187d7d074?s=96&d=mm&r=g","url":"https:\/\/secure.gravatar.com\/avatar\/0049b1bdf1bd548385c9ea6b9356431717930913089febd2ba904f0187d7d074?s=96&d=mm&r=g","contentUrl":"https:\/\/secure.gravatar.com\/avatar\/0049b1bdf1bd548385c9ea6b9356431717930913089febd2ba904f0187d7d074?s=96&d=mm&r=g","caption":"Redactor Uno"},"url":"https:\/\/www.eldiariodetucuman.com\/web\/author\/mramasco\/"}]}},"_links":{"self":[{"href":"https:\/\/www.eldiariodetucuman.com\/web\/wp-json\/wp\/v2\/posts\/28293","targetHints":{"allow":["GET"]}}],"collection":[{"href":"https:\/\/www.eldiariodetucuman.com\/web\/wp-json\/wp\/v2\/posts"}],"about":[{"href":"https:\/\/www.eldiariodetucuman.com\/web\/wp-json\/wp\/v2\/types\/post"}],"author":[{"embeddable":true,"href":"https:\/\/www.eldiariodetucuman.com\/web\/wp-json\/wp\/v2\/users\/5"}],"replies":[{"embeddable":true,"href":"https:\/\/www.eldiariodetucuman.com\/web\/wp-json\/wp\/v2\/comments?post=28293"}],"version-history":[{"count":2,"href":"https:\/\/www.eldiariodetucuman.com\/web\/wp-json\/wp\/v2\/posts\/28293\/revisions"}],"predecessor-version":[{"id":28297,"href":"https:\/\/www.eldiariodetucuman.com\/web\/wp-json\/wp\/v2\/posts\/28293\/revisions\/28297"}],"wp:featuredmedia":[{"embeddable":true,"href":"https:\/\/www.eldiariodetucuman.com\/web\/wp-json\/wp\/v2\/media\/28295"}],"wp:attachment":[{"href":"https:\/\/www.eldiariodetucuman.com\/web\/wp-json\/wp\/v2\/media?parent=28293"}],"wp:term":[{"taxonomy":"category","embeddable":true,"href":"https:\/\/www.eldiariodetucuman.com\/web\/wp-json\/wp\/v2\/categories?post=28293"},{"taxonomy":"post_tag","embeddable":true,"href":"https:\/\/www.eldiariodetucuman.com\/web\/wp-json\/wp\/v2\/tags?post=28293"}],"curies":[{"name":"wp","href":"https:\/\/api.w.org\/{rel}","templated":true}]}}