{"id":28289,"date":"2020-07-20T13:55:35","date_gmt":"2020-07-20T16:55:35","guid":{"rendered":"http:\/\/www.eldiariodetucuman.com\/web\/?p=28289"},"modified":"2020-07-20T14:00:33","modified_gmt":"2020-07-20T17:00:33","slug":"coronacrisis-la-tasa-de-desempleo-superaria-el-15-durante-el-segundo-trimestre","status":"publish","type":"post","link":"https:\/\/www.eldiariodetucuman.com\/web\/coronacrisis-la-tasa-de-desempleo-superaria-el-15-durante-el-segundo-trimestre\/","title":{"rendered":"Coronacrisis: la tasa de desempleo superar\u00eda el 15% durante el segundo trimestre"},"content":{"rendered":"<p><span id=\"copete\">Un informe de la consultora Ecolatina titulado \u00abEl empleo en cuarentena: menos puestos de trabajo, m\u00e1s desocupaci\u00f3n\u00bb, se\u00f1ala que los principales afectados por el deterioro del mercado laboral son los trabajadores informales y cuentapropistas.<\/span><\/p>\n<p><!--more--><\/p>\n<p>La tasa de desempleo habr\u00eda superado el 15% durante el segundo trimestre y cerrar\u00eda el a\u00f1o apenas por debajo de ese guarismo -en torno al 13,5%-, a causa de la destrucci\u00f3n de puestos de trabajo relacionada con la pandemia de coronavirus, de acuerdo con un informe de la consultora Ecolatina.<\/p>\n<p>\u00abProyectamos que la tasa de desempleo habr\u00eda superado el 15% durante el segundo trimestre, y cerrar\u00eda el a\u00f1o en la zona del 13,5%, habiendo escalado m\u00e1s de 4 puntos porcentuales durante 2020. Pese a que dicha cifra se ubicar\u00e1 por debajo del pico de 20% de 2002, no deja de ser preocupante\u00bb, se\u00f1al\u00f3 Ecolatina.<\/p>\n<p>En el informe \u00abEl empleo en cuarentena: menos puestos de trabajo, m\u00e1s desocupaci\u00f3n\u00bb, la consultora se\u00f1al\u00f3 que \u00ablos principales afectados por el deterioro del mercado laboral son los trabajadores informales y cuentapropistas, a quienes, en muchos casos, la merma en los ingresos podr\u00eda ocasionarles caer por debajo de la l\u00ednea de pobreza\u00bb.<\/p>\n<p>Los sectores no esenciales, la construcci\u00f3n y restaurantes y hoteles \u00abser\u00e1n los m\u00e1s perjudicados\u00bb y \u00aben suma, estimamos que la cuarentena ocasionar\u00eda una p\u00e9rdida de 400 mil asalariados privados registrados\u00bb.<\/p>\n<p>Seg\u00fan datos del Ministerio de Trabajo, entre diciembre de 2019 y abril de 2020 se destruyeron el 2,5% del total de los empleos formales (-310 mil), superando la ca\u00edda acumulada en 2018-2019.<\/p>\n<p>En este caso, el deterioro no estuvo liderado por los trabajadores asalariados privados registrados (-3,2%, -194 mil puestos), sino por aut\u00f3nomos (-5,2%) y monotributistas (-4%).<\/p>\n<p>\u00abEsta l\u00f3gica responde al distinto nivel de exposici\u00f3n en que se encuentra cada modalidad de ocupaci\u00f3n: los despidos del sector privado est\u00e1n prohibidos por decreto, algo que no abarca a los trabajadores independientes\u00bb, analiz\u00f3 la consultora.<\/p>\n<p>\u00abEs de esperarse que tras el confinamiento los trabajadores informales o cuentapropistas vayan reinsert\u00e1ndose gradualmente a sus actividades, ya que estas modalidades son, sin dudas, las que mayor terreno tienen por recuperar en el corto plazo\u00bb, concluy\u00f3 Ecolatina.<\/p>\n<p><strong>Fuente:<\/strong> <a href=\"http:\/\/www.tucumanoticias.com.ar\/noticia\/actualidad\/por-la-pandemia-la-tasa-de-desempleo-superaria-el-15-durante-el-segundo-trimestre-210149.html\">http:\/\/www.tucumanoticias.com.ar\/noticia\/actualidad\/por-la-pandemia-la-tasa-de-desempleo-superaria-el-15-durante-el-segundo-trimestre-210149.html<\/a><\/p>\n","protected":false},"excerpt":{"rendered":"<p>Un informe de la consultora Ecolatina titulado \u00abEl empleo en cuarentena: menos puestos de trabajo, m\u00e1s desocupaci\u00f3n\u00bb, se\u00f1ala que los principales afectados por el deterioro del mercado laboral son los trabajadores informales y cuentapropistas.<\/p>\n","protected":false},"author":5,"featured_media":26036,"comment_status":"closed","ping_status":"open","sticky":false,"template":"","format":"standard","meta":{"footnotes":""},"categories":[2],"tags":[134,1854,847,456],"class_list":{"0":"post-28289","1":"post","2":"type-post","3":"status-publish","4":"format-standard","5":"has-post-thumbnail","7":"category-actualidad","8":"tag-argentina","9":"tag-crisis","10":"tag-economia","11":"tag-trabajo"},"yoast_head":"<!-- This site is optimized with the Yoast SEO plugin v27.4 - https:\/\/yoast.com\/product\/yoast-seo-wordpress\/ -->\n<title>Coronacrisis: la tasa de desempleo superar\u00eda el 15% durante el segundo trimestre - El Diario de Tucuman<\/title>\n<meta name=\"robots\" content=\"index, follow, max-snippet:-1, max-image-preview:large, max-video-preview:-1\" \/>\n<link rel=\"canonical\" href=\"https:\/\/www.eldiariodetucuman.com\/web\/coronacrisis-la-tasa-de-desempleo-superaria-el-15-durante-el-segundo-trimestre\/\" \/>\n<meta property=\"og:locale\" content=\"es_ES\" \/>\n<meta property=\"og:type\" content=\"article\" \/>\n<meta property=\"og:title\" content=\"Coronacrisis: la tasa de desempleo superar\u00eda el 15% durante el segundo trimestre - El Diario de Tucuman\" \/>\n<meta property=\"og:description\" content=\"Un informe de la consultora Ecolatina titulado \u00abEl empleo en cuarentena: menos puestos de trabajo, m\u00e1s desocupaci\u00f3n\u00bb, se\u00f1ala que los principales afectados por el deterioro del mercado laboral son los trabajadores informales y cuentapropistas.\" \/>\n<meta property=\"og:url\" content=\"https:\/\/www.eldiariodetucuman.com\/web\/coronacrisis-la-tasa-de-desempleo-superaria-el-15-durante-el-segundo-trimestre\/\" \/>\n<meta property=\"og:site_name\" content=\"El Diario de Tucuman\" \/>\n<meta property=\"article:published_time\" content=\"2020-07-20T16:55:35+00:00\" \/>\n<meta property=\"article:modified_time\" content=\"2020-07-20T17:00:33+00:00\" \/>\n<meta property=\"og:image\" content=\"https:\/\/www.eldiariodetucuman.com\/web\/wp-content\/uploads\/2019\/12\/desempleo.png\" \/>\n\t<meta property=\"og:image:width\" content=\"770\" \/>\n\t<meta property=\"og:image:height\" content=\"495\" \/>\n\t<meta property=\"og:image:type\" content=\"image\/png\" \/>\n<meta name=\"author\" content=\"Redactor Uno\" \/>\n<meta name=\"twitter:card\" content=\"summary_large_image\" \/>\n<meta name=\"twitter:label1\" content=\"Escrito por\" \/>\n\t<meta name=\"twitter:data1\" content=\"Redactor Uno\" \/>\n\t<meta name=\"twitter:label2\" content=\"Tiempo de lectura\" \/>\n\t<meta name=\"twitter:data2\" content=\"2 minutos\" \/>\n<script type=\"application\/ld+json\" class=\"yoast-schema-graph\">{\"@context\":\"https:\\\/\\\/schema.org\",\"@graph\":[{\"@type\":\"Article\",\"@id\":\"https:\\\/\\\/www.eldiariodetucuman.com\\\/web\\\/coronacrisis-la-tasa-de-desempleo-superaria-el-15-durante-el-segundo-trimestre\\\/#article\",\"isPartOf\":{\"@id\":\"https:\\\/\\\/www.eldiariodetucuman.com\\\/web\\\/coronacrisis-la-tasa-de-desempleo-superaria-el-15-durante-el-segundo-trimestre\\\/\"},\"author\":{\"name\":\"Redactor Uno\",\"@id\":\"https:\\\/\\\/www.eldiariodetucuman.com\\\/web\\\/#\\\/schema\\\/person\\\/7e6644a46e60888f6b868594407e08dd\"},\"headline\":\"Coronacrisis: la tasa de desempleo superar\u00eda el 15% durante el segundo trimestre\",\"datePublished\":\"2020-07-20T16:55:35+00:00\",\"dateModified\":\"2020-07-20T17:00:33+00:00\",\"mainEntityOfPage\":{\"@id\":\"https:\\\/\\\/www.eldiariodetucuman.com\\\/web\\\/coronacrisis-la-tasa-de-desempleo-superaria-el-15-durante-el-segundo-trimestre\\\/\"},\"wordCount\":393,\"publisher\":{\"@id\":\"https:\\\/\\\/www.eldiariodetucuman.com\\\/web\\\/#organization\"},\"image\":{\"@id\":\"https:\\\/\\\/www.eldiariodetucuman.com\\\/web\\\/coronacrisis-la-tasa-de-desempleo-superaria-el-15-durante-el-segundo-trimestre\\\/#primaryimage\"},\"thumbnailUrl\":\"https:\\\/\\\/www.eldiariodetucuman.com\\\/web\\\/wp-content\\\/uploads\\\/2019\\\/12\\\/desempleo.png\",\"keywords\":[\"Argentina\",\"crisis\",\"economia\",\"Trabajo\"],\"articleSection\":[\"Actualidad\"],\"inLanguage\":\"es\"},{\"@type\":\"WebPage\",\"@id\":\"https:\\\/\\\/www.eldiariodetucuman.com\\\/web\\\/coronacrisis-la-tasa-de-desempleo-superaria-el-15-durante-el-segundo-trimestre\\\/\",\"url\":\"https:\\\/\\\/www.eldiariodetucuman.com\\\/web\\\/coronacrisis-la-tasa-de-desempleo-superaria-el-15-durante-el-segundo-trimestre\\\/\",\"name\":\"Coronacrisis: la tasa de desempleo superar\u00eda el 15% durante el segundo trimestre - El Diario de Tucuman\",\"isPartOf\":{\"@id\":\"https:\\\/\\\/www.eldiariodetucuman.com\\\/web\\\/#website\"},\"primaryImageOfPage\":{\"@id\":\"https:\\\/\\\/www.eldiariodetucuman.com\\\/web\\\/coronacrisis-la-tasa-de-desempleo-superaria-el-15-durante-el-segundo-trimestre\\\/#primaryimage\"},\"image\":{\"@id\":\"https:\\\/\\\/www.eldiariodetucuman.com\\\/web\\\/coronacrisis-la-tasa-de-desempleo-superaria-el-15-durante-el-segundo-trimestre\\\/#primaryimage\"},\"thumbnailUrl\":\"https:\\\/\\\/www.eldiariodetucuman.com\\\/web\\\/wp-content\\\/uploads\\\/2019\\\/12\\\/desempleo.png\",\"datePublished\":\"2020-07-20T16:55:35+00:00\",\"dateModified\":\"2020-07-20T17:00:33+00:00\",\"breadcrumb\":{\"@id\":\"https:\\\/\\\/www.eldiariodetucuman.com\\\/web\\\/coronacrisis-la-tasa-de-desempleo-superaria-el-15-durante-el-segundo-trimestre\\\/#breadcrumb\"},\"inLanguage\":\"es\",\"potentialAction\":[{\"@type\":\"ReadAction\",\"target\":[\"https:\\\/\\\/www.eldiariodetucuman.com\\\/web\\\/coronacrisis-la-tasa-de-desempleo-superaria-el-15-durante-el-segundo-trimestre\\\/\"]}]},{\"@type\":\"ImageObject\",\"inLanguage\":\"es\",\"@id\":\"https:\\\/\\\/www.eldiariodetucuman.com\\\/web\\\/coronacrisis-la-tasa-de-desempleo-superaria-el-15-durante-el-segundo-trimestre\\\/#primaryimage\",\"url\":\"https:\\\/\\\/www.eldiariodetucuman.com\\\/web\\\/wp-content\\\/uploads\\\/2019\\\/12\\\/desempleo.png\",\"contentUrl\":\"https:\\\/\\\/www.eldiariodetucuman.com\\\/web\\\/wp-content\\\/uploads\\\/2019\\\/12\\\/desempleo.png\",\"width\":770,\"height\":495},{\"@type\":\"BreadcrumbList\",\"@id\":\"https:\\\/\\\/www.eldiariodetucuman.com\\\/web\\\/coronacrisis-la-tasa-de-desempleo-superaria-el-15-durante-el-segundo-trimestre\\\/#breadcrumb\",\"itemListElement\":[{\"@type\":\"ListItem\",\"position\":1,\"name\":\"Portada\",\"item\":\"https:\\\/\\\/www.eldiariodetucuman.com\\\/web\\\/\"},{\"@type\":\"ListItem\",\"position\":2,\"name\":\"Coronacrisis: la tasa de desempleo superar\u00eda el 15% durante el segundo trimestre\"}]},{\"@type\":\"WebSite\",\"@id\":\"https:\\\/\\\/www.eldiariodetucuman.com\\\/web\\\/#website\",\"url\":\"https:\\\/\\\/www.eldiariodetucuman.com\\\/web\\\/\",\"name\":\"El Diario de Tucuman\",\"description\":\"Diario Tucuman - Informaci\u00f3n y noticias\",\"publisher\":{\"@id\":\"https:\\\/\\\/www.eldiariodetucuman.com\\\/web\\\/#organization\"},\"potentialAction\":[{\"@type\":\"SearchAction\",\"target\":{\"@type\":\"EntryPoint\",\"urlTemplate\":\"https:\\\/\\\/www.eldiariodetucuman.com\\\/web\\\/?s={search_term_string}\"},\"query-input\":{\"@type\":\"PropertyValueSpecification\",\"valueRequired\":true,\"valueName\":\"search_term_string\"}}],\"inLanguage\":\"es\"},{\"@type\":\"Organization\",\"@id\":\"https:\\\/\\\/www.eldiariodetucuman.com\\\/web\\\/#organization\",\"name\":\"El Diario de Tucuman\",\"url\":\"https:\\\/\\\/www.eldiariodetucuman.com\\\/web\\\/\",\"logo\":{\"@type\":\"ImageObject\",\"inLanguage\":\"es\",\"@id\":\"https:\\\/\\\/www.eldiariodetucuman.com\\\/web\\\/#\\\/schema\\\/logo\\\/image\\\/\",\"url\":\"http:\\\/\\\/www.eldiariodetucuman.com\\\/web\\\/wp-content\\\/uploads\\\/2017\\\/12\\\/el-diario-de-tucuman.jpg\",\"contentUrl\":\"http:\\\/\\\/www.eldiariodetucuman.com\\\/web\\\/wp-content\\\/uploads\\\/2017\\\/12\\\/el-diario-de-tucuman.jpg\",\"width\":272,\"height\":92,\"caption\":\"El Diario de Tucuman\"},\"image\":{\"@id\":\"https:\\\/\\\/www.eldiariodetucuman.com\\\/web\\\/#\\\/schema\\\/logo\\\/image\\\/\"}},{\"@type\":\"Person\",\"@id\":\"https:\\\/\\\/www.eldiariodetucuman.com\\\/web\\\/#\\\/schema\\\/person\\\/7e6644a46e60888f6b868594407e08dd\",\"name\":\"Redactor Uno\",\"image\":{\"@type\":\"ImageObject\",\"inLanguage\":\"es\",\"@id\":\"https:\\\/\\\/secure.gravatar.com\\\/avatar\\\/0049b1bdf1bd548385c9ea6b9356431717930913089febd2ba904f0187d7d074?s=96&d=mm&r=g\",\"url\":\"https:\\\/\\\/secure.gravatar.com\\\/avatar\\\/0049b1bdf1bd548385c9ea6b9356431717930913089febd2ba904f0187d7d074?s=96&d=mm&r=g\",\"contentUrl\":\"https:\\\/\\\/secure.gravatar.com\\\/avatar\\\/0049b1bdf1bd548385c9ea6b9356431717930913089febd2ba904f0187d7d074?s=96&d=mm&r=g\",\"caption\":\"Redactor Uno\"},\"url\":\"https:\\\/\\\/www.eldiariodetucuman.com\\\/web\\\/author\\\/mramasco\\\/\"}]}<\/script>\n<!-- \/ Yoast SEO plugin. -->","yoast_head_json":{"title":"Coronacrisis: la tasa de desempleo superar\u00eda el 15% durante el segundo trimestre - El Diario de Tucuman","robots":{"index":"index","follow":"follow","max-snippet":"max-snippet:-1","max-image-preview":"max-image-preview:large","max-video-preview":"max-video-preview:-1"},"canonical":"https:\/\/www.eldiariodetucuman.com\/web\/coronacrisis-la-tasa-de-desempleo-superaria-el-15-durante-el-segundo-trimestre\/","og_locale":"es_ES","og_type":"article","og_title":"Coronacrisis: la tasa de desempleo superar\u00eda el 15% durante el segundo trimestre - El Diario de Tucuman","og_description":"Un informe de la consultora Ecolatina titulado \u00abEl empleo en cuarentena: menos puestos de trabajo, m\u00e1s desocupaci\u00f3n\u00bb, se\u00f1ala que los principales afectados por el deterioro del mercado laboral son los trabajadores informales y cuentapropistas.","og_url":"https:\/\/www.eldiariodetucuman.com\/web\/coronacrisis-la-tasa-de-desempleo-superaria-el-15-durante-el-segundo-trimestre\/","og_site_name":"El Diario de Tucuman","article_published_time":"2020-07-20T16:55:35+00:00","article_modified_time":"2020-07-20T17:00:33+00:00","og_image":[{"width":770,"height":495,"url":"https:\/\/www.eldiariodetucuman.com\/web\/wp-content\/uploads\/2019\/12\/desempleo.png","type":"image\/png"}],"author":"Redactor Uno","twitter_card":"summary_large_image","twitter_misc":{"Escrito por":"Redactor Uno","Tiempo de lectura":"2 minutos"},"schema":{"@context":"https:\/\/schema.org","@graph":[{"@type":"Article","@id":"https:\/\/www.eldiariodetucuman.com\/web\/coronacrisis-la-tasa-de-desempleo-superaria-el-15-durante-el-segundo-trimestre\/#article","isPartOf":{"@id":"https:\/\/www.eldiariodetucuman.com\/web\/coronacrisis-la-tasa-de-desempleo-superaria-el-15-durante-el-segundo-trimestre\/"},"author":{"name":"Redactor Uno","@id":"https:\/\/www.eldiariodetucuman.com\/web\/#\/schema\/person\/7e6644a46e60888f6b868594407e08dd"},"headline":"Coronacrisis: la tasa de desempleo superar\u00eda el 15% durante el segundo trimestre","datePublished":"2020-07-20T16:55:35+00:00","dateModified":"2020-07-20T17:00:33+00:00","mainEntityOfPage":{"@id":"https:\/\/www.eldiariodetucuman.com\/web\/coronacrisis-la-tasa-de-desempleo-superaria-el-15-durante-el-segundo-trimestre\/"},"wordCount":393,"publisher":{"@id":"https:\/\/www.eldiariodetucuman.com\/web\/#organization"},"image":{"@id":"https:\/\/www.eldiariodetucuman.com\/web\/coronacrisis-la-tasa-de-desempleo-superaria-el-15-durante-el-segundo-trimestre\/#primaryimage"},"thumbnailUrl":"https:\/\/www.eldiariodetucuman.com\/web\/wp-content\/uploads\/2019\/12\/desempleo.png","keywords":["Argentina","crisis","economia","Trabajo"],"articleSection":["Actualidad"],"inLanguage":"es"},{"@type":"WebPage","@id":"https:\/\/www.eldiariodetucuman.com\/web\/coronacrisis-la-tasa-de-desempleo-superaria-el-15-durante-el-segundo-trimestre\/","url":"https:\/\/www.eldiariodetucuman.com\/web\/coronacrisis-la-tasa-de-desempleo-superaria-el-15-durante-el-segundo-trimestre\/","name":"Coronacrisis: la tasa de desempleo superar\u00eda el 15% durante el segundo trimestre - El Diario de Tucuman","isPartOf":{"@id":"https:\/\/www.eldiariodetucuman.com\/web\/#website"},"primaryImageOfPage":{"@id":"https:\/\/www.eldiariodetucuman.com\/web\/coronacrisis-la-tasa-de-desempleo-superaria-el-15-durante-el-segundo-trimestre\/#primaryimage"},"image":{"@id":"https:\/\/www.eldiariodetucuman.com\/web\/coronacrisis-la-tasa-de-desempleo-superaria-el-15-durante-el-segundo-trimestre\/#primaryimage"},"thumbnailUrl":"https:\/\/www.eldiariodetucuman.com\/web\/wp-content\/uploads\/2019\/12\/desempleo.png","datePublished":"2020-07-20T16:55:35+00:00","dateModified":"2020-07-20T17:00:33+00:00","breadcrumb":{"@id":"https:\/\/www.eldiariodetucuman.com\/web\/coronacrisis-la-tasa-de-desempleo-superaria-el-15-durante-el-segundo-trimestre\/#breadcrumb"},"inLanguage":"es","potentialAction":[{"@type":"ReadAction","target":["https:\/\/www.eldiariodetucuman.com\/web\/coronacrisis-la-tasa-de-desempleo-superaria-el-15-durante-el-segundo-trimestre\/"]}]},{"@type":"ImageObject","inLanguage":"es","@id":"https:\/\/www.eldiariodetucuman.com\/web\/coronacrisis-la-tasa-de-desempleo-superaria-el-15-durante-el-segundo-trimestre\/#primaryimage","url":"https:\/\/www.eldiariodetucuman.com\/web\/wp-content\/uploads\/2019\/12\/desempleo.png","contentUrl":"https:\/\/www.eldiariodetucuman.com\/web\/wp-content\/uploads\/2019\/12\/desempleo.png","width":770,"height":495},{"@type":"BreadcrumbList","@id":"https:\/\/www.eldiariodetucuman.com\/web\/coronacrisis-la-tasa-de-desempleo-superaria-el-15-durante-el-segundo-trimestre\/#breadcrumb","itemListElement":[{"@type":"ListItem","position":1,"name":"Portada","item":"https:\/\/www.eldiariodetucuman.com\/web\/"},{"@type":"ListItem","position":2,"name":"Coronacrisis: la tasa de desempleo superar\u00eda el 15% durante el segundo trimestre"}]},{"@type":"WebSite","@id":"https:\/\/www.eldiariodetucuman.com\/web\/#website","url":"https:\/\/www.eldiariodetucuman.com\/web\/","name":"El Diario de Tucuman","description":"Diario Tucuman - Informaci\u00f3n y noticias","publisher":{"@id":"https:\/\/www.eldiariodetucuman.com\/web\/#organization"},"potentialAction":[{"@type":"SearchAction","target":{"@type":"EntryPoint","urlTemplate":"https:\/\/www.eldiariodetucuman.com\/web\/?s={search_term_string}"},"query-input":{"@type":"PropertyValueSpecification","valueRequired":true,"valueName":"search_term_string"}}],"inLanguage":"es"},{"@type":"Organization","@id":"https:\/\/www.eldiariodetucuman.com\/web\/#organization","name":"El Diario de Tucuman","url":"https:\/\/www.eldiariodetucuman.com\/web\/","logo":{"@type":"ImageObject","inLanguage":"es","@id":"https:\/\/www.eldiariodetucuman.com\/web\/#\/schema\/logo\/image\/","url":"http:\/\/www.eldiariodetucuman.com\/web\/wp-content\/uploads\/2017\/12\/el-diario-de-tucuman.jpg","contentUrl":"http:\/\/www.eldiariodetucuman.com\/web\/wp-content\/uploads\/2017\/12\/el-diario-de-tucuman.jpg","width":272,"height":92,"caption":"El Diario de Tucuman"},"image":{"@id":"https:\/\/www.eldiariodetucuman.com\/web\/#\/schema\/logo\/image\/"}},{"@type":"Person","@id":"https:\/\/www.eldiariodetucuman.com\/web\/#\/schema\/person\/7e6644a46e60888f6b868594407e08dd","name":"Redactor Uno","image":{"@type":"ImageObject","inLanguage":"es","@id":"https:\/\/secure.gravatar.com\/avatar\/0049b1bdf1bd548385c9ea6b9356431717930913089febd2ba904f0187d7d074?s=96&d=mm&r=g","url":"https:\/\/secure.gravatar.com\/avatar\/0049b1bdf1bd548385c9ea6b9356431717930913089febd2ba904f0187d7d074?s=96&d=mm&r=g","contentUrl":"https:\/\/secure.gravatar.com\/avatar\/0049b1bdf1bd548385c9ea6b9356431717930913089febd2ba904f0187d7d074?s=96&d=mm&r=g","caption":"Redactor Uno"},"url":"https:\/\/www.eldiariodetucuman.com\/web\/author\/mramasco\/"}]}},"_links":{"self":[{"href":"https:\/\/www.eldiariodetucuman.com\/web\/wp-json\/wp\/v2\/posts\/28289","targetHints":{"allow":["GET"]}}],"collection":[{"href":"https:\/\/www.eldiariodetucuman.com\/web\/wp-json\/wp\/v2\/posts"}],"about":[{"href":"https:\/\/www.eldiariodetucuman.com\/web\/wp-json\/wp\/v2\/types\/post"}],"author":[{"embeddable":true,"href":"https:\/\/www.eldiariodetucuman.com\/web\/wp-json\/wp\/v2\/users\/5"}],"replies":[{"embeddable":true,"href":"https:\/\/www.eldiariodetucuman.com\/web\/wp-json\/wp\/v2\/comments?post=28289"}],"version-history":[{"count":3,"href":"https:\/\/www.eldiariodetucuman.com\/web\/wp-json\/wp\/v2\/posts\/28289\/revisions"}],"predecessor-version":[{"id":28292,"href":"https:\/\/www.eldiariodetucuman.com\/web\/wp-json\/wp\/v2\/posts\/28289\/revisions\/28292"}],"wp:featuredmedia":[{"embeddable":true,"href":"https:\/\/www.eldiariodetucuman.com\/web\/wp-json\/wp\/v2\/media\/26036"}],"wp:attachment":[{"href":"https:\/\/www.eldiariodetucuman.com\/web\/wp-json\/wp\/v2\/media?parent=28289"}],"wp:term":[{"taxonomy":"category","embeddable":true,"href":"https:\/\/www.eldiariodetucuman.com\/web\/wp-json\/wp\/v2\/categories?post=28289"},{"taxonomy":"post_tag","embeddable":true,"href":"https:\/\/www.eldiariodetucuman.com\/web\/wp-json\/wp\/v2\/tags?post=28289"}],"curies":[{"name":"wp","href":"https:\/\/api.w.org\/{rel}","templated":true}]}}