{"id":28286,"date":"2020-07-20T13:47:23","date_gmt":"2020-07-20T16:47:23","guid":{"rendered":"http:\/\/www.eldiariodetucuman.com\/web\/?p=28286"},"modified":"2020-07-20T13:47:23","modified_gmt":"2020-07-20T16:47:23","slug":"tras-dos-postergaciones-finalmente-llega-el-hot-sale-2020","status":"publish","type":"post","link":"https:\/\/www.eldiariodetucuman.com\/web\/tras-dos-postergaciones-finalmente-llega-el-hot-sale-2020\/","title":{"rendered":"Tras dos postergaciones, finalmente llega el Hot Sale 2020"},"content":{"rendered":"<hgroup class=\"zona-titulo\"><\/hgroup>\n<p>Se llevar\u00e1 a cabo los d\u00edas 27, 28 y 29 de julio tras dos postergaciones por la cuarentena del Covid-19.<\/p>\n<p><!--more--><\/p>\n<div class=\"row\">\n<div class=\"col-md-11\">\n<div id=\"cuerpo-nota\" class=\"cuerpo-nota\">\n<p>Tras dos intentos fallidos por la cuarentena, este\u00a0<strong>27, 28 y 29 de julio<\/strong>\u00a0llega finalmente lugar el evento de importantes descuentos online\u00a0<strong>Hot Sale 2020<\/strong>\u00a0tras dos postergaciones por la cuarentena por el\u00a0<strong>Covid-19<\/strong>.<\/p>\n<p>En esta oportunidad participar\u00e1n 710 marcas, lo que supone un r\u00e9cord en la cantidad de empresas, divididas en 10 categor\u00edas:\u00a0<em><strong>Electro y Tecno, Indumentaria y Calzado, Viajes, Muebles, Hogar y Deco, Deportes y Fitness, Beb\u00e9s y Ni\u00f1os, Cosm\u00e9tica y Belleza, Automotriz, Alimentos y Bebidas y Varios.<\/strong><\/em><\/p>\n<p>\u201cDefinitivamente est\u00e1 todo dado para que esta vez el evento se realice y hay un \u00e1nimo de dar un paso adelante para salir de la cuarentena; por eso el lema ser\u00e1 Hot Sale recargado o Hot Sale recargate. El tiempo adicional nos permiti\u00f3 que se acomodara el tema log\u00edstico, tan complicado cuando comenz\u00f3 la cuarentena, y cuando lo pasamos del 6 al 27 se sumaron 70 marcas m\u00e1s, con lo cual estamos en 710, contra las 550 del \u00faltimo evento de noviembre pasado\u201c, explic\u00f3 al respecto\u00a0<strong>Gustavo Sambucetti<\/strong>, director institucional de la C\u00e1mara Argentina de Comercio Electr\u00f3nico (CACE).<\/p>\n<p>En cuanto a los n\u00fameros de las categor\u00edas que m\u00e1s crecieron \u00a0indumentaria pas\u00f3 de 130 a 175 marcas; cosm\u00e9tica y perfumer\u00eda, de 40 a 65, y alimentos y bebidas creci\u00f3 un 50% en cantidad de participantes.<\/p>\n<p>Al haberse flexbilizado gran parte de las actividades en todo el pa\u00eds, el sector Viajes tambi\u00e9n tendr\u00e1 un lugar importante y presentar\u00e1 ofertas orientadas a poder cambiar la fecha de los pasajes sin penalidad.<\/p>\n<p>\u201cLo que va a haber es mucho vuelo internacional, tanto para vacaciones de verano como el invierno del a\u00f1o que viene (o sea, el verano de Estados Unidos y Europa), con precios muy competitivos y mucha cuota y con la particularidad de la flexibilidad. Es decir que, si por alg\u00fan motivo no se puede viajar, se pueda cambiar sin penalidad el vuelo. Con lo cual eso va a darle cierto impulso a la industria que, obviamente, viene muy golpeada\u201c, adelant\u00f3 Sambucetti.<\/p>\n<p><strong>Fuente:<\/strong> Primera Fuente<\/p>\n<\/div>\n<\/div>\n<\/div>\n","protected":false},"excerpt":{"rendered":"<p>Se llevar\u00e1 a cabo los d\u00edas 27, 28 y 29 de julio tras dos postergaciones por la cuarentena del Covid-19.<\/p>\n","protected":false},"author":5,"featured_media":28287,"comment_status":"closed","ping_status":"open","sticky":false,"template":"","format":"standard","meta":{"footnotes":""},"categories":[2],"tags":[],"class_list":{"0":"post-28286","1":"post","2":"type-post","3":"status-publish","4":"format-standard","5":"has-post-thumbnail","7":"category-actualidad"},"yoast_head":"<!-- This site is optimized with the Yoast SEO plugin v27.4 - https:\/\/yoast.com\/product\/yoast-seo-wordpress\/ -->\n<title>Tras dos postergaciones, finalmente llega el Hot Sale 2020 - El Diario de Tucuman<\/title>\n<meta name=\"robots\" content=\"index, follow, max-snippet:-1, max-image-preview:large, max-video-preview:-1\" \/>\n<link rel=\"canonical\" href=\"https:\/\/www.eldiariodetucuman.com\/web\/tras-dos-postergaciones-finalmente-llega-el-hot-sale-2020\/\" \/>\n<meta property=\"og:locale\" content=\"es_ES\" \/>\n<meta property=\"og:type\" content=\"article\" \/>\n<meta property=\"og:title\" content=\"Tras dos postergaciones, finalmente llega el Hot Sale 2020 - El Diario de Tucuman\" \/>\n<meta property=\"og:description\" content=\"Se llevar\u00e1 a cabo los d\u00edas 27, 28 y 29 de julio tras dos postergaciones por la cuarentena del Covid-19.\" \/>\n<meta property=\"og:url\" content=\"https:\/\/www.eldiariodetucuman.com\/web\/tras-dos-postergaciones-finalmente-llega-el-hot-sale-2020\/\" \/>\n<meta property=\"og:site_name\" content=\"El Diario de Tucuman\" \/>\n<meta property=\"article:published_time\" content=\"2020-07-20T16:47:23+00:00\" \/>\n<meta property=\"og:image\" content=\"https:\/\/www.eldiariodetucuman.com\/web\/wp-content\/uploads\/2020\/07\/hot-sale-2020.jpg\" \/>\n\t<meta property=\"og:image:width\" content=\"800\" \/>\n\t<meta property=\"og:image:height\" content=\"450\" \/>\n\t<meta property=\"og:image:type\" content=\"image\/jpeg\" \/>\n<meta name=\"author\" content=\"Redactor Uno\" \/>\n<meta name=\"twitter:card\" content=\"summary_large_image\" \/>\n<meta name=\"twitter:label1\" content=\"Escrito por\" \/>\n\t<meta name=\"twitter:data1\" content=\"Redactor Uno\" \/>\n\t<meta name=\"twitter:label2\" content=\"Tiempo de lectura\" \/>\n\t<meta name=\"twitter:data2\" content=\"2 minutos\" \/>\n<script type=\"application\/ld+json\" class=\"yoast-schema-graph\">{\"@context\":\"https:\\\/\\\/schema.org\",\"@graph\":[{\"@type\":\"Article\",\"@id\":\"https:\\\/\\\/www.eldiariodetucuman.com\\\/web\\\/tras-dos-postergaciones-finalmente-llega-el-hot-sale-2020\\\/#article\",\"isPartOf\":{\"@id\":\"https:\\\/\\\/www.eldiariodetucuman.com\\\/web\\\/tras-dos-postergaciones-finalmente-llega-el-hot-sale-2020\\\/\"},\"author\":{\"name\":\"Redactor Uno\",\"@id\":\"https:\\\/\\\/www.eldiariodetucuman.com\\\/web\\\/#\\\/schema\\\/person\\\/7e6644a46e60888f6b868594407e08dd\"},\"headline\":\"Tras dos postergaciones, finalmente llega el Hot Sale 2020\",\"datePublished\":\"2020-07-20T16:47:23+00:00\",\"mainEntityOfPage\":{\"@id\":\"https:\\\/\\\/www.eldiariodetucuman.com\\\/web\\\/tras-dos-postergaciones-finalmente-llega-el-hot-sale-2020\\\/\"},\"wordCount\":362,\"publisher\":{\"@id\":\"https:\\\/\\\/www.eldiariodetucuman.com\\\/web\\\/#organization\"},\"image\":{\"@id\":\"https:\\\/\\\/www.eldiariodetucuman.com\\\/web\\\/tras-dos-postergaciones-finalmente-llega-el-hot-sale-2020\\\/#primaryimage\"},\"thumbnailUrl\":\"https:\\\/\\\/www.eldiariodetucuman.com\\\/web\\\/wp-content\\\/uploads\\\/2020\\\/07\\\/hot-sale-2020.jpg\",\"articleSection\":[\"Actualidad\"],\"inLanguage\":\"es\"},{\"@type\":\"WebPage\",\"@id\":\"https:\\\/\\\/www.eldiariodetucuman.com\\\/web\\\/tras-dos-postergaciones-finalmente-llega-el-hot-sale-2020\\\/\",\"url\":\"https:\\\/\\\/www.eldiariodetucuman.com\\\/web\\\/tras-dos-postergaciones-finalmente-llega-el-hot-sale-2020\\\/\",\"name\":\"Tras dos postergaciones, finalmente llega el Hot Sale 2020 - El Diario de Tucuman\",\"isPartOf\":{\"@id\":\"https:\\\/\\\/www.eldiariodetucuman.com\\\/web\\\/#website\"},\"primaryImageOfPage\":{\"@id\":\"https:\\\/\\\/www.eldiariodetucuman.com\\\/web\\\/tras-dos-postergaciones-finalmente-llega-el-hot-sale-2020\\\/#primaryimage\"},\"image\":{\"@id\":\"https:\\\/\\\/www.eldiariodetucuman.com\\\/web\\\/tras-dos-postergaciones-finalmente-llega-el-hot-sale-2020\\\/#primaryimage\"},\"thumbnailUrl\":\"https:\\\/\\\/www.eldiariodetucuman.com\\\/web\\\/wp-content\\\/uploads\\\/2020\\\/07\\\/hot-sale-2020.jpg\",\"datePublished\":\"2020-07-20T16:47:23+00:00\",\"breadcrumb\":{\"@id\":\"https:\\\/\\\/www.eldiariodetucuman.com\\\/web\\\/tras-dos-postergaciones-finalmente-llega-el-hot-sale-2020\\\/#breadcrumb\"},\"inLanguage\":\"es\",\"potentialAction\":[{\"@type\":\"ReadAction\",\"target\":[\"https:\\\/\\\/www.eldiariodetucuman.com\\\/web\\\/tras-dos-postergaciones-finalmente-llega-el-hot-sale-2020\\\/\"]}]},{\"@type\":\"ImageObject\",\"inLanguage\":\"es\",\"@id\":\"https:\\\/\\\/www.eldiariodetucuman.com\\\/web\\\/tras-dos-postergaciones-finalmente-llega-el-hot-sale-2020\\\/#primaryimage\",\"url\":\"https:\\\/\\\/www.eldiariodetucuman.com\\\/web\\\/wp-content\\\/uploads\\\/2020\\\/07\\\/hot-sale-2020.jpg\",\"contentUrl\":\"https:\\\/\\\/www.eldiariodetucuman.com\\\/web\\\/wp-content\\\/uploads\\\/2020\\\/07\\\/hot-sale-2020.jpg\",\"width\":800,\"height\":450},{\"@type\":\"BreadcrumbList\",\"@id\":\"https:\\\/\\\/www.eldiariodetucuman.com\\\/web\\\/tras-dos-postergaciones-finalmente-llega-el-hot-sale-2020\\\/#breadcrumb\",\"itemListElement\":[{\"@type\":\"ListItem\",\"position\":1,\"name\":\"Portada\",\"item\":\"https:\\\/\\\/www.eldiariodetucuman.com\\\/web\\\/\"},{\"@type\":\"ListItem\",\"position\":2,\"name\":\"Tras dos postergaciones, finalmente llega el Hot Sale 2020\"}]},{\"@type\":\"WebSite\",\"@id\":\"https:\\\/\\\/www.eldiariodetucuman.com\\\/web\\\/#website\",\"url\":\"https:\\\/\\\/www.eldiariodetucuman.com\\\/web\\\/\",\"name\":\"El Diario de Tucuman\",\"description\":\"Diario Tucuman - Informaci\u00f3n y noticias\",\"publisher\":{\"@id\":\"https:\\\/\\\/www.eldiariodetucuman.com\\\/web\\\/#organization\"},\"potentialAction\":[{\"@type\":\"SearchAction\",\"target\":{\"@type\":\"EntryPoint\",\"urlTemplate\":\"https:\\\/\\\/www.eldiariodetucuman.com\\\/web\\\/?s={search_term_string}\"},\"query-input\":{\"@type\":\"PropertyValueSpecification\",\"valueRequired\":true,\"valueName\":\"search_term_string\"}}],\"inLanguage\":\"es\"},{\"@type\":\"Organization\",\"@id\":\"https:\\\/\\\/www.eldiariodetucuman.com\\\/web\\\/#organization\",\"name\":\"El Diario de Tucuman\",\"url\":\"https:\\\/\\\/www.eldiariodetucuman.com\\\/web\\\/\",\"logo\":{\"@type\":\"ImageObject\",\"inLanguage\":\"es\",\"@id\":\"https:\\\/\\\/www.eldiariodetucuman.com\\\/web\\\/#\\\/schema\\\/logo\\\/image\\\/\",\"url\":\"http:\\\/\\\/www.eldiariodetucuman.com\\\/web\\\/wp-content\\\/uploads\\\/2017\\\/12\\\/el-diario-de-tucuman.jpg\",\"contentUrl\":\"http:\\\/\\\/www.eldiariodetucuman.com\\\/web\\\/wp-content\\\/uploads\\\/2017\\\/12\\\/el-diario-de-tucuman.jpg\",\"width\":272,\"height\":92,\"caption\":\"El Diario de Tucuman\"},\"image\":{\"@id\":\"https:\\\/\\\/www.eldiariodetucuman.com\\\/web\\\/#\\\/schema\\\/logo\\\/image\\\/\"}},{\"@type\":\"Person\",\"@id\":\"https:\\\/\\\/www.eldiariodetucuman.com\\\/web\\\/#\\\/schema\\\/person\\\/7e6644a46e60888f6b868594407e08dd\",\"name\":\"Redactor Uno\",\"image\":{\"@type\":\"ImageObject\",\"inLanguage\":\"es\",\"@id\":\"https:\\\/\\\/secure.gravatar.com\\\/avatar\\\/0049b1bdf1bd548385c9ea6b9356431717930913089febd2ba904f0187d7d074?s=96&d=mm&r=g\",\"url\":\"https:\\\/\\\/secure.gravatar.com\\\/avatar\\\/0049b1bdf1bd548385c9ea6b9356431717930913089febd2ba904f0187d7d074?s=96&d=mm&r=g\",\"contentUrl\":\"https:\\\/\\\/secure.gravatar.com\\\/avatar\\\/0049b1bdf1bd548385c9ea6b9356431717930913089febd2ba904f0187d7d074?s=96&d=mm&r=g\",\"caption\":\"Redactor Uno\"},\"url\":\"https:\\\/\\\/www.eldiariodetucuman.com\\\/web\\\/author\\\/mramasco\\\/\"}]}<\/script>\n<!-- \/ Yoast SEO plugin. -->","yoast_head_json":{"title":"Tras dos postergaciones, finalmente llega el Hot Sale 2020 - El Diario de Tucuman","robots":{"index":"index","follow":"follow","max-snippet":"max-snippet:-1","max-image-preview":"max-image-preview:large","max-video-preview":"max-video-preview:-1"},"canonical":"https:\/\/www.eldiariodetucuman.com\/web\/tras-dos-postergaciones-finalmente-llega-el-hot-sale-2020\/","og_locale":"es_ES","og_type":"article","og_title":"Tras dos postergaciones, finalmente llega el Hot Sale 2020 - El Diario de Tucuman","og_description":"Se llevar\u00e1 a cabo los d\u00edas 27, 28 y 29 de julio tras dos postergaciones por la cuarentena del Covid-19.","og_url":"https:\/\/www.eldiariodetucuman.com\/web\/tras-dos-postergaciones-finalmente-llega-el-hot-sale-2020\/","og_site_name":"El Diario de Tucuman","article_published_time":"2020-07-20T16:47:23+00:00","og_image":[{"width":800,"height":450,"url":"https:\/\/www.eldiariodetucuman.com\/web\/wp-content\/uploads\/2020\/07\/hot-sale-2020.jpg","type":"image\/jpeg"}],"author":"Redactor Uno","twitter_card":"summary_large_image","twitter_misc":{"Escrito por":"Redactor Uno","Tiempo de lectura":"2 minutos"},"schema":{"@context":"https:\/\/schema.org","@graph":[{"@type":"Article","@id":"https:\/\/www.eldiariodetucuman.com\/web\/tras-dos-postergaciones-finalmente-llega-el-hot-sale-2020\/#article","isPartOf":{"@id":"https:\/\/www.eldiariodetucuman.com\/web\/tras-dos-postergaciones-finalmente-llega-el-hot-sale-2020\/"},"author":{"name":"Redactor Uno","@id":"https:\/\/www.eldiariodetucuman.com\/web\/#\/schema\/person\/7e6644a46e60888f6b868594407e08dd"},"headline":"Tras dos postergaciones, finalmente llega el Hot Sale 2020","datePublished":"2020-07-20T16:47:23+00:00","mainEntityOfPage":{"@id":"https:\/\/www.eldiariodetucuman.com\/web\/tras-dos-postergaciones-finalmente-llega-el-hot-sale-2020\/"},"wordCount":362,"publisher":{"@id":"https:\/\/www.eldiariodetucuman.com\/web\/#organization"},"image":{"@id":"https:\/\/www.eldiariodetucuman.com\/web\/tras-dos-postergaciones-finalmente-llega-el-hot-sale-2020\/#primaryimage"},"thumbnailUrl":"https:\/\/www.eldiariodetucuman.com\/web\/wp-content\/uploads\/2020\/07\/hot-sale-2020.jpg","articleSection":["Actualidad"],"inLanguage":"es"},{"@type":"WebPage","@id":"https:\/\/www.eldiariodetucuman.com\/web\/tras-dos-postergaciones-finalmente-llega-el-hot-sale-2020\/","url":"https:\/\/www.eldiariodetucuman.com\/web\/tras-dos-postergaciones-finalmente-llega-el-hot-sale-2020\/","name":"Tras dos postergaciones, finalmente llega el Hot Sale 2020 - El Diario de Tucuman","isPartOf":{"@id":"https:\/\/www.eldiariodetucuman.com\/web\/#website"},"primaryImageOfPage":{"@id":"https:\/\/www.eldiariodetucuman.com\/web\/tras-dos-postergaciones-finalmente-llega-el-hot-sale-2020\/#primaryimage"},"image":{"@id":"https:\/\/www.eldiariodetucuman.com\/web\/tras-dos-postergaciones-finalmente-llega-el-hot-sale-2020\/#primaryimage"},"thumbnailUrl":"https:\/\/www.eldiariodetucuman.com\/web\/wp-content\/uploads\/2020\/07\/hot-sale-2020.jpg","datePublished":"2020-07-20T16:47:23+00:00","breadcrumb":{"@id":"https:\/\/www.eldiariodetucuman.com\/web\/tras-dos-postergaciones-finalmente-llega-el-hot-sale-2020\/#breadcrumb"},"inLanguage":"es","potentialAction":[{"@type":"ReadAction","target":["https:\/\/www.eldiariodetucuman.com\/web\/tras-dos-postergaciones-finalmente-llega-el-hot-sale-2020\/"]}]},{"@type":"ImageObject","inLanguage":"es","@id":"https:\/\/www.eldiariodetucuman.com\/web\/tras-dos-postergaciones-finalmente-llega-el-hot-sale-2020\/#primaryimage","url":"https:\/\/www.eldiariodetucuman.com\/web\/wp-content\/uploads\/2020\/07\/hot-sale-2020.jpg","contentUrl":"https:\/\/www.eldiariodetucuman.com\/web\/wp-content\/uploads\/2020\/07\/hot-sale-2020.jpg","width":800,"height":450},{"@type":"BreadcrumbList","@id":"https:\/\/www.eldiariodetucuman.com\/web\/tras-dos-postergaciones-finalmente-llega-el-hot-sale-2020\/#breadcrumb","itemListElement":[{"@type":"ListItem","position":1,"name":"Portada","item":"https:\/\/www.eldiariodetucuman.com\/web\/"},{"@type":"ListItem","position":2,"name":"Tras dos postergaciones, finalmente llega el Hot Sale 2020"}]},{"@type":"WebSite","@id":"https:\/\/www.eldiariodetucuman.com\/web\/#website","url":"https:\/\/www.eldiariodetucuman.com\/web\/","name":"El Diario de Tucuman","description":"Diario Tucuman - Informaci\u00f3n y noticias","publisher":{"@id":"https:\/\/www.eldiariodetucuman.com\/web\/#organization"},"potentialAction":[{"@type":"SearchAction","target":{"@type":"EntryPoint","urlTemplate":"https:\/\/www.eldiariodetucuman.com\/web\/?s={search_term_string}"},"query-input":{"@type":"PropertyValueSpecification","valueRequired":true,"valueName":"search_term_string"}}],"inLanguage":"es"},{"@type":"Organization","@id":"https:\/\/www.eldiariodetucuman.com\/web\/#organization","name":"El Diario de Tucuman","url":"https:\/\/www.eldiariodetucuman.com\/web\/","logo":{"@type":"ImageObject","inLanguage":"es","@id":"https:\/\/www.eldiariodetucuman.com\/web\/#\/schema\/logo\/image\/","url":"http:\/\/www.eldiariodetucuman.com\/web\/wp-content\/uploads\/2017\/12\/el-diario-de-tucuman.jpg","contentUrl":"http:\/\/www.eldiariodetucuman.com\/web\/wp-content\/uploads\/2017\/12\/el-diario-de-tucuman.jpg","width":272,"height":92,"caption":"El Diario de Tucuman"},"image":{"@id":"https:\/\/www.eldiariodetucuman.com\/web\/#\/schema\/logo\/image\/"}},{"@type":"Person","@id":"https:\/\/www.eldiariodetucuman.com\/web\/#\/schema\/person\/7e6644a46e60888f6b868594407e08dd","name":"Redactor Uno","image":{"@type":"ImageObject","inLanguage":"es","@id":"https:\/\/secure.gravatar.com\/avatar\/0049b1bdf1bd548385c9ea6b9356431717930913089febd2ba904f0187d7d074?s=96&d=mm&r=g","url":"https:\/\/secure.gravatar.com\/avatar\/0049b1bdf1bd548385c9ea6b9356431717930913089febd2ba904f0187d7d074?s=96&d=mm&r=g","contentUrl":"https:\/\/secure.gravatar.com\/avatar\/0049b1bdf1bd548385c9ea6b9356431717930913089febd2ba904f0187d7d074?s=96&d=mm&r=g","caption":"Redactor Uno"},"url":"https:\/\/www.eldiariodetucuman.com\/web\/author\/mramasco\/"}]}},"_links":{"self":[{"href":"https:\/\/www.eldiariodetucuman.com\/web\/wp-json\/wp\/v2\/posts\/28286","targetHints":{"allow":["GET"]}}],"collection":[{"href":"https:\/\/www.eldiariodetucuman.com\/web\/wp-json\/wp\/v2\/posts"}],"about":[{"href":"https:\/\/www.eldiariodetucuman.com\/web\/wp-json\/wp\/v2\/types\/post"}],"author":[{"embeddable":true,"href":"https:\/\/www.eldiariodetucuman.com\/web\/wp-json\/wp\/v2\/users\/5"}],"replies":[{"embeddable":true,"href":"https:\/\/www.eldiariodetucuman.com\/web\/wp-json\/wp\/v2\/comments?post=28286"}],"version-history":[{"count":1,"href":"https:\/\/www.eldiariodetucuman.com\/web\/wp-json\/wp\/v2\/posts\/28286\/revisions"}],"predecessor-version":[{"id":28288,"href":"https:\/\/www.eldiariodetucuman.com\/web\/wp-json\/wp\/v2\/posts\/28286\/revisions\/28288"}],"wp:featuredmedia":[{"embeddable":true,"href":"https:\/\/www.eldiariodetucuman.com\/web\/wp-json\/wp\/v2\/media\/28287"}],"wp:attachment":[{"href":"https:\/\/www.eldiariodetucuman.com\/web\/wp-json\/wp\/v2\/media?parent=28286"}],"wp:term":[{"taxonomy":"category","embeddable":true,"href":"https:\/\/www.eldiariodetucuman.com\/web\/wp-json\/wp\/v2\/categories?post=28286"},{"taxonomy":"post_tag","embeddable":true,"href":"https:\/\/www.eldiariodetucuman.com\/web\/wp-json\/wp\/v2\/tags?post=28286"}],"curies":[{"name":"wp","href":"https:\/\/api.w.org\/{rel}","templated":true}]}}