{"id":2824,"date":"2017-07-04T18:17:44","date_gmt":"2017-07-04T18:17:44","guid":{"rendered":"http:\/\/www.eldiariodetucuman.com\/web\/?p=2824"},"modified":"2017-07-04T18:17:44","modified_gmt":"2017-07-04T18:17:44","slug":"palito-ortega-actuara-en-los-festejos-por-el-45o-aniversario-de-banda-del-rio-sali","status":"publish","type":"post","link":"https:\/\/www.eldiariodetucuman.com\/web\/palito-ortega-actuara-en-los-festejos-por-el-45o-aniversario-de-banda-del-rio-sali\/","title":{"rendered":"Palito Ortega actuar\u00e1 en los festejos por el 45\u00ba aniversario de Banda del R\u00edo Sal\u00ed"},"content":{"rendered":"<p>El viernes pasado comenzaron las celebraciones por los 45 a\u00f1os de la municipalizaci\u00f3n de la ciudad de Banda del R\u00edo Sal\u00ed, que se extender\u00e1n durante toda esta semana. Los festejos fueron presentados en las instalaciones del Ente Tucum\u00e1n Turismo e incluyen una presentaci\u00f3n especial del m\u00fasico tucumano\u00a0<b>Palito Ortega<\/b>.<!--more--><\/p>\n<p>El ex gobernador\u00a0brindar\u00e1 un show gratuito el martes por la noche en la plaza principal de Banda del R\u00edo Sal\u00ed, como n\u00famero central del programa musical de la jornada.\u00a0En tanto, el cierre se producir\u00e1 el jueves venidero con el controvertido DT <b>Ricardo Caruso Lombardi<\/b>, quien brindar\u00e1 una charla en el teatro Alfredo Guzm\u00e1n de esa ciudad.<\/p>\n<p>El martes estaremos celebrando los actos protocolares con la participaci\u00f3n del gabinete provincial. Desde la siesta habr\u00e1 actividades para los ni\u00f1os y por la noche tendremos las actuaciones de grupos locales y la presentaci\u00f3n especial de un grande como Palito Ortega. Por otro lado, el jueves podremos disfrutar de una conferencia de Ricardo \u201cCaruso\u201d Lombardi, en la que participar\u00e1n t\u00e9cnicos de los equipos de f\u00fatbol de la provincia, profesores de educaci\u00f3n f\u00edsica y delegados de los equipos amateurs\u201d, detall\u00f3 en la presentaci\u00f3n el intendente de la ciudad,<b> Dar\u00edo Montero<\/b>.<\/p>\n<p>&nbsp;<\/p>\n<p>Por su parte, el titular de Turismo, <b>Sebasti\u00e1n Giobellina<\/b>, coment\u00f3: \u201cEl cronograma de actividades es muy completo para ni\u00f1os, j\u00f3venes y adultos. Felicito al municipio por todo el empe\u00f1o que pusieron en esta organizaci\u00f3n y le agradezco al ministro del Interior <b>Miguel Acevedo<\/b> que genera e impulsa todos los eventos que se realizan en el interior y que dinamizan las econom\u00edas locales\u201d.<\/p>\n<p>Durante el encuentro, Acevedo anunci\u00f3 planes para la creaci\u00f3n del Museo de Az\u00facar, en esta ciudad conocida como la Capital Nacional del Az\u00facar por sus ingenios. \u201cEn este museo mostraremos la historia de nuestra industria azucarera\u201d, anticip\u00f3. De hecho, ese es el sello distintivo que Banda del R\u00edo Sal\u00ed pretende imprimirle a este cronograma de actividades, que adem\u00e1s de los shows art\u00edsticos incluye una exposici\u00f3n de autos antiguos, una muestra en el antiguo ingenio Lastenia y la inauguraci\u00f3n de un Sal\u00f3n de los Escudos, entre otras.<\/p>\n<p><b>El cronograma de actividades<\/b><\/p>\n<p>&nbsp;<\/p>\n<p>Lunes 3 de julio<\/p>\n<p>&nbsp;<\/p>\n<p>10 hs: Muestra de l\u00e1minas, maquetas y murales en el marco del Ingenio de las Artes en el ex Ingenio Lastenia.<\/p>\n<p>21 hs: Velada art\u00edstica con la presencia de la Banda de M\u00fasica y el Ballet Estable Folcl\u00f3rico Municipal con la obra Sue\u00f1o Zafrero y acto central presidido por el intendente Dar\u00edo Monteros en el Teatro Alfredo Guzm\u00e1n.<\/p>\n<p>Martes 4 de julio<\/p>\n<p>&nbsp;<\/p>\n<p>9 hs: Santa Misa, bendici\u00f3n y entrega de medallas e inauguraci\u00f3n del Sal\u00f3n de los Escudos en la plaza principal.<\/p>\n<p>17 a 18:30 hs: Tributo a Pi\u00f1\u00f3n Fijo por el Grupo Karkajadas y muestra de danzas \u00e1rabes Gala Bellydance en el escenario principal.<\/p>\n<p>19:30 hs: Shows en vivo de Valentina Medina, Ismael Veliz, Los Hermanos Medina, Luna Hostil, La Bandada, Los Avelinos y el cierre con una presentaci\u00f3n especial de Palito Ortega.<\/p>\n<p>Jueves 6 de julio<\/p>\n<p>&nbsp;<\/p>\n<p>15 hs: Conferencia de Ricardo \u201cCaruso\u201d Lombardi, Director T\u00e9cnico de f\u00fatbol en el Teatro Alfredo Guzm\u00e1n.<\/p>\n<p>(comunicaciontucuman.gob.ar, La Gaceta)<\/p>\n","protected":false},"excerpt":{"rendered":"<p>El viernes pasado comenzaron las celebraciones por los 45 a\u00f1os de la municipalizaci\u00f3n de la ciudad de Banda del R\u00edo Sal\u00ed, que se extender\u00e1n durante toda esta semana. Los festejos fueron presentados en las instalaciones del Ente Tucum\u00e1n Turismo e incluyen una presentaci\u00f3n especial del m\u00fasico tucumano\u00a0Palito Ortega.<\/p>\n","protected":false},"author":1,"featured_media":2825,"comment_status":"closed","ping_status":"open","sticky":false,"template":"","format":"standard","meta":{"footnotes":""},"categories":[2],"tags":[],"class_list":{"0":"post-2824","1":"post","2":"type-post","3":"status-publish","4":"format-standard","5":"has-post-thumbnail","7":"category-actualidad"},"yoast_head":"<!-- This site is optimized with the Yoast SEO plugin v27.4 - https:\/\/yoast.com\/product\/yoast-seo-wordpress\/ -->\n<title>Palito Ortega actuar\u00e1 en los festejos por el 45\u00ba aniversario de Banda del R\u00edo Sal\u00ed - El Diario de Tucuman<\/title>\n<meta name=\"robots\" content=\"index, follow, max-snippet:-1, max-image-preview:large, max-video-preview:-1\" \/>\n<link rel=\"canonical\" href=\"https:\/\/www.eldiariodetucuman.com\/web\/palito-ortega-actuara-en-los-festejos-por-el-45o-aniversario-de-banda-del-rio-sali\/\" \/>\n<meta property=\"og:locale\" content=\"es_ES\" \/>\n<meta property=\"og:type\" content=\"article\" \/>\n<meta property=\"og:title\" content=\"Palito Ortega actuar\u00e1 en los festejos por el 45\u00ba aniversario de Banda del R\u00edo Sal\u00ed - El Diario de Tucuman\" \/>\n<meta property=\"og:description\" content=\"El viernes pasado comenzaron las celebraciones por los 45 a\u00f1os de la municipalizaci\u00f3n de la ciudad de Banda del R\u00edo Sal\u00ed, que se extender\u00e1n durante toda esta semana. Los festejos fueron presentados en las instalaciones del Ente Tucum\u00e1n Turismo e incluyen una presentaci\u00f3n especial del m\u00fasico tucumano\u00a0Palito Ortega.\" \/>\n<meta property=\"og:url\" content=\"https:\/\/www.eldiariodetucuman.com\/web\/palito-ortega-actuara-en-los-festejos-por-el-45o-aniversario-de-banda-del-rio-sali\/\" \/>\n<meta property=\"og:site_name\" content=\"El Diario de Tucuman\" \/>\n<meta property=\"article:published_time\" content=\"2017-07-04T18:17:44+00:00\" \/>\n<meta property=\"og:image\" content=\"https:\/\/www.eldiariodetucuman.com\/web\/wp-content\/uploads\/2017\/07\/palito-ortega-tucuman-banda-del-rio-sali.jpg\" \/>\n\t<meta property=\"og:image:width\" content=\"750\" \/>\n\t<meta property=\"og:image:height\" content=\"380\" \/>\n\t<meta property=\"og:image:type\" content=\"image\/jpeg\" \/>\n<meta name=\"author\" content=\"admin\" \/>\n<meta name=\"twitter:card\" content=\"summary_large_image\" \/>\n<meta name=\"twitter:label1\" content=\"Escrito por\" \/>\n\t<meta name=\"twitter:data1\" content=\"admin\" \/>\n\t<meta name=\"twitter:label2\" content=\"Tiempo de lectura\" \/>\n\t<meta name=\"twitter:data2\" content=\"3 minutos\" \/>\n<script type=\"application\/ld+json\" class=\"yoast-schema-graph\">{\"@context\":\"https:\\\/\\\/schema.org\",\"@graph\":[{\"@type\":\"Article\",\"@id\":\"https:\\\/\\\/www.eldiariodetucuman.com\\\/web\\\/palito-ortega-actuara-en-los-festejos-por-el-45o-aniversario-de-banda-del-rio-sali\\\/#article\",\"isPartOf\":{\"@id\":\"https:\\\/\\\/www.eldiariodetucuman.com\\\/web\\\/palito-ortega-actuara-en-los-festejos-por-el-45o-aniversario-de-banda-del-rio-sali\\\/\"},\"author\":{\"name\":\"admin\",\"@id\":\"https:\\\/\\\/www.eldiariodetucuman.com\\\/web\\\/#\\\/schema\\\/person\\\/9250197d75ab5483412e19678b121caa\"},\"headline\":\"Palito Ortega actuar\u00e1 en los festejos por el 45\u00ba aniversario de Banda del R\u00edo Sal\u00ed\",\"datePublished\":\"2017-07-04T18:17:44+00:00\",\"mainEntityOfPage\":{\"@id\":\"https:\\\/\\\/www.eldiariodetucuman.com\\\/web\\\/palito-ortega-actuara-en-los-festejos-por-el-45o-aniversario-de-banda-del-rio-sali\\\/\"},\"wordCount\":570,\"publisher\":{\"@id\":\"https:\\\/\\\/www.eldiariodetucuman.com\\\/web\\\/#organization\"},\"image\":{\"@id\":\"https:\\\/\\\/www.eldiariodetucuman.com\\\/web\\\/palito-ortega-actuara-en-los-festejos-por-el-45o-aniversario-de-banda-del-rio-sali\\\/#primaryimage\"},\"thumbnailUrl\":\"https:\\\/\\\/www.eldiariodetucuman.com\\\/web\\\/wp-content\\\/uploads\\\/2017\\\/07\\\/palito-ortega-tucuman-banda-del-rio-sali.jpg\",\"articleSection\":[\"Actualidad\"],\"inLanguage\":\"es\"},{\"@type\":\"WebPage\",\"@id\":\"https:\\\/\\\/www.eldiariodetucuman.com\\\/web\\\/palito-ortega-actuara-en-los-festejos-por-el-45o-aniversario-de-banda-del-rio-sali\\\/\",\"url\":\"https:\\\/\\\/www.eldiariodetucuman.com\\\/web\\\/palito-ortega-actuara-en-los-festejos-por-el-45o-aniversario-de-banda-del-rio-sali\\\/\",\"name\":\"Palito Ortega actuar\u00e1 en los festejos por el 45\u00ba aniversario de Banda del R\u00edo Sal\u00ed - El Diario de Tucuman\",\"isPartOf\":{\"@id\":\"https:\\\/\\\/www.eldiariodetucuman.com\\\/web\\\/#website\"},\"primaryImageOfPage\":{\"@id\":\"https:\\\/\\\/www.eldiariodetucuman.com\\\/web\\\/palito-ortega-actuara-en-los-festejos-por-el-45o-aniversario-de-banda-del-rio-sali\\\/#primaryimage\"},\"image\":{\"@id\":\"https:\\\/\\\/www.eldiariodetucuman.com\\\/web\\\/palito-ortega-actuara-en-los-festejos-por-el-45o-aniversario-de-banda-del-rio-sali\\\/#primaryimage\"},\"thumbnailUrl\":\"https:\\\/\\\/www.eldiariodetucuman.com\\\/web\\\/wp-content\\\/uploads\\\/2017\\\/07\\\/palito-ortega-tucuman-banda-del-rio-sali.jpg\",\"datePublished\":\"2017-07-04T18:17:44+00:00\",\"breadcrumb\":{\"@id\":\"https:\\\/\\\/www.eldiariodetucuman.com\\\/web\\\/palito-ortega-actuara-en-los-festejos-por-el-45o-aniversario-de-banda-del-rio-sali\\\/#breadcrumb\"},\"inLanguage\":\"es\",\"potentialAction\":[{\"@type\":\"ReadAction\",\"target\":[\"https:\\\/\\\/www.eldiariodetucuman.com\\\/web\\\/palito-ortega-actuara-en-los-festejos-por-el-45o-aniversario-de-banda-del-rio-sali\\\/\"]}]},{\"@type\":\"ImageObject\",\"inLanguage\":\"es\",\"@id\":\"https:\\\/\\\/www.eldiariodetucuman.com\\\/web\\\/palito-ortega-actuara-en-los-festejos-por-el-45o-aniversario-de-banda-del-rio-sali\\\/#primaryimage\",\"url\":\"https:\\\/\\\/www.eldiariodetucuman.com\\\/web\\\/wp-content\\\/uploads\\\/2017\\\/07\\\/palito-ortega-tucuman-banda-del-rio-sali.jpg\",\"contentUrl\":\"https:\\\/\\\/www.eldiariodetucuman.com\\\/web\\\/wp-content\\\/uploads\\\/2017\\\/07\\\/palito-ortega-tucuman-banda-del-rio-sali.jpg\",\"width\":750,\"height\":380},{\"@type\":\"BreadcrumbList\",\"@id\":\"https:\\\/\\\/www.eldiariodetucuman.com\\\/web\\\/palito-ortega-actuara-en-los-festejos-por-el-45o-aniversario-de-banda-del-rio-sali\\\/#breadcrumb\",\"itemListElement\":[{\"@type\":\"ListItem\",\"position\":1,\"name\":\"Portada\",\"item\":\"https:\\\/\\\/www.eldiariodetucuman.com\\\/web\\\/\"},{\"@type\":\"ListItem\",\"position\":2,\"name\":\"Palito Ortega actuar\u00e1 en los festejos por el 45\u00ba aniversario de Banda del R\u00edo Sal\u00ed\"}]},{\"@type\":\"WebSite\",\"@id\":\"https:\\\/\\\/www.eldiariodetucuman.com\\\/web\\\/#website\",\"url\":\"https:\\\/\\\/www.eldiariodetucuman.com\\\/web\\\/\",\"name\":\"El Diario de Tucuman\",\"description\":\"Diario Tucuman - Informaci\u00f3n y noticias\",\"publisher\":{\"@id\":\"https:\\\/\\\/www.eldiariodetucuman.com\\\/web\\\/#organization\"},\"potentialAction\":[{\"@type\":\"SearchAction\",\"target\":{\"@type\":\"EntryPoint\",\"urlTemplate\":\"https:\\\/\\\/www.eldiariodetucuman.com\\\/web\\\/?s={search_term_string}\"},\"query-input\":{\"@type\":\"PropertyValueSpecification\",\"valueRequired\":true,\"valueName\":\"search_term_string\"}}],\"inLanguage\":\"es\"},{\"@type\":\"Organization\",\"@id\":\"https:\\\/\\\/www.eldiariodetucuman.com\\\/web\\\/#organization\",\"name\":\"El Diario de Tucuman\",\"url\":\"https:\\\/\\\/www.eldiariodetucuman.com\\\/web\\\/\",\"logo\":{\"@type\":\"ImageObject\",\"inLanguage\":\"es\",\"@id\":\"https:\\\/\\\/www.eldiariodetucuman.com\\\/web\\\/#\\\/schema\\\/logo\\\/image\\\/\",\"url\":\"http:\\\/\\\/www.eldiariodetucuman.com\\\/web\\\/wp-content\\\/uploads\\\/2017\\\/12\\\/el-diario-de-tucuman.jpg\",\"contentUrl\":\"http:\\\/\\\/www.eldiariodetucuman.com\\\/web\\\/wp-content\\\/uploads\\\/2017\\\/12\\\/el-diario-de-tucuman.jpg\",\"width\":272,\"height\":92,\"caption\":\"El Diario de Tucuman\"},\"image\":{\"@id\":\"https:\\\/\\\/www.eldiariodetucuman.com\\\/web\\\/#\\\/schema\\\/logo\\\/image\\\/\"}},{\"@type\":\"Person\",\"@id\":\"https:\\\/\\\/www.eldiariodetucuman.com\\\/web\\\/#\\\/schema\\\/person\\\/9250197d75ab5483412e19678b121caa\",\"name\":\"admin\",\"image\":{\"@type\":\"ImageObject\",\"inLanguage\":\"es\",\"@id\":\"https:\\\/\\\/secure.gravatar.com\\\/avatar\\\/c44d117c2be811212c22cb481f6b8384b6873de103fbc49e7a03cc58d7dea4ac?s=96&d=mm&r=g\",\"url\":\"https:\\\/\\\/secure.gravatar.com\\\/avatar\\\/c44d117c2be811212c22cb481f6b8384b6873de103fbc49e7a03cc58d7dea4ac?s=96&d=mm&r=g\",\"contentUrl\":\"https:\\\/\\\/secure.gravatar.com\\\/avatar\\\/c44d117c2be811212c22cb481f6b8384b6873de103fbc49e7a03cc58d7dea4ac?s=96&d=mm&r=g\",\"caption\":\"admin\"},\"url\":\"https:\\\/\\\/www.eldiariodetucuman.com\\\/web\\\/author\\\/admin\\\/\"}]}<\/script>\n<!-- \/ Yoast SEO plugin. -->","yoast_head_json":{"title":"Palito Ortega actuar\u00e1 en los festejos por el 45\u00ba aniversario de Banda del R\u00edo Sal\u00ed - El Diario de Tucuman","robots":{"index":"index","follow":"follow","max-snippet":"max-snippet:-1","max-image-preview":"max-image-preview:large","max-video-preview":"max-video-preview:-1"},"canonical":"https:\/\/www.eldiariodetucuman.com\/web\/palito-ortega-actuara-en-los-festejos-por-el-45o-aniversario-de-banda-del-rio-sali\/","og_locale":"es_ES","og_type":"article","og_title":"Palito Ortega actuar\u00e1 en los festejos por el 45\u00ba aniversario de Banda del R\u00edo Sal\u00ed - El Diario de Tucuman","og_description":"El viernes pasado comenzaron las celebraciones por los 45 a\u00f1os de la municipalizaci\u00f3n de la ciudad de Banda del R\u00edo Sal\u00ed, que se extender\u00e1n durante toda esta semana. Los festejos fueron presentados en las instalaciones del Ente Tucum\u00e1n Turismo e incluyen una presentaci\u00f3n especial del m\u00fasico tucumano\u00a0Palito Ortega.","og_url":"https:\/\/www.eldiariodetucuman.com\/web\/palito-ortega-actuara-en-los-festejos-por-el-45o-aniversario-de-banda-del-rio-sali\/","og_site_name":"El Diario de Tucuman","article_published_time":"2017-07-04T18:17:44+00:00","og_image":[{"width":750,"height":380,"url":"https:\/\/www.eldiariodetucuman.com\/web\/wp-content\/uploads\/2017\/07\/palito-ortega-tucuman-banda-del-rio-sali.jpg","type":"image\/jpeg"}],"author":"admin","twitter_card":"summary_large_image","twitter_misc":{"Escrito por":"admin","Tiempo de lectura":"3 minutos"},"schema":{"@context":"https:\/\/schema.org","@graph":[{"@type":"Article","@id":"https:\/\/www.eldiariodetucuman.com\/web\/palito-ortega-actuara-en-los-festejos-por-el-45o-aniversario-de-banda-del-rio-sali\/#article","isPartOf":{"@id":"https:\/\/www.eldiariodetucuman.com\/web\/palito-ortega-actuara-en-los-festejos-por-el-45o-aniversario-de-banda-del-rio-sali\/"},"author":{"name":"admin","@id":"https:\/\/www.eldiariodetucuman.com\/web\/#\/schema\/person\/9250197d75ab5483412e19678b121caa"},"headline":"Palito Ortega actuar\u00e1 en los festejos por el 45\u00ba aniversario de Banda del R\u00edo Sal\u00ed","datePublished":"2017-07-04T18:17:44+00:00","mainEntityOfPage":{"@id":"https:\/\/www.eldiariodetucuman.com\/web\/palito-ortega-actuara-en-los-festejos-por-el-45o-aniversario-de-banda-del-rio-sali\/"},"wordCount":570,"publisher":{"@id":"https:\/\/www.eldiariodetucuman.com\/web\/#organization"},"image":{"@id":"https:\/\/www.eldiariodetucuman.com\/web\/palito-ortega-actuara-en-los-festejos-por-el-45o-aniversario-de-banda-del-rio-sali\/#primaryimage"},"thumbnailUrl":"https:\/\/www.eldiariodetucuman.com\/web\/wp-content\/uploads\/2017\/07\/palito-ortega-tucuman-banda-del-rio-sali.jpg","articleSection":["Actualidad"],"inLanguage":"es"},{"@type":"WebPage","@id":"https:\/\/www.eldiariodetucuman.com\/web\/palito-ortega-actuara-en-los-festejos-por-el-45o-aniversario-de-banda-del-rio-sali\/","url":"https:\/\/www.eldiariodetucuman.com\/web\/palito-ortega-actuara-en-los-festejos-por-el-45o-aniversario-de-banda-del-rio-sali\/","name":"Palito Ortega actuar\u00e1 en los festejos por el 45\u00ba aniversario de Banda del R\u00edo Sal\u00ed - El Diario de Tucuman","isPartOf":{"@id":"https:\/\/www.eldiariodetucuman.com\/web\/#website"},"primaryImageOfPage":{"@id":"https:\/\/www.eldiariodetucuman.com\/web\/palito-ortega-actuara-en-los-festejos-por-el-45o-aniversario-de-banda-del-rio-sali\/#primaryimage"},"image":{"@id":"https:\/\/www.eldiariodetucuman.com\/web\/palito-ortega-actuara-en-los-festejos-por-el-45o-aniversario-de-banda-del-rio-sali\/#primaryimage"},"thumbnailUrl":"https:\/\/www.eldiariodetucuman.com\/web\/wp-content\/uploads\/2017\/07\/palito-ortega-tucuman-banda-del-rio-sali.jpg","datePublished":"2017-07-04T18:17:44+00:00","breadcrumb":{"@id":"https:\/\/www.eldiariodetucuman.com\/web\/palito-ortega-actuara-en-los-festejos-por-el-45o-aniversario-de-banda-del-rio-sali\/#breadcrumb"},"inLanguage":"es","potentialAction":[{"@type":"ReadAction","target":["https:\/\/www.eldiariodetucuman.com\/web\/palito-ortega-actuara-en-los-festejos-por-el-45o-aniversario-de-banda-del-rio-sali\/"]}]},{"@type":"ImageObject","inLanguage":"es","@id":"https:\/\/www.eldiariodetucuman.com\/web\/palito-ortega-actuara-en-los-festejos-por-el-45o-aniversario-de-banda-del-rio-sali\/#primaryimage","url":"https:\/\/www.eldiariodetucuman.com\/web\/wp-content\/uploads\/2017\/07\/palito-ortega-tucuman-banda-del-rio-sali.jpg","contentUrl":"https:\/\/www.eldiariodetucuman.com\/web\/wp-content\/uploads\/2017\/07\/palito-ortega-tucuman-banda-del-rio-sali.jpg","width":750,"height":380},{"@type":"BreadcrumbList","@id":"https:\/\/www.eldiariodetucuman.com\/web\/palito-ortega-actuara-en-los-festejos-por-el-45o-aniversario-de-banda-del-rio-sali\/#breadcrumb","itemListElement":[{"@type":"ListItem","position":1,"name":"Portada","item":"https:\/\/www.eldiariodetucuman.com\/web\/"},{"@type":"ListItem","position":2,"name":"Palito Ortega actuar\u00e1 en los festejos por el 45\u00ba aniversario de Banda del R\u00edo Sal\u00ed"}]},{"@type":"WebSite","@id":"https:\/\/www.eldiariodetucuman.com\/web\/#website","url":"https:\/\/www.eldiariodetucuman.com\/web\/","name":"El Diario de Tucuman","description":"Diario Tucuman - Informaci\u00f3n y noticias","publisher":{"@id":"https:\/\/www.eldiariodetucuman.com\/web\/#organization"},"potentialAction":[{"@type":"SearchAction","target":{"@type":"EntryPoint","urlTemplate":"https:\/\/www.eldiariodetucuman.com\/web\/?s={search_term_string}"},"query-input":{"@type":"PropertyValueSpecification","valueRequired":true,"valueName":"search_term_string"}}],"inLanguage":"es"},{"@type":"Organization","@id":"https:\/\/www.eldiariodetucuman.com\/web\/#organization","name":"El Diario de Tucuman","url":"https:\/\/www.eldiariodetucuman.com\/web\/","logo":{"@type":"ImageObject","inLanguage":"es","@id":"https:\/\/www.eldiariodetucuman.com\/web\/#\/schema\/logo\/image\/","url":"http:\/\/www.eldiariodetucuman.com\/web\/wp-content\/uploads\/2017\/12\/el-diario-de-tucuman.jpg","contentUrl":"http:\/\/www.eldiariodetucuman.com\/web\/wp-content\/uploads\/2017\/12\/el-diario-de-tucuman.jpg","width":272,"height":92,"caption":"El Diario de Tucuman"},"image":{"@id":"https:\/\/www.eldiariodetucuman.com\/web\/#\/schema\/logo\/image\/"}},{"@type":"Person","@id":"https:\/\/www.eldiariodetucuman.com\/web\/#\/schema\/person\/9250197d75ab5483412e19678b121caa","name":"admin","image":{"@type":"ImageObject","inLanguage":"es","@id":"https:\/\/secure.gravatar.com\/avatar\/c44d117c2be811212c22cb481f6b8384b6873de103fbc49e7a03cc58d7dea4ac?s=96&d=mm&r=g","url":"https:\/\/secure.gravatar.com\/avatar\/c44d117c2be811212c22cb481f6b8384b6873de103fbc49e7a03cc58d7dea4ac?s=96&d=mm&r=g","contentUrl":"https:\/\/secure.gravatar.com\/avatar\/c44d117c2be811212c22cb481f6b8384b6873de103fbc49e7a03cc58d7dea4ac?s=96&d=mm&r=g","caption":"admin"},"url":"https:\/\/www.eldiariodetucuman.com\/web\/author\/admin\/"}]}},"_links":{"self":[{"href":"https:\/\/www.eldiariodetucuman.com\/web\/wp-json\/wp\/v2\/posts\/2824","targetHints":{"allow":["GET"]}}],"collection":[{"href":"https:\/\/www.eldiariodetucuman.com\/web\/wp-json\/wp\/v2\/posts"}],"about":[{"href":"https:\/\/www.eldiariodetucuman.com\/web\/wp-json\/wp\/v2\/types\/post"}],"author":[{"embeddable":true,"href":"https:\/\/www.eldiariodetucuman.com\/web\/wp-json\/wp\/v2\/users\/1"}],"replies":[{"embeddable":true,"href":"https:\/\/www.eldiariodetucuman.com\/web\/wp-json\/wp\/v2\/comments?post=2824"}],"version-history":[{"count":1,"href":"https:\/\/www.eldiariodetucuman.com\/web\/wp-json\/wp\/v2\/posts\/2824\/revisions"}],"predecessor-version":[{"id":2826,"href":"https:\/\/www.eldiariodetucuman.com\/web\/wp-json\/wp\/v2\/posts\/2824\/revisions\/2826"}],"wp:featuredmedia":[{"embeddable":true,"href":"https:\/\/www.eldiariodetucuman.com\/web\/wp-json\/wp\/v2\/media\/2825"}],"wp:attachment":[{"href":"https:\/\/www.eldiariodetucuman.com\/web\/wp-json\/wp\/v2\/media?parent=2824"}],"wp:term":[{"taxonomy":"category","embeddable":true,"href":"https:\/\/www.eldiariodetucuman.com\/web\/wp-json\/wp\/v2\/categories?post=2824"},{"taxonomy":"post_tag","embeddable":true,"href":"https:\/\/www.eldiariodetucuman.com\/web\/wp-json\/wp\/v2\/tags?post=2824"}],"curies":[{"name":"wp","href":"https:\/\/api.w.org\/{rel}","templated":true}]}}