{"id":27893,"date":"2020-06-18T10:41:08","date_gmt":"2020-06-18T13:41:08","guid":{"rendered":"http:\/\/www.eldiariodetucuman.com\/web\/?p=27893"},"modified":"2020-06-18T10:45:00","modified_gmt":"2020-06-18T13:45:00","slug":"coronavirus-una-nena-de-3-anos-la-paciente-numero-58-en-tucuman","status":"publish","type":"post","link":"https:\/\/www.eldiariodetucuman.com\/web\/coronavirus-una-nena-de-3-anos-la-paciente-numero-58-en-tucuman\/","title":{"rendered":"Coronavirus: Una nena de 3 a\u00f1os, la paciente n\u00famero 58\u00a0en Tucum\u00e1n"},"content":{"rendered":"<p>Es hija de un matrimonio repatriado de Buenos Aires, que tambi\u00e9n hab\u00eda dado positivo. Se encuentra en tratamiento en el Hospital Eva Per\u00f3n por razones de prevenci\u00f3n.<\/p>\n<p>En la ma\u00f1ana de hoy, la ministra de salud <strong>Rossana Chahla<\/strong>, dio a conocer un nuevo caso de coronavirus en Tucum\u00e1n, tambi\u00e9n importado que hizo ascender a 58 el n\u00famero de infectados en nuestra provincia.<\/p>\n<p>En di\u00e1logo con el programa <strong>Los Primeros,\u00a0<\/strong>la titular de cartera sanitaria, indic\u00f3 que se trata de una menor de 3 a\u00f1os cuyos padres y hermano tambi\u00e9n dieron. La familia lleg\u00f3 desde<strong>\u00a0Buenos Aires<\/strong> a la provincia, unos 11 d\u00edas atr\u00e1s y son oriundos de Burruyac\u00fa.<\/p>\n<p>\u00abAyer se hicieron 120 hisopados y uno de ellos fue positivo. Era un caso esperado porque tuvo contacto con su pap\u00e1 y pertenece al grupo de personas que lleg\u00f3 desde la capital del pa\u00eds en un colectivo con otras 70 personas\u00bb, explic\u00f3 la doctora.<\/p>\n<p>En el pasaje del transporte que lleg\u00f3 de Capital Federal, tambi\u00e9n se hab\u00edan diagnosticado otros casos de coronavirus, entre ellos: de Capital, un hombre de 43 a\u00f1os y a una menor de 9 a\u00f1os, como dos hombres de 28 a\u00f1os y 71 de Cruz Alta.<\/p>\n<p>De esta manera, el conteo de positivos alcanz\u00f3 a 58 casos, de los cuales 40 fueron dados de alta, 11 est\u00e1n internados y cinco fallecieron.<\/p>\n<p>Desde la cartera sanitaria informaron que la provincia contin\u00faa en fase de contenci\u00f3n y que el 80% de los casos son importados, mientras que el resto se produjo por contactos estrechos. Hasta el momento no fueron registrados casos de transmisi\u00f3n comunitaria.<\/p>\n<p>Fuente: <a href=\"https:\/\/www.tucumanalas7.com.ar\/local\/2020\/6\/18\/nuevo-caso-una-nena-de-anos-la-paciente-numero-58-con-coronavirus-en-tucuman-195075.html\">https:\/\/www.tucumanalas7.com.ar\/local\/2020\/6\/18\/nuevo-caso-una-nena-de-anos-la-paciente-numero-58-con-coronavirus-en-tucuman-195075.html<\/a><\/p>\n","protected":false},"excerpt":{"rendered":"<p>Es hija de un matrimonio repatriado de Buenos Aires, que tambi\u00e9n hab\u00eda dado positivo. Se encuentra en tratamiento en el Hospital Eva Per\u00f3n por razones de prevenci\u00f3n. En la ma\u00f1ana de hoy, la ministra de salud Rossana Chahla, dio a conocer un nuevo caso de coronavirus en Tucum\u00e1n, tambi\u00e9n importado que hizo ascender a 58 [&hellip;]<\/p>\n","protected":false},"author":5,"featured_media":27894,"comment_status":"closed","ping_status":"open","sticky":false,"template":"","format":"standard","meta":{"footnotes":""},"categories":[3,1],"tags":[3057,61],"class_list":{"0":"post-27893","1":"post","2":"type-post","3":"status-publish","4":"format-standard","5":"has-post-thumbnail","7":"category-politica","8":"category-portada","9":"tag-coronavirus","10":"tag-tucuman"},"yoast_head":"<!-- This site is optimized with the Yoast SEO plugin v27.4 - https:\/\/yoast.com\/product\/yoast-seo-wordpress\/ -->\n<title>Coronavirus: Una nena de 3 a\u00f1os, la paciente n\u00famero 58\u00a0en Tucum\u00e1n - El Diario de Tucuman<\/title>\n<meta name=\"robots\" content=\"index, follow, max-snippet:-1, max-image-preview:large, max-video-preview:-1\" \/>\n<link rel=\"canonical\" href=\"https:\/\/www.eldiariodetucuman.com\/web\/coronavirus-una-nena-de-3-anos-la-paciente-numero-58-en-tucuman\/\" \/>\n<meta property=\"og:locale\" content=\"es_ES\" \/>\n<meta property=\"og:type\" content=\"article\" \/>\n<meta property=\"og:title\" content=\"Coronavirus: Una nena de 3 a\u00f1os, la paciente n\u00famero 58\u00a0en Tucum\u00e1n - El Diario de Tucuman\" \/>\n<meta property=\"og:description\" content=\"Es hija de un matrimonio repatriado de Buenos Aires, que tambi\u00e9n hab\u00eda dado positivo. Se encuentra en tratamiento en el Hospital Eva Per\u00f3n por razones de prevenci\u00f3n. En la ma\u00f1ana de hoy, la ministra de salud Rossana Chahla, dio a conocer un nuevo caso de coronavirus en Tucum\u00e1n, tambi\u00e9n importado que hizo ascender a 58 [&hellip;]\" \/>\n<meta property=\"og:url\" content=\"https:\/\/www.eldiariodetucuman.com\/web\/coronavirus-una-nena-de-3-anos-la-paciente-numero-58-en-tucuman\/\" \/>\n<meta property=\"og:site_name\" content=\"El Diario de Tucuman\" \/>\n<meta property=\"article:published_time\" content=\"2020-06-18T13:41:08+00:00\" \/>\n<meta property=\"article:modified_time\" content=\"2020-06-18T13:45:00+00:00\" \/>\n<meta property=\"og:image\" content=\"https:\/\/www.eldiariodetucuman.com\/web\/wp-content\/uploads\/2020\/06\/coronavirus-tucuman.jpg\" \/>\n\t<meta property=\"og:image:width\" content=\"1000\" \/>\n\t<meta property=\"og:image:height\" content=\"614\" \/>\n\t<meta property=\"og:image:type\" content=\"image\/jpeg\" \/>\n<meta name=\"author\" content=\"Redactor Uno\" \/>\n<meta name=\"twitter:card\" content=\"summary_large_image\" \/>\n<meta name=\"twitter:label1\" content=\"Escrito por\" \/>\n\t<meta name=\"twitter:data1\" content=\"Redactor Uno\" \/>\n\t<meta name=\"twitter:label2\" content=\"Tiempo de lectura\" \/>\n\t<meta name=\"twitter:data2\" content=\"1 minuto\" \/>\n<script type=\"application\/ld+json\" class=\"yoast-schema-graph\">{\"@context\":\"https:\\\/\\\/schema.org\",\"@graph\":[{\"@type\":\"Article\",\"@id\":\"https:\\\/\\\/www.eldiariodetucuman.com\\\/web\\\/coronavirus-una-nena-de-3-anos-la-paciente-numero-58-en-tucuman\\\/#article\",\"isPartOf\":{\"@id\":\"https:\\\/\\\/www.eldiariodetucuman.com\\\/web\\\/coronavirus-una-nena-de-3-anos-la-paciente-numero-58-en-tucuman\\\/\"},\"author\":{\"name\":\"Redactor Uno\",\"@id\":\"https:\\\/\\\/www.eldiariodetucuman.com\\\/web\\\/#\\\/schema\\\/person\\\/7e6644a46e60888f6b868594407e08dd\"},\"headline\":\"Coronavirus: Una nena de 3 a\u00f1os, la paciente n\u00famero 58\u00a0en Tucum\u00e1n\",\"datePublished\":\"2020-06-18T13:41:08+00:00\",\"dateModified\":\"2020-06-18T13:45:00+00:00\",\"mainEntityOfPage\":{\"@id\":\"https:\\\/\\\/www.eldiariodetucuman.com\\\/web\\\/coronavirus-una-nena-de-3-anos-la-paciente-numero-58-en-tucuman\\\/\"},\"wordCount\":296,\"publisher\":{\"@id\":\"https:\\\/\\\/www.eldiariodetucuman.com\\\/web\\\/#organization\"},\"image\":{\"@id\":\"https:\\\/\\\/www.eldiariodetucuman.com\\\/web\\\/coronavirus-una-nena-de-3-anos-la-paciente-numero-58-en-tucuman\\\/#primaryimage\"},\"thumbnailUrl\":\"https:\\\/\\\/www.eldiariodetucuman.com\\\/web\\\/wp-content\\\/uploads\\\/2020\\\/06\\\/coronavirus-tucuman.jpg\",\"keywords\":[\"coronavirus\",\"Tucuman\"],\"articleSection\":[\"Politica\",\"Portada\"],\"inLanguage\":\"es\"},{\"@type\":\"WebPage\",\"@id\":\"https:\\\/\\\/www.eldiariodetucuman.com\\\/web\\\/coronavirus-una-nena-de-3-anos-la-paciente-numero-58-en-tucuman\\\/\",\"url\":\"https:\\\/\\\/www.eldiariodetucuman.com\\\/web\\\/coronavirus-una-nena-de-3-anos-la-paciente-numero-58-en-tucuman\\\/\",\"name\":\"Coronavirus: Una nena de 3 a\u00f1os, la paciente n\u00famero 58\u00a0en Tucum\u00e1n - El Diario de Tucuman\",\"isPartOf\":{\"@id\":\"https:\\\/\\\/www.eldiariodetucuman.com\\\/web\\\/#website\"},\"primaryImageOfPage\":{\"@id\":\"https:\\\/\\\/www.eldiariodetucuman.com\\\/web\\\/coronavirus-una-nena-de-3-anos-la-paciente-numero-58-en-tucuman\\\/#primaryimage\"},\"image\":{\"@id\":\"https:\\\/\\\/www.eldiariodetucuman.com\\\/web\\\/coronavirus-una-nena-de-3-anos-la-paciente-numero-58-en-tucuman\\\/#primaryimage\"},\"thumbnailUrl\":\"https:\\\/\\\/www.eldiariodetucuman.com\\\/web\\\/wp-content\\\/uploads\\\/2020\\\/06\\\/coronavirus-tucuman.jpg\",\"datePublished\":\"2020-06-18T13:41:08+00:00\",\"dateModified\":\"2020-06-18T13:45:00+00:00\",\"breadcrumb\":{\"@id\":\"https:\\\/\\\/www.eldiariodetucuman.com\\\/web\\\/coronavirus-una-nena-de-3-anos-la-paciente-numero-58-en-tucuman\\\/#breadcrumb\"},\"inLanguage\":\"es\",\"potentialAction\":[{\"@type\":\"ReadAction\",\"target\":[\"https:\\\/\\\/www.eldiariodetucuman.com\\\/web\\\/coronavirus-una-nena-de-3-anos-la-paciente-numero-58-en-tucuman\\\/\"]}]},{\"@type\":\"ImageObject\",\"inLanguage\":\"es\",\"@id\":\"https:\\\/\\\/www.eldiariodetucuman.com\\\/web\\\/coronavirus-una-nena-de-3-anos-la-paciente-numero-58-en-tucuman\\\/#primaryimage\",\"url\":\"https:\\\/\\\/www.eldiariodetucuman.com\\\/web\\\/wp-content\\\/uploads\\\/2020\\\/06\\\/coronavirus-tucuman.jpg\",\"contentUrl\":\"https:\\\/\\\/www.eldiariodetucuman.com\\\/web\\\/wp-content\\\/uploads\\\/2020\\\/06\\\/coronavirus-tucuman.jpg\",\"width\":1000,\"height\":614},{\"@type\":\"BreadcrumbList\",\"@id\":\"https:\\\/\\\/www.eldiariodetucuman.com\\\/web\\\/coronavirus-una-nena-de-3-anos-la-paciente-numero-58-en-tucuman\\\/#breadcrumb\",\"itemListElement\":[{\"@type\":\"ListItem\",\"position\":1,\"name\":\"Portada\",\"item\":\"https:\\\/\\\/www.eldiariodetucuman.com\\\/web\\\/\"},{\"@type\":\"ListItem\",\"position\":2,\"name\":\"Coronavirus: Una nena de 3 a\u00f1os, la paciente n\u00famero 58\u00a0en Tucum\u00e1n\"}]},{\"@type\":\"WebSite\",\"@id\":\"https:\\\/\\\/www.eldiariodetucuman.com\\\/web\\\/#website\",\"url\":\"https:\\\/\\\/www.eldiariodetucuman.com\\\/web\\\/\",\"name\":\"El Diario de Tucuman\",\"description\":\"Diario Tucuman - Informaci\u00f3n y noticias\",\"publisher\":{\"@id\":\"https:\\\/\\\/www.eldiariodetucuman.com\\\/web\\\/#organization\"},\"potentialAction\":[{\"@type\":\"SearchAction\",\"target\":{\"@type\":\"EntryPoint\",\"urlTemplate\":\"https:\\\/\\\/www.eldiariodetucuman.com\\\/web\\\/?s={search_term_string}\"},\"query-input\":{\"@type\":\"PropertyValueSpecification\",\"valueRequired\":true,\"valueName\":\"search_term_string\"}}],\"inLanguage\":\"es\"},{\"@type\":\"Organization\",\"@id\":\"https:\\\/\\\/www.eldiariodetucuman.com\\\/web\\\/#organization\",\"name\":\"El Diario de Tucuman\",\"url\":\"https:\\\/\\\/www.eldiariodetucuman.com\\\/web\\\/\",\"logo\":{\"@type\":\"ImageObject\",\"inLanguage\":\"es\",\"@id\":\"https:\\\/\\\/www.eldiariodetucuman.com\\\/web\\\/#\\\/schema\\\/logo\\\/image\\\/\",\"url\":\"http:\\\/\\\/www.eldiariodetucuman.com\\\/web\\\/wp-content\\\/uploads\\\/2017\\\/12\\\/el-diario-de-tucuman.jpg\",\"contentUrl\":\"http:\\\/\\\/www.eldiariodetucuman.com\\\/web\\\/wp-content\\\/uploads\\\/2017\\\/12\\\/el-diario-de-tucuman.jpg\",\"width\":272,\"height\":92,\"caption\":\"El Diario de Tucuman\"},\"image\":{\"@id\":\"https:\\\/\\\/www.eldiariodetucuman.com\\\/web\\\/#\\\/schema\\\/logo\\\/image\\\/\"}},{\"@type\":\"Person\",\"@id\":\"https:\\\/\\\/www.eldiariodetucuman.com\\\/web\\\/#\\\/schema\\\/person\\\/7e6644a46e60888f6b868594407e08dd\",\"name\":\"Redactor Uno\",\"image\":{\"@type\":\"ImageObject\",\"inLanguage\":\"es\",\"@id\":\"https:\\\/\\\/secure.gravatar.com\\\/avatar\\\/0049b1bdf1bd548385c9ea6b9356431717930913089febd2ba904f0187d7d074?s=96&d=mm&r=g\",\"url\":\"https:\\\/\\\/secure.gravatar.com\\\/avatar\\\/0049b1bdf1bd548385c9ea6b9356431717930913089febd2ba904f0187d7d074?s=96&d=mm&r=g\",\"contentUrl\":\"https:\\\/\\\/secure.gravatar.com\\\/avatar\\\/0049b1bdf1bd548385c9ea6b9356431717930913089febd2ba904f0187d7d074?s=96&d=mm&r=g\",\"caption\":\"Redactor Uno\"},\"url\":\"https:\\\/\\\/www.eldiariodetucuman.com\\\/web\\\/author\\\/mramasco\\\/\"}]}<\/script>\n<!-- \/ Yoast SEO plugin. -->","yoast_head_json":{"title":"Coronavirus: Una nena de 3 a\u00f1os, la paciente n\u00famero 58\u00a0en Tucum\u00e1n - El Diario de Tucuman","robots":{"index":"index","follow":"follow","max-snippet":"max-snippet:-1","max-image-preview":"max-image-preview:large","max-video-preview":"max-video-preview:-1"},"canonical":"https:\/\/www.eldiariodetucuman.com\/web\/coronavirus-una-nena-de-3-anos-la-paciente-numero-58-en-tucuman\/","og_locale":"es_ES","og_type":"article","og_title":"Coronavirus: Una nena de 3 a\u00f1os, la paciente n\u00famero 58\u00a0en Tucum\u00e1n - El Diario de Tucuman","og_description":"Es hija de un matrimonio repatriado de Buenos Aires, que tambi\u00e9n hab\u00eda dado positivo. Se encuentra en tratamiento en el Hospital Eva Per\u00f3n por razones de prevenci\u00f3n. En la ma\u00f1ana de hoy, la ministra de salud Rossana Chahla, dio a conocer un nuevo caso de coronavirus en Tucum\u00e1n, tambi\u00e9n importado que hizo ascender a 58 [&hellip;]","og_url":"https:\/\/www.eldiariodetucuman.com\/web\/coronavirus-una-nena-de-3-anos-la-paciente-numero-58-en-tucuman\/","og_site_name":"El Diario de Tucuman","article_published_time":"2020-06-18T13:41:08+00:00","article_modified_time":"2020-06-18T13:45:00+00:00","og_image":[{"width":1000,"height":614,"url":"https:\/\/www.eldiariodetucuman.com\/web\/wp-content\/uploads\/2020\/06\/coronavirus-tucuman.jpg","type":"image\/jpeg"}],"author":"Redactor Uno","twitter_card":"summary_large_image","twitter_misc":{"Escrito por":"Redactor Uno","Tiempo de lectura":"1 minuto"},"schema":{"@context":"https:\/\/schema.org","@graph":[{"@type":"Article","@id":"https:\/\/www.eldiariodetucuman.com\/web\/coronavirus-una-nena-de-3-anos-la-paciente-numero-58-en-tucuman\/#article","isPartOf":{"@id":"https:\/\/www.eldiariodetucuman.com\/web\/coronavirus-una-nena-de-3-anos-la-paciente-numero-58-en-tucuman\/"},"author":{"name":"Redactor Uno","@id":"https:\/\/www.eldiariodetucuman.com\/web\/#\/schema\/person\/7e6644a46e60888f6b868594407e08dd"},"headline":"Coronavirus: Una nena de 3 a\u00f1os, la paciente n\u00famero 58\u00a0en Tucum\u00e1n","datePublished":"2020-06-18T13:41:08+00:00","dateModified":"2020-06-18T13:45:00+00:00","mainEntityOfPage":{"@id":"https:\/\/www.eldiariodetucuman.com\/web\/coronavirus-una-nena-de-3-anos-la-paciente-numero-58-en-tucuman\/"},"wordCount":296,"publisher":{"@id":"https:\/\/www.eldiariodetucuman.com\/web\/#organization"},"image":{"@id":"https:\/\/www.eldiariodetucuman.com\/web\/coronavirus-una-nena-de-3-anos-la-paciente-numero-58-en-tucuman\/#primaryimage"},"thumbnailUrl":"https:\/\/www.eldiariodetucuman.com\/web\/wp-content\/uploads\/2020\/06\/coronavirus-tucuman.jpg","keywords":["coronavirus","Tucuman"],"articleSection":["Politica","Portada"],"inLanguage":"es"},{"@type":"WebPage","@id":"https:\/\/www.eldiariodetucuman.com\/web\/coronavirus-una-nena-de-3-anos-la-paciente-numero-58-en-tucuman\/","url":"https:\/\/www.eldiariodetucuman.com\/web\/coronavirus-una-nena-de-3-anos-la-paciente-numero-58-en-tucuman\/","name":"Coronavirus: Una nena de 3 a\u00f1os, la paciente n\u00famero 58\u00a0en Tucum\u00e1n - El Diario de Tucuman","isPartOf":{"@id":"https:\/\/www.eldiariodetucuman.com\/web\/#website"},"primaryImageOfPage":{"@id":"https:\/\/www.eldiariodetucuman.com\/web\/coronavirus-una-nena-de-3-anos-la-paciente-numero-58-en-tucuman\/#primaryimage"},"image":{"@id":"https:\/\/www.eldiariodetucuman.com\/web\/coronavirus-una-nena-de-3-anos-la-paciente-numero-58-en-tucuman\/#primaryimage"},"thumbnailUrl":"https:\/\/www.eldiariodetucuman.com\/web\/wp-content\/uploads\/2020\/06\/coronavirus-tucuman.jpg","datePublished":"2020-06-18T13:41:08+00:00","dateModified":"2020-06-18T13:45:00+00:00","breadcrumb":{"@id":"https:\/\/www.eldiariodetucuman.com\/web\/coronavirus-una-nena-de-3-anos-la-paciente-numero-58-en-tucuman\/#breadcrumb"},"inLanguage":"es","potentialAction":[{"@type":"ReadAction","target":["https:\/\/www.eldiariodetucuman.com\/web\/coronavirus-una-nena-de-3-anos-la-paciente-numero-58-en-tucuman\/"]}]},{"@type":"ImageObject","inLanguage":"es","@id":"https:\/\/www.eldiariodetucuman.com\/web\/coronavirus-una-nena-de-3-anos-la-paciente-numero-58-en-tucuman\/#primaryimage","url":"https:\/\/www.eldiariodetucuman.com\/web\/wp-content\/uploads\/2020\/06\/coronavirus-tucuman.jpg","contentUrl":"https:\/\/www.eldiariodetucuman.com\/web\/wp-content\/uploads\/2020\/06\/coronavirus-tucuman.jpg","width":1000,"height":614},{"@type":"BreadcrumbList","@id":"https:\/\/www.eldiariodetucuman.com\/web\/coronavirus-una-nena-de-3-anos-la-paciente-numero-58-en-tucuman\/#breadcrumb","itemListElement":[{"@type":"ListItem","position":1,"name":"Portada","item":"https:\/\/www.eldiariodetucuman.com\/web\/"},{"@type":"ListItem","position":2,"name":"Coronavirus: Una nena de 3 a\u00f1os, la paciente n\u00famero 58\u00a0en Tucum\u00e1n"}]},{"@type":"WebSite","@id":"https:\/\/www.eldiariodetucuman.com\/web\/#website","url":"https:\/\/www.eldiariodetucuman.com\/web\/","name":"El Diario de Tucuman","description":"Diario Tucuman - Informaci\u00f3n y noticias","publisher":{"@id":"https:\/\/www.eldiariodetucuman.com\/web\/#organization"},"potentialAction":[{"@type":"SearchAction","target":{"@type":"EntryPoint","urlTemplate":"https:\/\/www.eldiariodetucuman.com\/web\/?s={search_term_string}"},"query-input":{"@type":"PropertyValueSpecification","valueRequired":true,"valueName":"search_term_string"}}],"inLanguage":"es"},{"@type":"Organization","@id":"https:\/\/www.eldiariodetucuman.com\/web\/#organization","name":"El Diario de Tucuman","url":"https:\/\/www.eldiariodetucuman.com\/web\/","logo":{"@type":"ImageObject","inLanguage":"es","@id":"https:\/\/www.eldiariodetucuman.com\/web\/#\/schema\/logo\/image\/","url":"http:\/\/www.eldiariodetucuman.com\/web\/wp-content\/uploads\/2017\/12\/el-diario-de-tucuman.jpg","contentUrl":"http:\/\/www.eldiariodetucuman.com\/web\/wp-content\/uploads\/2017\/12\/el-diario-de-tucuman.jpg","width":272,"height":92,"caption":"El Diario de Tucuman"},"image":{"@id":"https:\/\/www.eldiariodetucuman.com\/web\/#\/schema\/logo\/image\/"}},{"@type":"Person","@id":"https:\/\/www.eldiariodetucuman.com\/web\/#\/schema\/person\/7e6644a46e60888f6b868594407e08dd","name":"Redactor Uno","image":{"@type":"ImageObject","inLanguage":"es","@id":"https:\/\/secure.gravatar.com\/avatar\/0049b1bdf1bd548385c9ea6b9356431717930913089febd2ba904f0187d7d074?s=96&d=mm&r=g","url":"https:\/\/secure.gravatar.com\/avatar\/0049b1bdf1bd548385c9ea6b9356431717930913089febd2ba904f0187d7d074?s=96&d=mm&r=g","contentUrl":"https:\/\/secure.gravatar.com\/avatar\/0049b1bdf1bd548385c9ea6b9356431717930913089febd2ba904f0187d7d074?s=96&d=mm&r=g","caption":"Redactor Uno"},"url":"https:\/\/www.eldiariodetucuman.com\/web\/author\/mramasco\/"}]}},"_links":{"self":[{"href":"https:\/\/www.eldiariodetucuman.com\/web\/wp-json\/wp\/v2\/posts\/27893","targetHints":{"allow":["GET"]}}],"collection":[{"href":"https:\/\/www.eldiariodetucuman.com\/web\/wp-json\/wp\/v2\/posts"}],"about":[{"href":"https:\/\/www.eldiariodetucuman.com\/web\/wp-json\/wp\/v2\/types\/post"}],"author":[{"embeddable":true,"href":"https:\/\/www.eldiariodetucuman.com\/web\/wp-json\/wp\/v2\/users\/5"}],"replies":[{"embeddable":true,"href":"https:\/\/www.eldiariodetucuman.com\/web\/wp-json\/wp\/v2\/comments?post=27893"}],"version-history":[{"count":3,"href":"https:\/\/www.eldiariodetucuman.com\/web\/wp-json\/wp\/v2\/posts\/27893\/revisions"}],"predecessor-version":[{"id":27897,"href":"https:\/\/www.eldiariodetucuman.com\/web\/wp-json\/wp\/v2\/posts\/27893\/revisions\/27897"}],"wp:featuredmedia":[{"embeddable":true,"href":"https:\/\/www.eldiariodetucuman.com\/web\/wp-json\/wp\/v2\/media\/27894"}],"wp:attachment":[{"href":"https:\/\/www.eldiariodetucuman.com\/web\/wp-json\/wp\/v2\/media?parent=27893"}],"wp:term":[{"taxonomy":"category","embeddable":true,"href":"https:\/\/www.eldiariodetucuman.com\/web\/wp-json\/wp\/v2\/categories?post=27893"},{"taxonomy":"post_tag","embeddable":true,"href":"https:\/\/www.eldiariodetucuman.com\/web\/wp-json\/wp\/v2\/tags?post=27893"}],"curies":[{"name":"wp","href":"https:\/\/api.w.org\/{rel}","templated":true}]}}