{"id":27890,"date":"2020-06-17T13:05:39","date_gmt":"2020-06-17T16:05:39","guid":{"rendered":"http:\/\/www.eldiariodetucuman.com\/web\/?p=27890"},"modified":"2020-06-17T13:05:39","modified_gmt":"2020-06-17T16:05:39","slug":"carnet-de-manejo-se-puede-circular-con-la-licencia-vencida-hasta-90-dias","status":"publish","type":"post","link":"https:\/\/www.eldiariodetucuman.com\/web\/carnet-de-manejo-se-puede-circular-con-la-licencia-vencida-hasta-90-dias\/","title":{"rendered":"Carnet de manejo: \u201cse puede circular con la licencia vencida hasta 90 d\u00edas\u201d"},"content":{"rendered":"<div class=\"small-12 xlarge-8 xlarge-offset-2 large-8 large-offset-2 columns\">\n<div class=\"e-post-subtitle\">El subsecretario de Transporte y Tr\u00e1nsito de la municipalidad capitalina Enrique Romero, se refiri\u00f3 al proyecto de ley y aclar\u00f3 qu\u00e9 ocurre con el carnet de manejo vencido.<\/div>\n<\/div>\n<p><!--more--><\/p>\n<div class=\"small-12 xlarge-8 xlarge-offset-2 large-8 large-offset-2 columns\">\n<p class=\"e-post-subtitle\">El proyecto de ley, firmado por el peronista Daniel Herrera, sobre la renovaci\u00f3n autom\u00e1tica de las licencias de conducir para aquellos conductores que se les venci\u00f3 el carnet despu\u00e9s de iniciar la cuarentena, dej\u00f3 diferentes posturas.<\/p>\n<p class=\"e-post-subtitle\">El titular de tr\u00e1nsito de la municipalidad capitalina, Enrique Romero manifest\u00f3 que el proyecto est\u00e1 emitido con \u201csupina ignorancia de lo que ocurre a nivel nacional y provincia\u00bb.<\/p>\n<p class=\"e-post-subtitle\">La agencia Nacional de Seguridad Vial estableci\u00f3 que quienes cuenten con la licencia vencida entre el 15 de febrero y el 15 de junio cuentan con 90 d\u00edas posteriores para realizar el tr\u00e1mite de renovaci\u00f3n. Motivo por el cual no se pueden realizar ni actas de infracci\u00f3n ni retener el veh\u00edculo por estas causas.<\/p>\n<p class=\"e-post-subtitle\">De esta forma, el Subsecretario de Transporte y Tr\u00e1nsito de la capital tucumana explic\u00f3 que \u201cse termina confundiendo no solamente al ciudadano sino a otras fuerzas de seguridad\u201d.<\/p>\n<p class=\"e-post-subtitle\">Desde el \u00e1rea de tr\u00e1nsito de la capital tucumana, desde el primero de junio se permite realizar el tr\u00e1mite de renovaci\u00f3n o emisi\u00f3n de la licencia de conducir bajo un estricto protocolo con cabinas sanitizantes, toma de temperatura, higienizaci\u00f3n, entre otros.<\/p>\n<div><strong>Fuente:<\/strong> <a href=\"https:\/\/tucuman.telefe.com\/local\/carnet-de-manejo-se-puede-circular-con-la-licencia-vencida-hasta-90-dias\/\">https:\/\/tucuman.telefe.com\/local\/carnet-de-manejo-se-puede-circular-con-la-licencia-vencida-hasta-90-dias\/<\/a><\/div>\n<\/div>\n","protected":false},"excerpt":{"rendered":"<p>El subsecretario de Transporte y Tr\u00e1nsito de la municipalidad capitalina Enrique Romero, se refiri\u00f3 al proyecto de ley y aclar\u00f3 qu\u00e9 ocurre con el carnet de manejo vencido.<\/p>\n","protected":false},"author":5,"featured_media":27891,"comment_status":"closed","ping_status":"open","sticky":false,"template":"","format":"standard","meta":{"footnotes":""},"categories":[2],"tags":[1377,3267,1072,61],"class_list":{"0":"post-27890","1":"post","2":"type-post","3":"status-publish","4":"format-standard","5":"has-post-thumbnail","7":"category-actualidad","8":"tag-capital","9":"tag-carnet-de-manejo","10":"tag-transito","11":"tag-tucuman"},"yoast_head":"<!-- This site is optimized with the Yoast SEO plugin v27.4 - https:\/\/yoast.com\/product\/yoast-seo-wordpress\/ -->\n<title>Carnet de manejo: \u201cse puede circular con la licencia vencida hasta 90 d\u00edas\u201d - El Diario de Tucuman<\/title>\n<meta name=\"robots\" content=\"index, follow, max-snippet:-1, max-image-preview:large, max-video-preview:-1\" \/>\n<link rel=\"canonical\" href=\"https:\/\/www.eldiariodetucuman.com\/web\/carnet-de-manejo-se-puede-circular-con-la-licencia-vencida-hasta-90-dias\/\" \/>\n<meta property=\"og:locale\" content=\"es_ES\" \/>\n<meta property=\"og:type\" content=\"article\" \/>\n<meta property=\"og:title\" content=\"Carnet de manejo: \u201cse puede circular con la licencia vencida hasta 90 d\u00edas\u201d - El Diario de Tucuman\" \/>\n<meta property=\"og:description\" content=\"El subsecretario de Transporte y Tr\u00e1nsito de la municipalidad capitalina Enrique Romero, se refiri\u00f3 al proyecto de ley y aclar\u00f3 qu\u00e9 ocurre con el carnet de manejo vencido.\" \/>\n<meta property=\"og:url\" content=\"https:\/\/www.eldiariodetucuman.com\/web\/carnet-de-manejo-se-puede-circular-con-la-licencia-vencida-hasta-90-dias\/\" \/>\n<meta property=\"og:site_name\" content=\"El Diario de Tucuman\" \/>\n<meta property=\"article:published_time\" content=\"2020-06-17T16:05:39+00:00\" \/>\n<meta property=\"og:image\" content=\"https:\/\/www.eldiariodetucuman.com\/web\/wp-content\/uploads\/2020\/06\/carnet-de-manejo.jpg\" \/>\n\t<meta property=\"og:image:width\" content=\"641\" \/>\n\t<meta property=\"og:image:height\" content=\"333\" \/>\n\t<meta property=\"og:image:type\" content=\"image\/jpeg\" \/>\n<meta name=\"author\" content=\"Redactor Uno\" \/>\n<meta name=\"twitter:card\" content=\"summary_large_image\" \/>\n<meta name=\"twitter:label1\" content=\"Escrito por\" \/>\n\t<meta name=\"twitter:data1\" content=\"Redactor Uno\" \/>\n\t<meta name=\"twitter:label2\" content=\"Tiempo de lectura\" \/>\n\t<meta name=\"twitter:data2\" content=\"1 minuto\" \/>\n<script type=\"application\/ld+json\" class=\"yoast-schema-graph\">{\"@context\":\"https:\\\/\\\/schema.org\",\"@graph\":[{\"@type\":\"Article\",\"@id\":\"https:\\\/\\\/www.eldiariodetucuman.com\\\/web\\\/carnet-de-manejo-se-puede-circular-con-la-licencia-vencida-hasta-90-dias\\\/#article\",\"isPartOf\":{\"@id\":\"https:\\\/\\\/www.eldiariodetucuman.com\\\/web\\\/carnet-de-manejo-se-puede-circular-con-la-licencia-vencida-hasta-90-dias\\\/\"},\"author\":{\"name\":\"Redactor Uno\",\"@id\":\"https:\\\/\\\/www.eldiariodetucuman.com\\\/web\\\/#\\\/schema\\\/person\\\/7e6644a46e60888f6b868594407e08dd\"},\"headline\":\"Carnet de manejo: \u201cse puede circular con la licencia vencida hasta 90 d\u00edas\u201d\",\"datePublished\":\"2020-06-17T16:05:39+00:00\",\"mainEntityOfPage\":{\"@id\":\"https:\\\/\\\/www.eldiariodetucuman.com\\\/web\\\/carnet-de-manejo-se-puede-circular-con-la-licencia-vencida-hasta-90-dias\\\/\"},\"wordCount\":249,\"publisher\":{\"@id\":\"https:\\\/\\\/www.eldiariodetucuman.com\\\/web\\\/#organization\"},\"image\":{\"@id\":\"https:\\\/\\\/www.eldiariodetucuman.com\\\/web\\\/carnet-de-manejo-se-puede-circular-con-la-licencia-vencida-hasta-90-dias\\\/#primaryimage\"},\"thumbnailUrl\":\"https:\\\/\\\/www.eldiariodetucuman.com\\\/web\\\/wp-content\\\/uploads\\\/2020\\\/06\\\/carnet-de-manejo.jpg\",\"keywords\":[\"capital\",\"carnet de manejo\",\"tr\u00e1nsito\",\"Tucuman\"],\"articleSection\":[\"Actualidad\"],\"inLanguage\":\"es\"},{\"@type\":\"WebPage\",\"@id\":\"https:\\\/\\\/www.eldiariodetucuman.com\\\/web\\\/carnet-de-manejo-se-puede-circular-con-la-licencia-vencida-hasta-90-dias\\\/\",\"url\":\"https:\\\/\\\/www.eldiariodetucuman.com\\\/web\\\/carnet-de-manejo-se-puede-circular-con-la-licencia-vencida-hasta-90-dias\\\/\",\"name\":\"Carnet de manejo: \u201cse puede circular con la licencia vencida hasta 90 d\u00edas\u201d - El Diario de Tucuman\",\"isPartOf\":{\"@id\":\"https:\\\/\\\/www.eldiariodetucuman.com\\\/web\\\/#website\"},\"primaryImageOfPage\":{\"@id\":\"https:\\\/\\\/www.eldiariodetucuman.com\\\/web\\\/carnet-de-manejo-se-puede-circular-con-la-licencia-vencida-hasta-90-dias\\\/#primaryimage\"},\"image\":{\"@id\":\"https:\\\/\\\/www.eldiariodetucuman.com\\\/web\\\/carnet-de-manejo-se-puede-circular-con-la-licencia-vencida-hasta-90-dias\\\/#primaryimage\"},\"thumbnailUrl\":\"https:\\\/\\\/www.eldiariodetucuman.com\\\/web\\\/wp-content\\\/uploads\\\/2020\\\/06\\\/carnet-de-manejo.jpg\",\"datePublished\":\"2020-06-17T16:05:39+00:00\",\"breadcrumb\":{\"@id\":\"https:\\\/\\\/www.eldiariodetucuman.com\\\/web\\\/carnet-de-manejo-se-puede-circular-con-la-licencia-vencida-hasta-90-dias\\\/#breadcrumb\"},\"inLanguage\":\"es\",\"potentialAction\":[{\"@type\":\"ReadAction\",\"target\":[\"https:\\\/\\\/www.eldiariodetucuman.com\\\/web\\\/carnet-de-manejo-se-puede-circular-con-la-licencia-vencida-hasta-90-dias\\\/\"]}]},{\"@type\":\"ImageObject\",\"inLanguage\":\"es\",\"@id\":\"https:\\\/\\\/www.eldiariodetucuman.com\\\/web\\\/carnet-de-manejo-se-puede-circular-con-la-licencia-vencida-hasta-90-dias\\\/#primaryimage\",\"url\":\"https:\\\/\\\/www.eldiariodetucuman.com\\\/web\\\/wp-content\\\/uploads\\\/2020\\\/06\\\/carnet-de-manejo.jpg\",\"contentUrl\":\"https:\\\/\\\/www.eldiariodetucuman.com\\\/web\\\/wp-content\\\/uploads\\\/2020\\\/06\\\/carnet-de-manejo.jpg\",\"width\":641,\"height\":333},{\"@type\":\"BreadcrumbList\",\"@id\":\"https:\\\/\\\/www.eldiariodetucuman.com\\\/web\\\/carnet-de-manejo-se-puede-circular-con-la-licencia-vencida-hasta-90-dias\\\/#breadcrumb\",\"itemListElement\":[{\"@type\":\"ListItem\",\"position\":1,\"name\":\"Portada\",\"item\":\"https:\\\/\\\/www.eldiariodetucuman.com\\\/web\\\/\"},{\"@type\":\"ListItem\",\"position\":2,\"name\":\"Carnet de manejo: \u201cse puede circular con la licencia vencida hasta 90 d\u00edas\u201d\"}]},{\"@type\":\"WebSite\",\"@id\":\"https:\\\/\\\/www.eldiariodetucuman.com\\\/web\\\/#website\",\"url\":\"https:\\\/\\\/www.eldiariodetucuman.com\\\/web\\\/\",\"name\":\"El Diario de Tucuman\",\"description\":\"Diario Tucuman - Informaci\u00f3n y noticias\",\"publisher\":{\"@id\":\"https:\\\/\\\/www.eldiariodetucuman.com\\\/web\\\/#organization\"},\"potentialAction\":[{\"@type\":\"SearchAction\",\"target\":{\"@type\":\"EntryPoint\",\"urlTemplate\":\"https:\\\/\\\/www.eldiariodetucuman.com\\\/web\\\/?s={search_term_string}\"},\"query-input\":{\"@type\":\"PropertyValueSpecification\",\"valueRequired\":true,\"valueName\":\"search_term_string\"}}],\"inLanguage\":\"es\"},{\"@type\":\"Organization\",\"@id\":\"https:\\\/\\\/www.eldiariodetucuman.com\\\/web\\\/#organization\",\"name\":\"El Diario de Tucuman\",\"url\":\"https:\\\/\\\/www.eldiariodetucuman.com\\\/web\\\/\",\"logo\":{\"@type\":\"ImageObject\",\"inLanguage\":\"es\",\"@id\":\"https:\\\/\\\/www.eldiariodetucuman.com\\\/web\\\/#\\\/schema\\\/logo\\\/image\\\/\",\"url\":\"http:\\\/\\\/www.eldiariodetucuman.com\\\/web\\\/wp-content\\\/uploads\\\/2017\\\/12\\\/el-diario-de-tucuman.jpg\",\"contentUrl\":\"http:\\\/\\\/www.eldiariodetucuman.com\\\/web\\\/wp-content\\\/uploads\\\/2017\\\/12\\\/el-diario-de-tucuman.jpg\",\"width\":272,\"height\":92,\"caption\":\"El Diario de Tucuman\"},\"image\":{\"@id\":\"https:\\\/\\\/www.eldiariodetucuman.com\\\/web\\\/#\\\/schema\\\/logo\\\/image\\\/\"}},{\"@type\":\"Person\",\"@id\":\"https:\\\/\\\/www.eldiariodetucuman.com\\\/web\\\/#\\\/schema\\\/person\\\/7e6644a46e60888f6b868594407e08dd\",\"name\":\"Redactor Uno\",\"image\":{\"@type\":\"ImageObject\",\"inLanguage\":\"es\",\"@id\":\"https:\\\/\\\/secure.gravatar.com\\\/avatar\\\/0049b1bdf1bd548385c9ea6b9356431717930913089febd2ba904f0187d7d074?s=96&d=mm&r=g\",\"url\":\"https:\\\/\\\/secure.gravatar.com\\\/avatar\\\/0049b1bdf1bd548385c9ea6b9356431717930913089febd2ba904f0187d7d074?s=96&d=mm&r=g\",\"contentUrl\":\"https:\\\/\\\/secure.gravatar.com\\\/avatar\\\/0049b1bdf1bd548385c9ea6b9356431717930913089febd2ba904f0187d7d074?s=96&d=mm&r=g\",\"caption\":\"Redactor Uno\"},\"url\":\"https:\\\/\\\/www.eldiariodetucuman.com\\\/web\\\/author\\\/mramasco\\\/\"}]}<\/script>\n<!-- \/ Yoast SEO plugin. -->","yoast_head_json":{"title":"Carnet de manejo: \u201cse puede circular con la licencia vencida hasta 90 d\u00edas\u201d - El Diario de Tucuman","robots":{"index":"index","follow":"follow","max-snippet":"max-snippet:-1","max-image-preview":"max-image-preview:large","max-video-preview":"max-video-preview:-1"},"canonical":"https:\/\/www.eldiariodetucuman.com\/web\/carnet-de-manejo-se-puede-circular-con-la-licencia-vencida-hasta-90-dias\/","og_locale":"es_ES","og_type":"article","og_title":"Carnet de manejo: \u201cse puede circular con la licencia vencida hasta 90 d\u00edas\u201d - El Diario de Tucuman","og_description":"El subsecretario de Transporte y Tr\u00e1nsito de la municipalidad capitalina Enrique Romero, se refiri\u00f3 al proyecto de ley y aclar\u00f3 qu\u00e9 ocurre con el carnet de manejo vencido.","og_url":"https:\/\/www.eldiariodetucuman.com\/web\/carnet-de-manejo-se-puede-circular-con-la-licencia-vencida-hasta-90-dias\/","og_site_name":"El Diario de Tucuman","article_published_time":"2020-06-17T16:05:39+00:00","og_image":[{"width":641,"height":333,"url":"https:\/\/www.eldiariodetucuman.com\/web\/wp-content\/uploads\/2020\/06\/carnet-de-manejo.jpg","type":"image\/jpeg"}],"author":"Redactor Uno","twitter_card":"summary_large_image","twitter_misc":{"Escrito por":"Redactor Uno","Tiempo de lectura":"1 minuto"},"schema":{"@context":"https:\/\/schema.org","@graph":[{"@type":"Article","@id":"https:\/\/www.eldiariodetucuman.com\/web\/carnet-de-manejo-se-puede-circular-con-la-licencia-vencida-hasta-90-dias\/#article","isPartOf":{"@id":"https:\/\/www.eldiariodetucuman.com\/web\/carnet-de-manejo-se-puede-circular-con-la-licencia-vencida-hasta-90-dias\/"},"author":{"name":"Redactor Uno","@id":"https:\/\/www.eldiariodetucuman.com\/web\/#\/schema\/person\/7e6644a46e60888f6b868594407e08dd"},"headline":"Carnet de manejo: \u201cse puede circular con la licencia vencida hasta 90 d\u00edas\u201d","datePublished":"2020-06-17T16:05:39+00:00","mainEntityOfPage":{"@id":"https:\/\/www.eldiariodetucuman.com\/web\/carnet-de-manejo-se-puede-circular-con-la-licencia-vencida-hasta-90-dias\/"},"wordCount":249,"publisher":{"@id":"https:\/\/www.eldiariodetucuman.com\/web\/#organization"},"image":{"@id":"https:\/\/www.eldiariodetucuman.com\/web\/carnet-de-manejo-se-puede-circular-con-la-licencia-vencida-hasta-90-dias\/#primaryimage"},"thumbnailUrl":"https:\/\/www.eldiariodetucuman.com\/web\/wp-content\/uploads\/2020\/06\/carnet-de-manejo.jpg","keywords":["capital","carnet de manejo","tr\u00e1nsito","Tucuman"],"articleSection":["Actualidad"],"inLanguage":"es"},{"@type":"WebPage","@id":"https:\/\/www.eldiariodetucuman.com\/web\/carnet-de-manejo-se-puede-circular-con-la-licencia-vencida-hasta-90-dias\/","url":"https:\/\/www.eldiariodetucuman.com\/web\/carnet-de-manejo-se-puede-circular-con-la-licencia-vencida-hasta-90-dias\/","name":"Carnet de manejo: \u201cse puede circular con la licencia vencida hasta 90 d\u00edas\u201d - El Diario de Tucuman","isPartOf":{"@id":"https:\/\/www.eldiariodetucuman.com\/web\/#website"},"primaryImageOfPage":{"@id":"https:\/\/www.eldiariodetucuman.com\/web\/carnet-de-manejo-se-puede-circular-con-la-licencia-vencida-hasta-90-dias\/#primaryimage"},"image":{"@id":"https:\/\/www.eldiariodetucuman.com\/web\/carnet-de-manejo-se-puede-circular-con-la-licencia-vencida-hasta-90-dias\/#primaryimage"},"thumbnailUrl":"https:\/\/www.eldiariodetucuman.com\/web\/wp-content\/uploads\/2020\/06\/carnet-de-manejo.jpg","datePublished":"2020-06-17T16:05:39+00:00","breadcrumb":{"@id":"https:\/\/www.eldiariodetucuman.com\/web\/carnet-de-manejo-se-puede-circular-con-la-licencia-vencida-hasta-90-dias\/#breadcrumb"},"inLanguage":"es","potentialAction":[{"@type":"ReadAction","target":["https:\/\/www.eldiariodetucuman.com\/web\/carnet-de-manejo-se-puede-circular-con-la-licencia-vencida-hasta-90-dias\/"]}]},{"@type":"ImageObject","inLanguage":"es","@id":"https:\/\/www.eldiariodetucuman.com\/web\/carnet-de-manejo-se-puede-circular-con-la-licencia-vencida-hasta-90-dias\/#primaryimage","url":"https:\/\/www.eldiariodetucuman.com\/web\/wp-content\/uploads\/2020\/06\/carnet-de-manejo.jpg","contentUrl":"https:\/\/www.eldiariodetucuman.com\/web\/wp-content\/uploads\/2020\/06\/carnet-de-manejo.jpg","width":641,"height":333},{"@type":"BreadcrumbList","@id":"https:\/\/www.eldiariodetucuman.com\/web\/carnet-de-manejo-se-puede-circular-con-la-licencia-vencida-hasta-90-dias\/#breadcrumb","itemListElement":[{"@type":"ListItem","position":1,"name":"Portada","item":"https:\/\/www.eldiariodetucuman.com\/web\/"},{"@type":"ListItem","position":2,"name":"Carnet de manejo: \u201cse puede circular con la licencia vencida hasta 90 d\u00edas\u201d"}]},{"@type":"WebSite","@id":"https:\/\/www.eldiariodetucuman.com\/web\/#website","url":"https:\/\/www.eldiariodetucuman.com\/web\/","name":"El Diario de Tucuman","description":"Diario Tucuman - Informaci\u00f3n y noticias","publisher":{"@id":"https:\/\/www.eldiariodetucuman.com\/web\/#organization"},"potentialAction":[{"@type":"SearchAction","target":{"@type":"EntryPoint","urlTemplate":"https:\/\/www.eldiariodetucuman.com\/web\/?s={search_term_string}"},"query-input":{"@type":"PropertyValueSpecification","valueRequired":true,"valueName":"search_term_string"}}],"inLanguage":"es"},{"@type":"Organization","@id":"https:\/\/www.eldiariodetucuman.com\/web\/#organization","name":"El Diario de Tucuman","url":"https:\/\/www.eldiariodetucuman.com\/web\/","logo":{"@type":"ImageObject","inLanguage":"es","@id":"https:\/\/www.eldiariodetucuman.com\/web\/#\/schema\/logo\/image\/","url":"http:\/\/www.eldiariodetucuman.com\/web\/wp-content\/uploads\/2017\/12\/el-diario-de-tucuman.jpg","contentUrl":"http:\/\/www.eldiariodetucuman.com\/web\/wp-content\/uploads\/2017\/12\/el-diario-de-tucuman.jpg","width":272,"height":92,"caption":"El Diario de Tucuman"},"image":{"@id":"https:\/\/www.eldiariodetucuman.com\/web\/#\/schema\/logo\/image\/"}},{"@type":"Person","@id":"https:\/\/www.eldiariodetucuman.com\/web\/#\/schema\/person\/7e6644a46e60888f6b868594407e08dd","name":"Redactor Uno","image":{"@type":"ImageObject","inLanguage":"es","@id":"https:\/\/secure.gravatar.com\/avatar\/0049b1bdf1bd548385c9ea6b9356431717930913089febd2ba904f0187d7d074?s=96&d=mm&r=g","url":"https:\/\/secure.gravatar.com\/avatar\/0049b1bdf1bd548385c9ea6b9356431717930913089febd2ba904f0187d7d074?s=96&d=mm&r=g","contentUrl":"https:\/\/secure.gravatar.com\/avatar\/0049b1bdf1bd548385c9ea6b9356431717930913089febd2ba904f0187d7d074?s=96&d=mm&r=g","caption":"Redactor Uno"},"url":"https:\/\/www.eldiariodetucuman.com\/web\/author\/mramasco\/"}]}},"_links":{"self":[{"href":"https:\/\/www.eldiariodetucuman.com\/web\/wp-json\/wp\/v2\/posts\/27890","targetHints":{"allow":["GET"]}}],"collection":[{"href":"https:\/\/www.eldiariodetucuman.com\/web\/wp-json\/wp\/v2\/posts"}],"about":[{"href":"https:\/\/www.eldiariodetucuman.com\/web\/wp-json\/wp\/v2\/types\/post"}],"author":[{"embeddable":true,"href":"https:\/\/www.eldiariodetucuman.com\/web\/wp-json\/wp\/v2\/users\/5"}],"replies":[{"embeddable":true,"href":"https:\/\/www.eldiariodetucuman.com\/web\/wp-json\/wp\/v2\/comments?post=27890"}],"version-history":[{"count":1,"href":"https:\/\/www.eldiariodetucuman.com\/web\/wp-json\/wp\/v2\/posts\/27890\/revisions"}],"predecessor-version":[{"id":27892,"href":"https:\/\/www.eldiariodetucuman.com\/web\/wp-json\/wp\/v2\/posts\/27890\/revisions\/27892"}],"wp:featuredmedia":[{"embeddable":true,"href":"https:\/\/www.eldiariodetucuman.com\/web\/wp-json\/wp\/v2\/media\/27891"}],"wp:attachment":[{"href":"https:\/\/www.eldiariodetucuman.com\/web\/wp-json\/wp\/v2\/media?parent=27890"}],"wp:term":[{"taxonomy":"category","embeddable":true,"href":"https:\/\/www.eldiariodetucuman.com\/web\/wp-json\/wp\/v2\/categories?post=27890"},{"taxonomy":"post_tag","embeddable":true,"href":"https:\/\/www.eldiariodetucuman.com\/web\/wp-json\/wp\/v2\/tags?post=27890"}],"curies":[{"name":"wp","href":"https:\/\/api.w.org\/{rel}","templated":true}]}}