{"id":27883,"date":"2020-06-17T12:50:18","date_gmt":"2020-06-17T15:50:18","guid":{"rendered":"http:\/\/www.eldiariodetucuman.com\/web\/?p=27883"},"modified":"2020-06-17T12:50:39","modified_gmt":"2020-06-17T15:50:39","slug":"nacion-anuncio-que-algunos-estatales-recibiran-el-aguinaldo-en-cuotas","status":"publish","type":"post","link":"https:\/\/www.eldiariodetucuman.com\/web\/nacion-anuncio-que-algunos-estatales-recibiran-el-aguinaldo-en-cuotas\/","title":{"rendered":"Naci\u00f3n anunci\u00f3 que algunos estatales recibir\u00e1n el aguinaldo en cuotas"},"content":{"rendered":"<header class=\"entry-header\">\n<div class=\"entry-meta entry-meta-single\">En medio de la fuerte crisis econ\u00f3mica, el Gobierno inform\u00f3 en las \u00faltimas horas a los sindicatos estatales que pagar\u00e1 en cuotas el aguinaldo de los trabajadores del sector p\u00fablico nacional con salarios m\u00e1s altos, mecanismo que servir\u00eda de caso testigo para las negociaciones de provincias y municipios con el resto de los empleados en todo el pa\u00eds.<\/div>\n<\/header>\n<p><!--more--><\/p>\n<div class=\"entry-content herald-entry-content\">\n<p>El jefe de Gabinete, Santiago Cafiero, y el ministro de Trabajo, Claudio Moroni, informaron a las c\u00fapulas de UPCN y ATE el viernes pasado que, debido a los problemas de caja, parte de los empleados del Sistema P\u00fablico Nacional (que incluye Banco Central, Fuerzas Armadas y de seguridad, y empresas p\u00fablicas o con mayor\u00eda estatal, entre otros) cobrar\u00e1n sus sueldos hasta en cinco partes. S\u00a0in contar a aquellos que trabajan en empresas p\u00fablicas o de mayor\u00eda estatal, son cerca de 400.000 empleados, por lo cual el universo alcanzado es a\u00fan mayor, indicaron fuentes oficiales a LA NACION.<\/p>\n<p>En la Casa Rosada dos fuentes confirmaron que se est\u00e1 trabajando en ese sentido, pero aclararon a este medio que\u00a0la decisi\u00f3n todav\u00eda no fue firmada por el Presidente,\u00a0lo que abri\u00f3 un resquicio para la negociaci\u00f3n que pueda haber con los gremios del Estado.<\/p>\n<p>Seg\u00fan confirm\u00f3\u00a0LA NACION,\u00a0el tope para cobrar el medio aguinaldo completo con el sueldo de junio ser\u00e1n $80.000 brutos. Esto quiere decir que el m\u00e1ximo de medio aguinaldo a cobrar ser\u00e1 de $40.000. Por encima del tope, se pagar\u00e1 ese m\u00e1ximo ($40.000) y el resto a cobrar por el trabajador se abonar\u00e1 en cuatro partes siempre y cuando no sean menores de $1000.<\/p>\n<p>\u201cEstamos analizando el tema con el consejo directivo nacional, al que que hemos convocado ma\u00f1ana\u201d, dijo Hugo \u201cCachorro\u201d Godoy, secretario nacional de ATE. All\u00ed estimaban que la \u201ccuotificaci\u00f3n\u201d del pago del excedente del aguinaldo no ser\u00eda de m\u00e1s de dos cuotas. \u201cHay preocupaci\u00f3n\u201d, afirm\u00f3, y se\u00f1al\u00f3 que esta situaci\u00f3n es\u00a0\u201cun mal caso testigo para lo que luego puedan terminar haciendo provincias y municipios\u201d\u00a0con sus empleados p\u00fablicos.<\/p>\n<p>\u201cQueremos un cuarto intermedio y discutir esto directamente con el presidente de la Naci\u00f3n\u201d, asegur\u00f3 Godoy en referencia a Alberto Fern\u00e1ndez. \u201cEs un mensaje complicado para las provincias y municipios. El ajuste ya se hizo\u201d, dijo el dirigente, que se\u00f1al\u00f3 que los empleados p\u00fablicos perdieron \u201cun 50% de poder adquisitivo\u201d durante el gobierno de Mauricio Macri.<\/p>\n<p>\u201cEntendemos que esto tiene no s\u00f3lo una implicancia en el pago actual del aguinaldo, sino en la paritaria 2020 y 2021. Pedimos que esa instancia siga abierta\u201d, dijo Godoy, que dijo entender que \u201clas dificultades son absolutamente razonables\u201d por al aumento de las erogaciones del Estado en el marco de la crisis que provoc\u00f3 la cuarentena y la pandemia de coronavirus.<\/p>\n<p>En UPCN\u00a0,\u00a0en tanto, prefirieron no responder. Sin embargo, fuentes cercanas a ese gremio confirmaron que el sindicato fue notificado de las intenciones oficiales la semana pasada. \u201cEl gremio no va a poder avalar eso\u201d, confiaron esas fuentes. \u201cEs cierto que abarca a los trabajadores de AFIP y a los que tienen sueldos altos, pero no se puede avalar\u201d, ratificaron fuentes que trabajan cerca del secretario general del gremio, Andr\u00e9s Rodr\u00edguez.<\/p>\n<p>Seg\u00fan los \u00faltimos datos del Sistema Integrado Previsional Argentino (SIPA),\u00a0en la Argentina hay 3.179.000 trabajadores p\u00fablicos.\u00a0Este dato incluye a la administraci\u00f3n central, para la que estar\u00eda en principio destinada la medida de \u201cahorro\u201d del gobierno de Alberto Fern\u00e1ndez, pero tambi\u00e9n a empleados de las diferentes provincias y municipios, que son la mayor\u00eda.<\/p>\n<p>Sin acceso al financiamiento y sin ahorros, el Gobierno recurre a la emisi\u00f3n monetaria para inyectar pesos en la econom\u00eda en medio del freno de la actividad. Sin embargo, no alcanza. Hay varias provincias que ya decidieron pagar con bonos a sus proveedores directos y algunos analistas privados ya alertaban sobre una posible \u201ccuotificaci\u00f3n\u201d de los salarios p\u00fablicos.<\/p>\n<p>\u201cLa emisi\u00f3n es el instrumento en medio de la crisis, pero eso no impide que una porci\u00f3n inusitada de pymes anuncie que no podr\u00e1 pagar los sueldos de abril,\u00a0con provincias y municipios que anticipan cuotificaci\u00f3n de salarios estatales,\u00a0mientras comienzan a emitir bonos para sus proveedores\u201d, describi\u00f3 un informe del Ieral en abril pasado.<\/p>\n<p>\u201cEsta paradoja emerge porque la liquidez no alcanza suficiente capilaridad y porque bajo la l\u00f3gica del distanciamiento los problemas de funcionamiento del lado de la oferta requieren mayor coordinaci\u00f3n p\u00fablico-privada, m\u00e1s flexibilidad en el mercado de trabajo y mejor focalizaci\u00f3n de las pol\u00edticas p\u00fablicas, tanto en la salud como en la econom\u00eda\u201d, agreg\u00f3 el estudio.<\/p>\n<p>Los \u00faltimos dos meses, en medio de la cuarentena que restringi\u00f3 la circulaci\u00f3n y la actividad econ\u00f3mica, la recaudaci\u00f3n nacional cay\u00f3 por arriba del 20% mensual. En las provincias, la recaudaci\u00f3n tuvo retrocesos incluso mayores restringiendo los flujos de caja de esos gobiernos.<\/p>\n<p>Hoy, por caso, el Ministerio de Interior, que conduce Eduardo de Pedro, anunci\u00f3 que el gobierno nacional otorgar\u00e1 cr\u00e9ditos preferenciales a las provincias de Santa Cruz, Misiones, C\u00f3rdoba y Santa Fe en el marco del Programa para la Emergencia Financiera Provincial, \u201cdise\u00f1ados para mitigar los efectos originados por la pandemia de coronavirus\u201d.<\/p>\n<p><strong>Fuente:<\/strong> losprimeros.tv\/nota\/160465\/gobierno-informo-aguinaldo-los-estatales-cuotas.html<\/p>\n<\/div>\n","protected":false},"excerpt":{"rendered":"<p>En medio de la fuerte crisis econ\u00f3mica, el Gobierno inform\u00f3 en las \u00faltimas horas a los sindicatos estatales que pagar\u00e1 en cuotas el aguinaldo de los trabajadores del sector p\u00fablico nacional con salarios m\u00e1s altos, mecanismo que servir\u00eda de caso testigo para las negociaciones de provincias y municipios con el resto de los empleados en [&hellip;]<\/p>\n","protected":false},"author":5,"featured_media":27884,"comment_status":"closed","ping_status":"open","sticky":false,"template":"","format":"standard","meta":{"footnotes":""},"categories":[2],"tags":[2716,1386,965],"class_list":{"0":"post-27883","1":"post","2":"type-post","3":"status-publish","4":"format-standard","5":"has-post-thumbnail","7":"category-actualidad","8":"tag-aguinaldo","9":"tag-estatales","10":"tag-nacion"},"yoast_head":"<!-- This site is optimized with the Yoast SEO plugin v27.4 - https:\/\/yoast.com\/product\/yoast-seo-wordpress\/ -->\n<title>Naci\u00f3n anunci\u00f3 que algunos estatales recibir\u00e1n el aguinaldo en cuotas - El Diario de Tucuman<\/title>\n<meta name=\"robots\" content=\"index, follow, max-snippet:-1, max-image-preview:large, max-video-preview:-1\" \/>\n<link rel=\"canonical\" href=\"https:\/\/www.eldiariodetucuman.com\/web\/nacion-anuncio-que-algunos-estatales-recibiran-el-aguinaldo-en-cuotas\/\" \/>\n<meta property=\"og:locale\" content=\"es_ES\" \/>\n<meta property=\"og:type\" content=\"article\" \/>\n<meta property=\"og:title\" content=\"Naci\u00f3n anunci\u00f3 que algunos estatales recibir\u00e1n el aguinaldo en cuotas - El Diario de Tucuman\" \/>\n<meta property=\"og:description\" content=\"En medio de la fuerte crisis econ\u00f3mica, el Gobierno inform\u00f3 en las \u00faltimas horas a los sindicatos estatales que pagar\u00e1 en cuotas el aguinaldo de los trabajadores del sector p\u00fablico nacional con salarios m\u00e1s altos, mecanismo que servir\u00eda de caso testigo para las negociaciones de provincias y municipios con el resto de los empleados en [&hellip;]\" \/>\n<meta property=\"og:url\" content=\"https:\/\/www.eldiariodetucuman.com\/web\/nacion-anuncio-que-algunos-estatales-recibiran-el-aguinaldo-en-cuotas\/\" \/>\n<meta property=\"og:site_name\" content=\"El Diario de Tucuman\" \/>\n<meta property=\"article:published_time\" content=\"2020-06-17T15:50:18+00:00\" \/>\n<meta property=\"article:modified_time\" content=\"2020-06-17T15:50:39+00:00\" \/>\n<meta property=\"og:image\" content=\"https:\/\/www.eldiariodetucuman.com\/web\/wp-content\/uploads\/2020\/06\/nacion-estatales.jpg\" \/>\n\t<meta property=\"og:image:width\" content=\"990\" \/>\n\t<meta property=\"og:image:height\" content=\"556\" \/>\n\t<meta property=\"og:image:type\" content=\"image\/jpeg\" \/>\n<meta name=\"author\" content=\"Redactor Uno\" \/>\n<meta name=\"twitter:card\" content=\"summary_large_image\" \/>\n<meta name=\"twitter:label1\" content=\"Escrito por\" \/>\n\t<meta name=\"twitter:data1\" content=\"Redactor Uno\" \/>\n\t<meta name=\"twitter:label2\" content=\"Tiempo de lectura\" \/>\n\t<meta name=\"twitter:data2\" content=\"4 minutos\" \/>\n<script type=\"application\/ld+json\" class=\"yoast-schema-graph\">{\"@context\":\"https:\\\/\\\/schema.org\",\"@graph\":[{\"@type\":\"Article\",\"@id\":\"https:\\\/\\\/www.eldiariodetucuman.com\\\/web\\\/nacion-anuncio-que-algunos-estatales-recibiran-el-aguinaldo-en-cuotas\\\/#article\",\"isPartOf\":{\"@id\":\"https:\\\/\\\/www.eldiariodetucuman.com\\\/web\\\/nacion-anuncio-que-algunos-estatales-recibiran-el-aguinaldo-en-cuotas\\\/\"},\"author\":{\"name\":\"Redactor Uno\",\"@id\":\"https:\\\/\\\/www.eldiariodetucuman.com\\\/web\\\/#\\\/schema\\\/person\\\/7e6644a46e60888f6b868594407e08dd\"},\"headline\":\"Naci\u00f3n anunci\u00f3 que algunos estatales recibir\u00e1n el aguinaldo en cuotas\",\"datePublished\":\"2020-06-17T15:50:18+00:00\",\"dateModified\":\"2020-06-17T15:50:39+00:00\",\"mainEntityOfPage\":{\"@id\":\"https:\\\/\\\/www.eldiariodetucuman.com\\\/web\\\/nacion-anuncio-que-algunos-estatales-recibiran-el-aguinaldo-en-cuotas\\\/\"},\"wordCount\":910,\"publisher\":{\"@id\":\"https:\\\/\\\/www.eldiariodetucuman.com\\\/web\\\/#organization\"},\"image\":{\"@id\":\"https:\\\/\\\/www.eldiariodetucuman.com\\\/web\\\/nacion-anuncio-que-algunos-estatales-recibiran-el-aguinaldo-en-cuotas\\\/#primaryimage\"},\"thumbnailUrl\":\"https:\\\/\\\/www.eldiariodetucuman.com\\\/web\\\/wp-content\\\/uploads\\\/2020\\\/06\\\/nacion-estatales.jpg\",\"keywords\":[\"aguinaldo\",\"Estatales\",\"nacion\"],\"articleSection\":[\"Actualidad\"],\"inLanguage\":\"es\"},{\"@type\":\"WebPage\",\"@id\":\"https:\\\/\\\/www.eldiariodetucuman.com\\\/web\\\/nacion-anuncio-que-algunos-estatales-recibiran-el-aguinaldo-en-cuotas\\\/\",\"url\":\"https:\\\/\\\/www.eldiariodetucuman.com\\\/web\\\/nacion-anuncio-que-algunos-estatales-recibiran-el-aguinaldo-en-cuotas\\\/\",\"name\":\"Naci\u00f3n anunci\u00f3 que algunos estatales recibir\u00e1n el aguinaldo en cuotas - El Diario de Tucuman\",\"isPartOf\":{\"@id\":\"https:\\\/\\\/www.eldiariodetucuman.com\\\/web\\\/#website\"},\"primaryImageOfPage\":{\"@id\":\"https:\\\/\\\/www.eldiariodetucuman.com\\\/web\\\/nacion-anuncio-que-algunos-estatales-recibiran-el-aguinaldo-en-cuotas\\\/#primaryimage\"},\"image\":{\"@id\":\"https:\\\/\\\/www.eldiariodetucuman.com\\\/web\\\/nacion-anuncio-que-algunos-estatales-recibiran-el-aguinaldo-en-cuotas\\\/#primaryimage\"},\"thumbnailUrl\":\"https:\\\/\\\/www.eldiariodetucuman.com\\\/web\\\/wp-content\\\/uploads\\\/2020\\\/06\\\/nacion-estatales.jpg\",\"datePublished\":\"2020-06-17T15:50:18+00:00\",\"dateModified\":\"2020-06-17T15:50:39+00:00\",\"breadcrumb\":{\"@id\":\"https:\\\/\\\/www.eldiariodetucuman.com\\\/web\\\/nacion-anuncio-que-algunos-estatales-recibiran-el-aguinaldo-en-cuotas\\\/#breadcrumb\"},\"inLanguage\":\"es\",\"potentialAction\":[{\"@type\":\"ReadAction\",\"target\":[\"https:\\\/\\\/www.eldiariodetucuman.com\\\/web\\\/nacion-anuncio-que-algunos-estatales-recibiran-el-aguinaldo-en-cuotas\\\/\"]}]},{\"@type\":\"ImageObject\",\"inLanguage\":\"es\",\"@id\":\"https:\\\/\\\/www.eldiariodetucuman.com\\\/web\\\/nacion-anuncio-que-algunos-estatales-recibiran-el-aguinaldo-en-cuotas\\\/#primaryimage\",\"url\":\"https:\\\/\\\/www.eldiariodetucuman.com\\\/web\\\/wp-content\\\/uploads\\\/2020\\\/06\\\/nacion-estatales.jpg\",\"contentUrl\":\"https:\\\/\\\/www.eldiariodetucuman.com\\\/web\\\/wp-content\\\/uploads\\\/2020\\\/06\\\/nacion-estatales.jpg\",\"width\":990,\"height\":556},{\"@type\":\"BreadcrumbList\",\"@id\":\"https:\\\/\\\/www.eldiariodetucuman.com\\\/web\\\/nacion-anuncio-que-algunos-estatales-recibiran-el-aguinaldo-en-cuotas\\\/#breadcrumb\",\"itemListElement\":[{\"@type\":\"ListItem\",\"position\":1,\"name\":\"Portada\",\"item\":\"https:\\\/\\\/www.eldiariodetucuman.com\\\/web\\\/\"},{\"@type\":\"ListItem\",\"position\":2,\"name\":\"Naci\u00f3n anunci\u00f3 que algunos estatales recibir\u00e1n el aguinaldo en cuotas\"}]},{\"@type\":\"WebSite\",\"@id\":\"https:\\\/\\\/www.eldiariodetucuman.com\\\/web\\\/#website\",\"url\":\"https:\\\/\\\/www.eldiariodetucuman.com\\\/web\\\/\",\"name\":\"El Diario de Tucuman\",\"description\":\"Diario Tucuman - Informaci\u00f3n y noticias\",\"publisher\":{\"@id\":\"https:\\\/\\\/www.eldiariodetucuman.com\\\/web\\\/#organization\"},\"potentialAction\":[{\"@type\":\"SearchAction\",\"target\":{\"@type\":\"EntryPoint\",\"urlTemplate\":\"https:\\\/\\\/www.eldiariodetucuman.com\\\/web\\\/?s={search_term_string}\"},\"query-input\":{\"@type\":\"PropertyValueSpecification\",\"valueRequired\":true,\"valueName\":\"search_term_string\"}}],\"inLanguage\":\"es\"},{\"@type\":\"Organization\",\"@id\":\"https:\\\/\\\/www.eldiariodetucuman.com\\\/web\\\/#organization\",\"name\":\"El Diario de Tucuman\",\"url\":\"https:\\\/\\\/www.eldiariodetucuman.com\\\/web\\\/\",\"logo\":{\"@type\":\"ImageObject\",\"inLanguage\":\"es\",\"@id\":\"https:\\\/\\\/www.eldiariodetucuman.com\\\/web\\\/#\\\/schema\\\/logo\\\/image\\\/\",\"url\":\"http:\\\/\\\/www.eldiariodetucuman.com\\\/web\\\/wp-content\\\/uploads\\\/2017\\\/12\\\/el-diario-de-tucuman.jpg\",\"contentUrl\":\"http:\\\/\\\/www.eldiariodetucuman.com\\\/web\\\/wp-content\\\/uploads\\\/2017\\\/12\\\/el-diario-de-tucuman.jpg\",\"width\":272,\"height\":92,\"caption\":\"El Diario de Tucuman\"},\"image\":{\"@id\":\"https:\\\/\\\/www.eldiariodetucuman.com\\\/web\\\/#\\\/schema\\\/logo\\\/image\\\/\"}},{\"@type\":\"Person\",\"@id\":\"https:\\\/\\\/www.eldiariodetucuman.com\\\/web\\\/#\\\/schema\\\/person\\\/7e6644a46e60888f6b868594407e08dd\",\"name\":\"Redactor Uno\",\"image\":{\"@type\":\"ImageObject\",\"inLanguage\":\"es\",\"@id\":\"https:\\\/\\\/secure.gravatar.com\\\/avatar\\\/0049b1bdf1bd548385c9ea6b9356431717930913089febd2ba904f0187d7d074?s=96&d=mm&r=g\",\"url\":\"https:\\\/\\\/secure.gravatar.com\\\/avatar\\\/0049b1bdf1bd548385c9ea6b9356431717930913089febd2ba904f0187d7d074?s=96&d=mm&r=g\",\"contentUrl\":\"https:\\\/\\\/secure.gravatar.com\\\/avatar\\\/0049b1bdf1bd548385c9ea6b9356431717930913089febd2ba904f0187d7d074?s=96&d=mm&r=g\",\"caption\":\"Redactor Uno\"},\"url\":\"https:\\\/\\\/www.eldiariodetucuman.com\\\/web\\\/author\\\/mramasco\\\/\"}]}<\/script>\n<!-- \/ Yoast SEO plugin. -->","yoast_head_json":{"title":"Naci\u00f3n anunci\u00f3 que algunos estatales recibir\u00e1n el aguinaldo en cuotas - El Diario de Tucuman","robots":{"index":"index","follow":"follow","max-snippet":"max-snippet:-1","max-image-preview":"max-image-preview:large","max-video-preview":"max-video-preview:-1"},"canonical":"https:\/\/www.eldiariodetucuman.com\/web\/nacion-anuncio-que-algunos-estatales-recibiran-el-aguinaldo-en-cuotas\/","og_locale":"es_ES","og_type":"article","og_title":"Naci\u00f3n anunci\u00f3 que algunos estatales recibir\u00e1n el aguinaldo en cuotas - El Diario de Tucuman","og_description":"En medio de la fuerte crisis econ\u00f3mica, el Gobierno inform\u00f3 en las \u00faltimas horas a los sindicatos estatales que pagar\u00e1 en cuotas el aguinaldo de los trabajadores del sector p\u00fablico nacional con salarios m\u00e1s altos, mecanismo que servir\u00eda de caso testigo para las negociaciones de provincias y municipios con el resto de los empleados en [&hellip;]","og_url":"https:\/\/www.eldiariodetucuman.com\/web\/nacion-anuncio-que-algunos-estatales-recibiran-el-aguinaldo-en-cuotas\/","og_site_name":"El Diario de Tucuman","article_published_time":"2020-06-17T15:50:18+00:00","article_modified_time":"2020-06-17T15:50:39+00:00","og_image":[{"width":990,"height":556,"url":"https:\/\/www.eldiariodetucuman.com\/web\/wp-content\/uploads\/2020\/06\/nacion-estatales.jpg","type":"image\/jpeg"}],"author":"Redactor Uno","twitter_card":"summary_large_image","twitter_misc":{"Escrito por":"Redactor Uno","Tiempo de lectura":"4 minutos"},"schema":{"@context":"https:\/\/schema.org","@graph":[{"@type":"Article","@id":"https:\/\/www.eldiariodetucuman.com\/web\/nacion-anuncio-que-algunos-estatales-recibiran-el-aguinaldo-en-cuotas\/#article","isPartOf":{"@id":"https:\/\/www.eldiariodetucuman.com\/web\/nacion-anuncio-que-algunos-estatales-recibiran-el-aguinaldo-en-cuotas\/"},"author":{"name":"Redactor Uno","@id":"https:\/\/www.eldiariodetucuman.com\/web\/#\/schema\/person\/7e6644a46e60888f6b868594407e08dd"},"headline":"Naci\u00f3n anunci\u00f3 que algunos estatales recibir\u00e1n el aguinaldo en cuotas","datePublished":"2020-06-17T15:50:18+00:00","dateModified":"2020-06-17T15:50:39+00:00","mainEntityOfPage":{"@id":"https:\/\/www.eldiariodetucuman.com\/web\/nacion-anuncio-que-algunos-estatales-recibiran-el-aguinaldo-en-cuotas\/"},"wordCount":910,"publisher":{"@id":"https:\/\/www.eldiariodetucuman.com\/web\/#organization"},"image":{"@id":"https:\/\/www.eldiariodetucuman.com\/web\/nacion-anuncio-que-algunos-estatales-recibiran-el-aguinaldo-en-cuotas\/#primaryimage"},"thumbnailUrl":"https:\/\/www.eldiariodetucuman.com\/web\/wp-content\/uploads\/2020\/06\/nacion-estatales.jpg","keywords":["aguinaldo","Estatales","nacion"],"articleSection":["Actualidad"],"inLanguage":"es"},{"@type":"WebPage","@id":"https:\/\/www.eldiariodetucuman.com\/web\/nacion-anuncio-que-algunos-estatales-recibiran-el-aguinaldo-en-cuotas\/","url":"https:\/\/www.eldiariodetucuman.com\/web\/nacion-anuncio-que-algunos-estatales-recibiran-el-aguinaldo-en-cuotas\/","name":"Naci\u00f3n anunci\u00f3 que algunos estatales recibir\u00e1n el aguinaldo en cuotas - El Diario de Tucuman","isPartOf":{"@id":"https:\/\/www.eldiariodetucuman.com\/web\/#website"},"primaryImageOfPage":{"@id":"https:\/\/www.eldiariodetucuman.com\/web\/nacion-anuncio-que-algunos-estatales-recibiran-el-aguinaldo-en-cuotas\/#primaryimage"},"image":{"@id":"https:\/\/www.eldiariodetucuman.com\/web\/nacion-anuncio-que-algunos-estatales-recibiran-el-aguinaldo-en-cuotas\/#primaryimage"},"thumbnailUrl":"https:\/\/www.eldiariodetucuman.com\/web\/wp-content\/uploads\/2020\/06\/nacion-estatales.jpg","datePublished":"2020-06-17T15:50:18+00:00","dateModified":"2020-06-17T15:50:39+00:00","breadcrumb":{"@id":"https:\/\/www.eldiariodetucuman.com\/web\/nacion-anuncio-que-algunos-estatales-recibiran-el-aguinaldo-en-cuotas\/#breadcrumb"},"inLanguage":"es","potentialAction":[{"@type":"ReadAction","target":["https:\/\/www.eldiariodetucuman.com\/web\/nacion-anuncio-que-algunos-estatales-recibiran-el-aguinaldo-en-cuotas\/"]}]},{"@type":"ImageObject","inLanguage":"es","@id":"https:\/\/www.eldiariodetucuman.com\/web\/nacion-anuncio-que-algunos-estatales-recibiran-el-aguinaldo-en-cuotas\/#primaryimage","url":"https:\/\/www.eldiariodetucuman.com\/web\/wp-content\/uploads\/2020\/06\/nacion-estatales.jpg","contentUrl":"https:\/\/www.eldiariodetucuman.com\/web\/wp-content\/uploads\/2020\/06\/nacion-estatales.jpg","width":990,"height":556},{"@type":"BreadcrumbList","@id":"https:\/\/www.eldiariodetucuman.com\/web\/nacion-anuncio-que-algunos-estatales-recibiran-el-aguinaldo-en-cuotas\/#breadcrumb","itemListElement":[{"@type":"ListItem","position":1,"name":"Portada","item":"https:\/\/www.eldiariodetucuman.com\/web\/"},{"@type":"ListItem","position":2,"name":"Naci\u00f3n anunci\u00f3 que algunos estatales recibir\u00e1n el aguinaldo en cuotas"}]},{"@type":"WebSite","@id":"https:\/\/www.eldiariodetucuman.com\/web\/#website","url":"https:\/\/www.eldiariodetucuman.com\/web\/","name":"El Diario de Tucuman","description":"Diario Tucuman - Informaci\u00f3n y noticias","publisher":{"@id":"https:\/\/www.eldiariodetucuman.com\/web\/#organization"},"potentialAction":[{"@type":"SearchAction","target":{"@type":"EntryPoint","urlTemplate":"https:\/\/www.eldiariodetucuman.com\/web\/?s={search_term_string}"},"query-input":{"@type":"PropertyValueSpecification","valueRequired":true,"valueName":"search_term_string"}}],"inLanguage":"es"},{"@type":"Organization","@id":"https:\/\/www.eldiariodetucuman.com\/web\/#organization","name":"El Diario de Tucuman","url":"https:\/\/www.eldiariodetucuman.com\/web\/","logo":{"@type":"ImageObject","inLanguage":"es","@id":"https:\/\/www.eldiariodetucuman.com\/web\/#\/schema\/logo\/image\/","url":"http:\/\/www.eldiariodetucuman.com\/web\/wp-content\/uploads\/2017\/12\/el-diario-de-tucuman.jpg","contentUrl":"http:\/\/www.eldiariodetucuman.com\/web\/wp-content\/uploads\/2017\/12\/el-diario-de-tucuman.jpg","width":272,"height":92,"caption":"El Diario de Tucuman"},"image":{"@id":"https:\/\/www.eldiariodetucuman.com\/web\/#\/schema\/logo\/image\/"}},{"@type":"Person","@id":"https:\/\/www.eldiariodetucuman.com\/web\/#\/schema\/person\/7e6644a46e60888f6b868594407e08dd","name":"Redactor Uno","image":{"@type":"ImageObject","inLanguage":"es","@id":"https:\/\/secure.gravatar.com\/avatar\/0049b1bdf1bd548385c9ea6b9356431717930913089febd2ba904f0187d7d074?s=96&d=mm&r=g","url":"https:\/\/secure.gravatar.com\/avatar\/0049b1bdf1bd548385c9ea6b9356431717930913089febd2ba904f0187d7d074?s=96&d=mm&r=g","contentUrl":"https:\/\/secure.gravatar.com\/avatar\/0049b1bdf1bd548385c9ea6b9356431717930913089febd2ba904f0187d7d074?s=96&d=mm&r=g","caption":"Redactor Uno"},"url":"https:\/\/www.eldiariodetucuman.com\/web\/author\/mramasco\/"}]}},"_links":{"self":[{"href":"https:\/\/www.eldiariodetucuman.com\/web\/wp-json\/wp\/v2\/posts\/27883","targetHints":{"allow":["GET"]}}],"collection":[{"href":"https:\/\/www.eldiariodetucuman.com\/web\/wp-json\/wp\/v2\/posts"}],"about":[{"href":"https:\/\/www.eldiariodetucuman.com\/web\/wp-json\/wp\/v2\/types\/post"}],"author":[{"embeddable":true,"href":"https:\/\/www.eldiariodetucuman.com\/web\/wp-json\/wp\/v2\/users\/5"}],"replies":[{"embeddable":true,"href":"https:\/\/www.eldiariodetucuman.com\/web\/wp-json\/wp\/v2\/comments?post=27883"}],"version-history":[{"count":2,"href":"https:\/\/www.eldiariodetucuman.com\/web\/wp-json\/wp\/v2\/posts\/27883\/revisions"}],"predecessor-version":[{"id":27886,"href":"https:\/\/www.eldiariodetucuman.com\/web\/wp-json\/wp\/v2\/posts\/27883\/revisions\/27886"}],"wp:featuredmedia":[{"embeddable":true,"href":"https:\/\/www.eldiariodetucuman.com\/web\/wp-json\/wp\/v2\/media\/27884"}],"wp:attachment":[{"href":"https:\/\/www.eldiariodetucuman.com\/web\/wp-json\/wp\/v2\/media?parent=27883"}],"wp:term":[{"taxonomy":"category","embeddable":true,"href":"https:\/\/www.eldiariodetucuman.com\/web\/wp-json\/wp\/v2\/categories?post=27883"},{"taxonomy":"post_tag","embeddable":true,"href":"https:\/\/www.eldiariodetucuman.com\/web\/wp-json\/wp\/v2\/tags?post=27883"}],"curies":[{"name":"wp","href":"https:\/\/api.w.org\/{rel}","templated":true}]}}