{"id":27879,"date":"2020-06-17T12:43:28","date_gmt":"2020-06-17T15:43:28","guid":{"rendered":"http:\/\/www.eldiariodetucuman.com\/web\/?p=27879"},"modified":"2020-06-17T12:43:28","modified_gmt":"2020-06-17T15:43:28","slug":"como-son-los-sintomas-del-coronavirus-en-los-ninos","status":"publish","type":"post","link":"https:\/\/www.eldiariodetucuman.com\/web\/como-son-los-sintomas-del-coronavirus-en-los-ninos\/","title":{"rendered":"C\u00f3mo son los s\u00edntomas del coronavirus en los ni\u00f1os"},"content":{"rendered":"<article>\n<div id=\"detail-header\" class=\"article-header\">\n<div class=\"row\">\n<div class=\"col-12\">\n<div class=\"article-sub-title \">\n<p>Gabriela Nidia Ensinck, m\u00e9dica pediatra infect\u00f3loga, fue entrevistada por LV12 y se refiri\u00f3 a c\u00f3mo impacta el virus en ni\u00f1os y los plazos de recuperaci\u00f3n.<\/p>\n<\/div>\n<\/div>\n<\/div>\n<\/div>\n<\/article>\n<p><!--more--><\/p>\n<article>\n<div id=\"detail-header\" class=\"article-header\">\n<div class=\"row\">\n<div class=\"col-12\">\n<div class=\"article-sub-title \">\n<p>Pese a que hasta el momento la incidencia de casos de Covid-19 en ni\u00f1os y adolescentes ronda en el 15% del total de infectados, una cifra bastante mayor al promedio del 2% que se registr\u00f3 en otros pa\u00edses, el coronavirus afortunadamente suele cursar en ese grupo etario en forma leve, con escasos s\u00edntomas o en forma asintom\u00e1tica.<\/p>\n<p>La m\u00e9dica pediatra infect\u00f3loga\u00a0<strong>Gabriela Nidia Ensinck<\/strong>\u00a0pas\u00f3 por el aire de\u00a0<strong>LV12 Radio Independencia<\/strong>\u00a0donde ahond\u00f3 en detalles.\u00a0<em>\u00abLa poblaci\u00f3n de Latinoam\u00e9rica es una poblaci\u00f3n mucho m\u00e1s joven que la poblaci\u00f3n de Europa o Asia. Probablemente la estructura familiar nuestra de padres m\u00e1s j\u00f3venes y con m\u00e1s hijos y justamente las \u00faltimas semanas ha sido afectados m\u00e1s los barrios vulnerables d\u00f3nde hay mayor cantidad de ni\u00f1os\u00bb<\/em>, comenz\u00f3 diciendo.<\/p>\n<p>Por otro lado, la doctora hizo menci\u00f3n a la sintomatolog\u00eda en los ni\u00f1os. <em>\u00abLos chicos en su mayor\u00eda son asintom\u00e1ticos o tienen s\u00edntomas muy leves. Algo de fiebre, tos o dolor de garganta. En general se recuperan m\u00e1s r\u00e1pido que los adultos y tienen una evoluci\u00f3n favorable\u00bb<\/em>, detall\u00f3.<\/p>\n<p>Respecto al nivel de contagiosidad del virus dijo que \u00abes verdad que los ni\u00f1os pueden transmitir la enfermedad. Lo que se ha visto en los \u00faltimos estudios, es que los ni\u00f1os quiz\u00e1s no sean tan transmisores como se pensaba. Por ejemplo, en el virus de la gripe, los ni\u00f1os son importantes transmisores para los adultos y adultos mayores sobre todo. En este virus, los ni\u00f1os juegan un rol menor\u00bb.<\/p>\n<p>Por \u00faltimo, la pediatra dio su punto de vista sobre las medidas tomadas por el gobierno nacional de cara al avance de la pandemia de coronavirus.<em>\u00a0\u00abLas medidas fueron bien tomada. Gracias a ese aplanamiento de la curva que tanto escuchamos, se pudo preparar mucho mejor al sistema de Salud, se pudo tener m\u00e1s recursos en equipos y recurso humano. Estar mejor preparados. A medida que se flexibilizan las medidas m\u00e1s cae la responsabilidad personal\u00bb<\/em>, cerr\u00f3.<\/p>\n<p><strong>Fuente:<\/strong> <a href=\"https:\/\/www.lv12.com.ar\/ninos\/coronavirus-ninos-sintomas-muy-leves-y-rapida-evolucion-n73894\">https:\/\/www.lv12.com.ar\/ninos\/coronavirus-ninos-sintomas-muy-leves-y-rapida-evolucion-n73894<\/a><\/p>\n<\/div>\n<\/div>\n<\/div>\n<\/div>\n<\/article>\n","protected":false},"excerpt":{"rendered":"<p>Gabriela Nidia Ensinck, m\u00e9dica pediatra infect\u00f3loga, fue entrevistada por LV12 y se refiri\u00f3 a c\u00f3mo impacta el virus en ni\u00f1os y los plazos de recuperaci\u00f3n.<\/p>\n","protected":false},"author":5,"featured_media":27880,"comment_status":"closed","ping_status":"open","sticky":false,"template":"","format":"standard","meta":{"footnotes":""},"categories":[578],"tags":[3057,791,79,61],"class_list":{"0":"post-27879","1":"post","2":"type-post","3":"status-publish","4":"format-standard","5":"has-post-thumbnail","7":"category-salud","8":"tag-coronavirus","9":"tag-ninos","10":"tag-salud","11":"tag-tucuman"},"yoast_head":"<!-- This site is optimized with the Yoast SEO plugin v27.4 - https:\/\/yoast.com\/product\/yoast-seo-wordpress\/ -->\n<title>C\u00f3mo son los s\u00edntomas del coronavirus en los ni\u00f1os - El Diario de Tucuman<\/title>\n<meta name=\"robots\" content=\"index, follow, max-snippet:-1, max-image-preview:large, max-video-preview:-1\" \/>\n<link rel=\"canonical\" href=\"https:\/\/www.eldiariodetucuman.com\/web\/como-son-los-sintomas-del-coronavirus-en-los-ninos\/\" \/>\n<meta property=\"og:locale\" content=\"es_ES\" \/>\n<meta property=\"og:type\" content=\"article\" \/>\n<meta property=\"og:title\" content=\"C\u00f3mo son los s\u00edntomas del coronavirus en los ni\u00f1os - El Diario de Tucuman\" \/>\n<meta property=\"og:description\" content=\"Gabriela Nidia Ensinck, m\u00e9dica pediatra infect\u00f3loga, fue entrevistada por LV12 y se refiri\u00f3 a c\u00f3mo impacta el virus en ni\u00f1os y los plazos de recuperaci\u00f3n.\" \/>\n<meta property=\"og:url\" content=\"https:\/\/www.eldiariodetucuman.com\/web\/como-son-los-sintomas-del-coronavirus-en-los-ninos\/\" \/>\n<meta property=\"og:site_name\" content=\"El Diario de Tucuman\" \/>\n<meta property=\"article:published_time\" content=\"2020-06-17T15:43:28+00:00\" \/>\n<meta property=\"og:image\" content=\"https:\/\/www.eldiariodetucuman.com\/web\/wp-content\/uploads\/2020\/06\/coronavirus-ni\u00f1os.jpg\" \/>\n\t<meta property=\"og:image:width\" content=\"1280\" \/>\n\t<meta property=\"og:image:height\" content=\"720\" \/>\n\t<meta property=\"og:image:type\" content=\"image\/jpeg\" \/>\n<meta name=\"author\" content=\"Redactor Uno\" \/>\n<meta name=\"twitter:card\" content=\"summary_large_image\" \/>\n<meta name=\"twitter:label1\" content=\"Escrito por\" \/>\n\t<meta name=\"twitter:data1\" content=\"Redactor Uno\" \/>\n\t<meta name=\"twitter:label2\" content=\"Tiempo de lectura\" \/>\n\t<meta name=\"twitter:data2\" content=\"2 minutos\" \/>\n<script type=\"application\/ld+json\" class=\"yoast-schema-graph\">{\"@context\":\"https:\\\/\\\/schema.org\",\"@graph\":[{\"@type\":\"Article\",\"@id\":\"https:\\\/\\\/www.eldiariodetucuman.com\\\/web\\\/como-son-los-sintomas-del-coronavirus-en-los-ninos\\\/#article\",\"isPartOf\":{\"@id\":\"https:\\\/\\\/www.eldiariodetucuman.com\\\/web\\\/como-son-los-sintomas-del-coronavirus-en-los-ninos\\\/\"},\"author\":{\"name\":\"Redactor Uno\",\"@id\":\"https:\\\/\\\/www.eldiariodetucuman.com\\\/web\\\/#\\\/schema\\\/person\\\/7e6644a46e60888f6b868594407e08dd\"},\"headline\":\"C\u00f3mo son los s\u00edntomas del coronavirus en los ni\u00f1os\",\"datePublished\":\"2020-06-17T15:43:28+00:00\",\"mainEntityOfPage\":{\"@id\":\"https:\\\/\\\/www.eldiariodetucuman.com\\\/web\\\/como-son-los-sintomas-del-coronavirus-en-los-ninos\\\/\"},\"wordCount\":400,\"publisher\":{\"@id\":\"https:\\\/\\\/www.eldiariodetucuman.com\\\/web\\\/#organization\"},\"image\":{\"@id\":\"https:\\\/\\\/www.eldiariodetucuman.com\\\/web\\\/como-son-los-sintomas-del-coronavirus-en-los-ninos\\\/#primaryimage\"},\"thumbnailUrl\":\"https:\\\/\\\/www.eldiariodetucuman.com\\\/web\\\/wp-content\\\/uploads\\\/2020\\\/06\\\/coronavirus-ni\u00f1os.jpg\",\"keywords\":[\"coronavirus\",\"ni\u00f1os\",\"salud\",\"Tucuman\"],\"articleSection\":[\"Salud\"],\"inLanguage\":\"es\"},{\"@type\":\"WebPage\",\"@id\":\"https:\\\/\\\/www.eldiariodetucuman.com\\\/web\\\/como-son-los-sintomas-del-coronavirus-en-los-ninos\\\/\",\"url\":\"https:\\\/\\\/www.eldiariodetucuman.com\\\/web\\\/como-son-los-sintomas-del-coronavirus-en-los-ninos\\\/\",\"name\":\"C\u00f3mo son los s\u00edntomas del coronavirus en los ni\u00f1os - El Diario de Tucuman\",\"isPartOf\":{\"@id\":\"https:\\\/\\\/www.eldiariodetucuman.com\\\/web\\\/#website\"},\"primaryImageOfPage\":{\"@id\":\"https:\\\/\\\/www.eldiariodetucuman.com\\\/web\\\/como-son-los-sintomas-del-coronavirus-en-los-ninos\\\/#primaryimage\"},\"image\":{\"@id\":\"https:\\\/\\\/www.eldiariodetucuman.com\\\/web\\\/como-son-los-sintomas-del-coronavirus-en-los-ninos\\\/#primaryimage\"},\"thumbnailUrl\":\"https:\\\/\\\/www.eldiariodetucuman.com\\\/web\\\/wp-content\\\/uploads\\\/2020\\\/06\\\/coronavirus-ni\u00f1os.jpg\",\"datePublished\":\"2020-06-17T15:43:28+00:00\",\"breadcrumb\":{\"@id\":\"https:\\\/\\\/www.eldiariodetucuman.com\\\/web\\\/como-son-los-sintomas-del-coronavirus-en-los-ninos\\\/#breadcrumb\"},\"inLanguage\":\"es\",\"potentialAction\":[{\"@type\":\"ReadAction\",\"target\":[\"https:\\\/\\\/www.eldiariodetucuman.com\\\/web\\\/como-son-los-sintomas-del-coronavirus-en-los-ninos\\\/\"]}]},{\"@type\":\"ImageObject\",\"inLanguage\":\"es\",\"@id\":\"https:\\\/\\\/www.eldiariodetucuman.com\\\/web\\\/como-son-los-sintomas-del-coronavirus-en-los-ninos\\\/#primaryimage\",\"url\":\"https:\\\/\\\/www.eldiariodetucuman.com\\\/web\\\/wp-content\\\/uploads\\\/2020\\\/06\\\/coronavirus-ni\u00f1os.jpg\",\"contentUrl\":\"https:\\\/\\\/www.eldiariodetucuman.com\\\/web\\\/wp-content\\\/uploads\\\/2020\\\/06\\\/coronavirus-ni\u00f1os.jpg\",\"width\":1280,\"height\":720},{\"@type\":\"BreadcrumbList\",\"@id\":\"https:\\\/\\\/www.eldiariodetucuman.com\\\/web\\\/como-son-los-sintomas-del-coronavirus-en-los-ninos\\\/#breadcrumb\",\"itemListElement\":[{\"@type\":\"ListItem\",\"position\":1,\"name\":\"Portada\",\"item\":\"https:\\\/\\\/www.eldiariodetucuman.com\\\/web\\\/\"},{\"@type\":\"ListItem\",\"position\":2,\"name\":\"C\u00f3mo son los s\u00edntomas del coronavirus en los ni\u00f1os\"}]},{\"@type\":\"WebSite\",\"@id\":\"https:\\\/\\\/www.eldiariodetucuman.com\\\/web\\\/#website\",\"url\":\"https:\\\/\\\/www.eldiariodetucuman.com\\\/web\\\/\",\"name\":\"El Diario de Tucuman\",\"description\":\"Diario Tucuman - Informaci\u00f3n y noticias\",\"publisher\":{\"@id\":\"https:\\\/\\\/www.eldiariodetucuman.com\\\/web\\\/#organization\"},\"potentialAction\":[{\"@type\":\"SearchAction\",\"target\":{\"@type\":\"EntryPoint\",\"urlTemplate\":\"https:\\\/\\\/www.eldiariodetucuman.com\\\/web\\\/?s={search_term_string}\"},\"query-input\":{\"@type\":\"PropertyValueSpecification\",\"valueRequired\":true,\"valueName\":\"search_term_string\"}}],\"inLanguage\":\"es\"},{\"@type\":\"Organization\",\"@id\":\"https:\\\/\\\/www.eldiariodetucuman.com\\\/web\\\/#organization\",\"name\":\"El Diario de Tucuman\",\"url\":\"https:\\\/\\\/www.eldiariodetucuman.com\\\/web\\\/\",\"logo\":{\"@type\":\"ImageObject\",\"inLanguage\":\"es\",\"@id\":\"https:\\\/\\\/www.eldiariodetucuman.com\\\/web\\\/#\\\/schema\\\/logo\\\/image\\\/\",\"url\":\"http:\\\/\\\/www.eldiariodetucuman.com\\\/web\\\/wp-content\\\/uploads\\\/2017\\\/12\\\/el-diario-de-tucuman.jpg\",\"contentUrl\":\"http:\\\/\\\/www.eldiariodetucuman.com\\\/web\\\/wp-content\\\/uploads\\\/2017\\\/12\\\/el-diario-de-tucuman.jpg\",\"width\":272,\"height\":92,\"caption\":\"El Diario de Tucuman\"},\"image\":{\"@id\":\"https:\\\/\\\/www.eldiariodetucuman.com\\\/web\\\/#\\\/schema\\\/logo\\\/image\\\/\"}},{\"@type\":\"Person\",\"@id\":\"https:\\\/\\\/www.eldiariodetucuman.com\\\/web\\\/#\\\/schema\\\/person\\\/7e6644a46e60888f6b868594407e08dd\",\"name\":\"Redactor Uno\",\"image\":{\"@type\":\"ImageObject\",\"inLanguage\":\"es\",\"@id\":\"https:\\\/\\\/secure.gravatar.com\\\/avatar\\\/0049b1bdf1bd548385c9ea6b9356431717930913089febd2ba904f0187d7d074?s=96&d=mm&r=g\",\"url\":\"https:\\\/\\\/secure.gravatar.com\\\/avatar\\\/0049b1bdf1bd548385c9ea6b9356431717930913089febd2ba904f0187d7d074?s=96&d=mm&r=g\",\"contentUrl\":\"https:\\\/\\\/secure.gravatar.com\\\/avatar\\\/0049b1bdf1bd548385c9ea6b9356431717930913089febd2ba904f0187d7d074?s=96&d=mm&r=g\",\"caption\":\"Redactor Uno\"},\"url\":\"https:\\\/\\\/www.eldiariodetucuman.com\\\/web\\\/author\\\/mramasco\\\/\"}]}<\/script>\n<!-- \/ Yoast SEO plugin. -->","yoast_head_json":{"title":"C\u00f3mo son los s\u00edntomas del coronavirus en los ni\u00f1os - El Diario de Tucuman","robots":{"index":"index","follow":"follow","max-snippet":"max-snippet:-1","max-image-preview":"max-image-preview:large","max-video-preview":"max-video-preview:-1"},"canonical":"https:\/\/www.eldiariodetucuman.com\/web\/como-son-los-sintomas-del-coronavirus-en-los-ninos\/","og_locale":"es_ES","og_type":"article","og_title":"C\u00f3mo son los s\u00edntomas del coronavirus en los ni\u00f1os - El Diario de Tucuman","og_description":"Gabriela Nidia Ensinck, m\u00e9dica pediatra infect\u00f3loga, fue entrevistada por LV12 y se refiri\u00f3 a c\u00f3mo impacta el virus en ni\u00f1os y los plazos de recuperaci\u00f3n.","og_url":"https:\/\/www.eldiariodetucuman.com\/web\/como-son-los-sintomas-del-coronavirus-en-los-ninos\/","og_site_name":"El Diario de Tucuman","article_published_time":"2020-06-17T15:43:28+00:00","og_image":[{"width":1280,"height":720,"url":"https:\/\/www.eldiariodetucuman.com\/web\/wp-content\/uploads\/2020\/06\/coronavirus-ni\u00f1os.jpg","type":"image\/jpeg"}],"author":"Redactor Uno","twitter_card":"summary_large_image","twitter_misc":{"Escrito por":"Redactor Uno","Tiempo de lectura":"2 minutos"},"schema":{"@context":"https:\/\/schema.org","@graph":[{"@type":"Article","@id":"https:\/\/www.eldiariodetucuman.com\/web\/como-son-los-sintomas-del-coronavirus-en-los-ninos\/#article","isPartOf":{"@id":"https:\/\/www.eldiariodetucuman.com\/web\/como-son-los-sintomas-del-coronavirus-en-los-ninos\/"},"author":{"name":"Redactor Uno","@id":"https:\/\/www.eldiariodetucuman.com\/web\/#\/schema\/person\/7e6644a46e60888f6b868594407e08dd"},"headline":"C\u00f3mo son los s\u00edntomas del coronavirus en los ni\u00f1os","datePublished":"2020-06-17T15:43:28+00:00","mainEntityOfPage":{"@id":"https:\/\/www.eldiariodetucuman.com\/web\/como-son-los-sintomas-del-coronavirus-en-los-ninos\/"},"wordCount":400,"publisher":{"@id":"https:\/\/www.eldiariodetucuman.com\/web\/#organization"},"image":{"@id":"https:\/\/www.eldiariodetucuman.com\/web\/como-son-los-sintomas-del-coronavirus-en-los-ninos\/#primaryimage"},"thumbnailUrl":"https:\/\/www.eldiariodetucuman.com\/web\/wp-content\/uploads\/2020\/06\/coronavirus-ni\u00f1os.jpg","keywords":["coronavirus","ni\u00f1os","salud","Tucuman"],"articleSection":["Salud"],"inLanguage":"es"},{"@type":"WebPage","@id":"https:\/\/www.eldiariodetucuman.com\/web\/como-son-los-sintomas-del-coronavirus-en-los-ninos\/","url":"https:\/\/www.eldiariodetucuman.com\/web\/como-son-los-sintomas-del-coronavirus-en-los-ninos\/","name":"C\u00f3mo son los s\u00edntomas del coronavirus en los ni\u00f1os - El Diario de Tucuman","isPartOf":{"@id":"https:\/\/www.eldiariodetucuman.com\/web\/#website"},"primaryImageOfPage":{"@id":"https:\/\/www.eldiariodetucuman.com\/web\/como-son-los-sintomas-del-coronavirus-en-los-ninos\/#primaryimage"},"image":{"@id":"https:\/\/www.eldiariodetucuman.com\/web\/como-son-los-sintomas-del-coronavirus-en-los-ninos\/#primaryimage"},"thumbnailUrl":"https:\/\/www.eldiariodetucuman.com\/web\/wp-content\/uploads\/2020\/06\/coronavirus-ni\u00f1os.jpg","datePublished":"2020-06-17T15:43:28+00:00","breadcrumb":{"@id":"https:\/\/www.eldiariodetucuman.com\/web\/como-son-los-sintomas-del-coronavirus-en-los-ninos\/#breadcrumb"},"inLanguage":"es","potentialAction":[{"@type":"ReadAction","target":["https:\/\/www.eldiariodetucuman.com\/web\/como-son-los-sintomas-del-coronavirus-en-los-ninos\/"]}]},{"@type":"ImageObject","inLanguage":"es","@id":"https:\/\/www.eldiariodetucuman.com\/web\/como-son-los-sintomas-del-coronavirus-en-los-ninos\/#primaryimage","url":"https:\/\/www.eldiariodetucuman.com\/web\/wp-content\/uploads\/2020\/06\/coronavirus-ni\u00f1os.jpg","contentUrl":"https:\/\/www.eldiariodetucuman.com\/web\/wp-content\/uploads\/2020\/06\/coronavirus-ni\u00f1os.jpg","width":1280,"height":720},{"@type":"BreadcrumbList","@id":"https:\/\/www.eldiariodetucuman.com\/web\/como-son-los-sintomas-del-coronavirus-en-los-ninos\/#breadcrumb","itemListElement":[{"@type":"ListItem","position":1,"name":"Portada","item":"https:\/\/www.eldiariodetucuman.com\/web\/"},{"@type":"ListItem","position":2,"name":"C\u00f3mo son los s\u00edntomas del coronavirus en los ni\u00f1os"}]},{"@type":"WebSite","@id":"https:\/\/www.eldiariodetucuman.com\/web\/#website","url":"https:\/\/www.eldiariodetucuman.com\/web\/","name":"El Diario de Tucuman","description":"Diario Tucuman - Informaci\u00f3n y noticias","publisher":{"@id":"https:\/\/www.eldiariodetucuman.com\/web\/#organization"},"potentialAction":[{"@type":"SearchAction","target":{"@type":"EntryPoint","urlTemplate":"https:\/\/www.eldiariodetucuman.com\/web\/?s={search_term_string}"},"query-input":{"@type":"PropertyValueSpecification","valueRequired":true,"valueName":"search_term_string"}}],"inLanguage":"es"},{"@type":"Organization","@id":"https:\/\/www.eldiariodetucuman.com\/web\/#organization","name":"El Diario de Tucuman","url":"https:\/\/www.eldiariodetucuman.com\/web\/","logo":{"@type":"ImageObject","inLanguage":"es","@id":"https:\/\/www.eldiariodetucuman.com\/web\/#\/schema\/logo\/image\/","url":"http:\/\/www.eldiariodetucuman.com\/web\/wp-content\/uploads\/2017\/12\/el-diario-de-tucuman.jpg","contentUrl":"http:\/\/www.eldiariodetucuman.com\/web\/wp-content\/uploads\/2017\/12\/el-diario-de-tucuman.jpg","width":272,"height":92,"caption":"El Diario de Tucuman"},"image":{"@id":"https:\/\/www.eldiariodetucuman.com\/web\/#\/schema\/logo\/image\/"}},{"@type":"Person","@id":"https:\/\/www.eldiariodetucuman.com\/web\/#\/schema\/person\/7e6644a46e60888f6b868594407e08dd","name":"Redactor Uno","image":{"@type":"ImageObject","inLanguage":"es","@id":"https:\/\/secure.gravatar.com\/avatar\/0049b1bdf1bd548385c9ea6b9356431717930913089febd2ba904f0187d7d074?s=96&d=mm&r=g","url":"https:\/\/secure.gravatar.com\/avatar\/0049b1bdf1bd548385c9ea6b9356431717930913089febd2ba904f0187d7d074?s=96&d=mm&r=g","contentUrl":"https:\/\/secure.gravatar.com\/avatar\/0049b1bdf1bd548385c9ea6b9356431717930913089febd2ba904f0187d7d074?s=96&d=mm&r=g","caption":"Redactor Uno"},"url":"https:\/\/www.eldiariodetucuman.com\/web\/author\/mramasco\/"}]}},"_links":{"self":[{"href":"https:\/\/www.eldiariodetucuman.com\/web\/wp-json\/wp\/v2\/posts\/27879","targetHints":{"allow":["GET"]}}],"collection":[{"href":"https:\/\/www.eldiariodetucuman.com\/web\/wp-json\/wp\/v2\/posts"}],"about":[{"href":"https:\/\/www.eldiariodetucuman.com\/web\/wp-json\/wp\/v2\/types\/post"}],"author":[{"embeddable":true,"href":"https:\/\/www.eldiariodetucuman.com\/web\/wp-json\/wp\/v2\/users\/5"}],"replies":[{"embeddable":true,"href":"https:\/\/www.eldiariodetucuman.com\/web\/wp-json\/wp\/v2\/comments?post=27879"}],"version-history":[{"count":2,"href":"https:\/\/www.eldiariodetucuman.com\/web\/wp-json\/wp\/v2\/posts\/27879\/revisions"}],"predecessor-version":[{"id":27882,"href":"https:\/\/www.eldiariodetucuman.com\/web\/wp-json\/wp\/v2\/posts\/27879\/revisions\/27882"}],"wp:featuredmedia":[{"embeddable":true,"href":"https:\/\/www.eldiariodetucuman.com\/web\/wp-json\/wp\/v2\/media\/27880"}],"wp:attachment":[{"href":"https:\/\/www.eldiariodetucuman.com\/web\/wp-json\/wp\/v2\/media?parent=27879"}],"wp:term":[{"taxonomy":"category","embeddable":true,"href":"https:\/\/www.eldiariodetucuman.com\/web\/wp-json\/wp\/v2\/categories?post=27879"},{"taxonomy":"post_tag","embeddable":true,"href":"https:\/\/www.eldiariodetucuman.com\/web\/wp-json\/wp\/v2\/tags?post=27879"}],"curies":[{"name":"wp","href":"https:\/\/api.w.org\/{rel}","templated":true}]}}